
{"id":13490,"date":"2025-07-11T06:23:37","date_gmt":"2025-07-11T05:23:37","guid":{"rendered":"https:\/\/assemblee-nationale.bj\/?p=13490"},"modified":"2025-07-13T17:28:04","modified_gmt":"2025-07-13T16:28:04","slug":"seminaire-parlementaire-de-linstitut-parlementaire-du-benin-les-deputes-sensibilises-pour-une-meilleure-legislation-contre-les-exploitations-et-abus-sexuels","status":"publish","type":"post","link":"https:\/\/assemblee-nationale.bj\/index.php\/2025\/07\/11\/seminaire-parlementaire-de-linstitut-parlementaire-du-benin-les-deputes-sensibilises-pour-une-meilleure-legislation-contre-les-exploitations-et-abus-sexuels\/","title":{"rendered":"S\u00e9minaire parlementaire de l\u2019Institut Parlementaire du B\u00e9nin : Les d\u00e9put\u00e9s sensibilis\u00e9s pour une meilleure l\u00e9gislation contre les exploitations et abus sexuels"},"content":{"rendered":"<div id=\"pl-13490\"  class=\"panel-layout\" ><div id=\"pg-13490-0\"  class=\"panel-grid panel-no-style\" ><div id=\"pgc-13490-0-0\"  class=\"panel-grid-cell\" ><div id=\"panel-13490-0-0-0\" class=\"so-panel widget widget_text panel-first-child panel-last-child\" data-index=\"0\" ><div class=\"panel-widget-style panel-widget-style-for-13490-0-0-0\" >\t\t\t<div class=\"textwidget\"><p><strong>  S\u00e9minaire parlementaire de l\u2019Institut Parlementaire du B\u00e9nin : Les d\u00e9put\u00e9s sensibilis\u00e9s pour une meilleure l\u00e9gislation contre les exploitations et abus sexuels  <\/strong><\/p>\n<p style=\"text-align: justify; line-height: 150%; background: white; margin: 0cm 0cm 4.5pt 0cm;\"><span style=\"color: #1c1e21;\"><strong><br \/>\n<\/strong> <\/span><\/p>\n<p><strong>\u00a0<\/strong><\/p>\n<\/div>\n\t\t<\/div><\/div><\/div><\/div><div id=\"pg-13490-1\"  class=\"panel-grid panel-no-style\" ><div id=\"pgc-13490-1-0\"  class=\"panel-grid-cell panel-grid-cell-empty\" ><\/div><div id=\"pgc-13490-1-1\"  class=\"panel-grid-cell panel-grid-cell-mobile-last\" ><div id=\"panel-13490-1-1-0\" class=\"so-panel widget widget_text panel-first-child panel-last-child\" data-index=\"1\" ><div class=\"panel-widget-style panel-widget-style-for-13490-1-1-0\" >\t\t\t<div class=\"textwidget\"><div class=\"foogallery foogallery-container foogallery-carousel foogallery-lightbox-foobox fg-carousel fg-light fg-border-thin fg-shadow-outline fg-loading-default fg-loaded-fade-in fg-caption-hover fg-hover-fade fg-hover-zoom fg-ready\" id=\"foogallery-gallery-13489\" data-foogallery=\"{&quot;item&quot;:{&quot;showCaptionTitle&quot;:true,&quot;showCaptionDescription&quot;:true},&quot;lazy&quot;:true,&quot;template&quot;:{&quot;maxItems&quot;:5,&quot;scale&quot;:0.18,&quot;gutter&quot;:{&quot;min&quot;:-40,&quot;max&quot;:-40,&quot;unit&quot;:&quot;%&quot;},&quot;autoplay&quot;:{&quot;time&quot;:0,&quot;interaction&quot;:&quot;pause&quot;},&quot;centerOnClick&quot;:false}}\" >\r\n\t<button type=\"button\" class=\"fg-carousel-prev\"><\/button>\r\n\t<div class=\"fg-carousel-inner\">\r\n\t\t<div class=\"fg-carousel-center\"><\/div>\r\n\t\t<div class=\"fg-item fg-type-image fg-idle\"><figure class=\"fg-item-inner\"><a href=\"https:\/\/assemblee-nationale.bj\/wp-content\/uploads\/IMG-20250711-WA0102.jpg\" data-attachment-id=\"13491\" class=\"fg-thumb\"><span class=\"fg-image-wrap\"><img fetchpriority=\"high\" decoding=\"async\" width=\"400\" height=\"300\" class=\"skip-lazy fg-image\" data-src-fg=\"https:\/\/assemblee-nationale.bj\/wp-content\/uploads\/cache\/IMG-20250711-WA0102\/277461499.jpg\" src=\"data:image\/svg+xml,%3Csvg%20xmlns%3D%22http%3A%2F%2Fwww.w3.org%2F2000%2Fsvg%22%20width%3D%22400%22%20height%3D%22300%22%20viewBox%3D%220%200%20400%20300%22%3E%3C%2Fsvg%3E\" loading=\"eager\"><\/span><span class=\"fg-image-overlay\"><\/span><\/a><figcaption class=\"fg-caption\"><div class=\"fg-caption-inner\"><\/div><\/figcaption><\/figure><div class=\"fg-loader\"><\/div><\/div><div class=\"fg-item fg-type-image fg-idle\"><figure class=\"fg-item-inner\"><a href=\"https:\/\/assemblee-nationale.bj\/wp-content\/uploads\/IMG-20250711-WA0103.jpg\" data-attachment-id=\"13492\" class=\"fg-thumb\"><span class=\"fg-image-wrap\"><img decoding=\"async\" width=\"400\" height=\"300\" class=\"skip-lazy fg-image\" data-src-fg=\"https:\/\/assemblee-nationale.bj\/wp-content\/uploads\/cache\/IMG-20250711-WA0103\/786958088.jpg\" src=\"data:image\/svg+xml,%3Csvg%20xmlns%3D%22http%3A%2F%2Fwww.w3.org%2F2000%2Fsvg%22%20width%3D%22400%22%20height%3D%22300%22%20viewBox%3D%220%200%20400%20300%22%3E%3C%2Fsvg%3E\" loading=\"eager\"><\/span><span class=\"fg-image-overlay\"><\/span><\/a><figcaption class=\"fg-caption\"><div class=\"fg-caption-inner\"><\/div><\/figcaption><\/figure><div class=\"fg-loader\"><\/div><\/div><div class=\"fg-item fg-type-image fg-idle\"><figure class=\"fg-item-inner\"><a href=\"https:\/\/assemblee-nationale.bj\/wp-content\/uploads\/IMG-20250711-WA0104.jpg\" data-attachment-id=\"13493\" class=\"fg-thumb\"><span class=\"fg-image-wrap\"><img decoding=\"async\" width=\"400\" height=\"300\" class=\"skip-lazy fg-image\" data-src-fg=\"https:\/\/assemblee-nationale.bj\/wp-content\/uploads\/cache\/IMG-20250711-WA0104\/1884145033.jpg\" src=\"data:image\/svg+xml,%3Csvg%20xmlns%3D%22http%3A%2F%2Fwww.w3.org%2F2000%2Fsvg%22%20width%3D%22400%22%20height%3D%22300%22%20viewBox%3D%220%200%20400%20300%22%3E%3C%2Fsvg%3E\" loading=\"eager\"><\/span><span class=\"fg-image-overlay\"><\/span><\/a><figcaption class=\"fg-caption\"><div class=\"fg-caption-inner\"><\/div><\/figcaption><\/figure><div class=\"fg-loader\"><\/div><\/div><div class=\"fg-item fg-type-image fg-idle\"><figure class=\"fg-item-inner\"><a href=\"https:\/\/assemblee-nationale.bj\/wp-content\/uploads\/IMG-20250711-WA0105.jpg\" data-attachment-id=\"13494\" class=\"fg-thumb\"><span class=\"fg-image-wrap\"><img decoding=\"async\" width=\"400\" height=\"300\" class=\"skip-lazy fg-image\" data-src-fg=\"https:\/\/assemblee-nationale.bj\/wp-content\/uploads\/cache\/IMG-20250711-WA0105\/3400839582.jpg\" src=\"data:image\/svg+xml,%3Csvg%20xmlns%3D%22http%3A%2F%2Fwww.w3.org%2F2000%2Fsvg%22%20width%3D%22400%22%20height%3D%22300%22%20viewBox%3D%220%200%20400%20300%22%3E%3C%2Fsvg%3E\" loading=\"eager\"><\/span><span class=\"fg-image-overlay\"><\/span><\/a><figcaption class=\"fg-caption\"><div class=\"fg-caption-inner\"><\/div><\/figcaption><\/figure><div class=\"fg-loader\"><\/div><\/div><div class=\"fg-item fg-type-image fg-idle\"><figure class=\"fg-item-inner\"><a href=\"https:\/\/assemblee-nationale.bj\/wp-content\/uploads\/IMG-20250711-WA0106.jpg\" data-attachment-id=\"13495\" class=\"fg-thumb\"><span class=\"fg-image-wrap\"><img decoding=\"async\" width=\"400\" height=\"300\" class=\"skip-lazy fg-image\" data-src-fg=\"https:\/\/assemblee-nationale.bj\/wp-content\/uploads\/cache\/IMG-20250711-WA0106\/274431461.jpg\" src=\"data:image\/svg+xml,%3Csvg%20xmlns%3D%22http%3A%2F%2Fwww.w3.org%2F2000%2Fsvg%22%20width%3D%22400%22%20height%3D%22300%22%20viewBox%3D%220%200%20400%20300%22%3E%3C%2Fsvg%3E\" loading=\"eager\"><\/span><span class=\"fg-image-overlay\"><\/span><\/a><figcaption class=\"fg-caption\"><div class=\"fg-caption-inner\"><\/div><\/figcaption><\/figure><div class=\"fg-loader\"><\/div><\/div><div class=\"fg-item fg-type-image fg-idle\"><figure class=\"fg-item-inner\"><a href=\"https:\/\/assemblee-nationale.bj\/wp-content\/uploads\/IMG-20250711-WA0107.jpg\" data-attachment-id=\"13496\" class=\"fg-thumb\"><span class=\"fg-image-wrap\"><img decoding=\"async\" width=\"400\" height=\"300\" class=\"skip-lazy fg-image\" data-src-fg=\"https:\/\/assemblee-nationale.bj\/wp-content\/uploads\/cache\/IMG-20250711-WA0107\/542122451.jpg\" src=\"data:image\/svg+xml,%3Csvg%20xmlns%3D%22http%3A%2F%2Fwww.w3.org%2F2000%2Fsvg%22%20width%3D%22400%22%20height%3D%22300%22%20viewBox%3D%220%200%20400%20300%22%3E%3C%2Fsvg%3E\" loading=\"eager\"><\/span><span class=\"fg-image-overlay\"><\/span><\/a><figcaption class=\"fg-caption\"><div class=\"fg-caption-inner\"><\/div><\/figcaption><\/figure><div class=\"fg-loader\"><\/div><\/div><div class=\"fg-item fg-type-image fg-idle\"><figure class=\"fg-item-inner\"><a href=\"https:\/\/assemblee-nationale.bj\/wp-content\/uploads\/IMG-20250711-WA0108.jpg\" data-attachment-id=\"13497\" class=\"fg-thumb\"><span class=\"fg-image-wrap\"><img decoding=\"async\" width=\"400\" height=\"300\" class=\"skip-lazy fg-image\" data-src-fg=\"https:\/\/assemblee-nationale.bj\/wp-content\/uploads\/cache\/IMG-20250711-WA0108\/2903570663.jpg\" src=\"data:image\/svg+xml,%3Csvg%20xmlns%3D%22http%3A%2F%2Fwww.w3.org%2F2000%2Fsvg%22%20width%3D%22400%22%20height%3D%22300%22%20viewBox%3D%220%200%20400%20300%22%3E%3C%2Fsvg%3E\" loading=\"eager\"><\/span><span class=\"fg-image-overlay\"><\/span><\/a><figcaption class=\"fg-caption\"><div class=\"fg-caption-inner\"><\/div><\/figcaption><\/figure><div class=\"fg-loader\"><\/div><\/div><div class=\"fg-item fg-type-image fg-idle\"><figure class=\"fg-item-inner\"><a href=\"https:\/\/assemblee-nationale.bj\/wp-content\/uploads\/IMG-20250711-WA0109.jpg\" data-attachment-id=\"13498\" class=\"fg-thumb\"><span class=\"fg-image-wrap\"><img decoding=\"async\" width=\"400\" height=\"300\" class=\"skip-lazy fg-image\" data-src-fg=\"https:\/\/assemblee-nationale.bj\/wp-content\/uploads\/cache\/IMG-20250711-WA0109\/3648838387.jpg\" src=\"data:image\/svg+xml,%3Csvg%20xmlns%3D%22http%3A%2F%2Fwww.w3.org%2F2000%2Fsvg%22%20width%3D%22400%22%20height%3D%22300%22%20viewBox%3D%220%200%20400%20300%22%3E%3C%2Fsvg%3E\" loading=\"eager\"><\/span><span class=\"fg-image-overlay\"><\/span><\/a><figcaption class=\"fg-caption\"><div class=\"fg-caption-inner\"><\/div><\/figcaption><\/figure><div class=\"fg-loader\"><\/div><\/div><div class=\"fg-item fg-type-image fg-idle\"><figure class=\"fg-item-inner\"><a href=\"https:\/\/assemblee-nationale.bj\/wp-content\/uploads\/IMG-20250711-WA0110.jpg\" data-attachment-id=\"13499\" class=\"fg-thumb\"><span class=\"fg-image-wrap\"><img decoding=\"async\" width=\"400\" height=\"300\" class=\"skip-lazy fg-image\" data-src-fg=\"https:\/\/assemblee-nationale.bj\/wp-content\/uploads\/cache\/IMG-20250711-WA0110\/2233998851.jpg\" src=\"data:image\/svg+xml,%3Csvg%20xmlns%3D%22http%3A%2F%2Fwww.w3.org%2F2000%2Fsvg%22%20width%3D%22400%22%20height%3D%22300%22%20viewBox%3D%220%200%20400%20300%22%3E%3C%2Fsvg%3E\" loading=\"eager\"><\/span><span class=\"fg-image-overlay\"><\/span><\/a><figcaption class=\"fg-caption\"><div class=\"fg-caption-inner\"><\/div><\/figcaption><\/figure><div class=\"fg-loader\"><\/div><\/div><div class=\"fg-item fg-type-image fg-idle\"><figure class=\"fg-item-inner\"><a href=\"https:\/\/assemblee-nationale.bj\/wp-content\/uploads\/IMG-20250711-WA0111.jpg\" data-attachment-id=\"13500\" class=\"fg-thumb\"><span class=\"fg-image-wrap\"><img decoding=\"async\" width=\"400\" height=\"300\" class=\"skip-lazy fg-image\" data-src-fg=\"https:\/\/assemblee-nationale.bj\/wp-content\/uploads\/cache\/IMG-20250711-WA0111\/18772765.jpg\" src=\"data:image\/svg+xml,%3Csvg%20xmlns%3D%22http%3A%2F%2Fwww.w3.org%2F2000%2Fsvg%22%20width%3D%22400%22%20height%3D%22300%22%20viewBox%3D%220%200%20400%20300%22%3E%3C%2Fsvg%3E\" loading=\"eager\"><\/span><span class=\"fg-image-overlay\"><\/span><\/a><figcaption class=\"fg-caption\"><div class=\"fg-caption-inner\"><\/div><\/figcaption><\/figure><div class=\"fg-loader\"><\/div><\/div><div class=\"fg-item fg-type-image fg-idle\"><figure class=\"fg-item-inner\"><a href=\"https:\/\/assemblee-nationale.bj\/wp-content\/uploads\/IMG-20250711-WA0113.jpg\" data-attachment-id=\"13502\" class=\"fg-thumb\"><span class=\"fg-image-wrap\"><img decoding=\"async\" width=\"400\" height=\"300\" class=\"skip-lazy fg-image\" data-src-fg=\"https:\/\/assemblee-nationale.bj\/wp-content\/uploads\/cache\/IMG-20250711-WA0113\/3959087952.jpg\" src=\"data:image\/svg+xml,%3Csvg%20xmlns%3D%22http%3A%2F%2Fwww.w3.org%2F2000%2Fsvg%22%20width%3D%22400%22%20height%3D%22300%22%20viewBox%3D%220%200%20400%20300%22%3E%3C%2Fsvg%3E\" loading=\"eager\"><\/span><span class=\"fg-image-overlay\"><\/span><\/a><figcaption class=\"fg-caption\"><div class=\"fg-caption-inner\"><\/div><\/figcaption><\/figure><div class=\"fg-loader\"><\/div><\/div><div class=\"fg-item fg-type-image fg-idle\"><figure class=\"fg-item-inner\"><a href=\"https:\/\/assemblee-nationale.bj\/wp-content\/uploads\/IMG-20250711-WA0114.jpg\" data-attachment-id=\"13503\" class=\"fg-thumb\"><span class=\"fg-image-wrap\"><img decoding=\"async\" width=\"400\" height=\"300\" class=\"skip-lazy fg-image\" data-src-fg=\"https:\/\/assemblee-nationale.bj\/wp-content\/uploads\/cache\/IMG-20250711-WA0114\/3042910673.jpg\" src=\"data:image\/svg+xml,%3Csvg%20xmlns%3D%22http%3A%2F%2Fwww.w3.org%2F2000%2Fsvg%22%20width%3D%22400%22%20height%3D%22300%22%20viewBox%3D%220%200%20400%20300%22%3E%3C%2Fsvg%3E\" loading=\"eager\"><\/span><span class=\"fg-image-overlay\"><\/span><\/a><figcaption class=\"fg-caption\"><div class=\"fg-caption-inner\"><\/div><\/figcaption><\/figure><div class=\"fg-loader\"><\/div><\/div><div class=\"fg-item fg-type-image fg-idle\"><figure class=\"fg-item-inner\"><a href=\"https:\/\/assemblee-nationale.bj\/wp-content\/uploads\/IMG-20250711-WA0115.jpg\" data-attachment-id=\"13504\" class=\"fg-thumb\"><span class=\"fg-image-wrap\"><img decoding=\"async\" width=\"400\" height=\"300\" class=\"skip-lazy fg-image\" data-src-fg=\"https:\/\/assemblee-nationale.bj\/wp-content\/uploads\/cache\/IMG-20250711-WA0115\/262559174.jpg\" src=\"data:image\/svg+xml,%3Csvg%20xmlns%3D%22http%3A%2F%2Fwww.w3.org%2F2000%2Fsvg%22%20width%3D%22400%22%20height%3D%22300%22%20viewBox%3D%220%200%20400%20300%22%3E%3C%2Fsvg%3E\" loading=\"eager\"><\/span><span class=\"fg-image-overlay\"><\/span><\/a><figcaption class=\"fg-caption\"><div class=\"fg-caption-inner\"><\/div><\/figcaption><\/figure><div class=\"fg-loader\"><\/div><\/div><div class=\"fg-item fg-type-image fg-idle\"><figure class=\"fg-item-inner\"><a href=\"https:\/\/assemblee-nationale.bj\/wp-content\/uploads\/IMG-20250711-WA0116.jpg\" data-attachment-id=\"13505\" class=\"fg-thumb\"><span class=\"fg-image-wrap\"><img decoding=\"async\" width=\"400\" height=\"300\" class=\"skip-lazy fg-image\" data-src-fg=\"https:\/\/assemblee-nationale.bj\/wp-content\/uploads\/cache\/IMG-20250711-WA0116\/3578370493.jpg\" src=\"data:image\/svg+xml,%3Csvg%20xmlns%3D%22http%3A%2F%2Fwww.w3.org%2F2000%2Fsvg%22%20width%3D%22400%22%20height%3D%22300%22%20viewBox%3D%220%200%20400%20300%22%3E%3C%2Fsvg%3E\" loading=\"eager\"><\/span><span class=\"fg-image-overlay\"><\/span><\/a><figcaption class=\"fg-caption\"><div class=\"fg-caption-inner\"><\/div><\/figcaption><\/figure><div class=\"fg-loader\"><\/div><\/div><div class=\"fg-item fg-type-image fg-idle\"><figure class=\"fg-item-inner\"><a href=\"https:\/\/assemblee-nationale.bj\/wp-content\/uploads\/IMG-20250711-WA0117.jpg\" data-attachment-id=\"13506\" class=\"fg-thumb\"><span class=\"fg-image-wrap\"><img decoding=\"async\" width=\"400\" height=\"300\" class=\"skip-lazy fg-image\" data-src-fg=\"https:\/\/assemblee-nationale.bj\/wp-content\/uploads\/cache\/IMG-20250711-WA0117\/3846358411.jpg\" src=\"data:image\/svg+xml,%3Csvg%20xmlns%3D%22http%3A%2F%2Fwww.w3.org%2F2000%2Fsvg%22%20width%3D%22400%22%20height%3D%22300%22%20viewBox%3D%220%200%20400%20300%22%3E%3C%2Fsvg%3E\" loading=\"eager\"><\/span><span class=\"fg-image-overlay\"><\/span><\/a><figcaption class=\"fg-caption\"><div class=\"fg-caption-inner\"><\/div><\/figcaption><\/figure><div class=\"fg-loader\"><\/div><\/div><div class=\"fg-item fg-type-image fg-idle\"><figure class=\"fg-item-inner\"><a href=\"https:\/\/assemblee-nationale.bj\/wp-content\/uploads\/IMG-20250711-WA0118.jpg\" data-attachment-id=\"13507\" class=\"fg-thumb\"><span class=\"fg-image-wrap\"><img decoding=\"async\" width=\"400\" height=\"300\" class=\"skip-lazy fg-image\" data-src-fg=\"https:\/\/assemblee-nationale.bj\/wp-content\/uploads\/cache\/IMG-20250711-WA0118\/1744968895.jpg\" src=\"data:image\/svg+xml,%3Csvg%20xmlns%3D%22http%3A%2F%2Fwww.w3.org%2F2000%2Fsvg%22%20width%3D%22400%22%20height%3D%22300%22%20viewBox%3D%220%200%20400%20300%22%3E%3C%2Fsvg%3E\" loading=\"eager\"><\/span><span class=\"fg-image-overlay\"><\/span><\/a><figcaption class=\"fg-caption\"><div class=\"fg-caption-inner\"><\/div><\/figcaption><\/figure><div class=\"fg-loader\"><\/div><\/div><div class=\"fg-item fg-type-image fg-idle\"><figure class=\"fg-item-inner\"><a href=\"https:\/\/assemblee-nationale.bj\/wp-content\/uploads\/IMG-20250711-WA0119.jpg\" data-attachment-id=\"13508\" class=\"fg-thumb\"><span class=\"fg-image-wrap\"><img decoding=\"async\" width=\"400\" height=\"300\" class=\"skip-lazy fg-image\" data-src-fg=\"https:\/\/assemblee-nationale.bj\/wp-content\/uploads\/cache\/IMG-20250711-WA0119\/476987051.jpg\" src=\"data:image\/svg+xml,%3Csvg%20xmlns%3D%22http%3A%2F%2Fwww.w3.org%2F2000%2Fsvg%22%20width%3D%22400%22%20height%3D%22300%22%20viewBox%3D%220%200%20400%20300%22%3E%3C%2Fsvg%3E\" loading=\"eager\"><\/span><span class=\"fg-image-overlay\"><\/span><\/a><figcaption class=\"fg-caption\"><div class=\"fg-caption-inner\"><\/div><\/figcaption><\/figure><div class=\"fg-loader\"><\/div><\/div>\t<\/div>\r\n\t<div class=\"fg-carousel-bottom\"><\/div>\r\n\t<div class=\"fg-carousel-progress\"><\/div>\r\n\t<button type=\"button\" class=\"fg-carousel-next\"><\/button>\r\n<\/div>\n<p>&nbsp;<\/p>\n<p>\u00ab Atelier de renforcement des capacit\u00e9s des d\u00e9put\u00e9s sur la protection contre les exploitations et les abus sexuels \u00bb. C\u2019est autour de ce th\u00e8me que les d\u00e9put\u00e9s de la 9\u1d49 l\u00e9gislature \u00e9changent \u00e0 Grand-Popo pendant deux jours, \u00e0 l\u2019initiative de l\u2019Institut Parlementaire du B\u00e9nin (IPaB), avec le soutien de l\u2019Unicef. Le lancement des travaux a \u00e9t\u00e9 effectu\u00e9 ce jeudi 10 juillet 2025 par l\u2019honorable David HOUINSA, 2\u1d49 secr\u00e9taire parlementaire, au nom du Pr\u00e9sident Louis Gb\u00e8hounou VLAVONOU.<\/p>\n<p>       Pour aborder cette th\u00e9matique pendant deux jours, six communications sont pr\u00e9sent\u00e9es aux d\u00e9put\u00e9s. Il s\u2019agit de :<br \/>\n\u00ab Appropriation des concepts : violences bas\u00e9es sur le genre, exploitation sexuelle, abus sexuels et harc\u00e8lement sexuel \u00bb ;<br \/>\n\u00ab Cons\u00e9quences de l\u2019exploitation et des abus sexuels et m\u00e9canismes de leur d\u00e9nonciation \u00bb ;<br \/>\n\u00ab Cadre de la protection contre l\u2019exploitation et les abus sexuels (Nations Unies et UNICEF) \u00bb ;<br \/>\n\u00ab R\u00f4le et responsabilit\u00e9s du Parlement dans la lutte contre l\u2019exploitation et les abus sexuels au B\u00e9nin \u00bb ;<br \/>\n\u00ab La politique de z\u00e9ro tol\u00e9rance face \u00e0 l\u2019exploitation et aux abus sexuels en R\u00e9publique du B\u00e9nin \u00bb ;<br \/>\n\u00ab L\u2019utilisation appropri\u00e9e des outils de visibilit\u00e9 en mati\u00e8re de protection contre l\u2019exploitation et les abus sexuels \u00bb.<\/p>\n<p>        Dans son mot de bienvenue, Dr Romaric AKPOVO, Directeur adjoint de l\u2019IPaB, a r\u00e9it\u00e9r\u00e9 les remerciements de l\u2019Institut \u00e0 l\u2019endroit des d\u00e9put\u00e9s pour la sollicitude dont ils font preuve. Par la suite, il a remerci\u00e9 particuli\u00e8rement le Pr\u00e9sident Louis Gb\u00e8hounou VLAVONOU pour avoir autoris\u00e9 l\u2019organisation du pr\u00e9sent atelier, mais aussi et surtout pour son engagement \u00e0 hisser l\u2019IPaB au rang des meilleurs instituts parlementaires de la sous-r\u00e9gion. Au repr\u00e9sentant r\u00e9sident de l\u2019Unicef et \u00e0 l\u2019ensemble de ses collaborateurs, il a exprim\u00e9 sa gratitude pour leur volont\u00e9 et leur disponibilit\u00e9 \u00e0 soutenir l\u2019IPaB dans ses activit\u00e9s.<\/p>\n<p>Pour lui, la pr\u00e9vention des abus sexuels est capitale et n\u00e9cessite une approche sp\u00e9cifique, conditionn\u00e9e par un syst\u00e8me int\u00e9gr\u00e9 de protection impliquant plusieurs parties prenantes. Cet atelier, selon lui, s\u2019inscrit dans la perspective de la mise en \u0153uvre de m\u00e9canismes institutionnels de coordination d\u2019actions au profit de ladite pr\u00e9vention.<\/p>\n<p>       Dans un deuxi\u00e8me temps, Victorin ZONDOGA, repr\u00e9sentant du repr\u00e9sentant r\u00e9sident de l\u2019Unicef, a d\u00e9clar\u00e9 que la probl\u00e9matique abord\u00e9e dans cet atelier est une priorit\u00e9 absolue pour l\u2019Unicef. C\u2019est pourquoi il a salu\u00e9 cette initiative de l\u2019IPaB et transmis les salutations de l\u2019Unicef aux d\u00e9put\u00e9s, venus nombreux malgr\u00e9 leurs agendas tr\u00e8s charg\u00e9s.<\/p>\n<p>       Enfin, pour sa part, l\u2019honorable David HOUINSA a pris la parole pour plonger les participants dans la probl\u00e9matique des droits humains, en lien avec les exploitations et abus sexuels. Pour lui, ces actes constituent l\u2019une des formes de violence les plus d\u00e9vastatrices, commises principalement sur les couches les plus vuln\u00e9rables. Face \u00e0 ce tableau pr\u00e9occupant, il est crucial d\u2019assurer une assistance imm\u00e9diate aux victimes, mais plus encore de pr\u00e9venir ces maltraitances, a-t-il constat\u00e9.<\/p>\n<p>Cet atelier vise \u00e0 sensibiliser les d\u00e9put\u00e9s sur la protection contre les exploitations et abus sexuels afin qu\u2019ils soient aptes \u00e0 les identifier, \u00e0 d\u00e9noncer les cas port\u00e9s \u00e0 leur connaissance et \u00e0 l\u00e9gif\u00e9rer avec plus de pertinence en la mati\u00e8re. De fa\u00e7on sp\u00e9cifique, a soulign\u00e9 l\u2019honorable David HOUINSA, cet atelier vise \u00e0 :<br \/>\n\u00ab faire approprier aux d\u00e9put\u00e9s les concepts li\u00e9s aux exploitations et abus sexuels ;<br \/>\nanimer un d\u00e9bat interactif pour une meilleure appropriation de la th\u00e9matique ;<br \/>\n\u00e9valuer les connaissances acquises \u00e0 l\u2019issue de l\u2019atelier. \u00bb<\/p>\n<p>Pour clore son propos, il a lanc\u00e9 : \u00ab Les violences sexuelles sont une menace pour le droit de chaque individu \u00e0 une vie digne, mais aussi une menace pour la paix et la s\u00e9curit\u00e9 collectives de l\u2019humanit\u00e9. C\u2019est pourquoi j\u2019exhorte chaque entit\u00e9 et tous les autres acteurs impliqu\u00e9s dans la pr\u00e9vention et la lutte contre les exploitations et abus sexuels \u00e0 jouer un r\u00f4le d\u00e9terminant dans la mise en \u0153uvre concr\u00e8te et efficiente des politiques publiques y aff\u00e9rentes. Je nous souhaite vivement de prendre activement part aux d\u00e9bats pour une meilleure appropriation des outils et m\u00e9canismes de pr\u00e9vention de ces violences sexuelles, afin de confirmer la volont\u00e9 du Parlement b\u00e9ninois de lutter contre toutes formes de discrimination et d\u2019atteintes aux droits humains.<br \/>\nJe fonde donc l\u2019espoir que le pr\u00e9sent atelier r\u00e9pondra aux attentes de toutes les parties prenantes et permettra d\u2019enclencher une nouvelle dynamique d\u2019appr\u00e9hension des exploitations et abus sexuels dans l\u2019administration parlementaire et dans notre vie quotidienne. \u00bb<\/p>\n<p>Hermann OBINTI<\/p>\n<\/div>\n\t\t<\/div><\/div><\/div><div id=\"pgc-13490-1-2\"  class=\"panel-grid-cell panel-grid-cell-empty\" ><\/div><\/div><\/div>","protected":false},"excerpt":{"rendered":"<p>\u00ab Atelier de renforcement des capacit\u00e9s des d\u00e9put\u00e9s sur la protection contre les exploitations et les abus sexuels \u00bb. C\u2019est autour de ce th\u00e8me que les d\u00e9put\u00e9s de la 9\u1d49 l\u00e9gislature \u00e9changent \u00e0 Grand-Popo pendant deux jours, \u00e0 l\u2019initiative de l\u2019Institut Parlementaire du B\u00e9nin (IPaB), avec le soutien de l\u2019Unicef. Le lancement des travaux a \u00e9t\u00e9 effectu\u00e9 ce jeudi 10 juillet 2025 par l\u2019honorable David HOUINSA, 2\u1d49 secr\u00e9taire parlementaire, au nom du Pr\u00e9sident Louis Gb\u00e8hounou VLAVONOU.<\/p>\n<p>       Pour aborder cette th\u00e9matique pendant deux jours, six communications sont pr\u00e9sent\u00e9es aux d\u00e9put\u00e9s. Il s\u2019agit de :<br \/>\n\u00ab Appropriation des concepts : violences bas\u00e9es sur le genre, exploitation sexuelle, abus sexuels et harc\u00e8lement sexuel \u00bb ;<br \/>\n\u00ab Cons\u00e9quences de l\u2019exploitation et des abus sexuels et m\u00e9canismes de leur d\u00e9nonciation \u00bb ;<br \/>\n\u00ab Cadre de la protection contre l\u2019exploitation et les abus sexuels (Nations Unies et UNICEF) \u00bb ;<br \/>\n\u00ab R\u00f4le et responsabilit\u00e9s du Parlement dans la lutte contre l\u2019exploitation et les abus sexuels au B\u00e9nin \u00bb ;<\/p>\n","protected":false},"author":15,"featured_media":13509,"comment_status":"closed","ping_status":"open","sticky":false,"template":"","format":"standard","meta":{"footnotes":""},"categories":[29],"tags":[],"class_list":["post-13490","post","type-post","status-publish","format-standard","has-post-thumbnail","hentry","category-actualites"],"_links":{"self":[{"href":"https:\/\/assemblee-nationale.bj\/index.php\/wp-json\/wp\/v2\/posts\/13490","targetHints":{"allow":["GET"]}}],"collection":[{"href":"https:\/\/assemblee-nationale.bj\/index.php\/wp-json\/wp\/v2\/posts"}],"about":[{"href":"https:\/\/assemblee-nationale.bj\/index.php\/wp-json\/wp\/v2\/types\/post"}],"author":[{"embeddable":true,"href":"https:\/\/assemblee-nationale.bj\/index.php\/wp-json\/wp\/v2\/users\/15"}],"replies":[{"embeddable":true,"href":"https:\/\/assemblee-nationale.bj\/index.php\/wp-json\/wp\/v2\/comments?post=13490"}],"version-history":[{"count":1,"href":"https:\/\/assemblee-nationale.bj\/index.php\/wp-json\/wp\/v2\/posts\/13490\/revisions"}],"predecessor-version":[{"id":13510,"href":"https:\/\/assemblee-nationale.bj\/index.php\/wp-json\/wp\/v2\/posts\/13490\/revisions\/13510"}],"wp:featuredmedia":[{"embeddable":true,"href":"https:\/\/assemblee-nationale.bj\/index.php\/wp-json\/wp\/v2\/media\/13509"}],"wp:attachment":[{"href":"https:\/\/assemblee-nationale.bj\/index.php\/wp-json\/wp\/v2\/media?parent=13490"}],"wp:term":[{"taxonomy":"category","embeddable":true,"href":"https:\/\/assemblee-nationale.bj\/index.php\/wp-json\/wp\/v2\/categories?post=13490"},{"taxonomy":"post_tag","embeddable":true,"href":"https:\/\/assemblee-nationale.bj\/index.php\/wp-json\/wp\/v2\/tags?post=13490"}],"curies":[{"name":"wp","href":"https:\/\/api.w.org\/{rel}","templated":true}]}}