
{"id":13559,"date":"2025-07-10T21:06:02","date_gmt":"2025-07-10T20:06:02","guid":{"rendered":"https:\/\/assemblee-nationale.bj\/?p=13559"},"modified":"2025-07-13T18:09:51","modified_gmt":"2025-07-13T17:09:51","slug":"a-lelysee-le-president-vlavonou-porte-la-voix-du-benin-parmi-ses-pairs-africains","status":"publish","type":"post","link":"https:\/\/assemblee-nationale.bj\/index.php\/2025\/07\/10\/a-lelysee-le-president-vlavonou-porte-la-voix-du-benin-parmi-ses-pairs-africains\/","title":{"rendered":"\u00c0 l&rsquo;\u00c9lys\u00e9e, le Pr\u00e9sident Vlavonou porte la voix du B\u00e9nin parmi ses pairs africains"},"content":{"rendered":"<div id=\"pl-13559\"  class=\"panel-layout\" ><div id=\"pg-13559-0\"  class=\"panel-grid panel-no-style\" ><div id=\"pgc-13559-0-0\"  class=\"panel-grid-cell\" ><div id=\"panel-13559-0-0-0\" class=\"so-panel widget widget_text panel-first-child panel-last-child\" data-index=\"0\" ><div class=\"panel-widget-style panel-widget-style-for-13559-0-0-0\" >\t\t\t<div class=\"textwidget\"><p><strong>  \u00c0 l&rsquo;\u00c9lys\u00e9e, le Pr\u00e9sident Vlavonou porte la voix du B\u00e9nin parmi ses pairs africains  <\/strong><\/p>\n<p style=\"text-align: justify; line-height: 150%; background: white; margin: 0cm 0cm 4.5pt 0cm;\"><span style=\"color: #1c1e21;\"><strong><br \/>\n<\/strong> <\/span><\/p>\n<p><strong>\u00a0<\/strong><\/p>\n<\/div>\n\t\t<\/div><\/div><\/div><\/div><div id=\"pg-13559-1\"  class=\"panel-grid panel-no-style\" ><div id=\"pgc-13559-1-0\"  class=\"panel-grid-cell panel-grid-cell-empty\" ><\/div><div id=\"pgc-13559-1-1\"  class=\"panel-grid-cell panel-grid-cell-mobile-last\" ><div id=\"panel-13559-1-1-0\" class=\"so-panel widget widget_text panel-first-child panel-last-child\" data-index=\"1\" ><div class=\"panel-widget-style panel-widget-style-for-13559-1-1-0\" >\t\t\t<div class=\"textwidget\"><div class=\"foogallery foogallery-container foogallery-carousel foogallery-lightbox-foobox fg-carousel fg-light fg-border-thin fg-shadow-outline fg-loading-default fg-loaded-fade-in fg-caption-hover fg-hover-fade fg-hover-zoom fg-ready\" id=\"foogallery-gallery-13558\" data-foogallery=\"{&quot;item&quot;:{&quot;showCaptionTitle&quot;:true,&quot;showCaptionDescription&quot;:true},&quot;lazy&quot;:true,&quot;template&quot;:{&quot;maxItems&quot;:5,&quot;scale&quot;:0.18,&quot;gutter&quot;:{&quot;min&quot;:-40,&quot;max&quot;:-40,&quot;unit&quot;:&quot;%&quot;},&quot;autoplay&quot;:{&quot;time&quot;:0,&quot;interaction&quot;:&quot;pause&quot;},&quot;centerOnClick&quot;:false}}\" >\r\n\t<button type=\"button\" class=\"fg-carousel-prev\"><\/button>\r\n\t<div class=\"fg-carousel-inner\">\r\n\t\t<div class=\"fg-carousel-center\"><\/div>\r\n\t\t<div class=\"fg-item fg-type-image fg-idle\"><figure class=\"fg-item-inner\"><a href=\"https:\/\/assemblee-nationale.bj\/wp-content\/uploads\/IMG-20250712-WA0028.jpg\" data-attachment-id=\"13560\" class=\"fg-thumb\"><span class=\"fg-image-wrap\"><img fetchpriority=\"high\" decoding=\"async\" width=\"400\" height=\"299\" class=\"skip-lazy fg-image\" data-src-fg=\"https:\/\/assemblee-nationale.bj\/wp-content\/uploads\/cache\/IMG-20250712-WA0028\/48789671.jpg\" src=\"data:image\/svg+xml,%3Csvg%20xmlns%3D%22http%3A%2F%2Fwww.w3.org%2F2000%2Fsvg%22%20width%3D%22400%22%20height%3D%22299%22%20viewBox%3D%220%200%20400%20299%22%3E%3C%2Fsvg%3E\" loading=\"eager\"><\/span><span class=\"fg-image-overlay\"><\/span><\/a><figcaption class=\"fg-caption\"><div class=\"fg-caption-inner\"><\/div><\/figcaption><\/figure><div class=\"fg-loader\"><\/div><\/div><div class=\"fg-item fg-type-image fg-idle\"><figure class=\"fg-item-inner\"><a href=\"https:\/\/assemblee-nationale.bj\/wp-content\/uploads\/IMG-20250712-WA0029.jpg\" data-attachment-id=\"13561\" class=\"fg-thumb\"><span class=\"fg-image-wrap\"><img decoding=\"async\" width=\"400\" height=\"299\" class=\"skip-lazy fg-image\" data-src-fg=\"https:\/\/assemblee-nationale.bj\/wp-content\/uploads\/cache\/IMG-20250712-WA0029\/2747652220.jpg\" src=\"data:image\/svg+xml,%3Csvg%20xmlns%3D%22http%3A%2F%2Fwww.w3.org%2F2000%2Fsvg%22%20width%3D%22400%22%20height%3D%22299%22%20viewBox%3D%220%200%20400%20299%22%3E%3C%2Fsvg%3E\" loading=\"eager\"><\/span><span class=\"fg-image-overlay\"><\/span><\/a><figcaption class=\"fg-caption\"><div class=\"fg-caption-inner\"><\/div><\/figcaption><\/figure><div class=\"fg-loader\"><\/div><\/div><div class=\"fg-item fg-type-image fg-idle\"><figure class=\"fg-item-inner\"><a href=\"https:\/\/assemblee-nationale.bj\/wp-content\/uploads\/IMG-20250712-WA0030.jpg\" data-attachment-id=\"13562\" class=\"fg-thumb\"><span class=\"fg-image-wrap\"><img decoding=\"async\" width=\"400\" height=\"299\" class=\"skip-lazy fg-image\" data-src-fg=\"https:\/\/assemblee-nationale.bj\/wp-content\/uploads\/cache\/IMG-20250712-WA0030\/1464896444.jpg\" src=\"data:image\/svg+xml,%3Csvg%20xmlns%3D%22http%3A%2F%2Fwww.w3.org%2F2000%2Fsvg%22%20width%3D%22400%22%20height%3D%22299%22%20viewBox%3D%220%200%20400%20299%22%3E%3C%2Fsvg%3E\" loading=\"eager\"><\/span><span class=\"fg-image-overlay\"><\/span><\/a><figcaption class=\"fg-caption\"><div class=\"fg-caption-inner\"><\/div><\/figcaption><\/figure><div class=\"fg-loader\"><\/div><\/div><div class=\"fg-item fg-type-image fg-idle\"><figure class=\"fg-item-inner\"><a href=\"https:\/\/assemblee-nationale.bj\/wp-content\/uploads\/IMG-20250712-WA0031.jpg\" data-attachment-id=\"13563\" class=\"fg-thumb\"><span class=\"fg-image-wrap\"><img decoding=\"async\" width=\"400\" height=\"299\" class=\"skip-lazy fg-image\" data-src-fg=\"https:\/\/assemblee-nationale.bj\/wp-content\/uploads\/cache\/IMG-20250712-WA0031\/3482992826.jpg\" src=\"data:image\/svg+xml,%3Csvg%20xmlns%3D%22http%3A%2F%2Fwww.w3.org%2F2000%2Fsvg%22%20width%3D%22400%22%20height%3D%22299%22%20viewBox%3D%220%200%20400%20299%22%3E%3C%2Fsvg%3E\" loading=\"eager\"><\/span><span class=\"fg-image-overlay\"><\/span><\/a><figcaption class=\"fg-caption\"><div class=\"fg-caption-inner\"><\/div><\/figcaption><\/figure><div class=\"fg-loader\"><\/div><\/div><div class=\"fg-item fg-type-image fg-idle\"><figure class=\"fg-item-inner\"><a href=\"https:\/\/assemblee-nationale.bj\/wp-content\/uploads\/IMG-20250712-WA0032.jpg\" data-attachment-id=\"13564\" class=\"fg-thumb\"><span class=\"fg-image-wrap\"><img decoding=\"async\" width=\"400\" height=\"299\" class=\"skip-lazy fg-image\" data-src-fg=\"https:\/\/assemblee-nationale.bj\/wp-content\/uploads\/cache\/IMG-20250712-WA0032\/927347664.jpg\" src=\"data:image\/svg+xml,%3Csvg%20xmlns%3D%22http%3A%2F%2Fwww.w3.org%2F2000%2Fsvg%22%20width%3D%22400%22%20height%3D%22299%22%20viewBox%3D%220%200%20400%20299%22%3E%3C%2Fsvg%3E\" loading=\"eager\"><\/span><span class=\"fg-image-overlay\"><\/span><\/a><figcaption class=\"fg-caption\"><div class=\"fg-caption-inner\"><\/div><\/figcaption><\/figure><div class=\"fg-loader\"><\/div><\/div><div class=\"fg-item fg-type-image fg-idle\"><figure class=\"fg-item-inner\"><a href=\"https:\/\/assemblee-nationale.bj\/wp-content\/uploads\/IMG-20250712-WA0033.jpg\" data-attachment-id=\"13565\" class=\"fg-thumb\"><span class=\"fg-image-wrap\"><img decoding=\"async\" width=\"400\" height=\"299\" class=\"skip-lazy fg-image\" data-src-fg=\"https:\/\/assemblee-nationale.bj\/wp-content\/uploads\/cache\/IMG-20250712-WA0033\/2945251542.jpg\" src=\"data:image\/svg+xml,%3Csvg%20xmlns%3D%22http%3A%2F%2Fwww.w3.org%2F2000%2Fsvg%22%20width%3D%22400%22%20height%3D%22299%22%20viewBox%3D%220%200%20400%20299%22%3E%3C%2Fsvg%3E\" loading=\"eager\"><\/span><span class=\"fg-image-overlay\"><\/span><\/a><figcaption class=\"fg-caption\"><div class=\"fg-caption-inner\"><\/div><\/figcaption><\/figure><div class=\"fg-loader\"><\/div><\/div><div class=\"fg-item fg-type-image fg-idle\"><figure class=\"fg-item-inner\"><a href=\"https:\/\/assemblee-nationale.bj\/wp-content\/uploads\/IMG-20250712-WA0034.jpg\" data-attachment-id=\"13566\" class=\"fg-thumb\"><span class=\"fg-image-wrap\"><img decoding=\"async\" width=\"400\" height=\"299\" class=\"skip-lazy fg-image\" data-src-fg=\"https:\/\/assemblee-nationale.bj\/wp-content\/uploads\/cache\/IMG-20250712-WA0034\/1508420967.jpg\" src=\"data:image\/svg+xml,%3Csvg%20xmlns%3D%22http%3A%2F%2Fwww.w3.org%2F2000%2Fsvg%22%20width%3D%22400%22%20height%3D%22299%22%20viewBox%3D%220%200%20400%20299%22%3E%3C%2Fsvg%3E\" loading=\"eager\"><\/span><span class=\"fg-image-overlay\"><\/span><\/a><figcaption class=\"fg-caption\"><div class=\"fg-caption-inner\"><\/div><\/figcaption><\/figure><div class=\"fg-loader\"><\/div><\/div><div class=\"fg-item fg-type-image fg-idle\"><figure class=\"fg-item-inner\"><a href=\"https:\/\/assemblee-nationale.bj\/wp-content\/uploads\/IMG-20250712-WA0035.jpg\" data-attachment-id=\"13567\" class=\"fg-thumb\"><span class=\"fg-image-wrap\"><img decoding=\"async\" width=\"400\" height=\"299\" class=\"skip-lazy fg-image\" data-src-fg=\"https:\/\/assemblee-nationale.bj\/wp-content\/uploads\/cache\/IMG-20250712-WA0035\/3240257121.jpg\" src=\"data:image\/svg+xml,%3Csvg%20xmlns%3D%22http%3A%2F%2Fwww.w3.org%2F2000%2Fsvg%22%20width%3D%22400%22%20height%3D%22299%22%20viewBox%3D%220%200%20400%20299%22%3E%3C%2Fsvg%3E\" loading=\"eager\"><\/span><span class=\"fg-image-overlay\"><\/span><\/a><figcaption class=\"fg-caption\"><div class=\"fg-caption-inner\"><\/div><\/figcaption><\/figure><div class=\"fg-loader\"><\/div><\/div>\t<\/div>\r\n\t<div class=\"fg-carousel-bottom\"><\/div>\r\n\t<div class=\"fg-carousel-progress\"><\/div>\r\n\t<button type=\"button\" class=\"fg-carousel-next\"><\/button>\r\n<\/div>\n<p>&nbsp;<\/p>\n<p>Paris, Palais de l\u2019\u00c9lys\u00e9e, jeudi 10 juillet 2025. <\/p>\n<p>En marge de la 50\u1d49 session de l\u2019Assembl\u00e9e parlementaire de la Francophonie, le Pr\u00e9sident de la R\u00e9publique fran\u00e7aise, Emmanuel Macron, a re\u00e7u en audience solennelle l\u2019ensemble des Pr\u00e9sidents d\u2019Assembl\u00e9es nationales africaines pr\u00e9sents \u00e0 Paris pour ce sommet.<\/p>\n<p>Parmi eux, le Pr\u00e9sident de l\u2019Assembl\u00e9e nationale du B\u00e9nin, Louis Gb\u00e8hounou Vlavonou, a pris part \u00e0 cette rencontre de haut niveau aux c\u00f4t\u00e9s de ses homologues africains, r\u00e9affirmant la place du B\u00e9nin comme acteur engag\u00e9 de la diplomatie parlementaire francophone et du dialogue intercontinental.<\/p>\n<p>Dans un climat de franchise et de respect, les \u00e9changes ont permis d\u2019aborder les grandes pr\u00e9occupations partag\u00e9es : stabilit\u00e9 institutionnelle, renforcement de la coop\u00e9ration \u00e9conomique et \u00e9ducative, lutte contre le terrorisme et le changement climatique, et place de la jeunesse dans les politiques de d\u00e9veloppement.<\/p>\n<p>S\u2019exprimant au nom de la d\u00e9l\u00e9gation b\u00e9ninoise, le Pr\u00e9sident Vlavonou a notamment rappel\u00e9 les efforts entrepris par le B\u00e9nin pour ancrer durablement son processus de d\u00e9veloppement. \u00c0 cet \u00e9gard, un satisfecit appuy\u00e9 a \u00e9t\u00e9 d\u00e9cern\u00e9 conjointement par le Pr\u00e9sident Vlavonou et le Pr\u00e9sident Emmanuel Macron au Pr\u00e9sident Patrice Talon pour les r\u00e9formes majeures engag\u00e9es et les r\u00e9sultats obtenus, gage de cr\u00e9dibilit\u00e9 et de confiance renouvel\u00e9e au sein de l\u2019espace francophone.<\/p>\n<p>Le Pr\u00e9sident Macron a, pour sa part, soulign\u00e9 le r\u00f4le de plus en plus d\u00e9terminant que jouent les pays africains au sein de l\u2019Assembl\u00e9e parlementaire de la Francophonie. Un r\u00f4le fond\u00e9 sur l\u2019harmonie, la coh\u00e9sion et l\u2019accompagnement mutuel de chaque pays membre, dans un esprit de solidarit\u00e9 et de coresponsabilit\u00e9 face aux d\u00e9fis communs.<\/p>\n<p>Les Pr\u00e9sidents africains ont salu\u00e9 cette \u00e9coute directe et cet esprit de concertation, symbole de la volont\u00e9 partag\u00e9e de b\u00e2tir des ponts plus solides entre la France et ses partenaires parlementaires africains.<br \/>\nPour le Pr\u00e9sident Louis Gb\u00e8hounou Vlavonou, cette rencontre conforte la position du B\u00e9nin comme un pays moteur dans la construction d\u2019une Francophonie parlementaire vivante, constructive et porteuse d\u2019esp\u00e9rance pour ses peuples.<\/p>\n<p>James-William Gbaguidi<\/p>\n<\/div>\n\t\t<\/div><\/div><\/div><div id=\"pgc-13559-1-2\"  class=\"panel-grid-cell panel-grid-cell-empty\" ><\/div><\/div><\/div>","protected":false},"excerpt":{"rendered":"<p>Paris, Palais de l\u2019\u00c9lys\u00e9e, jeudi 10 juillet 2025. <\/p>\n<p>En marge de la 50\u1d49 session de l\u2019Assembl\u00e9e parlementaire de la Francophonie, le Pr\u00e9sident de la R\u00e9publique fran\u00e7aise, Emmanuel Macron, a re\u00e7u en audience solennelle l\u2019ensemble des Pr\u00e9sidents d\u2019Assembl\u00e9es nationales africaines pr\u00e9sents \u00e0 Paris pour ce sommet.<\/p>\n<p>Parmi eux, le Pr\u00e9sident de l\u2019Assembl\u00e9e nationale du B\u00e9nin, Louis Gb\u00e8hounou Vlavonou, a pris part \u00e0 cette rencontre de haut niveau aux c\u00f4t\u00e9s de ses homologues africains, r\u00e9affirmant la place du B\u00e9nin comme acteur engag\u00e9 de la diplomatie parlementaire francophone et du dialogue intercontinental.<\/p>\n<p>Dans un climat de franchise et de respect, les \u00e9changes ont permis d\u2019aborder les grandes pr\u00e9occupations partag\u00e9es : stabilit\u00e9 institutionnelle, renforcement de la coop\u00e9ration \u00e9conomique et \u00e9ducative, lutte contre le terrorisme et le changement climatique, et place de la jeunesse dans les politiques de d\u00e9veloppement.<\/p>\n","protected":false},"author":15,"featured_media":13568,"comment_status":"closed","ping_status":"open","sticky":false,"template":"","format":"standard","meta":{"footnotes":""},"categories":[29],"tags":[],"class_list":["post-13559","post","type-post","status-publish","format-standard","has-post-thumbnail","hentry","category-actualites"],"_links":{"self":[{"href":"https:\/\/assemblee-nationale.bj\/index.php\/wp-json\/wp\/v2\/posts\/13559","targetHints":{"allow":["GET"]}}],"collection":[{"href":"https:\/\/assemblee-nationale.bj\/index.php\/wp-json\/wp\/v2\/posts"}],"about":[{"href":"https:\/\/assemblee-nationale.bj\/index.php\/wp-json\/wp\/v2\/types\/post"}],"author":[{"embeddable":true,"href":"https:\/\/assemblee-nationale.bj\/index.php\/wp-json\/wp\/v2\/users\/15"}],"replies":[{"embeddable":true,"href":"https:\/\/assemblee-nationale.bj\/index.php\/wp-json\/wp\/v2\/comments?post=13559"}],"version-history":[{"count":1,"href":"https:\/\/assemblee-nationale.bj\/index.php\/wp-json\/wp\/v2\/posts\/13559\/revisions"}],"predecessor-version":[{"id":13569,"href":"https:\/\/assemblee-nationale.bj\/index.php\/wp-json\/wp\/v2\/posts\/13559\/revisions\/13569"}],"wp:featuredmedia":[{"embeddable":true,"href":"https:\/\/assemblee-nationale.bj\/index.php\/wp-json\/wp\/v2\/media\/13568"}],"wp:attachment":[{"href":"https:\/\/assemblee-nationale.bj\/index.php\/wp-json\/wp\/v2\/media?parent=13559"}],"wp:term":[{"taxonomy":"category","embeddable":true,"href":"https:\/\/assemblee-nationale.bj\/index.php\/wp-json\/wp\/v2\/categories?post=13559"},{"taxonomy":"post_tag","embeddable":true,"href":"https:\/\/assemblee-nationale.bj\/index.php\/wp-json\/wp\/v2\/tags?post=13559"}],"curies":[{"name":"wp","href":"https:\/\/api.w.org\/{rel}","templated":true}]}}