
{"id":13648,"date":"2025-07-15T23:46:30","date_gmt":"2025-07-15T22:46:30","guid":{"rendered":"https:\/\/assemblee-nationale.bj\/?p=13648"},"modified":"2025-07-17T11:42:12","modified_gmt":"2025-07-17T10:42:12","slug":"assemblee-nationale-des-cadres-en-atelier-pour-elaborer-la-cartographie-et-le-plan-de-gestion-des-risques-de-linstitution","status":"publish","type":"post","link":"https:\/\/assemblee-nationale.bj\/index.php\/2025\/07\/15\/assemblee-nationale-des-cadres-en-atelier-pour-elaborer-la-cartographie-et-le-plan-de-gestion-des-risques-de-linstitution\/","title":{"rendered":"Assembl\u00e9e nationale : Des Cadres en atelier pour \u00e9laborer la cartographie et le plan de gestion des risques de l&rsquo;Institution"},"content":{"rendered":"<div id=\"pl-13648\"  class=\"panel-layout\" ><div id=\"pg-13648-0\"  class=\"panel-grid panel-no-style\" ><div id=\"pgc-13648-0-0\"  class=\"panel-grid-cell\" ><div id=\"panel-13648-0-0-0\" class=\"so-panel widget widget_text panel-first-child panel-last-child\" data-index=\"0\" ><div class=\"panel-widget-style panel-widget-style-for-13648-0-0-0\" >\t\t\t<div class=\"textwidget\"><p><strong>  Assembl\u00e9e nationale : Des Cadres en atelier pour \u00e9laborer la cartographie et le plan de gestion des risques de l&rsquo;Institution  <\/strong><\/p>\n<p style=\"text-align: justify; line-height: 150%; background: white; margin: 0cm 0cm 4.5pt 0cm;\"><span style=\"color: #1c1e21;\"><strong><br \/>\n<\/strong> <\/span><\/p>\n<p><strong>\u00a0<\/strong><\/p>\n<\/div>\n\t\t<\/div><\/div><\/div><\/div><div id=\"pg-13648-1\"  class=\"panel-grid panel-no-style\" ><div id=\"pgc-13648-1-0\"  class=\"panel-grid-cell panel-grid-cell-empty\" ><\/div><div id=\"pgc-13648-1-1\"  class=\"panel-grid-cell panel-grid-cell-mobile-last\" ><div id=\"panel-13648-1-1-0\" class=\"so-panel widget widget_text panel-first-child panel-last-child\" data-index=\"1\" ><div class=\"panel-widget-style panel-widget-style-for-13648-1-1-0\" >\t\t\t<div class=\"textwidget\"><div class=\"foogallery foogallery-container foogallery-carousel foogallery-lightbox-foobox fg-carousel fg-light fg-border-thin fg-shadow-outline fg-loading-default fg-loaded-fade-in fg-caption-hover fg-hover-fade fg-hover-zoom fg-ready\" id=\"foogallery-gallery-13643\" data-foogallery=\"{&quot;item&quot;:{&quot;showCaptionTitle&quot;:true,&quot;showCaptionDescription&quot;:true},&quot;lazy&quot;:true,&quot;template&quot;:{&quot;maxItems&quot;:5,&quot;scale&quot;:0.18,&quot;gutter&quot;:{&quot;min&quot;:-40,&quot;max&quot;:-40,&quot;unit&quot;:&quot;%&quot;},&quot;autoplay&quot;:{&quot;time&quot;:0,&quot;interaction&quot;:&quot;pause&quot;},&quot;centerOnClick&quot;:false}}\" >\r\n\t<button type=\"button\" class=\"fg-carousel-prev\"><\/button>\r\n\t<div class=\"fg-carousel-inner\">\r\n\t\t<div class=\"fg-carousel-center\"><\/div>\r\n\t\t<div class=\"fg-item fg-type-image fg-idle\"><figure class=\"fg-item-inner\"><a href=\"https:\/\/assemblee-nationale.bj\/wp-content\/uploads\/IMG-20250716-WA0055.jpg\" data-attachment-id=\"13644\" class=\"fg-thumb\"><span class=\"fg-image-wrap\"><img fetchpriority=\"high\" decoding=\"async\" width=\"400\" height=\"300\" class=\"skip-lazy fg-image\" data-src-fg=\"https:\/\/assemblee-nationale.bj\/wp-content\/uploads\/cache\/IMG-20250716-WA0055\/1183429258.jpg\" src=\"data:image\/svg+xml,%3Csvg%20xmlns%3D%22http%3A%2F%2Fwww.w3.org%2F2000%2Fsvg%22%20width%3D%22400%22%20height%3D%22300%22%20viewBox%3D%220%200%20400%20300%22%3E%3C%2Fsvg%3E\" loading=\"eager\"><\/span><span class=\"fg-image-overlay\"><\/span><\/a><figcaption class=\"fg-caption\"><div class=\"fg-caption-inner\"><\/div><\/figcaption><\/figure><div class=\"fg-loader\"><\/div><\/div><div class=\"fg-item fg-type-image fg-idle\"><figure class=\"fg-item-inner\"><a href=\"https:\/\/assemblee-nationale.bj\/wp-content\/uploads\/IMG-20250716-WA0056.jpg\" data-attachment-id=\"13645\" class=\"fg-thumb\"><span class=\"fg-image-wrap\"><img decoding=\"async\" width=\"400\" height=\"300\" class=\"skip-lazy fg-image\" data-src-fg=\"https:\/\/assemblee-nationale.bj\/wp-content\/uploads\/cache\/IMG-20250716-WA0056\/2411613626.jpg\" src=\"data:image\/svg+xml,%3Csvg%20xmlns%3D%22http%3A%2F%2Fwww.w3.org%2F2000%2Fsvg%22%20width%3D%22400%22%20height%3D%22300%22%20viewBox%3D%220%200%20400%20300%22%3E%3C%2Fsvg%3E\" loading=\"eager\"><\/span><span class=\"fg-image-overlay\"><\/span><\/a><figcaption class=\"fg-caption\"><div class=\"fg-caption-inner\"><\/div><\/figcaption><\/figure><div class=\"fg-loader\"><\/div><\/div><div class=\"fg-item fg-type-image fg-idle\"><figure class=\"fg-item-inner\"><a href=\"https:\/\/assemblee-nationale.bj\/wp-content\/uploads\/IMG-20250716-WA0057.jpg\" data-attachment-id=\"13646\" class=\"fg-thumb\"><span class=\"fg-image-wrap\"><img decoding=\"async\" width=\"400\" height=\"300\" class=\"skip-lazy fg-image\" data-src-fg=\"https:\/\/assemblee-nationale.bj\/wp-content\/uploads\/cache\/IMG-20250716-WA0057\/3216314764.jpg\" src=\"data:image\/svg+xml,%3Csvg%20xmlns%3D%22http%3A%2F%2Fwww.w3.org%2F2000%2Fsvg%22%20width%3D%22400%22%20height%3D%22300%22%20viewBox%3D%220%200%20400%20300%22%3E%3C%2Fsvg%3E\" loading=\"eager\"><\/span><span class=\"fg-image-overlay\"><\/span><\/a><figcaption class=\"fg-caption\"><div class=\"fg-caption-inner\"><\/div><\/figcaption><\/figure><div class=\"fg-loader\"><\/div><\/div><div class=\"fg-item fg-type-image fg-idle\"><figure class=\"fg-item-inner\"><a href=\"https:\/\/assemblee-nationale.bj\/wp-content\/uploads\/IMG-20250716-WA0058.jpg\" data-attachment-id=\"13647\" class=\"fg-thumb\"><span class=\"fg-image-wrap\"><img decoding=\"async\" width=\"400\" height=\"300\" class=\"skip-lazy fg-image\" data-src-fg=\"https:\/\/assemblee-nationale.bj\/wp-content\/uploads\/cache\/IMG-20250716-WA0058\/854968504.jpg\" src=\"data:image\/svg+xml,%3Csvg%20xmlns%3D%22http%3A%2F%2Fwww.w3.org%2F2000%2Fsvg%22%20width%3D%22400%22%20height%3D%22300%22%20viewBox%3D%220%200%20400%20300%22%3E%3C%2Fsvg%3E\" loading=\"eager\"><\/span><span class=\"fg-image-overlay\"><\/span><\/a><figcaption class=\"fg-caption\"><div class=\"fg-caption-inner\"><\/div><\/figcaption><\/figure><div class=\"fg-loader\"><\/div><\/div><div class=\"fg-item fg-type-image fg-idle\"><figure class=\"fg-item-inner\"><a href=\"https:\/\/assemblee-nationale.bj\/wp-content\/uploads\/IMG-20250716-WA0059.jpg\" data-attachment-id=\"13649\" class=\"fg-thumb\"><span class=\"fg-image-wrap\"><img decoding=\"async\" width=\"400\" height=\"300\" class=\"skip-lazy fg-image\" data-src-fg=\"https:\/\/assemblee-nationale.bj\/wp-content\/uploads\/cache\/IMG-20250716-WA0059\/318316852.jpg\" src=\"data:image\/svg+xml,%3Csvg%20xmlns%3D%22http%3A%2F%2Fwww.w3.org%2F2000%2Fsvg%22%20width%3D%22400%22%20height%3D%22300%22%20viewBox%3D%220%200%20400%20300%22%3E%3C%2Fsvg%3E\" loading=\"eager\"><\/span><span class=\"fg-image-overlay\"><\/span><\/a><figcaption class=\"fg-caption\"><div class=\"fg-caption-inner\"><\/div><\/figcaption><\/figure><div class=\"fg-loader\"><\/div><\/div><div class=\"fg-item fg-type-image fg-idle\"><figure class=\"fg-item-inner\"><a href=\"https:\/\/assemblee-nationale.bj\/wp-content\/uploads\/IMG-20250716-WA0060.jpg\" data-attachment-id=\"13650\" class=\"fg-thumb\"><span class=\"fg-image-wrap\"><img decoding=\"async\" width=\"400\" height=\"300\" class=\"skip-lazy fg-image\" data-src-fg=\"https:\/\/assemblee-nationale.bj\/wp-content\/uploads\/cache\/IMG-20250716-WA0060\/1347346684.jpg\" src=\"data:image\/svg+xml,%3Csvg%20xmlns%3D%22http%3A%2F%2Fwww.w3.org%2F2000%2Fsvg%22%20width%3D%22400%22%20height%3D%22300%22%20viewBox%3D%220%200%20400%20300%22%3E%3C%2Fsvg%3E\" loading=\"eager\"><\/span><span class=\"fg-image-overlay\"><\/span><\/a><figcaption class=\"fg-caption\"><div class=\"fg-caption-inner\"><\/div><\/figcaption><\/figure><div class=\"fg-loader\"><\/div><\/div><div class=\"fg-item fg-type-image fg-idle\"><figure class=\"fg-item-inner\"><a href=\"https:\/\/assemblee-nationale.bj\/wp-content\/uploads\/IMG-20250716-WA0061.jpg\" data-attachment-id=\"13651\" class=\"fg-thumb\"><span class=\"fg-image-wrap\"><img decoding=\"async\" width=\"400\" height=\"300\" class=\"skip-lazy fg-image\" data-src-fg=\"https:\/\/assemblee-nationale.bj\/wp-content\/uploads\/cache\/IMG-20250716-WA0061\/3364105210.jpg\" src=\"data:image\/svg+xml,%3Csvg%20xmlns%3D%22http%3A%2F%2Fwww.w3.org%2F2000%2Fsvg%22%20width%3D%22400%22%20height%3D%22300%22%20viewBox%3D%220%200%20400%20300%22%3E%3C%2Fsvg%3E\" loading=\"eager\"><\/span><span class=\"fg-image-overlay\"><\/span><\/a><figcaption class=\"fg-caption\"><div class=\"fg-caption-inner\"><\/div><\/figcaption><\/figure><div class=\"fg-loader\"><\/div><\/div><div class=\"fg-item fg-type-image fg-idle\"><figure class=\"fg-item-inner\"><a href=\"https:\/\/assemblee-nationale.bj\/wp-content\/uploads\/IMG-20250716-WA0062.jpg\" data-attachment-id=\"13652\" class=\"fg-thumb\"><span class=\"fg-image-wrap\"><img decoding=\"async\" width=\"400\" height=\"300\" class=\"skip-lazy fg-image\" data-src-fg=\"https:\/\/assemblee-nationale.bj\/wp-content\/uploads\/cache\/IMG-20250716-WA0062\/3131732145.jpg\" src=\"data:image\/svg+xml,%3Csvg%20xmlns%3D%22http%3A%2F%2Fwww.w3.org%2F2000%2Fsvg%22%20width%3D%22400%22%20height%3D%22300%22%20viewBox%3D%220%200%20400%20300%22%3E%3C%2Fsvg%3E\" loading=\"eager\"><\/span><span class=\"fg-image-overlay\"><\/span><\/a><figcaption class=\"fg-caption\"><div class=\"fg-caption-inner\"><\/div><\/figcaption><\/figure><div class=\"fg-loader\"><\/div><\/div><div class=\"fg-item fg-type-image fg-idle\"><figure class=\"fg-item-inner\"><a href=\"https:\/\/assemblee-nationale.bj\/wp-content\/uploads\/IMG-20250716-WA0063.jpg\" data-attachment-id=\"13653\" class=\"fg-thumb\"><span class=\"fg-image-wrap\"><img decoding=\"async\" width=\"400\" height=\"300\" class=\"skip-lazy fg-image\" data-src-fg=\"https:\/\/assemblee-nationale.bj\/wp-content\/uploads\/cache\/IMG-20250716-WA0063\/576764855.jpg\" src=\"data:image\/svg+xml,%3Csvg%20xmlns%3D%22http%3A%2F%2Fwww.w3.org%2F2000%2Fsvg%22%20width%3D%22400%22%20height%3D%22300%22%20viewBox%3D%220%200%20400%20300%22%3E%3C%2Fsvg%3E\" loading=\"eager\"><\/span><span class=\"fg-image-overlay\"><\/span><\/a><figcaption class=\"fg-caption\"><div class=\"fg-caption-inner\"><\/div><\/figcaption><\/figure><div class=\"fg-loader\"><\/div><\/div><div class=\"fg-item fg-type-image fg-idle\"><figure class=\"fg-item-inner\"><a href=\"https:\/\/assemblee-nationale.bj\/wp-content\/uploads\/IMG-20250716-WA0064.jpg\" data-attachment-id=\"13654\" class=\"fg-thumb\"><span class=\"fg-image-wrap\"><img decoding=\"async\" width=\"400\" height=\"300\" class=\"skip-lazy fg-image\" data-src-fg=\"https:\/\/assemblee-nationale.bj\/wp-content\/uploads\/cache\/IMG-20250716-WA0064\/1593230887.jpg\" src=\"data:image\/svg+xml,%3Csvg%20xmlns%3D%22http%3A%2F%2Fwww.w3.org%2F2000%2Fsvg%22%20width%3D%22400%22%20height%3D%22300%22%20viewBox%3D%220%200%20400%20300%22%3E%3C%2Fsvg%3E\" loading=\"eager\"><\/span><span class=\"fg-image-overlay\"><\/span><\/a><figcaption class=\"fg-caption\"><div class=\"fg-caption-inner\"><\/div><\/figcaption><\/figure><div class=\"fg-loader\"><\/div><\/div><div class=\"fg-item fg-type-image fg-idle\"><figure class=\"fg-item-inner\"><a href=\"https:\/\/assemblee-nationale.bj\/wp-content\/uploads\/IMG-20250716-WA0065.jpg\" data-attachment-id=\"13655\" class=\"fg-thumb\"><span class=\"fg-image-wrap\"><img decoding=\"async\" width=\"400\" height=\"300\" class=\"skip-lazy fg-image\" data-src-fg=\"https:\/\/assemblee-nationale.bj\/wp-content\/uploads\/cache\/IMG-20250716-WA0065\/3325824289.jpg\" src=\"data:image\/svg+xml,%3Csvg%20xmlns%3D%22http%3A%2F%2Fwww.w3.org%2F2000%2Fsvg%22%20width%3D%22400%22%20height%3D%22300%22%20viewBox%3D%220%200%20400%20300%22%3E%3C%2Fsvg%3E\" loading=\"eager\"><\/span><span class=\"fg-image-overlay\"><\/span><\/a><figcaption class=\"fg-caption\"><div class=\"fg-caption-inner\"><\/div><\/figcaption><\/figure><div class=\"fg-loader\"><\/div><\/div><div class=\"fg-item fg-type-image fg-idle\"><figure class=\"fg-item-inner\"><a href=\"https:\/\/assemblee-nationale.bj\/wp-content\/uploads\/IMG-20250716-WA0066.jpg\" data-attachment-id=\"13656\" class=\"fg-thumb\"><span class=\"fg-image-wrap\"><img decoding=\"async\" width=\"400\" height=\"300\" class=\"skip-lazy fg-image\" data-src-fg=\"https:\/\/assemblee-nationale.bj\/wp-content\/uploads\/cache\/IMG-20250716-WA0066\/3021100650.jpg\" src=\"data:image\/svg+xml,%3Csvg%20xmlns%3D%22http%3A%2F%2Fwww.w3.org%2F2000%2Fsvg%22%20width%3D%22400%22%20height%3D%22300%22%20viewBox%3D%220%200%20400%20300%22%3E%3C%2Fsvg%3E\" loading=\"eager\"><\/span><span class=\"fg-image-overlay\"><\/span><\/a><figcaption class=\"fg-caption\"><div class=\"fg-caption-inner\"><\/div><\/figcaption><\/figure><div class=\"fg-loader\"><\/div><\/div><div class=\"fg-item fg-type-image fg-idle\"><figure class=\"fg-item-inner\"><a href=\"https:\/\/assemblee-nationale.bj\/wp-content\/uploads\/IMG-20250716-WA0067.jpg\" data-attachment-id=\"13657\" class=\"fg-thumb\"><span class=\"fg-image-wrap\"><img decoding=\"async\" width=\"400\" height=\"300\" class=\"skip-lazy fg-image\" data-src-fg=\"https:\/\/assemblee-nationale.bj\/wp-content\/uploads\/cache\/IMG-20250716-WA0067\/752393580.jpg\" src=\"data:image\/svg+xml,%3Csvg%20xmlns%3D%22http%3A%2F%2Fwww.w3.org%2F2000%2Fsvg%22%20width%3D%22400%22%20height%3D%22300%22%20viewBox%3D%220%200%20400%20300%22%3E%3C%2Fsvg%3E\" loading=\"eager\"><\/span><span class=\"fg-image-overlay\"><\/span><\/a><figcaption class=\"fg-caption\"><div class=\"fg-caption-inner\"><\/div><\/figcaption><\/figure><div class=\"fg-loader\"><\/div><\/div><div class=\"fg-item fg-type-image fg-idle\"><figure class=\"fg-item-inner\"><a href=\"https:\/\/assemblee-nationale.bj\/wp-content\/uploads\/IMG-20250716-WA0068.jpg\" data-attachment-id=\"13658\" class=\"fg-thumb\"><span class=\"fg-image-wrap\"><img decoding=\"async\" width=\"400\" height=\"300\" class=\"skip-lazy fg-image\" data-src-fg=\"https:\/\/assemblee-nationale.bj\/wp-content\/uploads\/cache\/IMG-20250716-WA0068\/1295953226.jpg\" src=\"data:image\/svg+xml,%3Csvg%20xmlns%3D%22http%3A%2F%2Fwww.w3.org%2F2000%2Fsvg%22%20width%3D%22400%22%20height%3D%22300%22%20viewBox%3D%220%200%20400%20300%22%3E%3C%2Fsvg%3E\" loading=\"eager\"><\/span><span class=\"fg-image-overlay\"><\/span><\/a><figcaption class=\"fg-caption\"><div class=\"fg-caption-inner\"><\/div><\/figcaption><\/figure><div class=\"fg-loader\"><\/div><\/div><div class=\"fg-item fg-type-image fg-idle\"><figure class=\"fg-item-inner\"><a href=\"https:\/\/assemblee-nationale.bj\/wp-content\/uploads\/IMG-20250716-WA0069.jpg\" data-attachment-id=\"13659\" class=\"fg-thumb\"><span class=\"fg-image-wrap\"><img decoding=\"async\" width=\"400\" height=\"300\" class=\"skip-lazy fg-image\" data-src-fg=\"https:\/\/assemblee-nationale.bj\/wp-content\/uploads\/cache\/IMG-20250716-WA0069\/3589563980.jpg\" src=\"data:image\/svg+xml,%3Csvg%20xmlns%3D%22http%3A%2F%2Fwww.w3.org%2F2000%2Fsvg%22%20width%3D%22400%22%20height%3D%22300%22%20viewBox%3D%220%200%20400%20300%22%3E%3C%2Fsvg%3E\" loading=\"eager\"><\/span><span class=\"fg-image-overlay\"><\/span><\/a><figcaption class=\"fg-caption\"><div class=\"fg-caption-inner\"><\/div><\/figcaption><\/figure><div class=\"fg-loader\"><\/div><\/div><div class=\"fg-item fg-type-image fg-idle\"><figure class=\"fg-item-inner\"><a href=\"https:\/\/assemblee-nationale.bj\/wp-content\/uploads\/IMG-20250716-WA0070.jpg\" data-attachment-id=\"13660\" class=\"fg-thumb\"><span class=\"fg-image-wrap\"><img decoding=\"async\" width=\"400\" height=\"300\" class=\"skip-lazy fg-image\" data-src-fg=\"https:\/\/assemblee-nationale.bj\/wp-content\/uploads\/cache\/IMG-20250716-WA0070\/2680454713.jpg\" src=\"data:image\/svg+xml,%3Csvg%20xmlns%3D%22http%3A%2F%2Fwww.w3.org%2F2000%2Fsvg%22%20width%3D%22400%22%20height%3D%22300%22%20viewBox%3D%220%200%20400%20300%22%3E%3C%2Fsvg%3E\" loading=\"eager\"><\/span><span class=\"fg-image-overlay\"><\/span><\/a><figcaption class=\"fg-caption\"><div class=\"fg-caption-inner\"><\/div><\/figcaption><\/figure><div class=\"fg-loader\"><\/div><\/div><div class=\"fg-item fg-type-image fg-idle\"><figure class=\"fg-item-inner\"><a href=\"https:\/\/assemblee-nationale.bj\/wp-content\/uploads\/IMG-20250716-WA0071.jpg\" data-attachment-id=\"13661\" class=\"fg-thumb\"><span class=\"fg-image-wrap\"><img decoding=\"async\" width=\"400\" height=\"300\" class=\"skip-lazy fg-image\" data-src-fg=\"https:\/\/assemblee-nationale.bj\/wp-content\/uploads\/cache\/IMG-20250716-WA0071\/118404415.jpg\" src=\"data:image\/svg+xml,%3Csvg%20xmlns%3D%22http%3A%2F%2Fwww.w3.org%2F2000%2Fsvg%22%20width%3D%22400%22%20height%3D%22300%22%20viewBox%3D%220%200%20400%20300%22%3E%3C%2Fsvg%3E\" loading=\"eager\"><\/span><span class=\"fg-image-overlay\"><\/span><\/a><figcaption class=\"fg-caption\"><div class=\"fg-caption-inner\"><\/div><\/figcaption><\/figure><div class=\"fg-loader\"><\/div><\/div><div class=\"fg-item fg-type-image fg-idle\"><figure class=\"fg-item-inner\"><a href=\"https:\/\/assemblee-nationale.bj\/wp-content\/uploads\/IMG-20250716-WA0072.jpg\" data-attachment-id=\"13662\" class=\"fg-thumb\"><span class=\"fg-image-wrap\"><img decoding=\"async\" width=\"400\" height=\"300\" class=\"skip-lazy fg-image\" data-src-fg=\"https:\/\/assemblee-nationale.bj\/wp-content\/uploads\/cache\/IMG-20250716-WA0072\/1965092468.jpg\" src=\"data:image\/svg+xml,%3Csvg%20xmlns%3D%22http%3A%2F%2Fwww.w3.org%2F2000%2Fsvg%22%20width%3D%22400%22%20height%3D%22300%22%20viewBox%3D%220%200%20400%20300%22%3E%3C%2Fsvg%3E\" loading=\"eager\"><\/span><span class=\"fg-image-overlay\"><\/span><\/a><figcaption class=\"fg-caption\"><div class=\"fg-caption-inner\"><\/div><\/figcaption><\/figure><div class=\"fg-loader\"><\/div><\/div><div class=\"fg-item fg-type-image fg-idle\"><figure class=\"fg-item-inner\"><a href=\"https:\/\/assemblee-nationale.bj\/wp-content\/uploads\/IMG-20250716-WA0073.jpg\" data-attachment-id=\"13663\" class=\"fg-thumb\"><span class=\"fg-image-wrap\"><img decoding=\"async\" width=\"400\" height=\"300\" class=\"skip-lazy fg-image\" data-src-fg=\"https:\/\/assemblee-nationale.bj\/wp-content\/uploads\/cache\/IMG-20250716-WA0073\/3991545202.jpg\" src=\"data:image\/svg+xml,%3Csvg%20xmlns%3D%22http%3A%2F%2Fwww.w3.org%2F2000%2Fsvg%22%20width%3D%22400%22%20height%3D%22300%22%20viewBox%3D%220%200%20400%20300%22%3E%3C%2Fsvg%3E\" loading=\"eager\"><\/span><span class=\"fg-image-overlay\"><\/span><\/a><figcaption class=\"fg-caption\"><div class=\"fg-caption-inner\"><\/div><\/figcaption><\/figure><div class=\"fg-loader\"><\/div><\/div><div class=\"fg-item fg-type-image fg-idle\"><figure class=\"fg-item-inner\"><a href=\"https:\/\/assemblee-nationale.bj\/wp-content\/uploads\/IMG-20250716-WA0074.jpg\" data-attachment-id=\"13664\" class=\"fg-thumb\"><span class=\"fg-image-wrap\"><img decoding=\"async\" width=\"400\" height=\"300\" class=\"skip-lazy fg-image\" data-src-fg=\"https:\/\/assemblee-nationale.bj\/wp-content\/uploads\/cache\/IMG-20250716-WA0074\/2440845538.jpg\" src=\"data:image\/svg+xml,%3Csvg%20xmlns%3D%22http%3A%2F%2Fwww.w3.org%2F2000%2Fsvg%22%20width%3D%22400%22%20height%3D%22300%22%20viewBox%3D%220%200%20400%20300%22%3E%3C%2Fsvg%3E\" loading=\"eager\"><\/span><span class=\"fg-image-overlay\"><\/span><\/a><figcaption class=\"fg-caption\"><div class=\"fg-caption-inner\"><\/div><\/figcaption><\/figure><div class=\"fg-loader\"><\/div><\/div><div class=\"fg-item fg-type-image fg-idle\"><figure class=\"fg-item-inner\"><a href=\"https:\/\/assemblee-nationale.bj\/wp-content\/uploads\/IMG-20250716-WA0075.jpg\" data-attachment-id=\"13665\" class=\"fg-thumb\"><span class=\"fg-image-wrap\"><img decoding=\"async\" width=\"400\" height=\"300\" class=\"skip-lazy fg-image\" data-src-fg=\"https:\/\/assemblee-nationale.bj\/wp-content\/uploads\/cache\/IMG-20250716-WA0075\/162960356.jpg\" src=\"data:image\/svg+xml,%3Csvg%20xmlns%3D%22http%3A%2F%2Fwww.w3.org%2F2000%2Fsvg%22%20width%3D%22400%22%20height%3D%22300%22%20viewBox%3D%220%200%20400%20300%22%3E%3C%2Fsvg%3E\" loading=\"eager\"><\/span><span class=\"fg-image-overlay\"><\/span><\/a><figcaption class=\"fg-caption\"><div class=\"fg-caption-inner\"><\/div><\/figcaption><\/figure><div class=\"fg-loader\"><\/div><\/div>\t<\/div>\r\n\t<div class=\"fg-carousel-bottom\"><\/div>\r\n\t<div class=\"fg-carousel-progress\"><\/div>\r\n\t<button type=\"button\" class=\"fg-carousel-next\"><\/button>\r\n<\/div>\n<p>&nbsp;<\/p>\n<p>Du 15 au 18 juillet 2025, l&rsquo;h\u00f4tel Amazone de Bohicon accueille la premi\u00e8re vague de l\u2019atelier de renforcement des capacit\u00e9s des cadres, initi\u00e9 dans le cadre de la mission pour la r\u00e9alisation de la cartographie et du plan de gestion des risques de l&rsquo;Assembl\u00e9e nationale. La c\u00e9r\u00e9monie d\u2019ouverture de cet atelier, organis\u00e9 par la Cellule d&rsquo;Audit Interne (CAI) de l\u2019Assembl\u00e9e nationale sur fonds propres de l\u2019institution avec l\u2019appui technique de l\u2019Inspection G\u00e9n\u00e9rale des Finances (IGF), est pr\u00e9sid\u00e9e par Mathieu AHOUANSOU, Directeur de cabinet, au nom du Pr\u00e9sident Louis Gb\u00e8hounou VLAVONOU.<\/p>\n<p>       La mise en place d&rsquo;une cartographie des risques est plus que n\u00e9cessaire, surtout avec les r\u00e9formes engag\u00e9es depuis la 8\u1d49 l\u00e9gislature pour hisser le Parlement au rang des meilleurs parlements au monde. C\u2019est pour r\u00e9aliser cet outil, qui constitue \u00e9galement une boussole pour elle, que la Cellule d\u2019Audit Interne de l\u2019Assembl\u00e9e nationale a organis\u00e9 cette mission. La premi\u00e8re partie est l\u2019organisation d\u2019un atelier de renforcement des capacit\u00e9s pour prendre en compte tous les acteurs concern\u00e9s, et la seconde partie est consacr\u00e9e \u00e0 la phase des travaux d\u2019\u00e9laboration.<\/p>\n<p>       De fa\u00e7on globale, cette mission vise \u00e0 \u00e9laborer la cartographie des risques, le plan de mitigation et le plan strat\u00e9gique d\u2019audit interne de l\u2019administration parlementaire. De fa\u00e7on sp\u00e9cifique, il s\u2019agit de : former les acteurs impliqu\u00e9s (parties prenantes) aux concepts fondamentaux, \u00e0 la m\u00e9thodologie et aux outils d\u2019\u00e9laboration de la cartographie des risques et du plan de ma\u00eetrise des risques ; identifier de fa\u00e7on approfondie, \u00e0 partir de sources \u00e0 la fois internes et externes, les risques pouvant emp\u00eacher l\u2019Assembl\u00e9e nationale d\u2019atteindre ses objectifs ; \u00e9laborer la cartographie des risques de l\u2019administration parlementaire ; \u00e9laborer le plan de mitigation ou d\u2019actions pour la ma\u00eetrise des risques identifi\u00e9s ; \u00e9laborer le plan strat\u00e9gique d\u2019audit interne suite \u00e0 l\u2019\u00e9valuation des risques.<\/p>\n<p>       Dans son mot de bienvenue, C\u00e9lestin HOSSOU, Directeur de la Cellule d\u2019Audit Interne, a exprim\u00e9 sa gratitude au Pr\u00e9sident Louis Gb\u00e8hounou VLAVONOU pour son appui constant et significatif \u00e0 la fonction d\u2019audit interne au sein de l\u2019institution parlementaire. Gr\u00e2ce \u00e0 son engagement, a-t-il poursuivi, cette fonction essentielle a gagn\u00e9 en cr\u00e9dibilit\u00e9 et en port\u00e9e, contribuant ainsi au renforcement de la bonne gouvernance et \u00e0 l\u2019am\u00e9lioration continue des performances. Ses remerciements sont \u00e9galement all\u00e9s \u00e0 l\u2019endroit du Ministre d\u2019\u00c9tat charg\u00e9 des Finances, pour avoir autoris\u00e9 l\u2019Inspecteur G\u00e9n\u00e9ral des Finances et son adjoint \u00e0 appuyer la CAI dans cet atelier. Enfin, il a remerci\u00e9 les participants pour leur pr\u00e9sence et leur engagement.<br \/>\nPour entrer dans le vif du sujet, il a laiss\u00e9 entendre que la cartographie des risques est bien plus qu\u2019un simple outil technique. \u00ab Elle est un instrument fondamental de pilotage, qui permet d\u2019identifier, d\u2019\u00e9valuer et de prioriser les risques susceptibles d\u2019affecter la r\u00e9alisation des objectifs de notre institution parlementaire \u00bb, a ajout\u00e9 C\u00e9lestin HOSSOU, avant d\u2019informer que le Pr\u00e9sident Louis Gb\u00e8hounou VLAVONOU compte sur cet outil tr\u00e8s important.<\/p>\n<p>Un outil technique de gouvernance<\/p>\n<p>       Pour sa part, Mathieu AHOUANSOU, Directeur de cabinet du Pr\u00e9sident de l\u2019Assembl\u00e9e nationale, a insist\u00e9 sur le fait que cet atelier s\u2019inscrit dans le cadre des r\u00e9formes engag\u00e9es par le Pr\u00e9sident VLAVONOU depuis la 8\u1d49 l\u00e9gislature. Poursuivant ses propos, il a salu\u00e9 le Pr\u00e9sident Louis Gb\u00e8hounou VLAVONOU pour sa vision, et en a profit\u00e9 pour r\u00e9affirmer l\u2019engagement de l\u2019autorit\u00e9 parlementaire \u00e0 soutenir toutes les initiatives concourant \u00e0 faire du Parlement une institution moderne.<br \/>\n\u00c0 son tour, il est revenu sur l\u2019importance de cet outil : \u00ab La cartographie des risques et son plan de gestion qui en d\u00e9coule sont le fruit d\u2019une d\u00e9marche rigoureuse, structur\u00e9e et participative. Ils permettent non seulement d\u2019identifier et d\u2019\u00e9valuer les risques, mais aussi de prioriser les r\u00e9ponses \u00e0 leur apporter. Gr\u00e2ce \u00e0 cet outil, notre Parlement gagnera en r\u00e9activit\u00e9, en r\u00e9silience et en cr\u00e9dibilit\u00e9. C\u2019est \u00e9galement un excellent moyen de guider nos choix, d\u2019optimiser nos ressources et de garantir une am\u00e9lioration continue dans la qualit\u00e9 des services rendus \u00bb, a-t-il mentionn\u00e9. C\u2019est pourquoi il a invit\u00e9 les participants \u00e0 suivre avec attention les diff\u00e9rents modules de formation.<\/p>\n<p>      Faut-il le rappeler, pendant ces quatre jours, il y a eu six communications, notamment :<br \/>\nCommunication n\u00b01 : \u00ab Le management des risques : concepts \u00bb ;<br \/>\nCommunication n\u00b02 : \u00ab Le contr\u00f4le interne et le management des risques \u00bb ;<br \/>\nCommunication n\u00b03 : \u00ab La cartographie des risques : objectifs et d\u00e9marche \u00bb ;<br \/>\nCommunication n\u00b04 : \u00ab D\u00e9marche : identification et \u00e9valuation des risques bruts et inh\u00e9rents \u00bb ;<br \/>\nCommunication n\u00b05 : \u00ab D\u00e9marche : \u00e9valuation du contr\u00f4le interne et du risque r\u00e9siduel \u00bb ;<br \/>\nCommunication n\u00b06 : \u00ab D\u00e9marche : plan de mitigation ou de management des risques et communication des r\u00e9sultats \u00bb.<\/p>\n<p>Hermann OBINTI<\/p>\n<\/div>\n\t\t<\/div><\/div><\/div><div id=\"pgc-13648-1-2\"  class=\"panel-grid-cell panel-grid-cell-empty\" ><\/div><\/div><\/div>","protected":false},"excerpt":{"rendered":"<p>Du 15 au 18 juillet 2025, l&rsquo;h\u00f4tel Amazone de Bohicon accueille la premi\u00e8re vague de l\u2019atelier de renforcement des capacit\u00e9s des cadres, initi\u00e9 dans le cadre de la mission pour la r\u00e9alisation de la cartographie et du plan de gestion des risques de l&rsquo;Assembl\u00e9e nationale. La c\u00e9r\u00e9monie d\u2019ouverture de cet atelier, organis\u00e9 par la Cellule d&rsquo;Audit Interne (CAI) de l\u2019Assembl\u00e9e nationale sur fonds propres de l\u2019institution avec l\u2019appui technique de l\u2019Inspection G\u00e9n\u00e9rale des Finances (IGF), est pr\u00e9sid\u00e9e par Mathieu AHOUANSOU, Directeur de cabinet, au nom du Pr\u00e9sident Louis Gb\u00e8hounou VLAVONOU.<\/p>\n<p>       La mise en place d&rsquo;une cartographie des risques est plus que n\u00e9cessaire, surtout avec les r\u00e9formes engag\u00e9es depuis la 8\u1d49 l\u00e9gislature pour hisser le Parlement au rang des meilleurs parlements au monde. C\u2019est pour r\u00e9aliser cet outil, qui constitue \u00e9galement une boussole pour elle, que la Cellule d\u2019Audit Interne de l\u2019Assembl\u00e9e nationale a organis\u00e9 cette mission. La premi\u00e8re partie est l\u2019organisation d\u2019un atelier de renforcement des capacit\u00e9s pour prendre en compte tous les acteurs concern\u00e9s, et la seconde partie est consacr\u00e9e \u00e0 la phase des travaux d\u2019\u00e9laboration.<\/p>\n<p>       De fa\u00e7on globale, cette mission vise \u00e0 \u00e9laborer la cartographie des risques, le plan de mitigation et le plan strat\u00e9gique d\u2019audit interne de l\u2019administration parlementaire.<\/p>\n","protected":false},"author":15,"featured_media":13666,"comment_status":"closed","ping_status":"open","sticky":false,"template":"","format":"standard","meta":{"footnotes":""},"categories":[29],"tags":[],"class_list":["post-13648","post","type-post","status-publish","format-standard","has-post-thumbnail","hentry","category-actualites"],"_links":{"self":[{"href":"https:\/\/assemblee-nationale.bj\/index.php\/wp-json\/wp\/v2\/posts\/13648","targetHints":{"allow":["GET"]}}],"collection":[{"href":"https:\/\/assemblee-nationale.bj\/index.php\/wp-json\/wp\/v2\/posts"}],"about":[{"href":"https:\/\/assemblee-nationale.bj\/index.php\/wp-json\/wp\/v2\/types\/post"}],"author":[{"embeddable":true,"href":"https:\/\/assemblee-nationale.bj\/index.php\/wp-json\/wp\/v2\/users\/15"}],"replies":[{"embeddable":true,"href":"https:\/\/assemblee-nationale.bj\/index.php\/wp-json\/wp\/v2\/comments?post=13648"}],"version-history":[{"count":1,"href":"https:\/\/assemblee-nationale.bj\/index.php\/wp-json\/wp\/v2\/posts\/13648\/revisions"}],"predecessor-version":[{"id":13667,"href":"https:\/\/assemblee-nationale.bj\/index.php\/wp-json\/wp\/v2\/posts\/13648\/revisions\/13667"}],"wp:featuredmedia":[{"embeddable":true,"href":"https:\/\/assemblee-nationale.bj\/index.php\/wp-json\/wp\/v2\/media\/13666"}],"wp:attachment":[{"href":"https:\/\/assemblee-nationale.bj\/index.php\/wp-json\/wp\/v2\/media?parent=13648"}],"wp:term":[{"taxonomy":"category","embeddable":true,"href":"https:\/\/assemblee-nationale.bj\/index.php\/wp-json\/wp\/v2\/categories?post=13648"},{"taxonomy":"post_tag","embeddable":true,"href":"https:\/\/assemblee-nationale.bj\/index.php\/wp-json\/wp\/v2\/tags?post=13648"}],"curies":[{"name":"wp","href":"https:\/\/api.w.org\/{rel}","templated":true}]}}