
{"id":15231,"date":"2025-12-20T08:18:04","date_gmt":"2025-12-20T07:18:04","guid":{"rendered":"https:\/\/assemblee-nationale.bj\/?p=15231"},"modified":"2025-12-20T22:22:48","modified_gmt":"2025-12-20T21:22:48","slug":"seminaire-parlementaire-a-ketou-lipab-en-atelier-de-preparation-strategique-de-2026","status":"publish","type":"post","link":"https:\/\/assemblee-nationale.bj\/index.php\/2025\/12\/20\/seminaire-parlementaire-a-ketou-lipab-en-atelier-de-preparation-strategique-de-2026\/","title":{"rendered":"S\u00e9minaire parlementaire \u00e0 K\u00e9tou : L&rsquo;IPaB en atelier de pr\u00e9paration strat\u00e9gique de 2026"},"content":{"rendered":"<div id=\"pl-15231\"  class=\"panel-layout\" ><div id=\"pg-15231-0\"  class=\"panel-grid panel-no-style\" ><div id=\"pgc-15231-0-0\"  class=\"panel-grid-cell\" ><div id=\"panel-15231-0-0-0\" class=\"so-panel widget widget_text panel-first-child\" data-index=\"0\" ><div class=\"panel-widget-style panel-widget-style-for-15231-0-0-0\" >\t\t\t<div class=\"textwidget\"><p><strong> S\u00e9minaire parlementaire \u00e0 K\u00e9tou : L&rsquo;IPaB en atelier de pr\u00e9paration strat\u00e9gique de 2026  <\/strong><\/p>\n<p style=\"text-align: justify; line-height: 150%; background: white; margin: 0cm 0cm 4.5pt 0cm;\"><span style=\"color: #1c1e21;\"><strong><br \/>\n<\/strong> <\/span><\/p>\n<p><strong>\u00a0<\/strong><\/p>\n<\/div>\n\t\t<\/div><\/div><div id=\"panel-15231-0-0-1\" class=\"so-panel widget widget_text panel-last-child\" data-index=\"1\" ><div class=\"panel-widget-style panel-widget-style-for-15231-0-0-1\" >\t\t\t<div class=\"textwidget\"><p><div class=\"foogallery foogallery-container foogallery-carousel foogallery-lightbox-foobox fg-carousel fg-light fg-border-thin fg-shadow-outline fg-loading-default fg-loaded-fade-in fg-caption-hover fg-hover-fade fg-hover-zoom fg-ready\" id=\"foogallery-gallery-15230\" data-foogallery=\"{&quot;item&quot;:{&quot;showCaptionTitle&quot;:true,&quot;showCaptionDescription&quot;:true},&quot;lazy&quot;:true,&quot;template&quot;:{&quot;maxItems&quot;:5,&quot;scale&quot;:0.18,&quot;gutter&quot;:{&quot;min&quot;:-40,&quot;max&quot;:-40,&quot;unit&quot;:&quot;%&quot;},&quot;autoplay&quot;:{&quot;time&quot;:0,&quot;interaction&quot;:&quot;pause&quot;},&quot;centerOnClick&quot;:false}}\" >\r\n\t<button type=\"button\" class=\"fg-carousel-prev\"><\/button>\r\n\t<div class=\"fg-carousel-inner\">\r\n\t\t<div class=\"fg-carousel-center\"><\/div>\r\n\t\t<div class=\"fg-item fg-type-image fg-idle\"><figure class=\"fg-item-inner\"><a href=\"https:\/\/assemblee-nationale.bj\/wp-content\/uploads\/WhatsApp-Image-2025-12-20-at-21.13.41-1.jpeg\" data-attachment-id=\"15232\" class=\"fg-thumb\"><span class=\"fg-image-wrap\"><img fetchpriority=\"high\" decoding=\"async\" width=\"400\" height=\"300\" class=\"skip-lazy fg-image\" data-src-fg=\"https:\/\/assemblee-nationale.bj\/wp-content\/uploads\/cache\/WhatsApp-Image-2025-12-20-at-21_13_41-1\/775440347.jpeg\" src=\"data:image\/svg+xml,%3Csvg%20xmlns%3D%22http%3A%2F%2Fwww.w3.org%2F2000%2Fsvg%22%20width%3D%22400%22%20height%3D%22300%22%20viewBox%3D%220%200%20400%20300%22%3E%3C%2Fsvg%3E\" loading=\"eager\"><\/span><span class=\"fg-image-overlay\"><\/span><\/a><figcaption class=\"fg-caption\"><div class=\"fg-caption-inner\"><\/div><\/figcaption><\/figure><div class=\"fg-loader\"><\/div><\/div><div class=\"fg-item fg-type-image fg-idle\"><figure class=\"fg-item-inner\"><a href=\"https:\/\/assemblee-nationale.bj\/wp-content\/uploads\/WhatsApp-Image-2025-12-20-at-21.13.41-2.jpeg\" data-attachment-id=\"15233\" class=\"fg-thumb\"><span class=\"fg-image-wrap\"><img decoding=\"async\" width=\"400\" height=\"300\" class=\"skip-lazy fg-image\" data-src-fg=\"https:\/\/assemblee-nationale.bj\/wp-content\/uploads\/cache\/WhatsApp-Image-2025-12-20-at-21_13_41-2\/4097997752.jpeg\" src=\"data:image\/svg+xml,%3Csvg%20xmlns%3D%22http%3A%2F%2Fwww.w3.org%2F2000%2Fsvg%22%20width%3D%22400%22%20height%3D%22300%22%20viewBox%3D%220%200%20400%20300%22%3E%3C%2Fsvg%3E\" loading=\"eager\"><\/span><span class=\"fg-image-overlay\"><\/span><\/a><figcaption class=\"fg-caption\"><div class=\"fg-caption-inner\"><\/div><\/figcaption><\/figure><div class=\"fg-loader\"><\/div><\/div><div class=\"fg-item fg-type-image fg-idle\"><figure class=\"fg-item-inner\"><a href=\"https:\/\/assemblee-nationale.bj\/wp-content\/uploads\/WhatsApp-Image-2025-12-20-at-21.13.41.jpeg\" data-attachment-id=\"15234\" class=\"fg-thumb\"><span class=\"fg-image-wrap\"><img decoding=\"async\" width=\"400\" height=\"300\" class=\"skip-lazy fg-image\" data-src-fg=\"https:\/\/assemblee-nationale.bj\/wp-content\/uploads\/cache\/WhatsApp-Image-2025-12-20-at-21_13_41\/3489034798.jpeg\" src=\"data:image\/svg+xml,%3Csvg%20xmlns%3D%22http%3A%2F%2Fwww.w3.org%2F2000%2Fsvg%22%20width%3D%22400%22%20height%3D%22300%22%20viewBox%3D%220%200%20400%20300%22%3E%3C%2Fsvg%3E\" loading=\"eager\"><\/span><span class=\"fg-image-overlay\"><\/span><\/a><figcaption class=\"fg-caption\"><div class=\"fg-caption-inner\"><\/div><\/figcaption><\/figure><div class=\"fg-loader\"><\/div><\/div><div class=\"fg-item fg-type-image fg-idle\"><figure class=\"fg-item-inner\"><a href=\"https:\/\/assemblee-nationale.bj\/wp-content\/uploads\/WhatsApp-Image-2025-12-20-at-21.13.42-1.jpeg\" data-attachment-id=\"15235\" class=\"fg-thumb\"><span class=\"fg-image-wrap\"><img decoding=\"async\" width=\"400\" height=\"300\" class=\"skip-lazy fg-image\" data-src-fg=\"https:\/\/assemblee-nationale.bj\/wp-content\/uploads\/cache\/WhatsApp-Image-2025-12-20-at-21_13_42-1\/1339812933.jpeg\" src=\"data:image\/svg+xml,%3Csvg%20xmlns%3D%22http%3A%2F%2Fwww.w3.org%2F2000%2Fsvg%22%20width%3D%22400%22%20height%3D%22300%22%20viewBox%3D%220%200%20400%20300%22%3E%3C%2Fsvg%3E\" loading=\"eager\"><\/span><span class=\"fg-image-overlay\"><\/span><\/a><figcaption class=\"fg-caption\"><div class=\"fg-caption-inner\"><\/div><\/figcaption><\/figure><div class=\"fg-loader\"><\/div><\/div><div class=\"fg-item fg-type-image fg-idle\"><figure class=\"fg-item-inner\"><a href=\"https:\/\/assemblee-nationale.bj\/wp-content\/uploads\/WhatsApp-Image-2025-12-20-at-21.13.42-2.jpeg\" data-attachment-id=\"15236\" class=\"fg-thumb\"><span class=\"fg-image-wrap\"><img decoding=\"async\" width=\"400\" height=\"300\" class=\"skip-lazy fg-image\" data-src-fg=\"https:\/\/assemblee-nationale.bj\/wp-content\/uploads\/cache\/WhatsApp-Image-2025-12-20-at-21_13_42-2\/2517972284.jpeg\" src=\"data:image\/svg+xml,%3Csvg%20xmlns%3D%22http%3A%2F%2Fwww.w3.org%2F2000%2Fsvg%22%20width%3D%22400%22%20height%3D%22300%22%20viewBox%3D%220%200%20400%20300%22%3E%3C%2Fsvg%3E\" loading=\"eager\"><\/span><span class=\"fg-image-overlay\"><\/span><\/a><figcaption class=\"fg-caption\"><div class=\"fg-caption-inner\"><\/div><\/figcaption><\/figure><div class=\"fg-loader\"><\/div><\/div><div class=\"fg-item fg-type-image fg-idle\"><figure class=\"fg-item-inner\"><a href=\"https:\/\/assemblee-nationale.bj\/wp-content\/uploads\/WhatsApp-Image-2025-12-20-at-21.13.42.jpeg\" data-attachment-id=\"15237\" class=\"fg-thumb\"><span class=\"fg-image-wrap\"><img decoding=\"async\" width=\"400\" height=\"300\" class=\"skip-lazy fg-image\" data-src-fg=\"https:\/\/assemblee-nationale.bj\/wp-content\/uploads\/cache\/WhatsApp-Image-2025-12-20-at-21_13_42\/4084320929.jpeg\" src=\"data:image\/svg+xml,%3Csvg%20xmlns%3D%22http%3A%2F%2Fwww.w3.org%2F2000%2Fsvg%22%20width%3D%22400%22%20height%3D%22300%22%20viewBox%3D%220%200%20400%20300%22%3E%3C%2Fsvg%3E\" loading=\"eager\"><\/span><span class=\"fg-image-overlay\"><\/span><\/a><figcaption class=\"fg-caption\"><div class=\"fg-caption-inner\"><\/div><\/figcaption><\/figure><div class=\"fg-loader\"><\/div><\/div><div class=\"fg-item fg-type-image fg-idle\"><figure class=\"fg-item-inner\"><a href=\"https:\/\/assemblee-nationale.bj\/wp-content\/uploads\/WhatsApp-Image-2025-12-20-at-21.13.43-1.jpeg\" data-attachment-id=\"15238\" class=\"fg-thumb\"><span class=\"fg-image-wrap\"><img decoding=\"async\" width=\"400\" height=\"300\" class=\"skip-lazy fg-image\" data-src-fg=\"https:\/\/assemblee-nationale.bj\/wp-content\/uploads\/cache\/WhatsApp-Image-2025-12-20-at-21_13_43-1\/3866752355.jpeg\" src=\"data:image\/svg+xml,%3Csvg%20xmlns%3D%22http%3A%2F%2Fwww.w3.org%2F2000%2Fsvg%22%20width%3D%22400%22%20height%3D%22300%22%20viewBox%3D%220%200%20400%20300%22%3E%3C%2Fsvg%3E\" loading=\"eager\"><\/span><span class=\"fg-image-overlay\"><\/span><\/a><figcaption class=\"fg-caption\"><div class=\"fg-caption-inner\"><\/div><\/figcaption><\/figure><div class=\"fg-loader\"><\/div><\/div><div class=\"fg-item fg-type-image fg-idle\"><figure class=\"fg-item-inner\"><a href=\"https:\/\/assemblee-nationale.bj\/wp-content\/uploads\/WhatsApp-Image-2025-12-20-at-21.13.43-2.jpeg\" data-attachment-id=\"15239\" class=\"fg-thumb\"><span class=\"fg-image-wrap\"><img decoding=\"async\" width=\"400\" height=\"300\" class=\"skip-lazy fg-image\" data-src-fg=\"https:\/\/assemblee-nationale.bj\/wp-content\/uploads\/cache\/WhatsApp-Image-2025-12-20-at-21_13_43-2\/2150995250.jpeg\" src=\"data:image\/svg+xml,%3Csvg%20xmlns%3D%22http%3A%2F%2Fwww.w3.org%2F2000%2Fsvg%22%20width%3D%22400%22%20height%3D%22300%22%20viewBox%3D%220%200%20400%20300%22%3E%3C%2Fsvg%3E\" loading=\"eager\"><\/span><span class=\"fg-image-overlay\"><\/span><\/a><figcaption class=\"fg-caption\"><div class=\"fg-caption-inner\"><\/div><\/figcaption><\/figure><div class=\"fg-loader\"><\/div><\/div><div class=\"fg-item fg-type-image fg-idle\"><figure class=\"fg-item-inner\"><a href=\"https:\/\/assemblee-nationale.bj\/wp-content\/uploads\/WhatsApp-Image-2025-12-20-at-21.13.43.jpeg\" data-attachment-id=\"15240\" class=\"fg-thumb\"><span class=\"fg-image-wrap\"><img decoding=\"async\" width=\"400\" height=\"300\" class=\"skip-lazy fg-image\" data-src-fg=\"https:\/\/assemblee-nationale.bj\/wp-content\/uploads\/cache\/WhatsApp-Image-2025-12-20-at-21_13_43\/1752533475.jpeg\" src=\"data:image\/svg+xml,%3Csvg%20xmlns%3D%22http%3A%2F%2Fwww.w3.org%2F2000%2Fsvg%22%20width%3D%22400%22%20height%3D%22300%22%20viewBox%3D%220%200%20400%20300%22%3E%3C%2Fsvg%3E\" loading=\"eager\"><\/span><span class=\"fg-image-overlay\"><\/span><\/a><figcaption class=\"fg-caption\"><div class=\"fg-caption-inner\"><\/div><\/figcaption><\/figure><div class=\"fg-loader\"><\/div><\/div><div class=\"fg-item fg-type-image fg-idle\"><figure class=\"fg-item-inner\"><a href=\"https:\/\/assemblee-nationale.bj\/wp-content\/uploads\/WhatsApp-Image-2025-12-20-at-21.13.44-1.jpeg\" data-attachment-id=\"15241\" class=\"fg-thumb\"><span class=\"fg-image-wrap\"><img decoding=\"async\" width=\"400\" height=\"300\" class=\"skip-lazy fg-image\" data-src-fg=\"https:\/\/assemblee-nationale.bj\/wp-content\/uploads\/cache\/WhatsApp-Image-2025-12-20-at-21_13_44-1\/2872687315.jpeg\" src=\"data:image\/svg+xml,%3Csvg%20xmlns%3D%22http%3A%2F%2Fwww.w3.org%2F2000%2Fsvg%22%20width%3D%22400%22%20height%3D%22300%22%20viewBox%3D%220%200%20400%20300%22%3E%3C%2Fsvg%3E\" loading=\"eager\"><\/span><span class=\"fg-image-overlay\"><\/span><\/a><figcaption class=\"fg-caption\"><div class=\"fg-caption-inner\"><\/div><\/figcaption><\/figure><div class=\"fg-loader\"><\/div><\/div><div class=\"fg-item fg-type-image fg-idle\"><figure class=\"fg-item-inner\"><a href=\"https:\/\/assemblee-nationale.bj\/wp-content\/uploads\/WhatsApp-Image-2025-12-20-at-21.13.44-2.jpeg\" data-attachment-id=\"15242\" class=\"fg-thumb\"><span class=\"fg-image-wrap\"><img decoding=\"async\" width=\"400\" height=\"300\" class=\"skip-lazy fg-image\" data-src-fg=\"https:\/\/assemblee-nationale.bj\/wp-content\/uploads\/cache\/WhatsApp-Image-2025-12-20-at-21_13_44-2\/1928815530.jpeg\" src=\"data:image\/svg+xml,%3Csvg%20xmlns%3D%22http%3A%2F%2Fwww.w3.org%2F2000%2Fsvg%22%20width%3D%22400%22%20height%3D%22300%22%20viewBox%3D%220%200%20400%20300%22%3E%3C%2Fsvg%3E\" loading=\"eager\"><\/span><span class=\"fg-image-overlay\"><\/span><\/a><figcaption class=\"fg-caption\"><div class=\"fg-caption-inner\"><\/div><\/figcaption><\/figure><div class=\"fg-loader\"><\/div><\/div><div class=\"fg-item fg-type-image fg-idle\"><figure class=\"fg-item-inner\"><a href=\"https:\/\/assemblee-nationale.bj\/wp-content\/uploads\/WhatsApp-Image-2025-12-20-at-21.13.44.jpeg\" data-attachment-id=\"15243\" class=\"fg-thumb\"><span class=\"fg-image-wrap\"><img decoding=\"async\" width=\"400\" height=\"300\" class=\"skip-lazy fg-image\" data-src-fg=\"https:\/\/assemblee-nationale.bj\/wp-content\/uploads\/cache\/WhatsApp-Image-2025-12-20-at-21_13_44\/152985696.jpeg\" src=\"data:image\/svg+xml,%3Csvg%20xmlns%3D%22http%3A%2F%2Fwww.w3.org%2F2000%2Fsvg%22%20width%3D%22400%22%20height%3D%22300%22%20viewBox%3D%220%200%20400%20300%22%3E%3C%2Fsvg%3E\" loading=\"eager\"><\/span><span class=\"fg-image-overlay\"><\/span><\/a><figcaption class=\"fg-caption\"><div class=\"fg-caption-inner\"><\/div><\/figcaption><\/figure><div class=\"fg-loader\"><\/div><\/div><div class=\"fg-item fg-type-image fg-idle\"><figure class=\"fg-item-inner\"><a href=\"https:\/\/assemblee-nationale.bj\/wp-content\/uploads\/WhatsApp-Image-2025-12-20-at-21.13.45-1.jpeg\" data-attachment-id=\"15244\" class=\"fg-thumb\"><span class=\"fg-image-wrap\"><img decoding=\"async\" width=\"400\" height=\"300\" class=\"skip-lazy fg-image\" data-src-fg=\"https:\/\/assemblee-nationale.bj\/wp-content\/uploads\/cache\/WhatsApp-Image-2025-12-20-at-21_13_45-1\/2432847254.jpeg\" src=\"data:image\/svg+xml,%3Csvg%20xmlns%3D%22http%3A%2F%2Fwww.w3.org%2F2000%2Fsvg%22%20width%3D%22400%22%20height%3D%22300%22%20viewBox%3D%220%200%20400%20300%22%3E%3C%2Fsvg%3E\" loading=\"eager\"><\/span><span class=\"fg-image-overlay\"><\/span><\/a><figcaption class=\"fg-caption\"><div class=\"fg-caption-inner\"><\/div><\/figcaption><\/figure><div class=\"fg-loader\"><\/div><\/div><div class=\"fg-item fg-type-image fg-idle\"><figure class=\"fg-item-inner\"><a href=\"https:\/\/assemblee-nationale.bj\/wp-content\/uploads\/WhatsApp-Image-2025-12-20-at-21.13.45-2.jpeg\" data-attachment-id=\"15245\" class=\"fg-thumb\"><span class=\"fg-image-wrap\"><img decoding=\"async\" width=\"400\" height=\"300\" class=\"skip-lazy fg-image\" data-src-fg=\"https:\/\/assemblee-nationale.bj\/wp-content\/uploads\/cache\/WhatsApp-Image-2025-12-20-at-21_13_45-2\/4149095879.jpeg\" src=\"data:image\/svg+xml,%3Csvg%20xmlns%3D%22http%3A%2F%2Fwww.w3.org%2F2000%2Fsvg%22%20width%3D%22400%22%20height%3D%22300%22%20viewBox%3D%220%200%20400%20300%22%3E%3C%2Fsvg%3E\" loading=\"eager\"><\/span><span class=\"fg-image-overlay\"><\/span><\/a><figcaption class=\"fg-caption\"><div class=\"fg-caption-inner\"><\/div><\/figcaption><\/figure><div class=\"fg-loader\"><\/div><\/div><div class=\"fg-item fg-type-image fg-idle\"><figure class=\"fg-item-inner\"><a href=\"https:\/\/assemblee-nationale.bj\/wp-content\/uploads\/WhatsApp-Image-2025-12-20-at-21.13.45.jpeg\" data-attachment-id=\"15246\" class=\"fg-thumb\"><span class=\"fg-image-wrap\"><img decoding=\"async\" width=\"400\" height=\"300\" class=\"skip-lazy fg-image\" data-src-fg=\"https:\/\/assemblee-nationale.bj\/wp-content\/uploads\/cache\/WhatsApp-Image-2025-12-20-at-21_13_45\/293271805.jpeg\" src=\"data:image\/svg+xml,%3Csvg%20xmlns%3D%22http%3A%2F%2Fwww.w3.org%2F2000%2Fsvg%22%20width%3D%22400%22%20height%3D%22300%22%20viewBox%3D%220%200%20400%20300%22%3E%3C%2Fsvg%3E\" loading=\"eager\"><\/span><span class=\"fg-image-overlay\"><\/span><\/a><figcaption class=\"fg-caption\"><div class=\"fg-caption-inner\"><\/div><\/figcaption><\/figure><div class=\"fg-loader\"><\/div><\/div><div class=\"fg-item fg-type-image fg-idle\"><figure class=\"fg-item-inner\"><a href=\"https:\/\/assemblee-nationale.bj\/wp-content\/uploads\/WhatsApp-Image-2025-12-20-at-21.13.46-1.jpeg\" data-attachment-id=\"15247\" class=\"fg-thumb\"><span class=\"fg-image-wrap\"><img decoding=\"async\" width=\"400\" height=\"300\" class=\"skip-lazy fg-image\" data-src-fg=\"https:\/\/assemblee-nationale.bj\/wp-content\/uploads\/cache\/WhatsApp-Image-2025-12-20-at-21_13_46-1\/3903049259.jpeg\" src=\"data:image\/svg+xml,%3Csvg%20xmlns%3D%22http%3A%2F%2Fwww.w3.org%2F2000%2Fsvg%22%20width%3D%22400%22%20height%3D%22300%22%20viewBox%3D%220%200%20400%20300%22%3E%3C%2Fsvg%3E\" loading=\"eager\"><\/span><span class=\"fg-image-overlay\"><\/span><\/a><figcaption class=\"fg-caption\"><div class=\"fg-caption-inner\"><\/div><\/figcaption><\/figure><div class=\"fg-loader\"><\/div><\/div><div class=\"fg-item fg-type-image fg-idle\"><figure class=\"fg-item-inner\"><a href=\"https:\/\/assemblee-nationale.bj\/wp-content\/uploads\/WhatsApp-Image-2025-12-20-at-21.13.46-2.jpeg\" data-attachment-id=\"15248\" class=\"fg-thumb\"><span class=\"fg-image-wrap\"><img decoding=\"async\" width=\"400\" height=\"300\" class=\"skip-lazy fg-image\" data-src-fg=\"https:\/\/assemblee-nationale.bj\/wp-content\/uploads\/cache\/WhatsApp-Image-2025-12-20-at-21_13_46-2\/109088032.jpeg\" src=\"data:image\/svg+xml,%3Csvg%20xmlns%3D%22http%3A%2F%2Fwww.w3.org%2F2000%2Fsvg%22%20width%3D%22400%22%20height%3D%22300%22%20viewBox%3D%220%200%20400%20300%22%3E%3C%2Fsvg%3E\" loading=\"eager\"><\/span><span class=\"fg-image-overlay\"><\/span><\/a><figcaption class=\"fg-caption\"><div class=\"fg-caption-inner\"><\/div><\/figcaption><\/figure><div class=\"fg-loader\"><\/div><\/div><div class=\"fg-item fg-type-image fg-idle\"><figure class=\"fg-item-inner\"><a href=\"https:\/\/assemblee-nationale.bj\/wp-content\/uploads\/WhatsApp-Image-2025-12-20-at-21.13.46.jpeg\" data-attachment-id=\"15249\" class=\"fg-thumb\"><span class=\"fg-image-wrap\"><img decoding=\"async\" width=\"400\" height=\"300\" class=\"skip-lazy fg-image\" data-src-fg=\"https:\/\/assemblee-nationale.bj\/wp-content\/uploads\/cache\/WhatsApp-Image-2025-12-20-at-21_13_46\/970412378.jpeg\" src=\"data:image\/svg+xml,%3Csvg%20xmlns%3D%22http%3A%2F%2Fwww.w3.org%2F2000%2Fsvg%22%20width%3D%22400%22%20height%3D%22300%22%20viewBox%3D%220%200%20400%20300%22%3E%3C%2Fsvg%3E\" loading=\"eager\"><\/span><span class=\"fg-image-overlay\"><\/span><\/a><figcaption class=\"fg-caption\"><div class=\"fg-caption-inner\"><\/div><\/figcaption><\/figure><div class=\"fg-loader\"><\/div><\/div><div class=\"fg-item fg-type-image fg-idle\"><figure class=\"fg-item-inner\"><a href=\"https:\/\/assemblee-nationale.bj\/wp-content\/uploads\/WhatsApp-Image-2025-12-20-at-21.13.47.jpeg\" data-attachment-id=\"15250\" class=\"fg-thumb\"><span class=\"fg-image-wrap\"><img decoding=\"async\" width=\"400\" height=\"300\" class=\"skip-lazy fg-image\" data-src-fg=\"https:\/\/assemblee-nationale.bj\/wp-content\/uploads\/cache\/WhatsApp-Image-2025-12-20-at-21_13_47\/4048372950.jpeg\" src=\"data:image\/svg+xml,%3Csvg%20xmlns%3D%22http%3A%2F%2Fwww.w3.org%2F2000%2Fsvg%22%20width%3D%22400%22%20height%3D%22300%22%20viewBox%3D%220%200%20400%20300%22%3E%3C%2Fsvg%3E\" loading=\"eager\"><\/span><span class=\"fg-image-overlay\"><\/span><\/a><figcaption class=\"fg-caption\"><div class=\"fg-caption-inner\"><\/div><\/figcaption><\/figure><div class=\"fg-loader\"><\/div><\/div>\t<\/div>\r\n\t<div class=\"fg-carousel-bottom\"><\/div>\r\n\t<div class=\"fg-carousel-progress\"><\/div>\r\n\t<button type=\"button\" class=\"fg-carousel-next\"><\/button>\r\n<\/div><br \/>\n&nbsp;<\/p>\n<p>Depuis ce mercredi 17 d\u00e9cembre 2025 et ce pour trois jours, l\u2019Institut parlementaire du B\u00e9nin (IPaB) organise \u00e0 la R\u00e9sidence \u00ab C\u00e9line H\u00f4tel \u00bb de K\u00e9tou un atelier annuel de revue institutionnelle : \u00e9valuation du PTA 2025, validation du PTA 2026, \u00e9valuation du Plan strat\u00e9gique 2022-2026, finalisation des TDR du Plan de d\u00e9veloppement de l\u2019Assembl\u00e9e nationale 2026-2035 et pr\u00e9paration de l\u2019entr\u00e9e en fonction de la dixi\u00e8me l\u00e9gislature. Les travaux ont \u00e9t\u00e9 ouverts par Mathieu AHOUANSOU, Directeur de cabinet du Pr\u00e9sident Louis Gb\u00e8hounou VLAVONOU, au nom de l\u2019autorit\u00e9 parlementaire.<\/p>\n<p>De fa\u00e7on g\u00e9n\u00e9rale, cet atelier vise \u00e0 doter l\u2019IPaB d\u2019un cadre de planification actualis\u00e9 et valid\u00e9, incluant la revue annuelle des activit\u00e9s, le PTA 2026, l\u2019\u00e9valuation du Plan strat\u00e9gique 2022-2026 et les TDR du Plan de d\u00e9veloppement 2026-2035, afin de r\u00e9pondre efficacement aux exigences de la 10\u1d49 l\u00e9gislature. Sp\u00e9cifiquement, il vise \u00e0 \u00e9valuer le niveau de r\u00e9alisation du PTA 2025 ; identifier et analyser les difficult\u00e9s rencontr\u00e9es ; valider le rapport annuel des activit\u00e9s 2025 ; examiner et valider le rapport d\u2019\u00e9valuation du Plan strat\u00e9gique 2022-2026 ; finaliser les TDR du Plan de d\u00e9veloppement de l\u2019Assembl\u00e9e nationale pour la p\u00e9riode 2026-2035 ; pr\u00e9senter et valider le PTA 2026 de l\u2019IPaB ; examiner les th\u00e9matiques prioritaires d\u2019appui \u00e0 la 10\u1d49 l\u00e9gislature (capacit\u00e9s, protocoles de gestion, outils de travail, documentation, etc.) \u00e0 travers un projet de TDR ; formuler des recommandations pour renforcer la performance institutionnelle en 2026.<\/p>\n<p>Dans son mot de bienvenue, Dr Fatahou DJIMA, Directeur de l\u2019IPaB, a remerci\u00e9 chaque participant pour le d\u00e9placement et exprim\u00e9 la gratitude de l\u2019Institut au Pr\u00e9sident Louis Gb\u00e8hounou VLAVONOU, qui a bien voulu autoriser le pr\u00e9sent atelier et surtout pour son soutien constant. Ses remerciements sont \u00e9galement all\u00e9s \u00e0 l\u2019endroit des directeurs techniques et des partenaires. Mais avant, il a rappel\u00e9 l\u2019importance de cet atelier qui pr\u00e9pare l\u2019ann\u00e9e 2026.<br \/>\n\u00ab \u2026Si nous sommes r\u00e9unis aujourd\u2019hui, c\u2019est dans un contexte institutionnel majeur pour l\u2019Institut parlementaire du B\u00e9nin et, plus largement, pour l\u2019Assembl\u00e9e nationale.<br \/>\nL\u2019ann\u00e9e 2025 marque en effet une \u00e9tape d\u00e9terminante. En effet, c\u2019est l\u2019avant-derni\u00e8re ann\u00e9e de mise en \u0153uvre de notre Plan strat\u00e9gique 2022-2026, dont nous devons appr\u00e9cier les r\u00e9sultats, les acquis et les limites. C\u2019est \u00e9galement l\u2019ann\u00e9e pr\u00e9paratoire \u00e0 l\u2019\u00e9laboration du Plan de d\u00e9veloppement 2026-2035, deuxi\u00e8me cadre d\u00e9cennal de modernisation du Parlement. C\u2019est ensuite l\u2019ann\u00e9e qui pr\u00e9c\u00e8de l\u2019installation de la 10\u1d49 l\u00e9gislature, \u00e9v\u00e9nement majeur n\u00e9cessitant une pr\u00e9paration m\u00e9thodique, tant sur le plan documentaire que technique, organisationnel et formatif. C\u2019est enfin l\u2019ann\u00e9e d\u2019un grand basculement institutionnel, engageant d\u00e9sormais notre institution en bicam\u00e9ralisme, avec l\u2019institution d\u2019un S\u00e9nat. Je puis vous assurer que l\u2019IPaB mesure bien l\u2019ampleur de ces d\u00e9fis de l\u2019ann\u00e9e fatidique qu\u2019est 2026. Et c\u2019est ce qui justifie les dispositions qu\u2019il compte prendre durant cet atelier d\u2019\u00e9valuation. \u00bb, a-t-il lanc\u00e9.<\/p>\n<p>Prenant la parole pour son discours d\u2019ouverture, Mathieu AHOUANSOU a laiss\u00e9 entendre que : \u00ab nous sommes \u00e0 un rendez-vous tr\u00e8s important pour l\u2019IPaB et pour l\u2019Assembl\u00e9e nationale, et pour les l\u00e9gislatures \u00e0 venir \u00bb.<br \/>\nPar la suite, il a rendu un hommage m\u00e9rit\u00e9 \u00e0 tous ceux qui, depuis la cr\u00e9ation de l\u2019IPaB en 2019, \u0153uvrent avec constance et d\u00e9vouement pour doter notre Parlement des moyens, outils et expertises n\u00e9cessaires \u00e0 l\u2019accomplissement de ses missions constitutionnelles. Dans la foul\u00e9e, il a remerci\u00e9 tous les partenaires qui accompagnent l\u2019IPaB.<\/p>\n<p>Exhortations<\/p>\n<p>Pour rappel, il a inform\u00e9 que : \u00ab Qu\u2019il vous souvienne que l\u2019IPaB, h\u00e9ritier de la Cellule d\u2019Analyse des Politiques de D\u00e9veloppement de l\u2019Assembl\u00e9e nationale (CAPAN), a \u00e9t\u00e9 con\u00e7u pour corriger l\u2019asym\u00e9trie des moyens techniques entre le Gouvernement et le Parlement. Depuis lors, il s\u2019est affirm\u00e9 comme un outil strat\u00e9gique de renforcement des capacit\u00e9s, de production de savoirs et de diffusion de bonnes pratiques. \u00bb<\/p>\n<p>Apr\u00e8s avoir lev\u00e9 un coin de voile sur les objectifs de cet atelier, le Directeur de cabinet du Pr\u00e9sident de l\u2019Assembl\u00e9e nationale a appel\u00e9 chaque participant \u00e0 \u00ab notre sens du devoir et du partage. Participons activement \u00e0 parfaire ce qui est d\u00e9j\u00e0 accompli. Car, comme le rappelle si bien l\u2019adage : \u201cSeul on va plus vite, ensemble on va plus loin !\u201d Notre objectif commun ici est de consolider les acquis, d\u2019anticiper les d\u00e9fis et de renforcer la cr\u00e9dibilit\u00e9 de notre Parlement sur la sc\u00e8ne nationale et internationale. Et donc de redorer le blason de l\u2019IPaB dont la mission principale est de contribuer au renforcement des capacit\u00e9s des acteurs de notre Parlement. \u00bb<\/p>\n<p>Il faut dire qu\u2019au cours de ces trois jours de travaux, les participants auront \u00e0 suivre des communications telles que : \u00ab Rapport des activit\u00e9s men\u00e9es par l\u2019IPaB au cours de l\u2019ann\u00e9e 2025 \u00bb ; \u00ab Rapport de l\u2019\u00e9valuation du Plan strat\u00e9gique de l\u2019IPaB \u00bb ; \u00ab Pr\u00e9sentation du projet de Plan de travail annuel (PTA) 2026 pour l\u2019IPaB \u00bb ; \u00ab Pr\u00e9sentation des termes de r\u00e9f\u00e9rence de l\u2019\u00e9laboration du Plan de d\u00e9veloppement et de modernisation de l\u2019Assembl\u00e9e nationale \u00bb ; \u00ab Pr\u00e9sentation d\u2019un mod\u00e8le de note analytique \u00bb.<\/p>\n<p>Hermann OBINTI<\/p>\n<\/div>\n\t\t<\/div><\/div><\/div><\/div><div id=\"pg-15231-1\"  class=\"panel-grid panel-no-style\" ><div id=\"pgc-15231-1-0\"  class=\"panel-grid-cell panel-grid-cell-empty\" ><\/div><div id=\"pgc-15231-1-1\"  class=\"panel-grid-cell panel-grid-cell-empty panel-grid-cell-mobile-last\" ><\/div><div id=\"pgc-15231-1-2\"  class=\"panel-grid-cell panel-grid-cell-empty\" ><\/div><\/div><\/div>","protected":false},"excerpt":{"rendered":"<p>Depuis ce mercredi 17 d\u00e9cembre 2025 et ce pour trois jours, l\u2019Institut parlementaire du B\u00e9nin (IPaB) organise \u00e0 la R\u00e9sidence \u00ab C\u00e9line H\u00f4tel \u00bb de K\u00e9tou un atelier annuel de revue institutionnelle : \u00e9valuation du PTA 2025, validation du PTA 2026, \u00e9valuation du Plan strat\u00e9gique 2022-2026, finalisation des TDR du Plan de d\u00e9veloppement de l\u2019Assembl\u00e9e nationale 2026-2035 et pr\u00e9paration de l\u2019entr\u00e9e en fonction de la dixi\u00e8me l\u00e9gislature. Les travaux ont \u00e9t\u00e9 ouverts par Mathieu AHOUANSOU, Directeur de cabinet du Pr\u00e9sident Louis Gb\u00e8hounou VLAVONOU, au nom de l\u2019autorit\u00e9 parlementaire.<\/p>\n<p>De fa\u00e7on g\u00e9n\u00e9rale, cet atelier vise \u00e0 doter l\u2019IPaB d\u2019un cadre de planification actualis\u00e9 et valid\u00e9, incluant la revue annuelle des activit\u00e9s, le PTA 2026, l\u2019\u00e9valuation du Plan strat\u00e9gique 2022-2026 et les TDR du Plan de d\u00e9veloppement 2026-2035, afin de r\u00e9pondre efficacement aux exigences de la 10\u1d49 l\u00e9gislature. Sp\u00e9cifiquement, il vise \u00e0 \u00e9valuer le niveau de r\u00e9alisation du PTA 2025 ; identifier et analyser les difficult\u00e9s rencontr\u00e9es ; valider le rapport annuel des activit\u00e9s 2025 ; examiner et valider le rapport d\u2019\u00e9valuation du Plan strat\u00e9gique 2022-2026 ; finaliser les TDR du Plan de d\u00e9veloppement de l\u2019Assembl\u00e9e nationale pour la p\u00e9riode 2026-2035 ; pr\u00e9senter et valider le PTA 2026 de l\u2019IPaB ; examiner les th\u00e9matiques prioritaires d\u2019appui \u00e0 la 10\u1d49 l\u00e9gislature (capacit\u00e9s, protocoles de gestion, outils de travail, documentation, etc.) \u00e0 travers un projet de TDR ; formuler des recommandations pour renforcer la performance institutionnelle en 2026.<\/p>\n","protected":false},"author":15,"featured_media":15251,"comment_status":"closed","ping_status":"open","sticky":false,"template":"","format":"standard","meta":{"footnotes":""},"categories":[29],"tags":[],"class_list":["post-15231","post","type-post","status-publish","format-standard","has-post-thumbnail","hentry","category-actualites"],"_links":{"self":[{"href":"https:\/\/assemblee-nationale.bj\/index.php\/wp-json\/wp\/v2\/posts\/15231","targetHints":{"allow":["GET"]}}],"collection":[{"href":"https:\/\/assemblee-nationale.bj\/index.php\/wp-json\/wp\/v2\/posts"}],"about":[{"href":"https:\/\/assemblee-nationale.bj\/index.php\/wp-json\/wp\/v2\/types\/post"}],"author":[{"embeddable":true,"href":"https:\/\/assemblee-nationale.bj\/index.php\/wp-json\/wp\/v2\/users\/15"}],"replies":[{"embeddable":true,"href":"https:\/\/assemblee-nationale.bj\/index.php\/wp-json\/wp\/v2\/comments?post=15231"}],"version-history":[{"count":1,"href":"https:\/\/assemblee-nationale.bj\/index.php\/wp-json\/wp\/v2\/posts\/15231\/revisions"}],"predecessor-version":[{"id":15252,"href":"https:\/\/assemblee-nationale.bj\/index.php\/wp-json\/wp\/v2\/posts\/15231\/revisions\/15252"}],"wp:featuredmedia":[{"embeddable":true,"href":"https:\/\/assemblee-nationale.bj\/index.php\/wp-json\/wp\/v2\/media\/15251"}],"wp:attachment":[{"href":"https:\/\/assemblee-nationale.bj\/index.php\/wp-json\/wp\/v2\/media?parent=15231"}],"wp:term":[{"taxonomy":"category","embeddable":true,"href":"https:\/\/assemblee-nationale.bj\/index.php\/wp-json\/wp\/v2\/categories?post=15231"},{"taxonomy":"post_tag","embeddable":true,"href":"https:\/\/assemblee-nationale.bj\/index.php\/wp-json\/wp\/v2\/tags?post=15231"}],"curies":[{"name":"wp","href":"https:\/\/api.w.org\/{rel}","templated":true}]}}