
{"id":2579,"date":"2018-12-17T19:07:19","date_gmt":"2018-12-17T18:07:19","guid":{"rendered":"https:\/\/assemblee-nationale.bj\/?p=2579"},"modified":"2019-01-05T18:27:28","modified_gmt":"2019-01-05T17:27:28","slug":"reunion-de-mise-en-place-du-comite-interparlementaire-de-la-cedeao-de-la-mauritanie-et-du-tchad-sur-la-mise-en-oeuvre-de-la-declaration-douagadougou-pour-le-financement-adequat-de-la-sante-le-divi","status":"publish","type":"post","link":"https:\/\/assemblee-nationale.bj\/index.php\/2018\/12\/17\/reunion-de-mise-en-place-du-comite-interparlementaire-de-la-cedeao-de-la-mauritanie-et-du-tchad-sur-la-mise-en-oeuvre-de-la-declaration-douagadougou-pour-le-financement-adequat-de-la-sante-le-divi\/","title":{"rendered":"R\u00e9union de mise en place du Comit\u00e9 Interparlementaire de la CEDEAO, de la Mauritanie et du Tchad sur la mise en \u0153uvre de la D\u00e9claration d&rsquo;Ouagadougou pour le financement ad\u00e9quat de la sant\u00e9, le dividende d\u00e9mographique et les politiques de population"},"content":{"rendered":"<div id=\"pl-2579\"  class=\"panel-layout\" ><div id=\"pg-2579-0\"  class=\"panel-grid panel-no-style\" ><div id=\"pgc-2579-0-0\"  class=\"panel-grid-cell\" ><div id=\"panel-2579-0-0-0\" class=\"so-panel widget widget_text panel-first-child panel-last-child\" data-index=\"0\" ><div class=\"panel-widget-style panel-widget-style-for-2579-0-0-0\" >\t\t\t<div class=\"textwidget\"><p><strong>Discours d&rsquo;ouverture du Pr\u00e9sident de l\u2019Assembl\u00e9e nationale du B\u00e9nin, Me Adrien Houngb\u00e9dji. <\/strong><\/p>\n<\/div>\n\t\t<\/div><\/div><\/div><\/div><div id=\"pg-2579-1\"  class=\"panel-grid panel-no-style\" ><div id=\"pgc-2579-1-0\"  class=\"panel-grid-cell panel-grid-cell-empty\" ><\/div><div id=\"pgc-2579-1-1\"  class=\"panel-grid-cell panel-grid-cell-mobile-last\" ><div id=\"panel-2579-1-1-0\" class=\"so-panel widget widget_media_image panel-first-child panel-last-child\" data-index=\"1\" ><div class=\"panel-widget-style panel-widget-style-for-2579-1-1-0\" ><img loading=\"lazy\" decoding=\"async\" width=\"1024\" height=\"229\" src=\"https:\/\/assemblee-nationale.bj\/wp-content\/uploads\/2018\/12\/cedeao-ouverture-1024x229.png\" class=\"image wp-image-2580  attachment-large size-large\" alt=\"\" style=\"max-width: 100%; height: auto;\" srcset=\"https:\/\/assemblee-nationale.bj\/wp-content\/uploads\/2018\/12\/cedeao-ouverture-1024x229.png 1024w, https:\/\/assemblee-nationale.bj\/wp-content\/uploads\/2018\/12\/cedeao-ouverture-300x67.png 300w, https:\/\/assemblee-nationale.bj\/wp-content\/uploads\/2018\/12\/cedeao-ouverture-768x171.png 768w, https:\/\/assemblee-nationale.bj\/wp-content\/uploads\/2018\/12\/cedeao-ouverture.png 1084w\" sizes=\"auto, (max-width: 1024px) 100vw, 1024px\" \/><\/div><\/div><\/div><div id=\"pgc-2579-1-2\"  class=\"panel-grid-cell panel-grid-cell-empty\" ><\/div><\/div><div id=\"pg-2579-2\"  class=\"panel-grid panel-no-style\" ><div id=\"pgc-2579-2-0\"  class=\"panel-grid-cell panel-grid-cell-empty\" ><\/div><div id=\"pgc-2579-2-1\"  class=\"panel-grid-cell panel-grid-cell-mobile-last\" ><div id=\"panel-2579-2-1-0\" class=\"so-panel widget widget_text panel-first-child panel-last-child\" data-index=\"2\" ><div class=\"panel-widget-style panel-widget-style-for-2579-2-1-0\" >\t\t\t<div class=\"textwidget\"><p>Porto-Novo, le 17 D\u00e9cembre 2018<\/p>\n<p>(&#8230;) Mesdames et Messieurs;<\/p>\n<p>L&rsquo;Assembl\u00e9e Nationale du B\u00e9nin est particuli\u00e8rement honor\u00e9e d&rsquo;accueillir la R\u00e9union de mise en place du Comit\u00e9 Interparlementaire de la CEDEAO, de la Mauritanie et du Tchad sur la mise en \u0153uvre de la D\u00e9claration de Ouagadougou.<\/p>\n<p>En cette heureuse circonstance, je voudrais vous souhaiter, au nom de l&rsquo;ensemble de mes coll\u00e8gues d\u00e9put\u00e9s et en mon nom personnel, une chaleureuse bienvenue \u00e0 Porto-Novo, capitale du B\u00e9nin.<\/p>\n<p>Le Parlement b\u00e9ninois se r\u00e9jouit de l&rsquo;arriv\u00e9e de la quasi-totalit\u00e9 des personnes invit\u00e9es \u00e0 cette importante rencontre. Votre pr\u00e9sence effective traduit notre volont\u00e9 commune, de renforcer notre engagement, et notre d\u00e9termination en faveur des probl\u00e9matiques du financement de la sant\u00e9, et de capture du dividende d\u00e9mographique.<\/p>\n<p>Mesdames et Messieurs,<\/p>\n<p>A la rencontre r\u00e9gionale de Ouagadougou en juillet 2017, c&rsquo;\u00e9tait avec une vive \u00e9motion que je pronon\u00e7ais, au nom de mes pairs, le discours des Pr\u00e9sidents des Assembl\u00e9es Nationales, en ma qualit\u00e9 de doyen d&rsquo;\u00e2ge.<\/p>\n<p>C&rsquo;est avec la m\u00eame \u00e9motion et la m\u00eame solennit\u00e9, que je prends la parole aujourd&rsquo;hui, pour vous remercier sinc\u00e8rement, pour l&rsquo;honneur fait \u00e0 la Nation b\u00e9ninoise, d&rsquo;abriter la pr\u00e9sente rencontre qui rev\u00eat, \u00e0 mes yeux, une importance capitale.<\/p>\n<p>En \u00e9voquant le souvenir de la rencontre de Ouagadougou, j&rsquo;ai moi aussi une pens\u00e9e tr\u00e8s \u00e9mue pour mon fr\u00e8re et ami, Son Excellence feu Salifou DIALLO qui, r\u00e9pondant \u00e0 l&rsquo;appel du Seigneur, nous a quitt\u00e9 le 19 ao\u00fbt 2017. Je m\u2019associe \u00e0 l\u2019hommage qui lui a \u00e9t\u00e9 rendu,\u00a0 pour son engagement personnel, et pour le r\u00f4le majeur qu&rsquo;il a jou\u00e9 dans la mise en \u0153uvre de cette initiative parlementaire. Aussi voudrais-je vous inviter \u00e0 observer une minute de silence \u00e0 la m\u00e9moire de cet homme, dont le courage et l&rsquo;engagement continueront de nous inspirer dans la poursuite du chantier qui nous r\u00e9unit ce jour.<\/p>\n<p>&#8230; (la minute de silence) &#8230;<\/p>\n<p>Merci.<\/p>\n<p>Honorables d\u00e9put\u00e9s,<\/p>\n<p>Distingu\u00e9s invit\u00e9s,<\/p>\n<p>Mesdames et Messieurs,<\/p>\n<p>Les pr\u00e9sentes assises se tiennent \u00e0 un moment o\u00f9 nos gouvernements et nos parlements respectifs subissent les affres du faible taux d&rsquo;utilisation des services de sant\u00e9, de leur inaccessibilit\u00e9 et du co\u00fbt tr\u00e8s \u00e9lev\u00e9 des soins de sant\u00e9. Ces maux d\u00e9coulent, pour l&rsquo;essentiel, de l&rsquo;insuffisance des ressources affect\u00e9es \u00e0 la sant\u00e9, de leur mauvaise gestion, ou encore de leur mauvaise r\u00e9partition.<\/p>\n<p>Vous l&rsquo;avez si bien compris, chers coll\u00e8gues, le financement du secteur de la sant\u00e9, conditionne le bien-\u00eatre des populations et le d\u00e9veloppement d&rsquo;une nation. Il permet de r\u00e9pondre aux besoins sanitaires des enfants et des adultes, et donne, \u00e0 terme, la possibilit\u00e9 de disposer d&rsquo;une main-d&rsquo;\u0153uvre qualifi\u00e9e, productive et capable de maximiser sa contribution \u00e0 la croissance \u00e9conomique.<\/p>\n<p>C&rsquo;est sans aucun doute, un moyen efficace de tirer le meilleur parti des opportunit\u00e9s qui \u00e9mergent du dividende d\u00e9mographique, \u00e0 condition de mettre en \u0153uvre des politiques publiques et des investissements adapt\u00e9s, pour permettre \u00e0 tous les citoyens de jouir d&rsquo;une parfaite sant\u00e9, gage de productivit\u00e9 et de d\u00e9veloppement.<\/p>\n<p>Selon les \u00e9conomistes, le financement de la sant\u00e9 ne d\u00e9signe pas seulement l&rsquo;origine, le montant et le mode de pr\u00e9l\u00e8vement des ressources utilis\u00e9es; il recouvre \u00e9galement les circuits, les institutions et les m\u00e9canismes \u00e0 travers lesquels ces ressources transitent.<\/p>\n<p>Chers participants,<\/p>\n<p>Mesdames et Messieurs,<\/p>\n<p>Pour financer le secteur de la sant\u00e9, nous devons donc travailler en synergie, afin de g\u00e9n\u00e9rer des ressources financi\u00e8res, proc\u00e9der \u00e0 leur meilleure affectation, et en faire une utilisation optimale, dans le but de proposer des services de sant\u00e9 \u00e9quitables, et accessibles \u00e0 toutes les couches de notre soci\u00e9t\u00e9.<\/p>\n<p>Il est donc ais\u00e9 de comprendre, la pertinence de la pr\u00e9sente rencontre, qui vise \u00e0 faire le point des actions entreprises par nos diff\u00e9rents pays, et \u00e0 valider la feuille de route pour rendre op\u00e9rationnel de notre D\u00e9claration pour le financement ad\u00e9quat de la sant\u00e9, le dividende d\u00e9mographique, et les politiques de population et de d\u00e9veloppement.<\/p>\n<p>Les engagements pris \u00e0 Ouagadougou, faut-il le rappeler, portent essentiellement sur :<\/p>\n<p>&#8211; les arbitrages cons\u00e9quents des budgets des Etats par les parlements, \u00e0 travers l&rsquo;exercice du droit d&rsquo;amendement des lois, dans l&rsquo;optique d&rsquo;obtenir, des accroissements annuels successifs d&rsquo;au moins 2% des budgets allou\u00e9s au secteur de la sant\u00e9;<\/p>\n<p>&#8211; le contr\u00f4le rigoureux de la mise en \u0153uvre des politiques en mati\u00e8re de d\u00e9mographie et de sant\u00e9;<\/p>\n<p>&#8211; le plaidoyer constant des parlements aupr\u00e8s des diff\u00e9rents ex\u00e9cutifs, en vue de parvenir \u00e0 une augmentation croissante des budgets des Etats consacr\u00e9s \u00e0 la sant\u00e9.<\/p>\n<p>Ce sont donc l\u00e0, les d\u00e9fis que doivent relever les 34 membres du Comit\u00e9 Interparlementaire compos\u00e9 des Pr\u00e9sidents des Commissions en charge de la sant\u00e9 et des finances de nos 17 pays que nous installerons dans un instant. Je ne doute point, que les r\u00e9flexions collectives, auxquelles s&rsquo;att\u00e8leront les participants au cours de ces trois (03) journ\u00e9es, contribueront \u00e0 atteindre les objectifs que nous nous sommes fix\u00e9s.<\/p>\n<p>Permettez-moi, avant de finir mon propos, de remercier \u00e0 nouveau l&rsquo;Assembl\u00e9e Nationale du Burkina-Faso et son Pr\u00e9sident Monsieur Alassane Bala SAKANDE qui, pour une deuxi\u00e8me fois en moins de 15 jours, est \u00e0 nouveau sur la terre hospitali\u00e8re du B\u00e9nin apr\u00e8s sa participation \u00e0 la c\u00e9r\u00e9monie d&rsquo;ouverture de la 36\u00e8me session de l&rsquo;Assembl\u00e9e Parlementaire Paritaire ACP-UE, le 04 d\u00e9cembre dernier \u00e0 Cotonou.<\/p>\n<p>Je renouvelle \u00e9galement ma sinc\u00e8re gratitude \u00e0 l&rsquo;Organisation Ouest Africaine de la Sant\u00e9 et aux partenaires techniques et financiers qui nous accompagnent dans cette noble mission.<\/p>\n<p>C&rsquo;est sur ces mots que je d\u00e9clare ouverte, ce lundi 17 d\u00e9cembre 2018, la r\u00e9union de mise en place du Comit\u00e9 Interparlementaire de la CEDEAO, de la Mauritanie et du Tchad sur la mise en \u0153uvre de la D\u00e9claration de Ouagadougou pour le financement ad\u00e9quat de la sant\u00e9, le dividende d\u00e9mographique et les politiques de population.<\/p>\n<p>Plein succ\u00e8s \u00e0 nos travaux !<\/p>\n<p>Je vous remercie !<\/p>\n<\/div>\n\t\t<\/div><\/div><\/div><div id=\"pgc-2579-2-2\"  class=\"panel-grid-cell panel-grid-cell-empty\" ><\/div><\/div><\/div>","protected":false},"excerpt":{"rendered":"<p>R\u00e9union de mise en place du Comit\u00e9 Interparlementaire de la CEDEAO, de la Mauritanie et du Tchad sur la mise en \u0153uvre de la D\u00e9claration d&rsquo;Ouagadougou pour le financement ad\u00e9quat de la sant\u00e9, le dividende d\u00e9mographique et les politiques de population.<br \/>\nDiscours d&rsquo;ouverture du Pr\u00e9sident de l\u2019Assembl\u00e9e nationale du B\u00e9nin, Me Adrien Houngb\u00e9dji. <\/p>\n","protected":false},"author":10,"featured_media":0,"comment_status":"open","ping_status":"open","sticky":false,"template":"","format":"standard","meta":{"footnotes":""},"categories":[29],"tags":[],"class_list":["post-2579","post","type-post","status-publish","format-standard","hentry","category-actualites"],"_links":{"self":[{"href":"https:\/\/assemblee-nationale.bj\/index.php\/wp-json\/wp\/v2\/posts\/2579","targetHints":{"allow":["GET"]}}],"collection":[{"href":"https:\/\/assemblee-nationale.bj\/index.php\/wp-json\/wp\/v2\/posts"}],"about":[{"href":"https:\/\/assemblee-nationale.bj\/index.php\/wp-json\/wp\/v2\/types\/post"}],"author":[{"embeddable":true,"href":"https:\/\/assemblee-nationale.bj\/index.php\/wp-json\/wp\/v2\/users\/10"}],"replies":[{"embeddable":true,"href":"https:\/\/assemblee-nationale.bj\/index.php\/wp-json\/wp\/v2\/comments?post=2579"}],"version-history":[{"count":3,"href":"https:\/\/assemblee-nationale.bj\/index.php\/wp-json\/wp\/v2\/posts\/2579\/revisions"}],"predecessor-version":[{"id":2680,"href":"https:\/\/assemblee-nationale.bj\/index.php\/wp-json\/wp\/v2\/posts\/2579\/revisions\/2680"}],"wp:attachment":[{"href":"https:\/\/assemblee-nationale.bj\/index.php\/wp-json\/wp\/v2\/media?parent=2579"}],"wp:term":[{"taxonomy":"category","embeddable":true,"href":"https:\/\/assemblee-nationale.bj\/index.php\/wp-json\/wp\/v2\/categories?post=2579"},{"taxonomy":"post_tag","embeddable":true,"href":"https:\/\/assemblee-nationale.bj\/index.php\/wp-json\/wp\/v2\/tags?post=2579"}],"curies":[{"name":"wp","href":"https:\/\/api.w.org\/{rel}","templated":true}]}}