
{"id":2655,"date":"2018-12-27T15:55:17","date_gmt":"2018-12-27T14:55:17","guid":{"rendered":"https:\/\/assemblee-nationale.bj\/?p=2655"},"modified":"2018-12-27T20:20:02","modified_gmt":"2018-12-27T19:20:02","slug":"message-du-president-de-la-republique-chef-de-letat-chef-du-gouvernement-sur-letat-de-la-nation","status":"publish","type":"post","link":"https:\/\/assemblee-nationale.bj\/index.php\/2018\/12\/27\/message-du-president-de-la-republique-chef-de-letat-chef-du-gouvernement-sur-letat-de-la-nation\/","title":{"rendered":"Message du Pr\u00e9sident de la R\u00e9publique, Chef de l\u2019Etat, Chef du Gouvernement,  sur l\u2019\u00e9tat de la Nation"},"content":{"rendered":"<div id=\"pl-2655\"  class=\"panel-layout\" ><div id=\"pg-2655-0\"  class=\"panel-grid panel-no-style\" ><div id=\"pgc-2655-0-0\"  class=\"panel-grid-cell\" ><div id=\"panel-2655-0-0-0\" class=\"so-panel widget widget_text panel-first-child panel-last-child\" data-index=\"0\" ><div class=\"panel-widget-style panel-widget-style-for-2655-0-0-0\" >\t\t\t<div class=\"textwidget\"><p><strong>MESSAGE DU PR\u00c9SIDENT DE LA R\u00c9PUBLIQUE, CHEF DE L\u2019\u00c9TAT, CHEF DU GOUVERNEMENT, SUR L\u2019\u00c9TAT DE LA NATION <\/strong><\/p>\n<\/div>\n\t\t<\/div><\/div><\/div><\/div><div id=\"pg-2655-1\"  class=\"panel-grid panel-no-style\" ><div id=\"pgc-2655-1-0\"  class=\"panel-grid-cell panel-grid-cell-empty\" ><\/div><div id=\"pgc-2655-1-1\"  class=\"panel-grid-cell panel-grid-cell-mobile-last\" ><div id=\"panel-2655-1-1-0\" class=\"so-panel widget widget_media_image panel-first-child panel-last-child\" data-index=\"1\" ><div class=\"panel-widget-style panel-widget-style-for-2655-1-1-0\" ><img loading=\"lazy\" decoding=\"async\" width=\"1024\" height=\"280\" src=\"https:\/\/assemblee-nationale.bj\/wp-content\/uploads\/2017\/08\/talon-message-1-1024x280.png\" class=\"image wp-image-2654  attachment-large size-large\" alt=\"\" style=\"max-width: 100%; height: auto;\" srcset=\"https:\/\/assemblee-nationale.bj\/wp-content\/uploads\/2017\/08\/talon-message-1-1024x280.png 1024w, https:\/\/assemblee-nationale.bj\/wp-content\/uploads\/2017\/08\/talon-message-1-300x82.png 300w, https:\/\/assemblee-nationale.bj\/wp-content\/uploads\/2017\/08\/talon-message-1-768x210.png 768w, https:\/\/assemblee-nationale.bj\/wp-content\/uploads\/2017\/08\/talon-message-1.png 1623w\" sizes=\"auto, (max-width: 1024px) 100vw, 1024px\" \/><\/div><\/div><\/div><div id=\"pgc-2655-1-2\"  class=\"panel-grid-cell panel-grid-cell-empty\" ><\/div><\/div><div id=\"pg-2655-2\"  class=\"panel-grid panel-no-style\" ><div id=\"pgc-2655-2-0\"  class=\"panel-grid-cell panel-grid-cell-empty\" ><\/div><div id=\"pgc-2655-2-1\"  class=\"panel-grid-cell panel-grid-cell-mobile-last\" ><div id=\"panel-2655-2-1-0\" class=\"so-panel widget widget_text panel-first-child panel-last-child\" data-index=\"2\" ><div class=\"panel-widget-style panel-widget-style-for-2655-2-1-0\" >\t\t\t<div class=\"textwidget\"><p>MESSAGE DU PR\u00c9SIDENT DE LA R\u00c9PUBLIQUE,<br \/>\nCHEF DE L\u2019\u00c9TAT, CHEF DU GOUVERNEMENT,<br \/>\nSUR L\u2019\u00c9TAT DE LA NATION<\/p>\n<p>Assembl\u00e9e Nationale &#8211; Porto-Novo, le 27 d\u00e9cembre 2018<\/p>\n<p>\u2022 Monsieur le Pr\u00e9sident de l\u2019Assembl\u00e9e nationale, \u2022 Mesdames et Messieurs les D\u00e9put\u00e9s,<\/p>\n<p>En venant m\u2019acquitter, pour la troisi\u00e8me fois, de ce devoir que m\u2019assigne la Constitution, je veux, avec vous et avec notre peuple, c\u00e9l\u00e9brer la R\u00e9publique.<br \/>\nCar, c\u2019est elle qui nous unit et nous motive au-del\u00e0 de nos divergences.<br \/>\nC\u2019est donc avec gravit\u00e9 et fiert\u00e9 que je me soumets \u00e0 l\u2019exercice.<br \/>\nGravit\u00e9 au regard des efforts continus et soutenus que nous devons faire pour redresser durablement notre \u00e9conomie, am\u00e9liorer les conditions de vie de nos populations et conf\u00e9rer grandeur et honneur \u00e0 notre pays.<br \/>\nFiert\u00e9 parce que je peux, comme vous et comme l\u2019ensemble de nos concitoyens, observer que les fruits de nos efforts se r\u00e9v\u00e8lent de plus en plus dans maints domaines, signe que nous sommes dans la bonne direction et qu\u2019\u00e0 ce rythme, l\u2019espoir est permis.<br \/>\nMais pourquoi avons-nous raison de regarder l\u2019horizon avec confiance ?<br \/>\nEst-il certain que nous avan\u00e7ons inexorablement vers le progr\u00e8s ?<br \/>\nEt quand je dis nous, je parle du peuple et des dirigeants confondus car, \u00e0 la v\u00e9rit\u00e9, c\u2019est d\u2019une t\u00e2che collective qu\u2019il s\u2019agit.<br \/>\nLes motifs de satisfaction qui appara\u00eetront dans ce message rel\u00e8vent donc forc\u00e9ment de notre m\u00e9rite \u00e0 tous.<\/p>\n<p>Monsieur le Pr\u00e9sident de l\u2019Assembl\u00e9e Nationale,<br \/>\nMesdames et Messieurs les D\u00e9put\u00e9s,<br \/>\nAu plan socio\u00e9conomique, nous avons durant cette ann\u00e9e qui s\u2019ach\u00e8ve, dans beaucoup de domaines, des raisons d\u2019\u00eatre satisfaits.<br \/>\nPartout \u00e0 l\u2019int\u00e9rieur de nos fronti\u00e8res, nous nous sentons davantage en s\u00e9curit\u00e9.<br \/>\nMieux, les tracasseries polici\u00e8res ont quasiment disparu de nos routes.<br \/>\nNos compatriotes s\u2019en f\u00e9licitent, les \u00e9trangers en visite chez nous le soulignent et d\u2019autres pays nous envient.<br \/>\nPour y arriver, Il a fallu prendre les mesures hardies, investir, bousculer les habitudes, redonner confiance et dignit\u00e9 \u00e0 nos forces de s\u00e9curit\u00e9 et de d\u00e9fense.<br \/>\nCe ne fut pas de tout repos.<br \/>\nD\u2019importants moyens financiers ont \u00e9t\u00e9 engag\u00e9s ; des dotations en mat\u00e9riels ont \u00e9t\u00e9 effectu\u00e9es comme jamais auparavant en une seule fois.<br \/>\nLa pertinence de la fusion de la Police et de la Gendarmerie en une seule entit\u00e9, la Police R\u00e9publicaine, se lit ais\u00e9ment \u00e0 travers le meilleur maillage du territoire et la r\u00e9partition plus rationnelle des ressources humaines, qui ont permis d\u2019intensifier la lutte contre la criminalit\u00e9 sous toutes ses formes.<br \/>\nMais nous savons que la s\u00e9curit\u00e9 est une qu\u00eate permanente, que les acquis doivent \u00eatre renforc\u00e9s.<br \/>\nC\u2019est pourquoi, au cours des prochaines ann\u00e9es, mon Gouvernement pr\u00eatera la m\u00eame attention \u00e0 la s\u00e9curit\u00e9, mat\u00e9rialis\u00e9e par des investissements plus importants encore, dans le renforcement de capacit\u00e9s des hommes et dans l\u2019\u00e9quipement de nos unit\u00e9s, Forces arm\u00e9es b\u00e9ninoises et Police r\u00e9publicaine confondues.<\/p>\n<p>D\u2019ailleurs, il convient ici de les saluer pour leur engagement r\u00e9publicain \u00e0 veiller sur notre qui\u00e9tude \u00e0 tous.<br \/>\nSi la s\u00e9curit\u00e9 est un facteur fondamental du bien-\u00eatre, celui-ci est davantage port\u00e9 et mat\u00e9rialis\u00e9 par d\u2019autres intrants.<br \/>\nAinsi en-est-il de l\u2019eau potable par exemple.<br \/>\nSur ce front, notre situation globale demeure inacceptable, mais les travaux entrepris au niveau de l\u2019hydraulique urbaine et p\u00e9riurbaine permettent d\u00e9j\u00e0 de porter \u00e0 plus de 3.000.000 de personnes, la population totale desservie au 31 d\u00e9cembre 2018, y compris dans le d\u00e9partement des Collines r\u00e9put\u00e9 g\u00e9ologiquement difficile.<br \/>\nPar ailleurs, dans le domaine de l\u2019approvisionnement en eau potable en milieu rural, le programme d\u2019investissement \u00e0 court terme d\u00e9marr\u00e9 en octobre 2018 a permis de lancer les travaux pour 110 nouvelles adductions d\u2019eau multi-village dans tout le pays pour desservir 821.700 personnes, soit environ 20% des populations non encore desservies.<\/p>\n<p>Sur ce front \u00e9galement, les \u00e9tudes sont finalis\u00e9es pour le d\u00e9marrage au cours du deuxi\u00e8me semestre 2019, des travaux de construction de 500 nouveaux syst\u00e8mes d\u2019approvisionnement en eau potable multi-village en vue de l\u2019acc\u00e8s universel \u00e0 l\u2019eau potable \u00e0 l\u2019horizon 2021.<br \/>\nSur un programme d\u2019investissement prioritaire de 300 milliards de FCFA destin\u00e9 \u00e0 atteindre cet objectif, 200 milliards soit 66% sont d\u00e9j\u00e0 mobilis\u00e9s, et les actions sont en cours pour le bouclage total du financement avant la fin du premier semestre 2019.<br \/>\nDans le secteur de l\u2019\u00e9lectricit\u00e9, aussi vital que celui de l\u2019eau, la situation s\u2019am\u00e9liore consid\u00e9rablement.<br \/>\nIci aussi, nous venons de loin, de sorte que l\u2019am\u00e9lioration notoire qui s\u2019observe aujourd\u2019hui nous donne l\u2019impression que la crise \u00e9nerg\u00e9tique aigue qui s\u00e9vissait jusqu\u2019en 2016 est si lointaine.<br \/>\nLes groupes \u00e9lectrog\u00e8nes ne tournent plus en effet \u00e0 longueur de journ\u00e9e et de nuit car, l\u2019\u00e9nergie \u00e9lectrique est d\u00e9sormais plus disponible.<br \/>\nCependant, nous poursuivons nos efforts en vue d\u2019assurer la disponibilit\u00e9 totale de l\u2019\u00e9lectricit\u00e9 pour tous.<br \/>\nA c\u00f4t\u00e9 de l\u2019eau et de l\u2019\u00e9lectricit\u00e9, la sant\u00e9 de nos compatriotes fait l\u2019objet d\u2019une attention particuli\u00e8re quand bien m\u00eame l\u2019ann\u00e9e 2018 a \u00e9t\u00e9 marqu\u00e9e par de s\u00e9rieuses difficult\u00e9s.<br \/>\nDans ce secteur, la situation est tr\u00e8s pr\u00e9occupante aussi bien dans le public que dans le priv\u00e9.<br \/>\nLes plateaux techniques insuffisants, la conscience professionnelle d\u00e9ficitaire, les intrants parfois d\u00e9tourn\u00e9s.<br \/>\nAussi, les profondes r\u00e9formes initi\u00e9es, les actions hardies engag\u00e9es ont-elles soulev\u00e9 des incompr\u00e9hensions.<br \/>\nLeur finalit\u00e9 est pourtant d\u2019am\u00e9liorer de fa\u00e7on significative le syst\u00e8me sanitaire au profit du plus grand nombre de nos populations.<br \/>\nNos actions ont particuli\u00e8rement consist\u00e9 en la lutte sans merci contre les faux m\u00e9dicaments, pour favoriser l\u2019assainissement du sous-secteur pharmaceutique, en la fermeture d\u2019environ un millier de centres de sant\u00e9 priv\u00e9s ill\u00e9gaux et surtout non qualifi\u00e9s, en la r\u00e9forme du service public de la sant\u00e9, afin d\u2019amener les agents de l\u2019Etat \u00e0 se consacrer exclusivement, et pour l\u2019heure, \u00e0 leur mission principale.<br \/>\nAu registre des infrastructures du secteur, la mise en service de l\u2019h\u00f4pital de zone d\u2019Allada, le red\u00e9marrage des travaux de celui de Sav\u00e8, les d\u00e9marches pour la construction de l\u2019h\u00f4pital de zone des 3A (Adjarra, Avrankou, Akpro-Miss\u00e9r\u00e9t\u00e9), et les pr\u00e9alables d\u00e9j\u00e0 accomplis pour la construction de l\u2019h\u00f4pital de r\u00e9f\u00e9rence d\u2019Abomey-Calavi, t\u00e9moignent de nos efforts.<br \/>\nCeux-ci sont soutenus par un vaste programme de r\u00e9habilitation des plateaux techniques existants.<br \/>\nA cet \u00e9gard, un diagnostic d\u2019envergure est d\u00e9j\u00e0 en cours.<br \/>\nC\u2019est dire qu\u2019\u00e0 terme, le secteur de la sant\u00e9 sera totalement mis aux normes pour combler nos attentes.<br \/>\nPendant ce temps, les programmes sociaux comme la prise en charge de la c\u00e9sarienne, du paludisme chez les enfants de moins de 5 ans, de la dialyse ont \u00e9t\u00e9 maintenus.<br \/>\nPlus encore, les soins palliatifs pour les personnes atteintes de maladies graves, sont d\u00e9sormais int\u00e9gr\u00e9s \u00e0 ce paquet de gratuit\u00e9.<br \/>\nMalgr\u00e9 ces acquis, les attentes restent grandes quant \u00e0 l\u2019universalit\u00e9 des soins de sant\u00e9.<br \/>\nA ce propos, je peux vous assurer qu\u2019apr\u00e8s la phase pr\u00e9paratoire qui a \u00e9t\u00e9 plus longue que pr\u00e9vue, la mise en \u0153uvre imminente du Projet Assurance pour le Renforcement du Capital Humain (ARCH), dans son volet Assurance maladie, apportera des r\u00e9ponses claires aux pr\u00e9occupations des populations \u00e0 partir de 2019.<br \/>\nDans cette perspective, les pauvres extr\u00eames et les pauvres non extr\u00eames, premiers b\u00e9n\u00e9ficiaires, dont l\u2019effectif est estim\u00e9 \u00e0 4,2 millions de personnes, ont \u00e9t\u00e9 identifi\u00e9s. D\u2019ores et d\u00e9j\u00e0, 350.000 d\u2019entre eux recevront gratuitement leur carte d\u2019identit\u00e9 biom\u00e9trique dans les prochaines semaines et b\u00e9n\u00e9ficieront de la phase pilote du projet d\u00e8s le premier trimestre 2019, dans les zones sanitaires couvrant Abomey-Calavi et So-Ava, DassaZoum\u00e9 et Glazou\u00e9, Djougou, Ouak\u00e9 et Copargo.<br \/>\nLe projet sera ensuite g\u00e9n\u00e9ralis\u00e9 \u00e0 tous d\u2019ici fin 2019.<br \/>\nNous avons en effet besoin de citoyens en bonne sant\u00e9 pour prendre en charge tous les autres secteurs et celui de l\u2019\u00e9ducation en est un.<br \/>\nDans ce secteur aussi, la situation est apparue bien plus critique que per\u00e7ue.<br \/>\nEn dehors des gr\u00e8ves qui le paralysaient et plombaient les performances des apprenants, l\u2019insuffisance des infrastructures, la nature et la qualit\u00e9 des enseignements dispens\u00e9s, posaient et posent encore probl\u00e8me.<br \/>\nC\u2019est pourquoi, le Gouvernement a initi\u00e9 l\u2019\u00e9valuation des enseignants de la maternelle, du primaire et du secondaire g\u00e9n\u00e9ral avec pour objectif, l\u2019identification et la satisfaction des besoins r\u00e9els de formation, pour de meilleures performances au profit de l\u2019\u00e9cole b\u00e9ninoise.<br \/>\nS\u2019agissant de la maternelle et du primaire en particulier, le Gouvernement a relanc\u00e9 avec pertinence le programme des cantines scolaires.<br \/>\nCelles-ci impactent d\u00e9sormais 537.400 enfants contre 351.000 l\u2019ann\u00e9e derni\u00e8re, avec l\u2019extension du programme \u00e0 1.600 nouvelles \u00e9coles pour compter de l\u2019ann\u00e9e scolaire en cours, soit un taux de couverture de 51% d\u2019\u00e9coles.<br \/>\nPar ailleurs, le Gouvernement a poursuivi et renforc\u00e9 les mesures sociales \u00e0 travers notamment l\u2019exon\u00e9ration des frais de scolarit\u00e9 des \u00e9l\u00e8ves filles du 1er cycle de l\u2019Enseignement secondaire g\u00e9n\u00e9ral et celles inscrites dans la fili\u00e8re industrielle de l\u2019Enseignement technique.<br \/>\nAu total, 245.118 filles ont \u00e9t\u00e9 impact\u00e9es en 2018 pour un co\u00fbt global de 2.490.000.000 FCFA.<br \/>\nDe fa\u00e7on sp\u00e9cifique, dans l\u2019enseignement sup\u00e9rieur public, en dehors de la construction d\u2019infrastructures, l\u2019Etat a respect\u00e9 ses<br \/>\nengagements en proc\u00e9dant \u00e0 l\u2019apurement des arri\u00e9r\u00e9s d\u2019allocations universitaires des ann\u00e9es de 2015 \u00e0 2017, \u00e0 hauteur de 15 milliards de FCFA.<br \/>\nBien plus, gr\u00e2ce \u00e0 la r\u00e9forme des allocations universitaires, le nombre de b\u00e9n\u00e9ficiaires a plus que doubl\u00e9, passant de 14.000 \u00e0 30.000 \u00e9tudiants environ.<br \/>\nDans le m\u00eame ordre d\u2019id\u00e9e, le Gouvernement a assur\u00e9 l\u2019inscription des \u00e9tudiants handicap\u00e9s dans des \u00e9coles et centres de formation professionnelle.<br \/>\nMais l\u2019am\u00e9lioration des r\u00e9alit\u00e9s du secteur sera plus manifeste avec la cr\u00e9ation prochaine de l\u2019Agence B\u00e9ninoise pour l\u2019Assurance Qualit\u00e9 de l\u2019Enseignement Sup\u00e9rieur, l\u2019ouverture progressive des Instituts Universitaires d\u2019enseignement professionnel, et surtout l\u2019installation imminente du Conseil<br \/>\nNational de l\u2019Education (CNE) nouvelle g\u00e9n\u00e9ration, dont le processus de d\u00e9signation des membres est en cours.<br \/>\nA c\u00f4t\u00e9 des jeunes en formation, qu\u2019en est-il de la cat\u00e9gorie de ceux qui ne sont plus dans le syst\u00e8me \u00e9ducatif, et qui ont besoin d\u2019accompagnement financier pour s\u2019\u00e9manciper ?<br \/>\nA leur profit, les divers programmes sociaux ont \u00e9t\u00e9 poursuivis, notamment le financement de projets bancables, les microcr\u00e9dits nouvelle g\u00e9n\u00e9ration et la finance digitale dont la phase pilote a \u00e9t\u00e9 un succ\u00e8s, balisant ainsi le chemin \u00e0 sa g\u00e9n\u00e9ralisation.<br \/>\nToutes ces mesures ont \u00e9t\u00e9 renforc\u00e9es par diverses autres actions sectorielles ou transversales.<br \/>\nAinsi, au chapitre des infrastructures routi\u00e8res, les statistiques s\u2019am\u00e9liorent de plus en plus, gr\u00e2ce aux nombreux chantiers ouverts \u00e0 travers le pays.<\/p>\n<p>Notre d\u00e9marche exige des ouvrages de grande qualit\u00e9 pour en garantir la durabilit\u00e9.<br \/>\nC\u2019est le lieu de souligner que les grands travaux routiers se sont poursuivis au cours de l\u2019ann\u00e9e, \u00e0 un rythme globalement appr\u00e9ciable.<br \/>\nCes travaux portent sur un lin\u00e9aire total de 1.262 km et nous pouvons nous f\u00e9liciter des retomb\u00e9es \u00e9conomiques qu\u2019ils g\u00e9n\u00e8rent d\u00e9j\u00e0 au profit des populations.<br \/>\nLa m\u00eame attention a \u00e9t\u00e9 accord\u00e9e aux pistes rurales dans nos communes, pour faciliter les d\u00e9placements des populations et surtout le convoyage de leurs productions vers les march\u00e9s.<br \/>\nAinsi, les travaux d\u2019entretien ont concern\u00e9 plus de 11.000 km de pistes rurales au titre de l\u2019ann\u00e9e 2018.<br \/>\nCette anticipation que nos compatriotes des campagnes appr\u00e9cient \u00e0 juste titre, sera r\u00e9\u00e9dit\u00e9e au cours des ann\u00e9es \u00e0 venir, comme seront poursuivis, l\u2019am\u00e9nagement et le bitumage de grands axes routiers.<br \/>\nCe sera par exemple le cas des axes Djougou \u2013 P\u00e9hunco \u2013 K\u00e9rou<br \/>\n\u2013 Banikoara, dont l\u2019appel d\u2019offres sera lanc\u00e9 au cours des prochaines semaines ; Aplahou\u00e9-D\u00e9v\u00e8-Lokossa dont l\u2019adjudication a d\u00e9j\u00e0 \u00e9t\u00e9 prononc\u00e9e ; et bien d\u2019autres encore pour soulager les peines des usagers.<br \/>\nAm\u00e9liorer le cadre de vie des populations a \u00e9galement \u00e9t\u00e9 une pr\u00e9occupation majeure du Gouvernement au cours de cette ann\u00e9e.<br \/>\nDans ce domaine o\u00f9 les travaux d\u2019am\u00e9nagement urbain ont jusqu\u2019ici \u00e9t\u00e9 faits par petits bouts, nous avons engag\u00e9 un programme historique pour assainir notre environnement et am\u00e9liorer le cadre de vie.<br \/>\nC\u2019est ainsi que les travaux de la premi\u00e8re phase du Projet Asphaltage ont effectivement d\u00e9marr\u00e9 et ceux qui d\u00e9sesp\u00e9raient de les voir peuvent maintenant appr\u00e9cier leur r\u00e9alit\u00e9.<br \/>\nA ces chantiers qui vont embellir nos villes et faciliter la mobilit\u00e9 de leurs habitants, s\u2019associe le Programme d\u2019Assainissement pluvial de la ville de Cotonou dont les engagements financiers de 238 milliards de FCFA couvrent les besoins exprim\u00e9s.<br \/>\nGr\u00e2ce \u00e0 ce programme, la crise des inondations dans la ville sera jugul\u00e9e.<br \/>\nEn outre, pour optimiser les retomb\u00e9es du projet Asphaltage, le Gouvernement a engag\u00e9 le grand programme de ramassage et de traitement des ordures afin de sortir d\u00e9finitivement de la malpropret\u00e9, les villes du Grand Nokou\u00e9 : Porto-Novo, S\u00e8m\u00e8Podji, Cotonou, Abomey-Calavi et Ouidah.<br \/>\nAinsi, sur pr\u00e9financement de l\u2019Etat, ce programme entrera en vigueur d\u00e8s 2019.<br \/>\nMais d\u00e9j\u00e0, en vue de pr\u00e9server l\u2019int\u00e9grit\u00e9 de notre territoire, nous avons sans tarder, initi\u00e9 les travaux de la deuxi\u00e8me phase du projet de protection de la C\u00f4te \u00e0 l\u2019Est de Cotonou.<br \/>\nEn un an \u00e0 peine, les r\u00e9sultats sont remarquables puisqu\u2019en plus de prot\u00e9ger la c\u00f4te, nous avons r\u00e9ussi \u00e0 faire reculer la mer en draguant 1.500.000 m3 de sable pour recr\u00e9er de la plage l\u00e0 o\u00f9 elle avait disparu.<br \/>\nCette prouesse a mis fin au d\u00e9sarroi des populations riveraines qui, il y a peu encore, ne savaient \u00e0 quel saint se vouer.<br \/>\nLe d\u00e9sarroi, il est perceptible aussi \u00e0 Avl\u00e9k\u00e9t\u00e9 et environs.<br \/>\nMais depuis le 6 d\u00e9cembre 2018, il a fait place \u00e0 l\u2019espoir puisque nous y avons lanc\u00e9 les travaux de protection de la section centre de la c\u00f4te.<br \/>\nLe d\u00e9sarroi, c\u2019est encore ce sentiment qui anime nos compatriotes de Grand-Popo qui subissent les m\u00eames affres de la mer.<br \/>\nJe veux ici les rassurer.<br \/>\nJe veux leur dire que les travaux de protection des 23 km de la section ouest de notre c\u00f4te, allant de Hillacondji \u00e0 la Bouche du Roy seront lanc\u00e9s en 2019.<\/p>\n<p>Les financements sont d\u00e9j\u00e0 mobilis\u00e9s \u00e0 cet effet.<br \/>\nToutes ces actions, qui impactent nos communes, ont \u00e9t\u00e9 r\u00e9alis\u00e9es ou engag\u00e9es dans le respect des r\u00e8gles de la d\u00e9centralisation.<br \/>\nUne d\u00e9centralisation que nous voulons plus pertinente et productive de r\u00e9sultats au profit des populations.<br \/>\nAussi avons-nous accompagn\u00e9 la signature d\u2019une Convention de partenariat entre l\u2019Association des Elu(e)s Fran\u00e7ais(es) d\u2019origine b\u00e9ninoise et l\u2019Association nationale des Communes du B\u00e9nin.<br \/>\nCe partenariat vise \u00e0 favoriser le partage d\u2019exp\u00e9riences entre nos fr\u00e8res \u00e9lus en France et les dirigeants de nos communes, afin d\u2019am\u00e9liorer leur gestion.<br \/>\nCes communes sont essentiellement rurales.<br \/>\nElles sont donc le th\u00e9\u00e2tre par excellence de la mutation qualitative de notre agriculture dont les rendements sont en pleine croissance et dont la contribution au PIB s\u2019am\u00e9liore.<\/p>\n<p>Nos efforts collectifs ont, en effet, permis de r\u00e9aliser des performances agricoles in\u00e9dites aussi bien pour les produits d\u2019exportation que pour les vivriers, le ma\u00efs, le riz et le coton notamment.<br \/>\nJe veux aussi mettre en lumi\u00e8re ici, le retour de notre ananas sur le march\u00e9 europ\u00e9en, parce que nous avons r\u00e9ussi \u00e0 lever les contraintes pour le conformer d\u00e9sormais aux normes exig\u00e9es.<br \/>\nMais les agriculteurs ont besoin d\u2019\u00eatre mieux organis\u00e9s et reconnus.<br \/>\nC\u2019est la raison d\u2019\u00eatre du Programme National de<br \/>\nD\u00e9veloppement Agricole en cours de mise en \u0153uvre.<br \/>\nLa m\u00eame logique vaut pour les artisans dont le recensement est d\u00e9j\u00e0 ordonn\u00e9, et qui trouveront un cadre propice d\u2019expression dans les Chambres des M\u00e9tiers de l\u2019Artisanat qui seront install\u00e9es en 2019.<br \/>\nAu total, au plan socio\u00e9conomique, les r\u00e9formes et actions ont d\u00e9j\u00e0 eu pour effet, la cr\u00e9ation d\u2019environ 200.000 emplois directs et indirects.<br \/>\nCependant, nous sommes encore loin du plein emploi et, de ce point de vue, les attentes des jeunes sont l\u00e9gitimes.<br \/>\nC\u2019est pourquoi l\u2019assainissement des finances publiques se poursuit pour d\u00e9gager plus de ressources au profit des investissements productifs et des projets sociaux.<\/p>\n<p>Monsieur le Pr\u00e9sident de l\u2019Assembl\u00e9e nationale,<br \/>\nMesdames et Messieurs les D\u00e9put\u00e9s,<br \/>\nVenons-en justement \u00e0 l\u2019assainissement des finances publiques.<br \/>\nC\u2019est un domaine dans lequel l\u2019action du Gouvernement a provoqu\u00e9 beaucoup de grincements de dents, de la part des agents publics comme de prestataires de l\u2019Etat.<br \/>\nEt pour cause, avec la volont\u00e9 du Gouvernement de mettre fin \u00e0 la gestion approximative des finances publiques, de mener une lutte implacable contre la fraude et l\u2019\u00e9vasion fiscale, de d\u00e9mat\u00e9rialiser les proc\u00e9dures, dans un contexte o\u00f9 le ma\u00eetremot \u00e9tait le laxisme et les compromissions de toutes sortes, il va sans dire que toute action visant \u00e0 instaurer la rigueur et la transparence, est forc\u00e9ment per\u00e7ue comme trop contraignante.<br \/>\nCette m\u00eame volont\u00e9 d\u2019assainissement s\u2019est manifest\u00e9e relativement aux entreprises publiques.<\/p>\n<p>G\u00e9n\u00e9ralement infest\u00e9es depuis de longues ann\u00e9es par une mauvaise gestion caract\u00e9ris\u00e9e, sans souci de rentabilit\u00e9 pour l\u2019Etat, nombre de ces entreprises se trouvaient, de fait, dans un \u00e9tat de d\u00e9liquescence av\u00e9r\u00e9e.<br \/>\nLogiquement, il ne restait qu\u2019\u00e0 les liquider ou \u00e0 en changer le mode de gestion.<br \/>\nCe ne fut donc pas de gait\u00e9 de c\u0153ur que les d\u00e9cisions de liquidation de certaines d\u2019entre elles ont \u00e9t\u00e9 prises, mais par n\u00e9cessit\u00e9.<br \/>\nNos compatriotes ne les ont pas souvent comprises.<br \/>\nComme les agents de l\u2019Etat et autres collaborateurs externes de l\u2019Etat n\u2019ont pas compris la politique de r\u00e9duction du train de vie de l\u2019Administration publique.<br \/>\nTout ceci a eu pour effet de favoriser, en lien avec l\u2019am\u00e9lioration de la gouvernance, une meilleure mobilisation des ressources int\u00e9rieures et de valoir \u00e0 notre pays des appr\u00e9ciations positives de la part des bailleurs de fonds et des institutions internationales sp\u00e9cialis\u00e9es.<br \/>\nAu plan de la gouvernance, apr\u00e8s des ann\u00e9es de pilotage \u00e0 vue, la culture de la rigueur pr\u00f4n\u00e9e par le Gouvernement permet d\u2019entrevoir le r\u00e9tablissement progressif du respect de la chose publique.<br \/>\nEn effet, s\u2019il est vrai que les niveaux de performance absolue ne sont pas encore atteints, il y a lieu de consid\u00e9rer, cependant, que des avanc\u00e9es louables ont \u00e9t\u00e9 enregistr\u00e9es.<br \/>\nPour ce faire, il a fallu, entre autres, faire preuve de volont\u00e9 et de d\u00e9termination \u00e0 toute \u00e9preuve pour ouvrir le front de la lutte contre la corruption et contre l\u2019impunit\u00e9.<br \/>\nAucun secteur n\u2019y a \u00e9chapp\u00e9.<br \/>\nAucune cat\u00e9gorie de citoyens non plus : fonctionnaires de tous secteurs, acteurs politiques de toutes ob\u00e9diences, op\u00e9rateurs \u00e9conomiques, pauvres, riches, jeunes et vieux ont \u00e9t\u00e9 amen\u00e9s \u00e0 r\u00e9pondre de leurs actes.<br \/>\nComment ne pas \u00e9voquer sur ce registre, au titre des r\u00e9formes l\u00e9gislatives majeures, la cr\u00e9ation de la Cour de R\u00e9pression des Infractions Economiques et du Terrorisme (CRIET), qui se r\u00e9v\u00e8le \u00eatre un pr\u00e9cieux instrument de lutte contre la corruption et dont le travail de salubrit\u00e9 que nous pouvons tous observer renseigne qu\u2019elle manquait \u00e0 l\u2019\u00e9difice juridictionnel de notre pays ?<br \/>\nOh ! j\u2019entends bien que dans ce domaine, l\u2019unanimit\u00e9 ne peut \u00eatre faite tant nous cessons d\u2019\u00eatre d\u2019accord d\u00e8s que l\u2019un des n\u00f4tres se trouve \u00e9pingl\u00e9.<br \/>\nA fortiori, quand c\u2019est soi-m\u00eame.<br \/>\nEn effet, chacun voudrait bien que cette action ne l\u2019atteigne jamais, ni directement, ni indirectement.<br \/>\nUne telle logique, humainement compr\u00e9hensible du reste, exige simplement de chacun de renoncer au vice pour \u00e9pouser la vertu.<br \/>\nDans tous les cas, nous le savons tous maintenant, le Gouvernement est d\u00e9cid\u00e9 \u00e0 garder le cap et \u00e0 assainir d\u00e9finitivement la gouvernance.<br \/>\nL\u2019une des preuves les plus \u00e9loquentes de ce que nous sommes sur la bonne voie, c\u2019est le classement 2018 de l\u2019Indice Mo Ibrahim de la Gouvernance en Afrique (IIAG), l\u2019un des barom\u00e8tres de l\u2019\u00e9tat du continent, au terme duquel le B\u00e9nin se situe dans le top 3 des pays de la CEDEAO.<br \/>\nAutant de preuves s\u2019il en fallait encore, que notre combat dans ce domaine est totalement justifi\u00e9.<br \/>\nNotre d\u00e9termination \u00e0 r\u00e9ussir nous oblige davantage \u00e0 accentuer notre marche vers la d\u00e9mat\u00e9rialisation de l\u2019administration publique pour l\u2019arrimer au train de la modernit\u00e9 et favoriser des performances plus efficientes au profit de ses usagers.<br \/>\nAinsi, les agents de l\u2019Etat appr\u00e9cient d\u00e9j\u00e0 hautement de pouvoir consulter leur situation administrative, de suivre leur carri\u00e8re sans avoir \u00e0 se d\u00e9placer.<br \/>\nOn peut d\u00e9sormais donc, depuis n\u2019importe quel endroit du pays, suivre le d\u00e9roulement de sa carri\u00e8re via une plateforme d\u00e9di\u00e9e.<br \/>\nCette politique de d\u00e9mat\u00e9rialisation et de digitalisation est, elle-<br \/>\nm\u00eame, port\u00e9e par notre ambition dans le domaine de l\u2019\u00e9conomie num\u00e9rique.<br \/>\nA ce propos, on retiendra surtout que la phase 2 du projet de d\u00e9ploiement de la fibre optique s\u2019est poursuivie tout au long de l\u2019ann\u00e9e, pour la rapprocher des populations avec une meilleure offre d\u2019internet haut d\u00e9bit.<br \/>\nOn retiendra aussi que la T\u00e9l\u00e9vision Num\u00e9rique Terrestre<br \/>\n(TNT) est aujourd\u2019hui une r\u00e9alit\u00e9 car, quatre sites enti\u00e8rement achev\u00e9s permettent d\u00e9j\u00e0 \u00e0 quelques-uns d\u2019en b\u00e9n\u00e9ficier en attendant sa g\u00e9n\u00e9ralisation.<br \/>\nEnfin, le projet d\u2019administration intelligente (SMART GOUV) se d\u00e9ploie progressivement, soutenu par les diff\u00e9rentes agences d\u00e9di\u00e9es au d\u00e9veloppement du num\u00e9rique.<\/p>\n<p>Mesdames et Messieurs les D\u00e9put\u00e9s,<br \/>\nL\u2019assainissement ne s\u2019est pas seulement limit\u00e9 aux finances publiques et \u00e0 la gouvernance \u00e9conomique.<br \/>\nIl a \u00e9galement pris en compte le syst\u00e8me politique jusqu\u2019ici marqu\u00e9 par une multiplication \u00e0 outrance des partis et, partant, leur inaptitude \u00e0 animer r\u00e9ellement le d\u00e9bat politique.<br \/>\nAu plan l\u00e9gislatif en effet, l\u2019ann\u00e9e 2018 a \u00e9t\u00e9 marqu\u00e9e par des r\u00e9formes majeures mises en \u0153uvre et d\u2019initiative partag\u00e9e entre le Parlement et le Gouvernement, en vue de la mise en place progressive d\u2019un cadre institutionnel et d\u00e9mocratique plus \u00e9quilibr\u00e9.<br \/>\nJe m\u2019en voudrais donc, Mesdames et Messieurs les D\u00e9put\u00e9s, de ne pas saluer votre engagement et votre contribution hautement appr\u00e9ciables.<br \/>\nAu nombre de ces r\u00e9formes, figure le vote des lois portant respectivement charte des partis politiques et code \u00e9lectoral en R\u00e9publique du B\u00e9nin.<br \/>\nSi la premi\u00e8re a d\u00e9j\u00e0 commenc\u00e9 \u00e0 produire ses effets, avec la recomposition qualitative amorc\u00e9e du paysage politique, ceux de la seconde seront mis en \u00e9vidence \u00e0 l\u2019occasion des \u00e9lections<br \/>\nl\u00e9gislatives de l\u2019ann\u00e9e prochaine, pour lesquelles mon Gouvernement jouera pleinement sa partition.<br \/>\nC\u2019est le lieu de rappeler que les dysfonctionnements qui caract\u00e9risaient notre syst\u00e8me politique avaient des impacts n\u00e9gatifs \u00e9vidents sur l\u2019ensemble de notre syst\u00e8me sociopolitique voire \u00e9conomique.<br \/>\nD\u00e9sormais donc, l\u2019action politique sera plus homog\u00e8ne et plus pr\u00e9visible.<br \/>\nLes partis politiques r\u00e9pondront, mieux que par le pass\u00e9, \u00e0 leurs obligations constitutionnelles et l\u00e9gales.<br \/>\nNotre pays avance ainsi inexorablement vers la rationalisation de son paysage politique.<br \/>\nLe tout, sans remettre en cause le multipartisme int\u00e9gral que nous ch\u00e9rissons tant, mais juste en l\u2019encadrant de conditions objectives de repr\u00e9sentativit\u00e9.<br \/>\nCe faisant, nos populations d\u00e9sesp\u00e9reront moins de la classe politique.<br \/>\nElles savent dor\u00e9navant que la d\u00e9mocratie, c\u2019est moins la prolif\u00e9ration des partis politiques que la promotion d\u2019id\u00e9ologies et de projets de soci\u00e9t\u00e9 visant \u00e0 am\u00e9liorer leur quotidien.<br \/>\nElles savent aussi qu\u2019\u00e0 l\u2019avenir, nos institutions politiques fonctionneront de mani\u00e8re plus harmonieuse.<br \/>\nTout ceci cr\u00e9dibilise davantage notre pays dont l\u2019am\u00e9lioration de l\u2019environnement des affaires, d\u00e9j\u00e0 perceptible, s\u2019en ressentira davantage.<\/p>\n<p>Monsieur le Pr\u00e9sident de l\u2019Assembl\u00e9e nationale,<br \/>\nMesdames et Messieurs les D\u00e9put\u00e9s,<br \/>\nGr\u00e2ce aux r\u00e9formes engag\u00e9es, notre pays \u00e9volue \u00e0 grand pas vers le respect des principaux standards internationaux \u00e0 travers la mise en place d\u2019outils appropri\u00e9s.<br \/>\nToute chose favorable au climat des affaires et \u00e0 la promotion des investissements.<br \/>\nPlus concr\u00e8tement, les r\u00e9formes ont permis de relancer effectivement notre \u00e9conomie.<br \/>\nEn t\u00e9moigne l\u2019\u00e9volution du taux de croissance, pass\u00e9 de 2,1% en 2015 \u00e0 6,5% au moins en 2018.<br \/>\nCette tendance haussi\u00e8re irr\u00e9versible permettra indubitablement \u00e0 notre pays de franchir, en 2019, le seuil de 7%, n\u00e9cessaire pour engager durablement une r\u00e9duction de la pauvret\u00e9.<br \/>\nCette performance est de plus en plus salu\u00e9e par plusieurs partenaires internationaux ainsi que le soulignent :<br \/>\n&#8211; les rapports de satisfecit du Fonds Mon\u00e9taire International qui, tout en cr\u00e9dibilisant notre pays, lui ouvrent les portes pour la mobilisation des ressources n\u00e9cessaires \u00e0 la mise en \u0153uvre de son programme de d\u00e9veloppement ; et<br \/>\n&#8211; la notation B+ stable de l\u2019agence internationale de notation financi\u00e8re Standard &amp; Poor&rsquo;s, qui permet \u00e0 notre pays de se hisser dans le peloton de t\u00eate des pays les mieux not\u00e9s et les plus stables en Afrique.<br \/>\nPar ailleurs, selon l\u2019\u00e9valuation des politiques et des institutions nationales, faite par la Banque Mondiale, le B\u00e9nin obtient une note globale sup\u00e9rieure \u00e0 la moyenne des pays d\u2019Afrique Subsaharienne.<br \/>\nDans tous les domaines de politique, notre pays fait mieux que la moyenne des pays dans cette zone.<br \/>\nIl en est de m\u00eame pour l\u2019indice de performance de la logistique (LPI), l\u2019indicateur de la Banque Mondiale qui refl\u00e8te les perceptions relatives \u00e0 la logistique d&rsquo;un pays.<br \/>\nIci, notre pays a fait un bon de 39 positions entre 2016 et 2018, en passant de la 115\u00e8me \u00e0 la 76\u00e8meplace au plan mondial, devenant ainsi le 2\u00e8me de la CEDEAO.<br \/>\nCette \u00e9volution remarquable montre bien la pertinence des actions et r\u00e9formes engag\u00e9es au niveau de notre cha\u00eene logistique, notamment au Port Autonome de Cotonou, sur les corridors et au niveau de notre administration douani\u00e8re.<br \/>\nQuant aux indicateurs socio\u00e9conomiques, les performances sont tout autant visibles pour le d\u00e9veloppement du capital humain, en lien avec les actions engag\u00e9es pour r\u00e9former notre syst\u00e8me de sant\u00e9 et d\u2019\u00e9ducation.<br \/>\nSelon l\u2019indice du capital humain de la Banque Mondiale, le B\u00e9nin est class\u00e9 2\u00e8me dans l\u2019espace CEDEAO.<br \/>\nDiverses autres actions de r\u00e9forme ont \u00e9t\u00e9 engag\u00e9es pour l\u2019am\u00e9lioration du climat des affaires, parmi lesquelles le renforcement du cadre juridique et judiciaire pour s\u00e9curiser les investissements, la simplification des d\u00e9marches en vue de l\u2019agr\u00e9ment aux r\u00e9gimes privil\u00e9gi\u00e9s du Code des Investissements, l\u2019op\u00e9rationnalisation des tribunaux de commerce et la r\u00e9forme du code des Investissements pour le rendre plus attractif, la r\u00e9forme de l\u2019Agence pour la Promotion des Importations et des Exportations (APIEX) pour en faire le guichet unique d\u2019accueil des investisseurs au B\u00e9nin.<br \/>\nLes effets positifs de ces diff\u00e9rentes r\u00e9formes sont illustr\u00e9s par plusieurs indicateurs et classements internationaux, notamment le classement de \u00ab Doing Business 2018 \u00bb, qui a relev\u00e9 que \u00ab le B\u00e9nin a am\u00e9lior\u00e9 sa r\u00e9glementation des affaires \u00bb, quoique des efforts doivent encore \u00eatre faits.<br \/>\nAu soutien de ces performances et en vue de faire jouer pleinement aux entreprises nationales leur partition, le Gouvernement a transmis \u00e0 votre auguste Assembl\u00e9e un projet de loi sur la promotion et le d\u00e9veloppement des micro, petites et moyennes entreprises.<br \/>\nPlus encore, il travaille actuellement \u00e0 la mise en place d\u2019un m\u00e9canisme de financement propre \u00e0 faciliter leur d\u00e9veloppement et \u00e0 encourager l\u2019innovation.<\/p>\n<p>Mesdames et Messieurs les D\u00e9put\u00e9s,<br \/>\nAu chapitre de ses relations avec le reste du monde, le B\u00e9nin, mieux que par le pass\u00e9, attire de plus en plus positivement l\u2019attention sur lui.<br \/>\nNos compatriotes retrouvent de la fiert\u00e9 quant \u00e0 la qualit\u00e9 de la repr\u00e9sentation de notre pays dans les rencontres internationales. La qualit\u00e9 de la gouvernance, la pertinence des prises de position du B\u00e9nin, lui valent ce regain d\u2019int\u00e9r\u00eat.<br \/>\nLa vitalit\u00e9 de notre diplomatie peut aujourd\u2019hui s\u2019appr\u00e9cier \u00e0 l\u2019aune de son repositionnement sur la sc\u00e8ne internationale.<br \/>\nNotre s\u00e9lection parmi cinq pays dans le monde, pour b\u00e9n\u00e9ficier de l\u2019Initiative de soutien aux Objectifs de D\u00e9veloppement Durable (ODD), la r\u00e9ponse positive de la France, visant \u00e0 nous restituer des \u0153uvres d\u2019art historiques, ach\u00e8vent de convaincre de ce retour au premier plan.<\/p>\n<p>Cette annonce de restitution d\u2019\u0153uvres d\u2019art en particulier, l\u2019on a pu se rendre compte \u00e0 quel point elle a enthousiasm\u00e9 le peuple b\u00e9ninois.<br \/>\nA terme, ces \u0153uvres dont la valeur historique, spirituelle et culturelle est inestimable seront, \u00e0 n\u2019en point douter, de v\u00e9ritables attractions touristiques.<br \/>\nMais d\u2019ici \u00e0 l\u00e0, notre action dans ce domaine a permis de r\u00e9nover totalement le parc Pendjari qui est redevenu une attraction et draine un nombre sans cesse croissant de touristes.<br \/>\nLes travaux de construction de mus\u00e9es modernes seront lanc\u00e9s en 2019.<br \/>\nUne fois achev\u00e9s, ils contribueront \u00e0 faire de notre pays, une destination pris\u00e9e et vue.<br \/>\nEn cela, nos sportifs ont un r\u00f4le non n\u00e9gligeable \u00e0 jouer, tant leur rayonnement peut contribuer \u00e0 la visibilit\u00e9 du pays.<br \/>\nQu\u2019il me soit donc permis ici, de me r\u00e9jouir avec vous de leurs performances de plus en plus remarquables dans toutes les disciplines.<br \/>\nNotre pays sort enfin de la philosophie de la simple participation aux comp\u00e9titions, pour commencer \u00e0 exceller.<br \/>\nLes r\u00e9sultats positifs s\u2019inscrivent dans une perspective durable et non plus conjoncturelle.<br \/>\nNotre subvention accrue aux f\u00e9d\u00e9rations sportives, la politique que nous d\u00e9ployons pour le financement du sport par les grandes soci\u00e9t\u00e9s, l\u2019institution des classes sportives et des classes culturelles, l\u2019institution des associations sportives communales, la construction des stades omnisports communaux dont 22 ont \u00e9t\u00e9 d\u00e9j\u00e0 lanc\u00e9s cette ann\u00e9e, sont de nature \u00e0 soutenir cette dynamique positive.<br \/>\nDynamique qui sous-tend aussi notre qu\u00eate de lendemains meilleurs.<\/p>\n<p>Monsieur le Pr\u00e9sident de l\u2019Assembl\u00e9e nationale,<br \/>\nMesdames et Messieurs les D\u00e9put\u00e9s,<br \/>\nComme nous le constatons, les fondations pour un d\u00e9veloppement \u00e9conomique et social harmonieux de notre pays se consolident, gr\u00e2ce aux efforts et sacrifices consentis par nous tous.<br \/>\nMais nous devons redoubler d\u2019ardeur pour acc\u00e9l\u00e9rer le processus.<br \/>\nAussi voudrais-je compter davantage sur les talents et le dynamisme de notre peuple pour nourrir l\u2019espoir d\u2019un B\u00e9nin qui se m\u00e9tamorphose positivement pour le bonheur de tous.<br \/>\nEn effet, au regard du niveau d\u2019assainissement atteint en moins de trois ans, avec les nouveaux r\u00e9flexes vertueux qui font leur retour, fort des programmes sociaux en cours de mise en \u0153uvre, notre pays offrira de plus en plus les meilleures conditions de vie \u00e0 ses filles et ses fils.<br \/>\nCe sera d\u00e9j\u00e0 le cas pour les 20% de notre population, soit plus de 2 millions de personnes, qui n\u2019ont pas d\u2019acte de naissance.<br \/>\nGr\u00e2ce au projet d\u2019enregistrement d\u00e9rogatoire \u00e0 l\u2019\u00e9tat civil, ils cesseront d\u2019\u00eatre des citoyens enti\u00e8rement \u00e0 part, pour devenir des citoyens \u00e0 part enti\u00e8re.<br \/>\nIls pourront alors envisager l\u2019avenir avec moins d\u2019anxi\u00e9t\u00e9 et plus d\u2019assurance.<br \/>\nCitoyens, c\u2019est \u00e0 ce titre que nous serons appel\u00e9s aux urnes dans quelques semaines, pour d\u00e9signer nos d\u00e9put\u00e9s, ceux de la 8\u00e8me l\u00e9gislature.<br \/>\nJe voudrais d\u2019ores et d\u00e9j\u00e0 nous inviter \u00e0 transcender, le moment venu, nos passions pour faire de ces consultations, un moment de convivialit\u00e9.<br \/>\nC\u2019est ainsi que nous continuerons \u00e0 perp\u00e9tuer la bonne r\u00e9putation de notre processus d\u00e9mocratique.<br \/>\nCar, ce que la R\u00e9publique attend de nous, ce n\u2019est pas d\u2019avoir raison individuellement.<br \/>\nC\u2019est d\u2019avoir raison collectivement, historiquement, en tant que peuple, en tant que nation.<br \/>\nMais la R\u00e9publique, c\u2019est aussi l\u2019enfant qui vient de na\u00eetre pendant que je vous parle, c\u2019est l\u2019artisan, c\u2019est l\u2019agriculteur, c\u2019est la vendeuse du march\u00e9, c\u2019est l\u2019artiste, c\u2019est le riche, c\u2019est le pauvre, c\u2019est le travailleur comme c\u2019est celui qui est en qu\u00eate d\u2019emploi ; c\u2019est vous et moi.<br \/>\nPour nous tous, le meilleur est toujours possible.<br \/>\nIl est au bout de nos efforts conjugu\u00e9s.<br \/>\nC\u2019est pourquoi, nous ne devons pas nous contenter des bonnes appr\u00e9ciations de la communaut\u00e9 internationale, pas plus que des effets de plus en plus visibles de notre action.<br \/>\nCe sont simplement autant de signes que nous tenons le bon bout, que nous devons poursuivre nos efforts pour qu\u2019\u00e0 terme, les investissements de survie c\u00e8dent la place investissements de confort.<br \/>\nCar, quand on se retrouve dans une situation o\u00f9 tout est prioritaire, les premi\u00e8res priorit\u00e9s sont celles de survie.<br \/>\nCe n\u2019est qu\u2019apr\u00e8s que les secondes permettent d\u2019am\u00e9liorer le quotidien.<br \/>\nPour ma part, je reste convaincu que notre effort commun nous permettra de passer des premi\u00e8res priorit\u00e9s aux secondes en peu de temps.<br \/>\nJe poursuivrai donc avec cette conviction et le soutien de chacun, cette \u0153uvre exaltante au service de notre pays et au b\u00e9n\u00e9fice de tous.<br \/>\nEnfin, je ne saurais terminer mon propos sans vous remercier, Mesdames et Messieurs les D\u00e9put\u00e9s toutes tendances confondues, pour l\u2019accompagnement dont mon Gouvernement a b\u00e9n\u00e9fici\u00e9, attest\u00e9 une fois encore par le vote, la semaine derni\u00e8re, du budget g\u00e9n\u00e9ral de l\u2019Etat exercice 2019.<br \/>\nSon ex\u00e9cution nous permettra de poursuivre l\u2019\u0153uvre de construction nationale dont nous avons la responsabilit\u00e9 et que je m\u2019emploierai \u00e0 conduire avec d\u00e9termination et honneur.<br \/>\nVive la R\u00e9publique,<br \/>\nVive le B\u00e9nin,<br \/>\nJe vous remercie.<\/p>\n<\/div>\n\t\t<\/div><\/div><\/div><div id=\"pgc-2655-2-2\"  class=\"panel-grid-cell panel-grid-cell-empty\" ><\/div><\/div><\/div>","protected":false},"excerpt":{"rendered":"<p>Message du Pr\u00e9sident de la R\u00e9publique, Chef de l\u2019Etat, Chef du Gouvernement,  sur l\u2019\u00e9tat de la Nation<\/p>\n","protected":false},"author":10,"featured_media":0,"comment_status":"open","ping_status":"open","sticky":false,"template":"","format":"standard","meta":{"footnotes":""},"categories":[29],"tags":[],"class_list":["post-2655","post","type-post","status-publish","format-standard","hentry","category-actualites"],"_links":{"self":[{"href":"https:\/\/assemblee-nationale.bj\/index.php\/wp-json\/wp\/v2\/posts\/2655","targetHints":{"allow":["GET"]}}],"collection":[{"href":"https:\/\/assemblee-nationale.bj\/index.php\/wp-json\/wp\/v2\/posts"}],"about":[{"href":"https:\/\/assemblee-nationale.bj\/index.php\/wp-json\/wp\/v2\/types\/post"}],"author":[{"embeddable":true,"href":"https:\/\/assemblee-nationale.bj\/index.php\/wp-json\/wp\/v2\/users\/10"}],"replies":[{"embeddable":true,"href":"https:\/\/assemblee-nationale.bj\/index.php\/wp-json\/wp\/v2\/comments?post=2655"}],"version-history":[{"count":6,"href":"https:\/\/assemblee-nationale.bj\/index.php\/wp-json\/wp\/v2\/posts\/2655\/revisions"}],"predecessor-version":[{"id":2661,"href":"https:\/\/assemblee-nationale.bj\/index.php\/wp-json\/wp\/v2\/posts\/2655\/revisions\/2661"}],"wp:attachment":[{"href":"https:\/\/assemblee-nationale.bj\/index.php\/wp-json\/wp\/v2\/media?parent=2655"}],"wp:term":[{"taxonomy":"category","embeddable":true,"href":"https:\/\/assemblee-nationale.bj\/index.php\/wp-json\/wp\/v2\/categories?post=2655"},{"taxonomy":"post_tag","embeddable":true,"href":"https:\/\/assemblee-nationale.bj\/index.php\/wp-json\/wp\/v2\/tags?post=2655"}],"curies":[{"name":"wp","href":"https:\/\/api.w.org\/{rel}","templated":true}]}}