
{"id":2683,"date":"2019-01-07T20:53:31","date_gmt":"2019-01-07T19:53:31","guid":{"rendered":"https:\/\/assemblee-nationale.bj\/?p=2683"},"modified":"2019-01-08T11:21:07","modified_gmt":"2019-01-08T10:21:07","slug":"presentation-de-voeux-aux-deputes-par-le-president-de-lassemblee-nationale","status":"publish","type":"post","link":"https:\/\/assemblee-nationale.bj\/index.php\/2019\/01\/07\/presentation-de-voeux-aux-deputes-par-le-president-de-lassemblee-nationale\/","title":{"rendered":"Pr\u00e9sentation de v\u0153ux 2019 aux D\u00e9put\u00e9s par le Pr\u00e9sident de l&rsquo;Assembl\u00e9e Nationale"},"content":{"rendered":"<div id=\"pl-2683\"  class=\"panel-layout\" ><div id=\"pg-2683-0\"  class=\"panel-grid panel-no-style\" ><div id=\"pgc-2683-0-0\"  class=\"panel-grid-cell\" ><div id=\"panel-2683-0-0-0\" class=\"so-panel widget widget_text panel-first-child panel-last-child\" data-index=\"0\" ><div class=\"panel-widget-style panel-widget-style-for-2683-0-0-0\" >\t\t\t<div class=\"textwidget\"><p><strong>Pr\u00e9sentation de v\u0153ux 2019 aux D\u00e9put\u00e9s par le Pr\u00e9sident de l&rsquo;Assembl\u00e9e Nationale <\/strong><\/p>\n<\/div>\n\t\t<\/div><\/div><\/div><\/div><div id=\"pg-2683-1\"  class=\"panel-grid panel-no-style\" ><div id=\"pgc-2683-1-0\"  class=\"panel-grid-cell panel-grid-cell-empty\" ><\/div><div id=\"pgc-2683-1-1\"  class=\"panel-grid-cell panel-grid-cell-mobile-last\" ><div id=\"panel-2683-1-1-0\" class=\"so-panel widget widget_media_image panel-first-child panel-last-child\" data-index=\"1\" ><div class=\"panel-widget-style panel-widget-style-for-2683-1-1-0\" ><img loading=\"lazy\" decoding=\"async\" width=\"1024\" height=\"230\" src=\"https:\/\/assemblee-nationale.bj\/wp-content\/uploads\/2017\/08\/image-accueil-voeux-2019-1024x230.png\" class=\"image wp-image-2695  attachment-large size-large\" alt=\"\" style=\"max-width: 100%; height: auto;\" srcset=\"https:\/\/assemblee-nationale.bj\/wp-content\/uploads\/2017\/08\/image-accueil-voeux-2019-1024x230.png 1024w, https:\/\/assemblee-nationale.bj\/wp-content\/uploads\/2017\/08\/image-accueil-voeux-2019-300x67.png 300w, https:\/\/assemblee-nationale.bj\/wp-content\/uploads\/2017\/08\/image-accueil-voeux-2019-768x173.png 768w, https:\/\/assemblee-nationale.bj\/wp-content\/uploads\/2017\/08\/image-accueil-voeux-2019.png 1361w\" sizes=\"auto, (max-width: 1024px) 100vw, 1024px\" \/><\/div><\/div><\/div><div id=\"pgc-2683-1-2\"  class=\"panel-grid-cell panel-grid-cell-empty\" ><\/div><\/div><div id=\"pg-2683-2\"  class=\"panel-grid panel-no-style\" ><div id=\"pgc-2683-2-0\"  class=\"panel-grid-cell panel-grid-cell-empty\" ><\/div><div id=\"pgc-2683-2-1\"  class=\"panel-grid-cell panel-grid-cell-mobile-last\" ><div id=\"panel-2683-2-1-0\" class=\"so-panel widget widget_text panel-first-child panel-last-child\" data-index=\"2\" ><div class=\"panel-widget-style panel-widget-style-for-2683-2-1-0\" >\t\t\t<div class=\"textwidget\"><p>&#8211; Monsieur le Premier vice-pr\u00e9sident de l&rsquo;Assembl\u00e9e Nationale,<br \/>\n&#8211; Madame et Messieurs les membres du Bureau de l&rsquo;Assembl\u00e9e Nationale,<br \/>\n&#8211; Messieurs les Pr\u00e9sidents des groupes parlementaires,<br \/>\n&#8211; Madame et Messieurs les Pr\u00e9sidents des commissions permanentes,<br \/>\n&#8211; Honorables d\u00e9put\u00e9s,<br \/>\n&#8211; Monsieur le Directeur de Cabinet,<br \/>\n&#8211; Monsieur le Secr\u00e9taire g\u00e9n\u00e9ral administratif et son adjoint,<br \/>\n&#8211; Messieurs les Directeurs techniques,<br \/>\n&#8211; Monsieur le Commandant militaire,<br \/>\n&#8211; Mesdames et Messieurs les Conseillers Techniques et Charg\u00e9s de Mission,<br \/>\n&#8211; Mesdames et Messieurs,<br \/>\nC&rsquo;est une tradition qu&rsquo;en d\u00e9but d&rsquo;une nouvelle ann\u00e9e nous \u00e9changeons des v\u0153ux.<br \/>\nJe m&rsquo;y plie volontiers, d&rsquo;autant plus que je me r\u00e9jouis des bons v\u0153ux que vous avez bien voulu formuler \u00e0 l&rsquo;endroit de ma personne et de ma famille.<br \/>\nA mon tour, je vous formule mes meilleurs v\u0153ux de paix, de sant\u00e9 et de bonheur \u00e0 chacun d&rsquo;entre vous, ainsi qu&rsquo;\u00e0 vos familles respectives. Puisse l&rsquo;ann\u00e9e 2019 voir se concr\u00e9tiser vos projets les plus chers !<br \/>\nJe voudrais saisir cette occasion, Monsieur le Premier vice-pr\u00e9sident, Madame et Messieurs les membres du Bureau de l&rsquo;Assembl\u00e9e Nationale, pour vous t\u00e9moigner toute ma gratitude \u00e0 vous qui m&rsquo;avez accompagn\u00e9 dans l&rsquo;accomplissement de la mission qui m&rsquo;a \u00e9t\u00e9 confi\u00e9e \u00e0 la t\u00eate de notre Parlement. En d\u00e9pit de nos divergences d&rsquo;opinions occasionnelles, je peux attester de la convivialit\u00e9 et de la fraternit\u00e9 qui r\u00e8gnent au sein de notre \u00e9quipe depuis bient\u00f4t quatre (04) ans.<br \/>\nC&rsquo;est \u00e9galement le lieu de dire ma reconnaissance aux Pr\u00e9sidents des groupes parlementaires qui, tout au long de cette l\u00e9gislature, la septi\u00e8me du renouveau d\u00e9mocratique, ont inlassablement contribu\u00e9 \u00e0 l&rsquo;instauration d&rsquo;un climat apais\u00e9, chose plut\u00f4t rare dans une institution hautement politique.<br \/>\nQuant \u00e0 vous, Madame et Messieurs les Pr\u00e9sidents des commissions permanentes, je vous adresse toutes mes f\u00e9licitations pour le travail important que vous accomplissez et qui a conduit aux r\u00e9sultats qui viennent d&rsquo;\u00eatre pr\u00e9sent\u00e9s.<br \/>\nPermettez-moi de vous remercier \u00e9galement chers coll\u00e8gues, pour votre esprit d&rsquo;ouverture et votre franche collaboration qui nous ont permis, en d\u00e9pit des divergences id\u00e9ologiques de nos formations politiques, d&rsquo;exercer ensemble le mandat que le peuple nous a confi\u00e9.<\/p>\n<p>Chers coll\u00e8gues,<br \/>\nMesdames et Messieurs,<br \/>\nUne c\u00e9r\u00e9monie de pr\u00e9sentation de v\u0153ux est aussi une occasion pour faire le bilan des actions men\u00e9es durant l&rsquo;ann\u00e9e \u00e9coul\u00e9e et prendre des r\u00e9solutions pour l&rsquo;avenir. Elle rev\u00eat cette ann\u00e9e une connotation particuli\u00e8re, en ce sens qu\u2019elle m\u2019offre l\u2019opportunit\u00e9 de faire une r\u00e9trospective des engagements pris et des suggestions faites \u00e0 l&rsquo;occasion de mon discours d&rsquo;investiture le 15 juin 2015.<br \/>\nAu plan l\u00e9gislatif, j\u2019ai estim\u00e9 important ce jour-l\u00e0, que nous nous organisions afin de mieux l\u00e9gif\u00e9rer et dans les meilleurs d\u00e9lais possibles. Les r\u00e9sultats \u00e9logieux pr\u00e9sent\u00e9s sommairement par le premier vice-pr\u00e9sident ne sont que les fruits de nos concertations, de nos r\u00e9flexions, de nos d\u00e9bats, de nos compromis et surtout de nos sacrifices. Faut-il le mentionner, la pr\u00e9sente l\u00e9gislature a montr\u00e9 sa disponibilit\u00e9 \u00e0 accompagner les initiatives du gouvernement et a dot\u00e9 notre pays d&rsquo;un arsenal juridique aussi important que vari\u00e9 avec un impact certain dans les domaines sociaux, \u00e9conomiques et politiques. Nous avons \u0153uvr\u00e9 dans une grande mesure pour le bien-\u00eatre des populations et notre bilan en est, en toute l\u00e9gitimit\u00e9, une parfaite illustration.<br \/>\nComme vous l&rsquo;aviez si bien rappel\u00e9, Monsieur le Premier Vice-pr\u00e9sident, l&rsquo;Assembl\u00e9e Nationale a examin\u00e9 par deux fois au cours de cette l\u00e9gislature, le projet de r\u00e9vision de la Constitution dans l&rsquo;optique d&rsquo;adapter notre loi fondamentale aux multiples changements op\u00e9r\u00e9s depuis plus de deux d\u00e9cennies. Dans cette m\u00eame optique, la 7\u00e8me l\u00e9gislature a \u00e9galement vot\u00e9 entre autres la loi n\u00b02018-23 portantes charte des partis politiques, r\u00e9gulant ainsi le financement public et les conditions de cr\u00e9ation d&rsquo;un parti politique. Je ne saurais passer sous silence les s\u00e9ances consacr\u00e9es \u00e0 la lev\u00e9e d&rsquo;immunit\u00e9 de nos coll\u00e8gues qui ont retenu notre attention au cours des derniers mois.<br \/>\nEn ce qui concerne le contr\u00f4le de l&rsquo;action gouvernementale, nous avons connu quelques difficult\u00e9s relativement \u00e0 l&rsquo;organisation pratique de ce volet. C&rsquo;est pourquoi en novembre 2016, j&rsquo;ai mis en place un comit\u00e9 charg\u00e9 de faire des propositions concr\u00e8tes sur la gestion du contr\u00f4le parlementaire de l&rsquo;action gouvernementale. Les recommandations de ce comit\u00e9 nous ont permis de consacrer une journ\u00e9e enti\u00e8re de la semaine, en l&rsquo;occurrence le jeudi, aux s\u00e9ances des questions orales et d&rsquo;actualit\u00e9.<br \/>\nPour ce qui est des r\u00e9formes, nous avons dot\u00e9 notre Parlement d\u2019un Plan Strat\u00e9gique de D\u00e9veloppement et de Modernisation de l\u2019Assembl\u00e9e Nationale 2016-2024 compos\u00e9 de 9 axes strat\u00e9giques qui visent notamment \u00e0 redorer l\u2019image du d\u00e9put\u00e9, orienter notre Parlement vers des r\u00e9sultats de d\u00e9veloppement durable et renforcer son autonomie. Cette d\u00e9marche a, sans aucun doute, contribu\u00e9 \u00e0 moderniser notre institution et \u00e0 la rendre plus performante. N\u00e9anmoins, de nombreux d\u00e9fis restent \u00e0 relever et de nombreuses interrogations demeurent :<br \/>\n\uf02d Faut-il int\u00e9grer \u00e0 la Conf\u00e9rence des Pr\u00e9sidents, les anciens Pr\u00e9sidents de l&rsquo;Assembl\u00e9e Nationale, redevenus d\u00e9put\u00e9s, afin de b\u00e9n\u00e9ficier de leur exp\u00e9rience, leur comp\u00e9tence et leur sagesse ?<br \/>\n\uf02d Faut-il faire recours \u00e0 des expertises externes aupr\u00e8s de chaque commission, afin de permettre aux d\u00e9put\u00e9s d&rsquo;assurer v\u00e9ritablement leur fonction de l\u00e9gislateur sur des sujets tr\u00e8s complexes ?<br \/>\n\uf02d Faut-il associer davantage la soci\u00e9t\u00e9 civile aux commissions d&rsquo;enqu\u00eate parlementaire afin d&rsquo;am\u00e9liorer la qualit\u00e9 des travaux ?<br \/>\nCe sont l\u00e0 des pr\u00e9occupations auxquelles nous devons trouver des r\u00e9ponses sans retard notamment \u00e0 travers un r\u00e9examen de notre R\u00e8glement int\u00e9rieur.<br \/>\nHonorables d\u00e9put\u00e9s,<br \/>\nChers coll\u00e8gues,<br \/>\nEn prenant fonction le 15 juin 2015, je vous ai par ailleurs donn\u00e9 l\u2019assurance que je serais le Pr\u00e9sident de tous, c&rsquo;est-\u00e0-dire que j\u2019agirais avec la plus grande impartialit\u00e9, dans le respect du droit d\u2019expression de toutes les opinions sans distinction politique. En d\u00e9pit de quelques incidents inh\u00e9rents \u00e0 la nature humaine, j\u2019ose esp\u00e9rer que mon engagement a \u00e9t\u00e9 honor\u00e9 ou du moins, que je suis rest\u00e9 fid\u00e8le \u00e0 mes principes, valeurs et au respect scrupuleux de nos textes.<br \/>\nPour finir, je m\u2019en voudrais de ne pas mentionner les prochaines \u00e9lections l\u00e9gislatives qui conduiront au renouvellement de notre assembl\u00e9e et qui repr\u00e9sentent des enjeux et d\u00e9fis particuli\u00e8rement importants pour notre pays.<br \/>\nLes \u00e9lections sont g\u00e9n\u00e9ralement des moments de fortes tensions et d\u2019incertitudes o\u00f9 les risques de violences demeurent \u00e9lev\u00e9s. Je voudrais me permettre de nous rappeler notre imp\u00e9rieux devoir \u00e0 nous engager pour la paix \u00e0 travers nos comportements et nos d\u00e9clarations et ne laisser aucune place ni aux int\u00e9r\u00eats personnels ni aux calculs politiciens. Je nous engage donc \u00e0 veiller au respect scrupuleux des lois de la R\u00e9publique, \u00e0 promouvoir la paix, la coh\u00e9sion nationale, le patriotisme, le dialogue, la tol\u00e9rance et la courtoisie.<br \/>\nQue les actes que nous poserons au cours de cette nouvelle ann\u00e9e contribuent effectivement au rayonnement de notre Parlement et au renforcement de notre d\u00e9mocratie.<br \/>\nBonne et heureuse ann\u00e9e 2019.<br \/>\nJe vous remercie.<\/p>\n<\/div>\n\t\t<\/div><\/div><\/div><div id=\"pgc-2683-2-2\"  class=\"panel-grid-cell panel-grid-cell-empty\" ><\/div><\/div><\/div>","protected":false},"excerpt":{"rendered":"<p>Pr\u00e9sentation de v\u0153ux 2019 aux D\u00e9put\u00e9s par le Pr\u00e9sident de l&rsquo;Assembl\u00e9e Nationale, Ma\u00eetre Adrien Houngb\u00e9dji<\/p>\n","protected":false},"author":10,"featured_media":0,"comment_status":"open","ping_status":"open","sticky":false,"template":"","format":"standard","meta":{"footnotes":""},"categories":[29],"tags":[],"class_list":["post-2683","post","type-post","status-publish","format-standard","hentry","category-actualites"],"_links":{"self":[{"href":"https:\/\/assemblee-nationale.bj\/index.php\/wp-json\/wp\/v2\/posts\/2683","targetHints":{"allow":["GET"]}}],"collection":[{"href":"https:\/\/assemblee-nationale.bj\/index.php\/wp-json\/wp\/v2\/posts"}],"about":[{"href":"https:\/\/assemblee-nationale.bj\/index.php\/wp-json\/wp\/v2\/types\/post"}],"author":[{"embeddable":true,"href":"https:\/\/assemblee-nationale.bj\/index.php\/wp-json\/wp\/v2\/users\/10"}],"replies":[{"embeddable":true,"href":"https:\/\/assemblee-nationale.bj\/index.php\/wp-json\/wp\/v2\/comments?post=2683"}],"version-history":[{"count":4,"href":"https:\/\/assemblee-nationale.bj\/index.php\/wp-json\/wp\/v2\/posts\/2683\/revisions"}],"predecessor-version":[{"id":2691,"href":"https:\/\/assemblee-nationale.bj\/index.php\/wp-json\/wp\/v2\/posts\/2683\/revisions\/2691"}],"wp:attachment":[{"href":"https:\/\/assemblee-nationale.bj\/index.php\/wp-json\/wp\/v2\/media?parent=2683"}],"wp:term":[{"taxonomy":"category","embeddable":true,"href":"https:\/\/assemblee-nationale.bj\/index.php\/wp-json\/wp\/v2\/categories?post=2683"},{"taxonomy":"post_tag","embeddable":true,"href":"https:\/\/assemblee-nationale.bj\/index.php\/wp-json\/wp\/v2\/tags?post=2683"}],"curies":[{"name":"wp","href":"https:\/\/api.w.org\/{rel}","templated":true}]}}