
{"id":2687,"date":"2019-01-07T21:25:56","date_gmt":"2019-01-07T20:25:56","guid":{"rendered":"https:\/\/assemblee-nationale.bj\/?p=2687"},"modified":"2019-01-08T11:38:20","modified_gmt":"2019-01-08T10:38:20","slug":"presentation-de-voeux-du-premier-vice-president-au-president-de-lassemblee-nationale","status":"publish","type":"post","link":"https:\/\/assemblee-nationale.bj\/index.php\/2019\/01\/07\/presentation-de-voeux-du-premier-vice-president-au-president-de-lassemblee-nationale\/","title":{"rendered":"Pr\u00e9sentation de v\u0153ux du Premier Vice-Pr\u00e9sident au Pr\u00e9sident de l&rsquo;Assembl\u00e9e Nationale"},"content":{"rendered":"<div id=\"pl-2687\"  class=\"panel-layout\" ><div id=\"pg-2687-0\"  class=\"panel-grid panel-no-style\" ><div id=\"pgc-2687-0-0\"  class=\"panel-grid-cell\" ><div id=\"panel-2687-0-0-0\" class=\"so-panel widget widget_text panel-first-child panel-last-child\" data-index=\"0\" ><div class=\"panel-widget-style panel-widget-style-for-2687-0-0-0\" >\t\t\t<div class=\"textwidget\"><p><strong>Pr\u00e9sentation de v\u0153ux du Premier Vice-Pr\u00e9sident au Pr\u00e9sident de l&rsquo;Assembl\u00e9e Nationale<\/strong><\/p>\n<\/div>\n\t\t<\/div><\/div><\/div><\/div><div id=\"pg-2687-1\"  class=\"panel-grid panel-no-style\" ><div id=\"pgc-2687-1-0\"  class=\"panel-grid-cell panel-grid-cell-empty\" ><\/div><div id=\"pgc-2687-1-1\"  class=\"panel-grid-cell panel-grid-cell-mobile-last\" ><div id=\"panel-2687-1-1-0\" class=\"so-panel widget widget_media_image panel-first-child panel-last-child\" data-index=\"1\" ><div class=\"panel-widget-style panel-widget-style-for-2687-1-1-0\" ><img loading=\"lazy\" decoding=\"async\" width=\"676\" height=\"229\" src=\"https:\/\/assemblee-nationale.bj\/wp-content\/uploads\/2019\/01\/image-premier-vice-president.png\" class=\"image wp-image-2690  attachment-full size-full\" alt=\"\" style=\"max-width: 100%; height: auto;\" srcset=\"https:\/\/assemblee-nationale.bj\/wp-content\/uploads\/2019\/01\/image-premier-vice-president.png 676w, https:\/\/assemblee-nationale.bj\/wp-content\/uploads\/2019\/01\/image-premier-vice-president-300x102.png 300w\" sizes=\"auto, (max-width: 676px) 100vw, 676px\" \/><\/div><\/div><\/div><div id=\"pgc-2687-1-2\"  class=\"panel-grid-cell panel-grid-cell-empty\" ><\/div><\/div><div id=\"pg-2687-2\"  class=\"panel-grid panel-no-style\" ><div id=\"pgc-2687-2-0\"  class=\"panel-grid-cell panel-grid-cell-empty\" ><\/div><div id=\"pgc-2687-2-1\"  class=\"panel-grid-cell panel-grid-cell-mobile-last\" ><div id=\"panel-2687-2-1-0\" class=\"so-panel widget widget_text panel-first-child panel-last-child\" data-index=\"2\" ><div class=\"panel-widget-style panel-widget-style-for-2687-2-1-0\" >\t\t\t<div class=\"textwidget\"><p>Excellence Monsieur le pr\u00e9sident,<br \/>\nSous votre conduite bienveillante, la septi\u00e8me l\u00e9gislature de l\u2019Assembl\u00e9e Nationale vient de franchir le cap de l\u2019ann\u00e9e 2018 et nous sommes tomb\u00e9s tous ensemble je l\u2019esp\u00e8re en bonne sant\u00e9 en 2019.<br \/>\nMesdames et Messieurs les membres de la Conf\u00e9rence des Pr\u00e9sidents,<br \/>\nChers Coll\u00e8gues,<br \/>\nIl est de tradition, \u00e0 l\u2019occasion de la nouvelle ann\u00e9e que chacune de nos institutions se livre \u00e0 un exercice particulier, celui de jeter un regard sur les \u00e9v\u00e8nements ayant marqu\u00e9 de fa\u00e7on significative l\u2019ann\u00e9e \u00e9coul\u00e9e.<br \/>\nL\u2019insigne honneur m\u2019est donc revenu, en ma qualit\u00e9 de Premier Vice-Pr\u00e9sident de faire le bilan des grandes actions r\u00e9alis\u00e9es par l\u2019Assembl\u00e9e Nationale pendant ces douze derniers mois. Je suis donc heureux de m\u2019adresser \u00e0 vous, Monsieur le Pr\u00e9sident de l\u2019Assembl\u00e9e Nationale, au nom de l\u2019ensemble de mes coll\u00e8gues, \u00e0 la pr\u00e9sente c\u00e9r\u00e9monie d\u2019\u00e9change de v\u0153ux de l\u2019an 2019. Cette pr\u00e9sentation de v\u0153ux est la derni\u00e8re pour le compte de la septi\u00e8me l\u00e9gislature. Ce sera aussi l\u2019occasion pour moi de revenir sur le travail que la Repr\u00e9sentation nationale a abattu pendant les quatre derni\u00e8res ann\u00e9es.<br \/>\nMesdames et Messieurs,<br \/>\nChers coll\u00e8gues,<br \/>\nA l\u2019instar des ann\u00e9es pr\u00e9c\u00e9dentes, l\u2019ann\u00e9e 2018 a \u00e9t\u00e9 globalement marqu\u00e9e par un fonctionnement r\u00e9gulier de notre institution parlementaire.<br \/>\nD\u00e8s l\u2019entame de cette l\u00e9gislature, nous nous sommes engag\u00e9s \u00e0 relever certains d\u00e9fis majeurs dont entre autres :<br \/>\n&#8211; am\u00e9liorer l\u2019image de notre parlement, redorer ses blasons et en faire une institution respect\u00e9e et admir\u00e9e ;<br \/>\n&#8211; am\u00e9liorer le fonctionnement du parlement et ses rapports avec les autres institutions de l\u2019Etat en vue de renforcer les bases de la d\u00e9mocratie b\u00e9ninoise et de ce fait favoriser la synergie des initiatives et des d\u00e9cisions ;<br \/>\n&#8211; accomplir correctement et efficacement notre mission constitutionnelle afin de promouvoir la justice et l\u2019\u00e9galit\u00e9 ;<br \/>\n&#8211; mettre en \u0153uvre les syst\u00e8mes de communication appropri\u00e9s qui permettent de mieux faire conna\u00eetre les lois vot\u00e9es et d\u2019assurer une meilleure visibilit\u00e9;<br \/>\n&#8211; acc\u00e9l\u00e9rer le processus d\u2019\u00e9tude et d\u2019adoption des textes l\u00e9gislatifs \u00e0 caract\u00e8re hautement social et qui pr\u00e9occupent particuli\u00e8rement les B\u00e9ninoises et les B\u00e9ninois.<br \/>\nExcellence Monsieur le Pr\u00e9sident,<br \/>\nChers coll\u00e8gues,<br \/>\nAvant d\u2019aller plus loin, il me pla\u00eet d\u2019insister sur les actions que nous avons engag\u00e9es ensemble dans le cadre de l\u2019exercice de nos fonctions tant dans les domaines l\u00e9gislatifs et de contr\u00f4le de l\u2019action gouvernementale que dans ceux de la diplomatie parlementaire et de la gestion interne de notre commune maison.<\/p>\n<p>1- Sur le plan de la fonction l\u00e9gislative<br \/>\nAu cours de la septi\u00e8me l\u00e9gislature, plusieurs lois d\u2019importance \u00e0 caract\u00e8res socio politique et \u00e9conomique ont \u00e9t\u00e9 vot\u00e9es.<br \/>\nAu total, cent quarante et un (141) textes de lois vot\u00e9s sont \u00e0 mettre \u00e0 notre actif, des lois dont la plupart touchent les secteurs essentiels de la vie de notre nation ou permettent au gouvernement de disposer de ressources n\u00e9cessaires \u00e0 la promotion et \u00e0 la relance de l\u2019\u00e9conomie nationale.<br \/>\nOn peut donc d\u00e9nombrer 22 lois vot\u00e9es en 2015 ; 36 en 2016 ; 44 en 2017 et 39 lois vot\u00e9es pour le compte de l\u2019ann\u00e9e 2018.<br \/>\nA ces lois s\u2019ajoutent d\u2019importantes autres relatives aux lois de finances et aux autorisations de ratification de plusieurs accords de cr\u00e9dits, de conventions et autres protocoles sign\u00e9s entre l\u2019Etat b\u00e9ninois et ses partenaires internationaux.<br \/>\nIl convient de signaler \u00e9galement la mise en conformit\u00e9 avec la Constitution de certaines lois.<\/p>\n<p>Excellence Monsieur le Pr\u00e9sident,<br \/>\nChers coll\u00e8gues,<br \/>\nNous avons une ambition certaine, celle de construire un v\u00e9ritable Etat de droit et de contribuer au bien-\u00eatre de nos populations. Et cette ambition se concr\u00e9tise de plus en plus chaque jour \u00e0 travers nos actions ici \u00e0 l\u2019Assembl\u00e9e Nationale.<\/p>\n<p>2- Sur le plan du contr\u00f4le de l\u2019action gouvernementale<br \/>\nLe contr\u00f4le de l\u2019action gouvernementale constitue l\u2019autre volet de notre mission constitutionnelle, 105 questions orales avec d\u00e9bat ont \u00e9t\u00e9 formul\u00e9es \u00e0 l\u2019endroit du gouvernement dont seulement 26 ont \u00e9t\u00e9 examin\u00e9es ; sur les 05 questions orales sans d\u00e9bat, une seule a \u00e9t\u00e9 examin\u00e9e.<br \/>\nS\u2019agissant des questions \u00e9crites, Monsieur le Pr\u00e9sident, nous en avons d\u00e9pos\u00e9es 27mais seulement 06 ont re\u00e7u une r\u00e9ponse et 21 r\u00e9ponses sont encore attendues de la part du Gouvernement.<br \/>\nEnfin, 20 questions d\u2019actualit\u00e9 ont \u00e9t\u00e9 examin\u00e9es sur les 42 formul\u00e9es par les Honorables D\u00e9put\u00e9s.<br \/>\nAu total, 179 questions ont \u00e9t\u00e9 adress\u00e9es au gouvernement, mais malheureusement seules 53 ont obtenu une suite favorable. Il est donc ais\u00e9 de constater que le contr\u00f4le de l\u2019action gouvernementale reste le maillon faible de notre l\u00e9gislature. Cela enfreint \u00e0 l\u2019une des missions fondamentales de notre institution parlementaire.<\/p>\n<p>Mesdames et Messieurs,<br \/>\nLe contr\u00f4le de l&rsquo;action du gouvernement par le Parlement est l\u2019un des outils essentiels, pierre angulaire de la d\u00e9mocratie. Il permet de rendre l&rsquo;ex\u00e9cutif redevable de ses actions et d&rsquo;assurer l&rsquo;application efficace des politiques publiques autant qu&rsquo;il est un indicateur de la bonne gouvernance. C&rsquo;est \u00e0 travers son exercice que le Parlement garantit l&rsquo;\u00e9quilibre des pouvoirs et affirme son r\u00f4le de d\u00e9fenseur des int\u00e9r\u00eats du peuple. Sur ce chapitre, je note que votre volont\u00e9 plusieurs fois rappel\u00e9e, les alertes donn\u00e9es dans mon discours de v\u0153ux de 2017 et 2018 \u00e0 cette m\u00eame tribune n\u2019ont pas permis d\u2019inverser la tendance. En effet, sur dix-sept (17) questions d\u2019actualit\u00e9 enregistr\u00e9es en 2018, quatre (4) seulement ont \u00e9t\u00e9 examin\u00e9es. Aucune question orale avec d\u00e9bat n\u2019a \u00e9t\u00e9 examin\u00e9e sur dix-neuf (19) enregistr\u00e9es. Et plus grave, de novembre 2016 \u00e0 ce jour, aucune question \u00e9crite n\u2019a re\u00e7u de r\u00e9ponses de la part du Gouvernement. Beaucoup d\u2019efforts restent donc \u00e0 faire.<br \/>\nEt comme vous aimez \u00e0 nous le r\u00e9p\u00e9ter, Monsieur le Pr\u00e9sident, l\u2019objectif majeur de la septi\u00e8me l\u00e9gislature est de redorer l\u2019image de l\u2019Assembl\u00e9e Nationale en faisant en sorte que, par la qualit\u00e9 et le s\u00e9rieux de notre travail, nous puissions efficacement accompagner les efforts chaque jour renouvel\u00e9s de notre peuple pour son d\u00e9veloppement, \u00e9conomique et social.<br \/>\nMonsieur le Pr\u00e9sident, au regard du calendrier \u00e9lectoral, le calendrier de renouvellement de l\u2019Assembl\u00e9e Nationale, je note avec tristesse qu\u2019il ne sera peut-\u00eatre pas possible d\u2019esp\u00e9rer que nous pourrons mettre \u00e0 profit le peu de temps qu\u2019il nous reste, pour corriger un tant soit peu cet \u00e9tat de chose.<br \/>\n3- Sur le plan de la diplomatie parlementaire<br \/>\nNous avons not\u00e9 avec satisfaction que dans un contexte de mondialisation des exp\u00e9riences d\u00e9mocratiques et de multiplication des \u00e9changes, l\u2019Assembl\u00e9e Nationale parvient, sous votre \u00e9gide, \u00e0 faire entendre davantage sa voix et \u00e0 participer pleinement aux grands d\u00e9bats, \u00e9ch\u00e9ances et enjeux internationaux.<br \/>\nExcellence Monsieur le Pr\u00e9sident,<br \/>\nChers Coll\u00e8gues,<br \/>\nL\u2019Assembl\u00e9e Nationale a accueilli \u00e9galement des visiteurs de marques gr\u00e2ce \u00e0 votre dynamisme et \u00e0 votre volont\u00e9 politique d\u2019\u0153uvrer \u00e0 l\u2019int\u00e9gration sous r\u00e9gionale et internationales.<br \/>\nA titre illustratif, nous pouvons citer avec fiert\u00e9 :<br \/>\nLes visites au B\u00e9nin de Monsieur Martin CHUNGON, Secr\u00e9taire G\u00e9n\u00e9ral de l\u2019Union Interparlementaire \u00e0 l\u2019ouverture de la deuxi\u00e8me session ordinaire de l\u2019Assembl\u00e9e Nationale en 2016,de Mme Michael Jean, Secr\u00e9taire G\u00e9n\u00e9ral de l\u2019OIF et de vos homologues pr\u00e9sident des parlement du Burkina Faso, de la C\u00f4te d\u2019ivoire, du Niger, du Togo, du S\u00e9n\u00e9gal\u2026<br \/>\nLa septi\u00e8me l\u00e9gislature a aussi eu la chance d\u2019organiser de grandes rencontres internationales qui ont permis \u00e0 d\u2019autres pays de d\u00e9couvrir la richesse culturelle et cultuelle de notre pays.<br \/>\nC\u2019est le cas par exemple en 2018 de :<br \/>\n\u2022 L\u2019Organisation au B\u00e9nin de la 52\u00e8me session de l\u2019Assembl\u00e9e Parlementaire ACP et de la 36\u00e8me session de l\u2019Assembl\u00e9e Parlementaire Paritaire ACP-UE ;<br \/>\n\u2022 la r\u00e9union de mise en place du Comit\u00e9 Interparlementaire (CIP) de la CEDEAO, de la Mauritanie et du Tchad sur la mise \u0153uvre de la D\u00e9claration de Ouagadougou pour le financement ad\u00e9quat de la sant\u00e9, le dividende d\u00e9mographique et les politiques de population et d\u00e9veloppement, t\u00e9nue \u00e0 Porto-Novo du 17 au 19 d\u00e9cembre 2018.<br \/>\nS\u2019agissant de la coop\u00e9ration multilat\u00e9rale, nous pouvons nous r\u00e9jouir de notre partenariat avec les parlements r\u00e9gionaux et des organisations interparlementaires.<br \/>\nA travers le Programme NORIA, L\u2019Assembl\u00e9e Parlementaire de la Francophonie a organis\u00e9 sous la septi\u00e8me l\u00e9gislature des s\u00e9minaires et ateliers \u00e0 l\u2019intention des D\u00e9put\u00e9s et du personnel administratif dont le s\u00e9minaire de sensibilisation sur la question de la budg\u00e9tisation sensible au genre , tenu \u00e0 Cotonou, les 29 et 30 novembre 2017, l\u2019organisation \u00e0 Cotonou les 27 et 28 novembre 2018 du s\u00e9minaire atelier sur la Mutualisation des ressources et efficacit\u00e9 du travail parlementaire.<br \/>\nPour ce qui concerne la coop\u00e9ration technique, la septi\u00e8me l\u00e9gislature a b\u00e9n\u00e9fici\u00e9 de l\u2019Appui de l\u2019Institut N\u00e9erlandais pour la D\u00e9mocratie Multipartite (NIMD) dans le domaine de la promotion de la gouvernance participative et des Droits de l\u2019Homme. Cet appui concerne aussi le renforcement des capacit\u00e9s des D\u00e9put\u00e9s et du personnel administratif.<br \/>\n5- Sur le plan de la gestion interne<br \/>\nNous l\u2019avons dit chaque ann\u00e9e : vous faites de grands efforts, nous appr\u00e9cions \u00e0 sa juste valeur les efforts que vous d\u00e9ployez depuis votre \u00e9lection pour faire r\u00e9gner la convivialit\u00e9, la s\u00e9r\u00e9nit\u00e9 et la paix au sein du parlement. Aussi, la construction et la mise \u00e0 disposition des d\u00e9put\u00e9s d\u2019un b\u00e2timent flambant neuf de type moderne R+2 faisant office de bureaux est une grande contribution \u00e0 l\u2019am\u00e9lioration des conditions de travail des d\u00e9put\u00e9s.<br \/>\nExcellence Monsieur le Pr\u00e9sident,<br \/>\nL\u2019ann\u00e9e 2018 a \u00e9galement connu la poursuite des travaux de relecture de nos textes fondamentaux en vue des r\u00e9formes institutionnelles et administratives.<br \/>\nC\u2019est aussi le lieu de souligner que sous votre direction, la septi\u00e8me l\u00e9gislature rend visible les activit\u00e9s parlementaires \u00e0 travers le Magazine \u00ab H\u00e9micycle \u00bb, l\u2019extension \u00e0 d\u2019autres horizons de la radio H\u00e9micycle et l\u2019acc\u00e8s \u00e0 la connexion internet au sein de tous les services administratifs.<br \/>\nA tout ceci s\u2019ajoutent la disponibilit\u00e9 sur internet de la base de donn\u00e9es des lois vot\u00e9es et la r\u00e9alisation d\u2019un nouveau site web.<br \/>\nVoil\u00e0 ainsi pr\u00e9sent\u00e9es quelques grandes actions r\u00e9alis\u00e9es sous votre direction durant bient\u00f4t quatre ans. Toute la Repr\u00e9sentation Nationale, par ma voix, vous en sait gr\u00e9.<br \/>\nExcellence Monsieur le Pr\u00e9sident,<br \/>\nMesdames et Messieurs,<br \/>\nChers coll\u00e8gues,<br \/>\nNous aurons donc bient\u00f4t pass\u00e9 quatre (04) ann\u00e9es ensemble. Quatre ann\u00e9es, c&rsquo;est long et c&rsquo;est court \u00e0 la fois. Dans l&rsquo;agenda \u00e9lectoral, on appelle cela une l\u00e9gislature. Dans nos calendriers personnels, c&rsquo;est pour nous tous ici, une tranche de vie, un moment de nos existences, un parcours politique, une p\u00e9riode au service du peuple b\u00e9ninois.<br \/>\nUne l\u00e9gislature, la 7\u00e8me, dont nous garderons le souvenir privil\u00e9gi\u00e9, des confrontations d\u2019id\u00e9es dans le cadre du vote des lois, des d\u00e9bats en vue de la r\u00e9vision de notre constitution, de la lev\u00e9e d\u2019immunit\u00e9 de certains de nos coll\u00e8gues D\u00e9put\u00e9s, des d\u00e9bats budg\u00e9taires et du d\u00e9bat sur le vote du budget de l\u2019Assembl\u00e9e Nationale exercice 2019, au milieu des chahuts lors de nos d\u00e9bats retransmis en direct sur la radio H\u00e9micycle, nous avons su quelquefois distinguer l&rsquo;essentiel de l&rsquo;accessoire.<br \/>\nL&rsquo;essentiel c&rsquo;est l&rsquo;unit\u00e9 nationale, c&rsquo;est la concorde r\u00e9publicaine lorsque des circonstances exceptionnelles l&rsquo;exigent.<br \/>\nL&rsquo;essentiel, c&rsquo;est ce qui nous relie les uns aux autres, les D\u00e9put\u00e9s tant de la minorit\u00e9 que de la majorit\u00e9.<br \/>\nL\u2019essentiel, comme vous aimez si bien le dire, c\u2019est l\u2019enracinement de la d\u00e9mocratie b\u00e9ninoise.<br \/>\nLa d\u00e9mocratie porte en elle la contradiction, la confrontation. Les uns et les autres, nous avons nos parcours, nos id\u00e9es, nos convictions. Nous les d\u00e9fendons chaque jour et nous continuerons \u00e0 les d\u00e9fendre. Mais, de gr\u00e2ce, gardons toujours une petite place pour ce qui nous rassemble, pour ce qui nous transcende. Parce que rien n\u2019est plus important que l\u2019int\u00e9r\u00eat de nos compatriotes, rien n\u2019est plus important que la vigueur de la d\u00e9mocratie, rien n\u2019est plus important que la coh\u00e9sion nationale.<br \/>\nExcellence Monsieur le Pr\u00e9sident de l\u2019Assembl\u00e9e Nationale,<br \/>\nJe sais, et mes coll\u00e8gues en conviennent avec moi, que vous n\u2019avez pas oubli\u00e9 le son tonitruant de notre hymne national entonn\u00e9 ici m\u00eame dans notre h\u00e9micycle la nuit du 19 au 20 mai 2015. Vous n\u2019avez pas non plus oubli\u00e9 les circonstances qui ont entour\u00e9 l\u2019installation de cette l\u00e9gislature, la septi\u00e8me ; la volont\u00e9 du peuple b\u00e9ninois au changement, l\u2019exhortation populaire, l\u2019invite \u00e0 la coh\u00e9sion nationale, la fiert\u00e9 d\u2019une repr\u00e9sentation nationale, responsable et digne.<br \/>\nMais aujourd\u2019hui, 4 ans apr\u00e8s, on peut noter que l\u2019Assembl\u00e9e Nationale a fait beaucoup de choses, mais on note \u00e9galement que de nombreux de nos compatriotes semblent rester sur leur faim.<br \/>\nDe l\u2019avis de bon nombre de nos compatriotes, la Septi\u00e8me l\u00e9gislature n\u2019a pas \u00e9t\u00e9 \u00e0 la hauteur de leurs attentes. Cette perception mitig\u00e9e de cette l\u00e9gislature finissante, n\u2019est pas de nature \u00e0 renforcer \u00e0 la confiance des populations en l\u2019institution parlementaire.<br \/>\nVous connaissant Monsieur le Pr\u00e9sident, je suis persuad\u00e9, que vous saurez mettre, pour le reste du temps de la pr\u00e9sente l\u00e9gislature, davantage vos qualit\u00e9s de grand homme au service de la Repr\u00e9sentation nationale pour que nous puissions relever les d\u00e9fis qui nous attendent. Je suis \u00e9galement persuad\u00e9, et mes coll\u00e8gues avec moi, que vous poss\u00e9dez toutes les ressources requises pour y parvenir.<br \/>\nL\u2019enjeu, c\u2019est le renforcement de nos acquis d\u00e9mocratiques.<br \/>\nL\u2019enjeu c\u2019est le B\u00e9nin tout court.<\/p>\n<p>Je voudrais, du haut de cette tribune vous assurer de notre disponibilit\u00e9 pour le peu de temps qui nous reste afin d\u2019accomplir avec dignit\u00e9 et responsabilit\u00e9 les missions constitutionnelles qui sont les n\u00f4tres en vue de l\u2019enracinement de notre d\u00e9mocratie et du d\u00e9veloppement de notre ch\u00e8re nation le B\u00e9nin. Je voudrais vous assurer de notre soutien dans tous les efforts que vous ferez en ce sens.<br \/>\nPermettez-moi \u00e0 la faveur de la pr\u00e9sente c\u00e9r\u00e9monie d\u2019\u00e9voquer la m\u00e9moire de nos deux coll\u00e8gues qui ont commenc\u00e9 cette l\u00e9gislature avec nous mais qui ont \u00e9t\u00e9 pr\u00e9matur\u00e9ment arrach\u00e9s \u00e0 notre affection.<br \/>\nJe veux nommer les Honorables feus Eric N\u2019DAH et Janvier DONHOUAHOUE.<br \/>\nEu \u00e9gard au r\u00f4le important jou\u00e9 par chacun d\u2019eux au sein de notre institution, nous aurions souhait\u00e9 les avoir \u00e0 nos c\u00f4t\u00e9s en ce moment pr\u00e9cis de la derni\u00e8re c\u00e9r\u00e9monie d\u2019\u00e9changes de v\u0153ux de cette l\u00e9gislature. Mais H\u00e9las !!! Le sort en a d\u00e9cid\u00e9 autrement.<br \/>\nDaigne le seigneur tout puissant et mis\u00e9ricordieux accorder \u00e0 nos illustres disparus, la paix et le repos \u00e9ternel dans son royaume c\u00e9leste. Il en est de m\u00eame pour les agents du personnel civil et militaire de l\u2019Assembl\u00e9e Nationale qui nous ont quitt\u00e9s au cours de cette l\u00e9gislature.<br \/>\nJe m\u2019en voudrais de clore notre message de v\u0153ux \u00e0 votre endroit sans remercier tous ceux qui nous accompagnent, le personnel administratif, les partenaires au d\u00e9veloppement de l\u2019Assembl\u00e9e Nationale, les professionnels de la presse pour leur riche contribution.<br \/>\nExcellence Monsieur le Pr\u00e9sident,<br \/>\nChers Coll\u00e8gues,<br \/>\nMesdames et Messieurs,<br \/>\nC\u2019est le moment pour moi de vous formuler, au seuil de cette nouvelle ann\u00e9e 2019, au nom de mes Coll\u00e8gues D\u00e9put\u00e9s et en mon nom personnel, nos ardents v\u0153ux de bonnes et heureuse ann\u00e9e, pour vous-m\u00eame, pour votre famille, pour vos collaborateurs et pour tous ceux qui vous sont chers.<br \/>\nBonne et fructueuse ann\u00e9e.<br \/>\nQue Dieu tout puissant vous couvre en permanence de sa protection et de sa b\u00e9n\u00e9diction. Paix, sant\u00e9 et long\u00e9vit\u00e9 \u00e0 vous.<br \/>\nBonne et fructueuse ann\u00e9e 2019.<br \/>\nJe vous remercie<\/p>\n<\/div>\n\t\t<\/div><\/div><\/div><div id=\"pgc-2687-2-2\"  class=\"panel-grid-cell panel-grid-cell-empty\" ><\/div><\/div><\/div>","protected":false},"excerpt":{"rendered":"<p>Pr\u00e9sentation de v\u0153ux 2019 du Premier Vice-Pr\u00e9sident au Pr\u00e9sident de l&rsquo;Assembl\u00e9e Nationale<\/p>\n","protected":false},"author":10,"featured_media":0,"comment_status":"open","ping_status":"open","sticky":false,"template":"","format":"standard","meta":{"footnotes":""},"categories":[29],"tags":[],"class_list":["post-2687","post","type-post","status-publish","format-standard","hentry","category-actualites"],"_links":{"self":[{"href":"https:\/\/assemblee-nationale.bj\/index.php\/wp-json\/wp\/v2\/posts\/2687","targetHints":{"allow":["GET"]}}],"collection":[{"href":"https:\/\/assemblee-nationale.bj\/index.php\/wp-json\/wp\/v2\/posts"}],"about":[{"href":"https:\/\/assemblee-nationale.bj\/index.php\/wp-json\/wp\/v2\/types\/post"}],"author":[{"embeddable":true,"href":"https:\/\/assemblee-nationale.bj\/index.php\/wp-json\/wp\/v2\/users\/10"}],"replies":[{"embeddable":true,"href":"https:\/\/assemblee-nationale.bj\/index.php\/wp-json\/wp\/v2\/comments?post=2687"}],"version-history":[{"count":1,"href":"https:\/\/assemblee-nationale.bj\/index.php\/wp-json\/wp\/v2\/posts\/2687\/revisions"}],"predecessor-version":[{"id":2688,"href":"https:\/\/assemblee-nationale.bj\/index.php\/wp-json\/wp\/v2\/posts\/2687\/revisions\/2688"}],"wp:attachment":[{"href":"https:\/\/assemblee-nationale.bj\/index.php\/wp-json\/wp\/v2\/media?parent=2687"}],"wp:term":[{"taxonomy":"category","embeddable":true,"href":"https:\/\/assemblee-nationale.bj\/index.php\/wp-json\/wp\/v2\/categories?post=2687"},{"taxonomy":"post_tag","embeddable":true,"href":"https:\/\/assemblee-nationale.bj\/index.php\/wp-json\/wp\/v2\/tags?post=2687"}],"curies":[{"name":"wp","href":"https:\/\/api.w.org\/{rel}","templated":true}]}}