
{"id":2692,"date":"2019-01-07T21:53:16","date_gmt":"2019-01-07T20:53:16","guid":{"rendered":"https:\/\/assemblee-nationale.bj\/?p=2692"},"modified":"2019-01-07T21:53:27","modified_gmt":"2019-01-07T20:53:27","slug":"presentation-de-voeux-2019-du-secretaire-general-du-synapa-au-president-de-lassemblee-nationale","status":"publish","type":"post","link":"https:\/\/assemblee-nationale.bj\/index.php\/2019\/01\/07\/presentation-de-voeux-2019-du-secretaire-general-du-synapa-au-president-de-lassemblee-nationale\/","title":{"rendered":"Pr\u00e9sentation de v\u0153ux 2019 du Secr\u00e9taire G\u00e9n\u00e9ral du SYNAPA au Pr\u00e9sident de l&rsquo;Assembl\u00e9e Nationale"},"content":{"rendered":"<div id=\"pl-2692\"  class=\"panel-layout\" ><div id=\"pg-2692-0\"  class=\"panel-grid panel-no-style\" ><div id=\"pgc-2692-0-0\"  class=\"panel-grid-cell\" ><div id=\"panel-2692-0-0-0\" class=\"so-panel widget widget_text panel-first-child panel-last-child\" data-index=\"0\" ><div class=\"panel-widget-style panel-widget-style-for-2692-0-0-0\" >\t\t\t<div class=\"textwidget\"><p><strong>Pr\u00e9sentation de v\u0153ux 2019 du Secr\u00e9taire G\u00e9n\u00e9ral du SYNAPA au Pr\u00e9sident de l&rsquo;Assembl\u00e9e Nationale<\/strong><\/p>\n<\/div>\n\t\t<\/div><\/div><\/div><\/div><div id=\"pg-2692-1\"  class=\"panel-grid panel-no-style\" ><div id=\"pgc-2692-1-0\"  class=\"panel-grid-cell panel-grid-cell-empty\" ><\/div><div id=\"pgc-2692-1-1\"  class=\"panel-grid-cell panel-grid-cell-mobile-last\" ><div id=\"panel-2692-1-1-0\" class=\"so-panel widget widget_media_image panel-first-child panel-last-child\" data-index=\"1\" ><div class=\"panel-widget-style panel-widget-style-for-2692-1-1-0\" ><img loading=\"lazy\" decoding=\"async\" width=\"752\" height=\"252\" src=\"https:\/\/assemblee-nationale.bj\/wp-content\/uploads\/2019\/01\/Pr\u00e9setation-de-voeux-2019-synapa.png\" class=\"image wp-image-2693  attachment-full size-full\" alt=\"\" style=\"max-width: 100%; height: auto;\" srcset=\"https:\/\/assemblee-nationale.bj\/wp-content\/uploads\/2019\/01\/Pr\u00e9setation-de-voeux-2019-synapa.png 752w, https:\/\/assemblee-nationale.bj\/wp-content\/uploads\/2019\/01\/Pr\u00e9setation-de-voeux-2019-synapa-300x101.png 300w, https:\/\/assemblee-nationale.bj\/wp-content\/uploads\/2019\/01\/Pr\u00e9setation-de-voeux-2019-synapa-570x190.png 570w, https:\/\/assemblee-nationale.bj\/wp-content\/uploads\/2019\/01\/Pr\u00e9setation-de-voeux-2019-synapa-380x127.png 380w, https:\/\/assemblee-nationale.bj\/wp-content\/uploads\/2019\/01\/Pr\u00e9setation-de-voeux-2019-synapa-285x95.png 285w\" sizes=\"auto, (max-width: 752px) 100vw, 752px\" \/><\/div><\/div><\/div><div id=\"pgc-2692-1-2\"  class=\"panel-grid-cell panel-grid-cell-empty\" ><\/div><\/div><div id=\"pg-2692-2\"  class=\"panel-grid panel-no-style\" ><div id=\"pgc-2692-2-0\"  class=\"panel-grid-cell panel-grid-cell-empty\" ><\/div><div id=\"pgc-2692-2-1\"  class=\"panel-grid-cell panel-grid-cell-mobile-last\" ><div id=\"panel-2692-2-1-0\" class=\"so-panel widget widget_text panel-first-child panel-last-child\" data-index=\"2\" ><div class=\"panel-widget-style panel-widget-style-for-2692-2-1-0\" >\t\t\t<div class=\"textwidget\"><p>&#8211;\tExcellence Monsieur le Pr\u00e9sident de l\u2019Assembl\u00e9e Nationale ;<br \/>\n&#8211;\tMadame et Messieurs les membres du Bureau de l\u2019Assembl\u00e9e Nationale ;<br \/>\n&#8211;\tMesdames et Messieurs les membres de la Conf\u00e9rence des Pr\u00e9sidents ;<br \/>\n&#8211;\tHonorables d\u00e9put\u00e9s ;<br \/>\n&#8211;\tMadame et Monsieur les Secr\u00e9taires G\u00e9n\u00e9raux Administratifs ;<br \/>\n&#8211;\tMessieurs les Directeurs ;<br \/>\n&#8211;\tMonsieur le Commandant militaire ;<br \/>\n&#8211;\tMesdames et messieurs ;<br \/>\n&#8211;\tChers camarades fonctionnaires parlementaires ;<\/p>\n<p>Il est une habitude qu\u2019au d\u00e9but d\u2019une nouvelle ann\u00e9e, les hommes saisissent l\u2019occasion pour \u00e9changer des v\u0153ux, jeter un regard critique sur le pass\u00e9 et faire des perspectives pour l\u2019avenir.<\/p>\n<p>Apr\u00e8s celle du jeudi 11 janvier 2018, me voici une fois encore devant vous pour m&rsquo;acquitter de cette exigence annuelle et protocolaire au nom du personnel de notre Institution.<\/p>\n<p>Pour la troisi\u00e8me et derni\u00e8re fois au cours de mon mandat, je voudrais, en ma qualit\u00e9 de Secr\u00e9taire G\u00e9n\u00e9ral du Syndicat Autonome du Personnel de l\u2019Assembl\u00e9e Nationale (SYNAPA), accomplir ce noble devoir avec un c\u0153ur d\u00e9gag\u00e9 et libre, mais aussi rempli d&rsquo;esp\u00e9rance.<\/p>\n<p>Excellence Monsieur le Pr\u00e9sident,<\/p>\n<p>Au seuil de cette nouvelle ann\u00e9e, je demande au Seigneur, Dieu tout puissant, de donner \u00e0 vous-m\u00eame, aux membres du Bureau de l\u2019Assembl\u00e9e Nationale ainsi qu&rsquo;\u00e0 votre famille une parfaite sant\u00e9 et qu&rsquo;il vous \u00e9claire dans vos actions. <\/p>\n<p>Plaise au Cr\u00e9ateur que notre Institution se porte mieux cette ann\u00e9e que les deux derni\u00e8res afin que le personnel parlementaire puisse aussi mieux se porter et conna\u00eetre enfin, le B\u00e9nin r\u00e9v\u00e9l\u00e9 pr\u00f4n\u00e9, celui-l\u00e0 m\u00eame qui garantit le bien-\u00eatre et la prosp\u00e9rit\u00e9 partag\u00e9e.<\/p>\n<p>Excellence Monsieur le Pr\u00e9sident,<br \/>\nIl me pla\u00eet ici d\u2019appeler votre bienveillante attention sur le fait que l\u2019Homme est et doit \u00eatre au c\u0153ur de toute action quelle que soit sa nature et le milieu o\u00f9 celle-ci est entreprise.<\/p>\n<p>Cela \u00e9tant, toute soci\u00e9t\u00e9 dans laquelle les hommes n\u2019\u00e9changent pas, se porte tr\u00e8s mal et va de ce fait \u00e0 sa propre d\u00e9rive. Il va s\u2019en dire que la ressource humaine est le capital essentiel et la source primordiale qui alimente toute soci\u00e9t\u00e9, toute communaut\u00e9, toute administration qui se veut prosp\u00e8re.<\/p>\n<p>C\u2019est le lieu de dire en effet qu\u2019au cours de cette l\u00e9gislature les conditions de vie et de travail du personnel n&rsquo;ont pas fait l&rsquo;objet d&rsquo;une attention soutenu et elle annonc\u00e9e en d\u00e9but de l\u00e9gislature et comme nous l&rsquo;aurions souhait\u00e9. Il faut le souligner, \u00e0 un moment donn\u00e9, la l\u00e9gislature a \u00e9t\u00e9 difficile pour les repr\u00e9sentants des travailleurs que nous sommes. Votre silence sur certains dossiers a fait de nous des incompris voire des incapables aux yeux de nos camarades. Ainsi, nous sommes devenus malgr\u00e9 nous, des victimes innocentes qui ne savent plus \u00e0 quel saint se vouer parce que multiples pertinentes dol\u00e9ances ont \u00e9t\u00e9 souvent renvoy\u00e9es \u00e0 l\u2019ann\u00e9e suivante.  <\/p>\n<p>Excellence Monsieur le Pr\u00e9sident,<\/p>\n<p>Dans quelques jours, le Bureau Ex\u00e9cutif du SYNAPA que j\u2019ai la charge de diriger depuis bient\u00f4t trois (03) ans va finir son mandat. De m\u00eame, dans quelques mois prendra fin la 7\u00e8me l\u00e9gislature que vous dirigez depuis le 15 juin 2015.<br \/>\nL\u2019occasion ne s\u2019y pr\u00eate pas de vous dresser un chapelet de dol\u00e9ances car nous ne sommes pas au 1er mai. Toutefois, il me parait indispensable en cette ultime occasion solennelle, de formuler, en termes de dol\u00e9ances, deux v\u0153ux tr\u00e8s chers au personnel. <\/p>\n<p>Excellence Monsieur le Pr\u00e9sident,<\/p>\n<p>Il s\u2019agit d\u2019une part, de doter le personnel d\u2019une loi portant statut de la fonction publique parlementaire au B\u00e9nin \u00e0 l\u2019instar du Burkina Faso, du Niger, de la C\u00f4te d\u2019Ivoire pour ne citer que ces quelques exemples et d\u2019autre part, de bien vouloir r\u00e9gler, avant la fin de votre mandat, les arri\u00e9r\u00e9s des cotisations de la CNSS qui, \u00e0 la date d\u2019aujourd\u2019hui, est de douze (12) mois, soit la totalit\u00e9 de l\u2019ann\u00e9e 2018.<br \/>\nTrouver de solutions \u00e0 ces deux pr\u00e9occupations serait donc les meilleurs cadeaux que vous auriez offerts au personnel en ce d\u00e9but du nouvel an 2019 surtout que le personnel civil est laiss\u00e9 pour compte durant les f\u00eates de fin d\u2019ann\u00e9e depuis 2017.<\/p>\n<p>Excellence Monsieur le Pr\u00e9sident,<\/p>\n<p>Sans vouloir verser dans un pessimisme b\u00e9ant, le personnel ose croire qu\u2019avant la fin de la l\u00e9gislature qui s&rsquo;annonce dans quelques mois, vous acc\u00e8derez \u00e0 ces diff\u00e9rentes pr\u00e9occupations. Cela me para\u00eet important pour d\u00e9tendre le climat morose qui r\u00e8gne actuellement au sein du personnel. Ainsi, vous aurez fait \u0153uvre utile et laisser de bons souvenirs \u00e0 ce personnel qui vous est cependant si cher.<\/p>\n<p>Excellence Monsieur le Pr\u00e9sident,<br \/>\nJe ne saurais passer sous silence la r\u00e9gularisation de certains dossiers. Je m\u2019en voudrais de ne pas citer les avancements au titre de 2016, dont la d\u00e9cision est sign\u00e9e et ceux au titre de 2017 et 2018 dont la commission est \u00e0 pied d\u2019\u0153uvre pour vous d\u00e9poser les rapports, le principe de g\u00e9n\u00e9ralisation du carburant \u00e0 tout le personnel. Soyez s\u2019en remercier Monsieur le pr\u00e9sident et merci \u00e0 tous les membres du Bureau !<\/p>\n<p>Excellence Monsieur le Pr\u00e9sident,<br \/>\nPermettez-moi de profiter de cette tribune pour vous annoncer une fois encore, que le SYNAPA se r\u00e9unit pour son 6\u00e8me Congr\u00e8s ordinaire le samedi 19 janvier 2019. Je voudrais saisir cette opportunit\u00e9 pour vous inviter aux fins que vous prononciez le discours d\u2019ouverture de ce Congr\u00e8s.<\/p>\n<p>Excellence Monsieur le Pr\u00e9sident,<br \/>\nMesdames et Messieurs,<\/p>\n<p>Bient\u00f4t, notre pays va entrer dans une p\u00e9riode de comp\u00e9tition \u00e9lectorale. A cet effet, je ne saurais quitter ce pupitre sans souhaiter \u00e0 chacun des d\u00e9put\u00e9s de la 7\u00e8me l\u00e9gislature en g\u00e9n\u00e9ral et \u00e0 Son  Excellence Monsieur le Pr\u00e9sident Adrien HOUNGBEDJI en particulier, du courage et pleins succ\u00e8s dans cette bataille qui s\u2019annonce rude comme de coutume.<\/p>\n<p>Mais, vous connaissant comme un infatigable combattant, Excellence Monsieur le Pr\u00e9sident, je vous souhaite le meilleur afin de vous revoir ici \u00e0 la 8\u00e8me l\u00e9gislature pour continuer les \u0153uvres entam\u00e9es. <\/p>\n<p>Excellence Monsieur le Pr\u00e9sident,<br \/>\nMesdames et Messieurs,<\/p>\n<p>C&rsquo;est sur cette note d&rsquo;espoir que je voudrais vous rassurer que, comme par la pass\u00e9, le personnel est  pr\u00eat \u00e0 se battre \u00e0 vos c\u00f4t\u00e9s pour atteindre les objectifs qui seront fix\u00e9s au cours de cette nouvelle ann\u00e9e, du reste au cours des quelques mois restant pour la l\u00e9gislature. <\/p>\n<p>Excellence Monsieur le Pr\u00e9sident,<\/p>\n<p>Je ne saurais terminer mes propos sans r\u00e9it\u00e9rer, \u00e0 l\u2019entame de cette ann\u00e9e 2019, les v\u0153ux sinc\u00e8res et chers, d\u2019excellente sant\u00e9, de paix et de bonheur, de succ\u00e8s dans vos entreprises que le personnel parlementaire et moi-m\u00eame vous adressons personnellement, \u00e0 votre famille, aux membres du Bureau et \u00e0 vos proches collaborateurs.<br \/>\nVive l\u2019Assembl\u00e9e Nationale !<br \/>\nVive l\u2019Administration parlementaire r\u00e9publicaine!<br \/>\nVive le SYNAPA !<br \/>\nJe vous remercie.<\/p>\n<\/div>\n\t\t<\/div><\/div><\/div><div id=\"pgc-2692-2-2\"  class=\"panel-grid-cell panel-grid-cell-empty\" ><\/div><\/div><\/div>","protected":false},"excerpt":{"rendered":"<p>Pr\u00e9sentation de v\u0153ux 2019 du Secr\u00e9taire G\u00e9n\u00e9ral du SYNAPA au Pr\u00e9sident de l&rsquo;Assembl\u00e9e Nationale<\/p>\n","protected":false},"author":10,"featured_media":0,"comment_status":"open","ping_status":"open","sticky":false,"template":"","format":"standard","meta":{"footnotes":""},"categories":[29],"tags":[],"class_list":["post-2692","post","type-post","status-publish","format-standard","hentry","category-actualites"],"_links":{"self":[{"href":"https:\/\/assemblee-nationale.bj\/index.php\/wp-json\/wp\/v2\/posts\/2692","targetHints":{"allow":["GET"]}}],"collection":[{"href":"https:\/\/assemblee-nationale.bj\/index.php\/wp-json\/wp\/v2\/posts"}],"about":[{"href":"https:\/\/assemblee-nationale.bj\/index.php\/wp-json\/wp\/v2\/types\/post"}],"author":[{"embeddable":true,"href":"https:\/\/assemblee-nationale.bj\/index.php\/wp-json\/wp\/v2\/users\/10"}],"replies":[{"embeddable":true,"href":"https:\/\/assemblee-nationale.bj\/index.php\/wp-json\/wp\/v2\/comments?post=2692"}],"version-history":[{"count":1,"href":"https:\/\/assemblee-nationale.bj\/index.php\/wp-json\/wp\/v2\/posts\/2692\/revisions"}],"predecessor-version":[{"id":2694,"href":"https:\/\/assemblee-nationale.bj\/index.php\/wp-json\/wp\/v2\/posts\/2692\/revisions\/2694"}],"wp:attachment":[{"href":"https:\/\/assemblee-nationale.bj\/index.php\/wp-json\/wp\/v2\/media?parent=2692"}],"wp:term":[{"taxonomy":"category","embeddable":true,"href":"https:\/\/assemblee-nationale.bj\/index.php\/wp-json\/wp\/v2\/categories?post=2692"},{"taxonomy":"post_tag","embeddable":true,"href":"https:\/\/assemblee-nationale.bj\/index.php\/wp-json\/wp\/v2\/tags?post=2692"}],"curies":[{"name":"wp","href":"https:\/\/api.w.org\/{rel}","templated":true}]}}