
{"id":2700,"date":"2019-01-21T19:33:19","date_gmt":"2019-01-21T18:33:19","guid":{"rendered":"https:\/\/assemblee-nationale.bj\/?p=2700"},"modified":"2019-01-21T19:57:38","modified_gmt":"2019-01-21T18:57:38","slug":"nouveau-bureau-du-syndicat-autonome-du-personnel-de-lassemblee-nationale-synapa","status":"publish","type":"post","link":"https:\/\/assemblee-nationale.bj\/index.php\/2019\/01\/21\/nouveau-bureau-du-syndicat-autonome-du-personnel-de-lassemblee-nationale-synapa\/","title":{"rendered":"Nouveau Bureau du Syndicat Autonome du Personnel de l&rsquo;Assembl\u00e9e Nationale (SYNAPA)"},"content":{"rendered":"<div id=\"pl-2700\"  class=\"panel-layout\" ><div id=\"pg-2700-0\"  class=\"panel-grid panel-no-style\" ><div id=\"pgc-2700-0-0\"  class=\"panel-grid-cell\" ><div id=\"panel-2700-0-0-0\" class=\"so-panel widget widget_text panel-first-child panel-last-child\" data-index=\"0\" ><div class=\"panel-widget-style panel-widget-style-for-2700-0-0-0\" >\t\t\t<div class=\"textwidget\"><p>Nouveau Bureau du Syndicat Autonome du Personnel de l&rsquo;Assembl\u00e9e Nationale (SYNAPA)<\/p>\n<\/div>\n\t\t<\/div><\/div><\/div><\/div><div id=\"pg-2700-1\"  class=\"panel-grid panel-no-style\" ><div id=\"pgc-2700-1-0\"  class=\"panel-grid-cell panel-grid-cell-empty\" ><\/div><div id=\"pgc-2700-1-1\"  class=\"panel-grid-cell panel-grid-cell-mobile-last\" ><div id=\"panel-2700-1-1-0\" class=\"so-panel widget widget_media_image panel-first-child panel-last-child\" data-index=\"1\" ><div class=\"panel-widget-style panel-widget-style-for-2700-1-1-0\" ><img loading=\"lazy\" decoding=\"async\" width=\"1024\" height=\"682\" src=\"https:\/\/assemblee-nationale.bj\/wp-content\/uploads\/2019\/01\/AIMDBK_7601-1024x682.jpg\" class=\"image wp-image-2701  attachment-large size-large\" alt=\"\" style=\"max-width: 100%; height: auto;\" srcset=\"https:\/\/assemblee-nationale.bj\/wp-content\/uploads\/2019\/01\/AIMDBK_7601-1024x682.jpg 1024w, https:\/\/assemblee-nationale.bj\/wp-content\/uploads\/2019\/01\/AIMDBK_7601-300x200.jpg 300w, https:\/\/assemblee-nationale.bj\/wp-content\/uploads\/2019\/01\/AIMDBK_7601-768x512.jpg 768w, https:\/\/assemblee-nationale.bj\/wp-content\/uploads\/2019\/01\/AIMDBK_7601-1140x760.jpg 1140w, https:\/\/assemblee-nationale.bj\/wp-content\/uploads\/2019\/01\/AIMDBK_7601-570x380.jpg 570w, https:\/\/assemblee-nationale.bj\/wp-content\/uploads\/2019\/01\/AIMDBK_7601-380x254.jpg 380w, https:\/\/assemblee-nationale.bj\/wp-content\/uploads\/2019\/01\/AIMDBK_7601-285x190.jpg 285w, https:\/\/assemblee-nationale.bj\/wp-content\/uploads\/2019\/01\/AIMDBK_7601.jpg 1361w\" sizes=\"auto, (max-width: 1024px) 100vw, 1024px\" \/><\/div><\/div><\/div><div id=\"pgc-2700-1-2\"  class=\"panel-grid-cell panel-grid-cell-empty\" ><\/div><\/div><div id=\"pg-2700-2\"  class=\"panel-grid panel-no-style\" ><div id=\"pgc-2700-2-0\"  class=\"panel-grid-cell panel-grid-cell-empty\" ><\/div><div id=\"pgc-2700-2-1\"  class=\"panel-grid-cell panel-grid-cell-mobile-last\" ><div id=\"panel-2700-2-1-0\" class=\"so-panel widget widget_text panel-first-child panel-last-child\" data-index=\"2\" ><div class=\"panel-widget-style panel-widget-style-for-2700-2-1-0\" >\t\t\t<div class=\"textwidget\"><p>Le Syndicat autonome du personnel de l\u2019Assembl\u00e9e Nationale(SYNAPA) a pour buts :<\/p>\n<p>&#8211; d\u2019\u00e9tudier, de prot\u00e9ger et de d\u00e9fendre les int\u00e9r\u00eats professionnels, moraux et mat\u00e9riels de tous ses membres ;<\/p>\n<p>&#8211; d\u2019\u0153uvrer \u00e0 la recherche de voies et moyens susceptibles d\u2019assurer la promotion de l\u2019Institution en g\u00e9n\u00e9ral et des fonctionnaires parlementaires en particulier ;<\/p>\n<p>&#8211; d\u2019\u0153uvrer pour la formation continue de tous ses membres ainsi qu\u2019\u00e0 leur \u00e9panouissement et \u00e9mancipation v\u00e9ritables ;<\/p>\n<p>&#8211; de favoriser et de d\u00e9velopper l\u2019esprit de solidarit\u00e9 et d\u2019entraide entre ses membres ;- d\u2019\u0153uvrer au renforcement et \u00e0 l\u2019\u00e9l\u00e9vation de la conscience professionnelle de ses membres ;<\/p>\n<p>&#8211; de cr\u00e9er et d\u2019entretenir des relations fructueuses d\u2019\u00e9changes, de coop\u00e9ration et de solidarit\u00e9 avec toutes les autres organisations et\/ou assimil\u00e9es ayant les m\u00eames objectifs que lui ;<\/p>\n<p>&#8211; de mener des actions dans l\u2019int\u00e9r\u00eat g\u00e9n\u00e9ral des membres et de les repr\u00e9senter aupr\u00e8s des autorit\u00e9s administratives et autres organismes ;- d\u2019\u00e9duquer et d\u2019informer ses membres ;<\/p>\n<p>&#8211; de susciter, d\u2019organiser et de participer \u00e0 des colloques, s\u00e9minaires, stages etc. ;<\/p>\n<p>&#8211; d\u2019instaurer un climat de saine ambiance et d\u2019\u00e9mulation au sein de l\u2019administration de l\u2019Assembl\u00e9e Nationale en d\u00e9veloppant chez chaque fonctionnaire parlementaire, l\u2019esprit de tol\u00e9rance, le sens du respect du bien public et l\u2019amour du travail bien fait.Le Syndicat Autonome du Personnel de l\u2019Assembl\u00e9e Nationale (SYNAPA) est dirig\u00e9 par un Bureau de treize (13) membres.<\/p>\n<p><strong>BUREAU DU SYNAPA<\/strong><\/p>\n<p>1. Secr\u00e9taire G\u00e9n\u00e9ral : Monsieur ACAPO Akp\u00e9dj\u00e9 Fulbert ;<br \/>\n2. Secr\u00e9taire G\u00e9n\u00e9ral Adjoint : Madame IKOAFFE Carolle ;<br \/>\n3. Secr\u00e9taire Administratif : Monsieur DOHATO Fid\u00e8le ;<br \/>\n4. Secr\u00e9taire Administratif Adjoint : Monsieur KOUSSERE Sagui ;<br \/>\n5. Tr\u00e9sorier G\u00e9n\u00e9ral : Monsieur AHONON Tiburce ;<br \/>\n6. Tr\u00e9sorier G\u00e9n\u00e9ral Adjoint : Monsieur AMADOU Charif Dine ;<br \/>\n7. Secr\u00e9taire \u00e0 la Formation Syndicale : Monsieur ALIHONOU Ulrich Abraham ;<br \/>\n8. Secr\u00e9taire Affaire Sociale : Madame KOUKOUI Evelyne ;<br \/>\n9. Premier Secr\u00e9taire \u00e0 l\u2019Organisation : Monsieur AZINLO Herv\u00e9 ;<br \/>\n10. Deuxi\u00e8me Secr\u00e9taire \u00e0 l\u2019Organisation : Monsieur OGOUCHOLA Wassi ;<br \/>\n11. Secr\u00e9taire aux Affaires Sportives, Artistiques et Culturelles : Monsieur ALAPINI Y\u00eakini ;<br \/>\n12. Secr\u00e9taire \u00e0 l&rsquo;Information et \u00e0 la Presse : ADENIYI Philippe ;<br \/>\n13. Conseiller aux Affaires Juridiques et Politiques : Monsieur AMOUSSOU\u00a0 RODY Gino.<\/p>\n<\/div>\n\t\t<\/div><\/div><\/div><div id=\"pgc-2700-2-2\"  class=\"panel-grid-cell panel-grid-cell-empty\" ><\/div><\/div><\/div>","protected":false},"excerpt":{"rendered":"<p>Sixi\u00e8me Congr\u00e8s du Syndicat Autonome du Personnel de l&rsquo;Assembl\u00e9e Nationale (SYNAPA) : Nouveau Bureau<\/p>\n","protected":false},"author":10,"featured_media":0,"comment_status":"open","ping_status":"open","sticky":false,"template":"","format":"standard","meta":{"footnotes":""},"categories":[29],"tags":[],"class_list":["post-2700","post","type-post","status-publish","format-standard","hentry","category-actualites"],"_links":{"self":[{"href":"https:\/\/assemblee-nationale.bj\/index.php\/wp-json\/wp\/v2\/posts\/2700","targetHints":{"allow":["GET"]}}],"collection":[{"href":"https:\/\/assemblee-nationale.bj\/index.php\/wp-json\/wp\/v2\/posts"}],"about":[{"href":"https:\/\/assemblee-nationale.bj\/index.php\/wp-json\/wp\/v2\/types\/post"}],"author":[{"embeddable":true,"href":"https:\/\/assemblee-nationale.bj\/index.php\/wp-json\/wp\/v2\/users\/10"}],"replies":[{"embeddable":true,"href":"https:\/\/assemblee-nationale.bj\/index.php\/wp-json\/wp\/v2\/comments?post=2700"}],"version-history":[{"count":3,"href":"https:\/\/assemblee-nationale.bj\/index.php\/wp-json\/wp\/v2\/posts\/2700\/revisions"}],"predecessor-version":[{"id":2704,"href":"https:\/\/assemblee-nationale.bj\/index.php\/wp-json\/wp\/v2\/posts\/2700\/revisions\/2704"}],"wp:attachment":[{"href":"https:\/\/assemblee-nationale.bj\/index.php\/wp-json\/wp\/v2\/media?parent=2700"}],"wp:term":[{"taxonomy":"category","embeddable":true,"href":"https:\/\/assemblee-nationale.bj\/index.php\/wp-json\/wp\/v2\/categories?post=2700"},{"taxonomy":"post_tag","embeddable":true,"href":"https:\/\/assemblee-nationale.bj\/index.php\/wp-json\/wp\/v2\/tags?post=2700"}],"curies":[{"name":"wp","href":"https:\/\/api.w.org\/{rel}","templated":true}]}}