
{"id":2714,"date":"2019-05-17T22:23:02","date_gmt":"2019-05-17T21:23:02","guid":{"rendered":"https:\/\/assemblee-nationale.bj\/?p=2714"},"modified":"2019-05-17T22:32:48","modified_gmt":"2019-05-17T21:32:48","slug":"les-membres-du-bureau-du-parlement-de-la-8eme-legislature","status":"publish","type":"post","link":"https:\/\/assemblee-nationale.bj\/index.php\/2019\/05\/17\/les-membres-du-bureau-du-parlement-de-la-8eme-legislature\/","title":{"rendered":"Les Membres du Bureau du Parlement de la 8\u00e8me L\u00e9gislature"},"content":{"rendered":"<div id=\"pl-2714\"  class=\"panel-layout\" ><div id=\"pg-2714-0\"  class=\"panel-grid panel-no-style\" ><div id=\"pgc-2714-0-0\"  class=\"panel-grid-cell\" ><div id=\"panel-2714-0-0-0\" class=\"so-panel widget widget_text panel-first-child panel-last-child\" data-index=\"0\" ><div class=\"panel-widget-style panel-widget-style-for-2714-0-0-0\" >\t\t\t<div class=\"textwidget\"><p>Les Membres du Bureau du Parlement de la 8\u00e8me L\u00e9gislature<\/p>\n<\/div>\n\t\t<\/div><\/div><\/div><\/div><div id=\"pg-2714-1\"  class=\"panel-grid panel-no-style\" ><div id=\"pgc-2714-1-0\"  class=\"panel-grid-cell panel-grid-cell-empty\" ><\/div><div id=\"pgc-2714-1-1\"  class=\"panel-grid-cell panel-grid-cell-mobile-last\" ><div id=\"panel-2714-1-1-0\" class=\"so-panel widget widget_media_image panel-first-child panel-last-child\" data-index=\"1\" ><div class=\"panel-widget-style panel-widget-style-for-2714-1-1-0\" ><img loading=\"lazy\" decoding=\"async\" width=\"720\" height=\"720\" src=\"https:\/\/assemblee-nationale.bj\/wp-content\/uploads\/2019\/05\/IMG-20190517-WA0102.jpg\" class=\"image wp-image-2717  attachment-full size-full\" alt=\"\" style=\"max-width: 100%; height: auto;\" srcset=\"https:\/\/assemblee-nationale.bj\/wp-content\/uploads\/2019\/05\/IMG-20190517-WA0102.jpg 720w, https:\/\/assemblee-nationale.bj\/wp-content\/uploads\/2019\/05\/IMG-20190517-WA0102-150x150.jpg 150w, https:\/\/assemblee-nationale.bj\/wp-content\/uploads\/2019\/05\/IMG-20190517-WA0102-300x300.jpg 300w, https:\/\/assemblee-nationale.bj\/wp-content\/uploads\/2019\/05\/IMG-20190517-WA0102-570x570.jpg 570w, https:\/\/assemblee-nationale.bj\/wp-content\/uploads\/2019\/05\/IMG-20190517-WA0102-380x380.jpg 380w, https:\/\/assemblee-nationale.bj\/wp-content\/uploads\/2019\/05\/IMG-20190517-WA0102-285x285.jpg 285w\" sizes=\"auto, (max-width: 720px) 100vw, 720px\" \/><\/div><\/div><\/div><div id=\"pgc-2714-1-2\"  class=\"panel-grid-cell panel-grid-cell-empty\" ><\/div><\/div><div id=\"pg-2714-2\"  class=\"panel-grid panel-no-style\" ><div id=\"pgc-2714-2-0\"  class=\"panel-grid-cell panel-grid-cell-empty\" ><\/div><div id=\"pgc-2714-2-1\"  class=\"panel-grid-cell panel-grid-cell-mobile-last\" ><div id=\"panel-2714-2-1-0\" class=\"so-panel widget widget_text panel-first-child panel-last-child\" data-index=\"2\" ><div class=\"panel-widget-style panel-widget-style-for-2714-2-1-0\" >\t\t\t<div class=\"textwidget\"><p><strong>LES MEMBRES DU BUREAU DE LA 8EME L\u00c9GISLATURE<br \/>\n<\/strong><\/p>\n<p>01 Monsieur Louis VLAVONOU (Pr\u00e9sident de l&rsquo;Assembl\u00e9e Nationale)<br \/>\n02 Mariam CHABI TALATA (Premi\u00e8re Vice-pr\u00e9sidente)<br \/>\n03 Robert GBIAN (Deuxi\u00e8me Vice-Pr\u00e9sident)<br \/>\n04 Boniface YEHOUETOME (Premier Questeur)<br \/>\n05 Andr\u00e9 OKOUNLOLA (Deuxi\u00e8me Questeur)<br \/>\n06 Saofiatou Modjisola\u00a0SCHANOU (Premi\u00e8re Secr\u00e9taire Parlementaire)<br \/>\n07 Djim\u00e9co KOGBLEVI D\u00e9lonix (Deuxi\u00e8me Secr\u00e9taire Parlementaire)<\/p>\n<\/div>\n\t\t<\/div><\/div><\/div><div id=\"pgc-2714-2-2\"  class=\"panel-grid-cell panel-grid-cell-empty\" ><\/div><\/div><\/div>","protected":false},"excerpt":{"rendered":"<p>Les Membres du Bureau du Parlement de la 8\u00e8me L\u00e9gislature<\/p>\n","protected":false},"author":10,"featured_media":0,"comment_status":"open","ping_status":"open","sticky":false,"template":"","format":"standard","meta":{"footnotes":""},"categories":[29],"tags":[],"class_list":["post-2714","post","type-post","status-publish","format-standard","hentry","category-actualites"],"_links":{"self":[{"href":"https:\/\/assemblee-nationale.bj\/index.php\/wp-json\/wp\/v2\/posts\/2714","targetHints":{"allow":["GET"]}}],"collection":[{"href":"https:\/\/assemblee-nationale.bj\/index.php\/wp-json\/wp\/v2\/posts"}],"about":[{"href":"https:\/\/assemblee-nationale.bj\/index.php\/wp-json\/wp\/v2\/types\/post"}],"author":[{"embeddable":true,"href":"https:\/\/assemblee-nationale.bj\/index.php\/wp-json\/wp\/v2\/users\/10"}],"replies":[{"embeddable":true,"href":"https:\/\/assemblee-nationale.bj\/index.php\/wp-json\/wp\/v2\/comments?post=2714"}],"version-history":[{"count":1,"href":"https:\/\/assemblee-nationale.bj\/index.php\/wp-json\/wp\/v2\/posts\/2714\/revisions"}],"predecessor-version":[{"id":2715,"href":"https:\/\/assemblee-nationale.bj\/index.php\/wp-json\/wp\/v2\/posts\/2714\/revisions\/2715"}],"wp:attachment":[{"href":"https:\/\/assemblee-nationale.bj\/index.php\/wp-json\/wp\/v2\/media?parent=2714"}],"wp:term":[{"taxonomy":"category","embeddable":true,"href":"https:\/\/assemblee-nationale.bj\/index.php\/wp-json\/wp\/v2\/categories?post=2714"},{"taxonomy":"post_tag","embeddable":true,"href":"https:\/\/assemblee-nationale.bj\/index.php\/wp-json\/wp\/v2\/tags?post=2714"}],"curies":[{"name":"wp","href":"https:\/\/api.w.org\/{rel}","templated":true}]}}