
{"id":3092,"date":"2019-06-24T20:06:37","date_gmt":"2019-06-24T19:06:37","guid":{"rendered":"https:\/\/assemblee-nationale.bj\/?p=3092"},"modified":"2019-06-24T20:08:16","modified_gmt":"2019-06-24T19:08:16","slug":"le-president-louis-g-vlavonou-ce-matin-a-la-ceremonie-des-couleurs","status":"publish","type":"post","link":"https:\/\/assemblee-nationale.bj\/index.php\/2019\/06\/24\/le-president-louis-g-vlavonou-ce-matin-a-la-ceremonie-des-couleurs\/","title":{"rendered":"Le pr\u00e9sident Louis G. Vlavonou ce matin \u00e0 la c\u00e9r\u00e9monie des couleurs"},"content":{"rendered":"<div id=\"pl-3092\"  class=\"panel-layout\" ><div id=\"pg-3092-0\"  class=\"panel-grid panel-no-style\" ><div id=\"pgc-3092-0-0\"  class=\"panel-grid-cell\" ><div id=\"panel-3092-0-0-0\" class=\"so-panel widget widget_text panel-first-child panel-last-child\" data-index=\"0\" ><div class=\"panel-widget-style panel-widget-style-for-3092-0-0-0\" >\t\t\t<div class=\"textwidget\"><p>Le pr\u00e9sident Louis G. Vlavonou ce matin \u00e0 la c\u00e9r\u00e9monie des couleurs : \u00ab Notre seule arme doit \u00eatre la table ronde \u00bb<\/p>\n<\/div>\n\t\t<\/div><\/div><\/div><\/div><div id=\"pg-3092-1\"  class=\"panel-grid panel-no-style\" ><div id=\"pgc-3092-1-0\"  class=\"panel-grid-cell panel-grid-cell-empty\" ><\/div><div id=\"pgc-3092-1-1\"  class=\"panel-grid-cell panel-grid-cell-mobile-last\" ><div id=\"panel-3092-1-1-0\" class=\"so-panel widget widget_media_image panel-first-child panel-last-child\" data-index=\"1\" ><div class=\"panel-widget-style panel-widget-style-for-3092-1-1-0\" ><a href=\"https:\/\/assemblee-nationale.bj\/wp-content\/uploads\/2019\/06\/drapeau.png\"><img loading=\"lazy\" decoding=\"async\" width=\"1452\" height=\"398\" src=\"https:\/\/assemblee-nationale.bj\/wp-content\/uploads\/2019\/06\/drapeau.png\" class=\"image wp-image-3093  attachment-full size-full\" alt=\"\" style=\"max-width: 100%; height: auto;\" srcset=\"https:\/\/assemblee-nationale.bj\/wp-content\/uploads\/2019\/06\/drapeau.png 1452w, https:\/\/assemblee-nationale.bj\/wp-content\/uploads\/2019\/06\/drapeau-300x82.png 300w, https:\/\/assemblee-nationale.bj\/wp-content\/uploads\/2019\/06\/drapeau-768x211.png 768w, https:\/\/assemblee-nationale.bj\/wp-content\/uploads\/2019\/06\/drapeau-1024x281.png 1024w\" sizes=\"auto, (max-width: 1452px) 100vw, 1452px\" \/><\/a><\/div><\/div><\/div><div id=\"pgc-3092-1-2\"  class=\"panel-grid-cell panel-grid-cell-empty\" ><\/div><\/div><div id=\"pg-3092-2\"  class=\"panel-grid panel-no-style\" ><div id=\"pgc-3092-2-0\"  class=\"panel-grid-cell panel-grid-cell-empty\" ><\/div><div id=\"pgc-3092-2-1\"  class=\"panel-grid-cell panel-grid-cell-mobile-last\" ><div id=\"panel-3092-2-1-0\" class=\"so-panel widget widget_text panel-first-child panel-last-child\" data-index=\"2\" ><div class=\"panel-widget-style panel-widget-style-for-3092-2-1-0\" ><h3 class=\"widget-title\">Le pr\u00e9sident Louis G. Vlavonou ce matin \u00e0 la c\u00e9r\u00e9monie des couleurs : \u00ab Notre seule arme doit \u00eatre la table ronde \u00bb<\/h3>\t\t\t<div class=\"textwidget\"><div class=\"msg-body P_wpofO iy_A\" data-test-id=\"message-view-body-content\">\n<div class=\"jb_0 X_6MGW N_6Fd5\">\n<div>\n<div id=\"yiv8622402230\">\n<div>\n<div class=\"msg-body P_wpofO iy_A\" data-test-id=\"message-view-body-content\">\n<div class=\"jb_0 X_6MGW N_6Fd5\">\n<div>\n<div id=\"yiv5608137854\">\n<div class=\"msg-body P_wpofO iy_A\" data-test-id=\"message-view-body-content\">\n<div class=\"jb_0 X_6MGW N_6Fd5\">\n<div>\n<div id=\"yiv7211841990\">\n<div>\n<div class=\"msg-body P_wpofO iy_A\" data-test-id=\"message-view-body-content\">\n<div class=\"jb_0 X_6MGW N_6Fd5\">\n<div>\n<div id=\"yiv7979679694\">\n<div>\n<div class=\"msg-body P_wpofO iy_A\" data-test-id=\"message-view-body-content\">\n<div class=\"jb_0 X_6MGW N_6Fd5\">\n<div>\n<div id=\"yiv1253806623\">\n<div>\n<p><span class=\"textexposedshow\">Comme c\u2019est d\u00e9sormais la tradition \u00e0 l\u2019Assembl\u00e9e nationale, le pr\u00e9sident Louis G. Vlavonou a pr\u00e9sid\u00e9 la c\u00e9r\u00e9monie des couleurs ce lundi 24 juin 2019. A l\u2019occasion, le premier responsable de l\u2019institution parlementaire a prodigu\u00e9 quelques sages conseils au personnel militaire et civil tout en regrettant les \u00e9v\u00e9nements malheureux survenus ces derniers jours dans les communes de Sav\u00e8 et Tchaourou.<\/span><\/p>\n<p>\u00ab Il me fallait r\u00e9instaurer la tenue de la c\u00e9r\u00e9monie des couleurs tous les lundis parce que j\u2019ai pu observer que de plus en plus, nous perdons le sens du patriotisme et du devoir &#8230; Vous convenez avec moi que les g\u00e9n\u00e9rations montantes ne savent plus ce que symbolise le drapeau national. Si nous ne faisons rien pour restaurer ces valeurs r\u00e9publicaines qui semblent \u00eatre en voie de disparition, c\u2019est notre unit\u00e9 nationale ch\u00e8rement acquise qui en p\u00e2tira (\u2026) \u00bb. Ainsi s\u2019exprimait ce lundi matin le pr\u00e9sident de l\u2019Assembl\u00e9e nationale \u00e0 la faveur de la c\u00e9r\u00e9monie des couleurs \u00e0 laquelle ont pris part les responsables \u00e0 divers niveaux de l\u2019administration parlementaire et tout le commandement militaire. Le pr\u00e9sident Louis G. Vlavonou a salu\u00e9 la mobilisation spontan\u00e9e du personnel civil et militaire autour de cette \u00ab petite r\u00e9forme \u00bb qui de son avis, marque le retour des valeurs r\u00e9publicaines dans l\u2019institution dont il a la charge.<\/p>\n<p>Regrettant les violences survenues ces derniers jours dans certaines localit\u00e9s du pays, le num\u00e9ro 1 des d\u00e9put\u00e9s a souhait\u00e9 que cette culture des valeurs r\u00e9publicaines que pr\u00f4ne la huiti\u00e8me l\u00e9gislature se r\u00e9percute sur toutes les autres composantes de la nation et surtout sur les B\u00e9ninois en g\u00e9n\u00e9ral afin que l\u2019unit\u00e9 nationale et le sens de la patrie et du devoir continuent d\u2019habiter le c\u0153ur des fils et filles du B\u00e9nin. \u00ab En cas de d\u00e9saccord quelconque, seules la table ronde et l\u2019arbre \u00e0 palabre doivent \u00eatre notre arme \u00bb a conclut le pr\u00e9sident Louis G. Vlavonou renvoyant les travailleurs de l\u2019Assembl\u00e9e nationale \u00e0 leurs missions r\u00e9publicaines.<\/p>\n<p>Florent Fid\u00e8le Ahotondji<\/p>\n<\/div>\n<\/div>\n<\/div>\n<\/div>\n<\/div>\n<\/div>\n<\/div>\n<\/div>\n<\/div>\n<\/div>\n<\/div>\n<\/div>\n<\/div>\n<\/div>\n<\/div>\n<\/div>\n<\/div>\n<\/div>\n<\/div>\n<\/div>\n<\/div>\n<\/div>\n<\/div>\n<\/div>\n<\/div>\n\t\t<\/div><\/div><\/div><div id=\"pgc-3092-2-2\"  class=\"panel-grid-cell panel-grid-cell-empty\" ><\/div><\/div><\/div>","protected":false},"excerpt":{"rendered":"<p>Le pr\u00e9sident Louis G. Vlavonou ce matin \u00e0 la c\u00e9r\u00e9monie des couleurs : \u00ab Notre seule arme doit \u00eatre la table ronde \u00bb<\/p>\n","protected":false},"author":10,"featured_media":0,"comment_status":"open","ping_status":"open","sticky":false,"template":"","format":"standard","meta":{"footnotes":""},"categories":[29],"tags":[],"class_list":["post-3092","post","type-post","status-publish","format-standard","hentry","category-actualites"],"_links":{"self":[{"href":"https:\/\/assemblee-nationale.bj\/index.php\/wp-json\/wp\/v2\/posts\/3092","targetHints":{"allow":["GET"]}}],"collection":[{"href":"https:\/\/assemblee-nationale.bj\/index.php\/wp-json\/wp\/v2\/posts"}],"about":[{"href":"https:\/\/assemblee-nationale.bj\/index.php\/wp-json\/wp\/v2\/types\/post"}],"author":[{"embeddable":true,"href":"https:\/\/assemblee-nationale.bj\/index.php\/wp-json\/wp\/v2\/users\/10"}],"replies":[{"embeddable":true,"href":"https:\/\/assemblee-nationale.bj\/index.php\/wp-json\/wp\/v2\/comments?post=3092"}],"version-history":[{"count":1,"href":"https:\/\/assemblee-nationale.bj\/index.php\/wp-json\/wp\/v2\/posts\/3092\/revisions"}],"predecessor-version":[{"id":3094,"href":"https:\/\/assemblee-nationale.bj\/index.php\/wp-json\/wp\/v2\/posts\/3092\/revisions\/3094"}],"wp:attachment":[{"href":"https:\/\/assemblee-nationale.bj\/index.php\/wp-json\/wp\/v2\/media?parent=3092"}],"wp:term":[{"taxonomy":"category","embeddable":true,"href":"https:\/\/assemblee-nationale.bj\/index.php\/wp-json\/wp\/v2\/categories?post=3092"},{"taxonomy":"post_tag","embeddable":true,"href":"https:\/\/assemblee-nationale.bj\/index.php\/wp-json\/wp\/v2\/tags?post=3092"}],"curies":[{"name":"wp","href":"https:\/\/api.w.org\/{rel}","templated":true}]}}