
{"id":3496,"date":"2020-02-24T17:57:16","date_gmt":"2020-02-24T16:57:16","guid":{"rendered":"https:\/\/assemblee-nationale.bj\/?p=3496"},"modified":"2020-02-24T17:57:16","modified_gmt":"2020-02-24T16:57:16","slug":"le-president-louis-g-vlavonou-a-la-tete-de-la-delegation-beninoise-a-laudition-parlementaire-2020-des-nations-unies","status":"publish","type":"post","link":"https:\/\/assemblee-nationale.bj\/index.php\/2020\/02\/24\/le-president-louis-g-vlavonou-a-la-tete-de-la-delegation-beninoise-a-laudition-parlementaire-2020-des-nations-unies\/","title":{"rendered":"Le Pr\u00e9sident Louis G. VLAVONOU \u00e0 la t\u00eate de la d\u00e9l\u00e9gation b\u00e9ninoise \u00e0 l&rsquo;audition parlementaire 2020 des nations Unies"},"content":{"rendered":"<div id=\"pl-3496\"  class=\"panel-layout\" ><div id=\"pg-3496-0\"  class=\"panel-grid panel-no-style\" ><div id=\"pgc-3496-0-0\"  class=\"panel-grid-cell\" ><div id=\"panel-3496-0-0-0\" class=\"so-panel widget widget_text panel-first-child panel-last-child\" data-index=\"0\" ><div class=\"panel-widget-style panel-widget-style-for-3496-0-0-0\" >\t\t\t<div class=\"textwidget\"><p><strong>Le Pr\u00e9sident Louis G. VLAVONOU \u00e0 la t\u00eate de la d\u00e9l\u00e9gation b\u00e9ninoise \u00e0 l&rsquo;audition parlementaire 2020 des nations Unies<\/strong><\/p>\n<p style=\"text-align: justify; line-height: 150%; background: white; margin: 0cm 0cm 4.5pt 0cm;\"><span style=\"color: #1c1e21;\"><strong><br \/>\n<\/strong> <\/span><\/p>\n<p><strong>\u00a0<\/strong><\/p>\n<\/div>\n\t\t<\/div><\/div><\/div><\/div><div id=\"pg-3496-1\"  class=\"panel-grid panel-no-style\" ><div id=\"pgc-3496-1-0\"  class=\"panel-grid-cell panel-grid-cell-empty\" ><\/div><div id=\"pgc-3496-1-1\"  class=\"panel-grid-cell panel-grid-cell-mobile-last\" ><div id=\"panel-3496-1-1-0\" class=\"so-panel widget widget_media_image panel-first-child panel-last-child\" data-index=\"1\" ><div class=\"panel-widget-style panel-widget-style-for-3496-1-1-0\" ><a href=\"https:\/\/assemblee-nationale.bj\/wp-content\/uploads\/2020\/02\/USA2.png\"><img loading=\"lazy\" decoding=\"async\" width=\"1024\" height=\"243\" src=\"https:\/\/assemblee-nationale.bj\/wp-content\/uploads\/2020\/02\/USA2-1024x243.png\" class=\"image wp-image-3493  attachment-large size-large\" alt=\"\" style=\"max-width: 100%; height: auto;\" srcset=\"https:\/\/assemblee-nationale.bj\/wp-content\/uploads\/2020\/02\/USA2-1024x243.png 1024w, https:\/\/assemblee-nationale.bj\/wp-content\/uploads\/2020\/02\/USA2-300x71.png 300w, https:\/\/assemblee-nationale.bj\/wp-content\/uploads\/2020\/02\/USA2-768x182.png 768w, https:\/\/assemblee-nationale.bj\/wp-content\/uploads\/2020\/02\/USA2.png 1435w\" sizes=\"auto, (max-width: 1024px) 100vw, 1024px\" \/><\/a><\/div><\/div><\/div><div id=\"pgc-3496-1-2\"  class=\"panel-grid-cell panel-grid-cell-empty\" ><\/div><\/div><div id=\"pg-3496-2\"  class=\"panel-grid panel-no-style\" ><div id=\"pgc-3496-2-0\"  class=\"panel-grid-cell panel-grid-cell-empty\" ><\/div><div id=\"pgc-3496-2-1\"  class=\"panel-grid-cell panel-grid-cell-mobile-last\" ><div id=\"panel-3496-2-1-0\" class=\"so-panel widget widget_text panel-first-child panel-last-child\" data-index=\"2\" ><div class=\"panel-widget-style panel-widget-style-for-3496-2-1-0\" >\t\t\t<div class=\"textwidget\"><p>Du 17 au 18 f\u00e9vrier 2020 s\u2019est tenue \u00e0 New-York au si\u00e8ge de l\u2019Organisation des Nations Unies, la 74e Assembl\u00e9e g\u00e9n\u00e9rale de l\u2019Union Interparlementaire. Une importante rencontre \u00e0 laquelle le Parlement b\u00e9ninois a \u00e9t\u00e9 repr\u00e9sent\u00e9 par son pr\u00e9sident et deux autres d\u00e9put\u00e9s. Plusieurs activit\u00e9s ont meubl\u00e9 le s\u00e9jour de la d\u00e9l\u00e9gation b\u00e9ninoise \u00e0 New-York.<\/p>\n<p>La d\u00e9l\u00e9gation b\u00e9ninoise conduite par le pr\u00e9sident de l&rsquo;Assembl\u00e9e nationale Louis Gb\u00e8hounou VLAVONOU, est arriv\u00e9e \u00e0 l&rsquo;a\u00e9roport John F. Kennedy de New York le dimanche 16 f\u00e9vrier 2020 \u00e0 10:30, heure locale. Elle a \u00e9t\u00e9 accueillie par Claude do Rego, Ambassadeur, Repr\u00e9sentant Permanent du B\u00e9nin aupr\u00e8s des Nations Unies \u00e0 New York.<br \/>\nD\u00e8s le lendemain, le pr\u00e9sident Louis G. VLAVONOU et sa suite se sont rendus au si\u00e8ge de si\u00e8ge de l\u2019Organisation des Nations Unies pour la c\u00e9r\u00e9monie d\u2019ouverture officielle de la 74e Assembl\u00e9e g\u00e9n\u00e9rale de l\u2019Union Interparlementaire qui a pour th\u00e8me \u00a0\u00ab l\u2019\u00e9ducation, facteur cl\u00e9 de la paix et du d\u00e9veloppement durable : vers la mise en \u0153uvre de l\u2019ODD4 \u00bb. En Marge de cette audition, le Pr\u00e9sident de l&rsquo;Assembl\u00e9e nationale du B\u00e9nin \u00a0a eu une rencontre avec Tijjani Muhammad-Bande, Pr\u00e9sident de la 74eme session de l&rsquo;Assembl\u00e9e G\u00e9n\u00e9rale des Nations Unies. Les deux personnalit\u00e9s ont \u00e9chang\u00e9 sur plusieurs sujets dont la question de la mise en \u0153uvre des ODD.<\/p>\n<p>Lors des travaux de la seconde journ\u00e9e, le num\u00e9ro 1 des d\u00e9put\u00e9s b\u00e9ninois a eu l\u2019occasion de prendre la parole \u00e0 plusieurs reprises dans un forum interactif pour exposer largement les efforts fournis par le Gouvernement et le Parlement du B\u00e9nin dans le secteur de l\u2019Education. De la gratuit\u00e9 de la scolarit\u00e9 pour les femmes \u00e0 la mise en place des cantines scolaires appuy\u00e9e par le Programme alimentaire mondial, le Pr\u00e9sident de l\u2019Assembl\u00e9e nationale a d\u00e9montr\u00e9 aux parlementaires de l\u2019UIP comment le B\u00e9nin a r\u00e9ussi \u00e0 scolariser presque 80% des filles b\u00e9ninoises en consacrant 30% de son budget national \u00e0 l\u2019Education.<\/p>\n<p>A l\u2019issue de ces travaux, la d\u00e9l\u00e9gation b\u00e9ninoise a \u00e9t\u00e9 re\u00e7ue par Rosemary Anne Dicarlo, Sous-Secr\u00e9taire g\u00e9n\u00e9ral des nations Unies en charge des Affaires politiques et de la consolidation de la paix. Divers sujets ont \u00e9t\u00e9 abord\u00e9s par les deux partie notamment la situation politique de l\u2019Afrique et du B\u00e9nin. Les questions touchant \u00e0 la s\u00e9curit\u00e9 dans le Nord-B\u00e9nin n\u2019ont pas \u00e9t\u00e9 occult\u00e9es. Il convient de noter qu\u2019aussi bien chez le pr\u00e9sident de la 74eme session de l&rsquo;Assembl\u00e9e G\u00e9n\u00e9rale des Nations Unies que chez la Sous-Secr\u00e9taire g\u00e9n\u00e9rale des nations Unies, la satisfaction \u00e9tait au rendez-vous. \u00a0Apr\u00e8s avoir f\u00e9licit\u00e9 le Parlement et le Gouvernement b\u00e9ninois pour les succ\u00e8s enregistr\u00e9s dans la scolarisation des filles, les deux personnalit\u00e9s ont rassur\u00e9 de l\u2019accompagnement sans faille de l\u2019ONU.<\/p>\n<p>Enfin, la troisi\u00e8me journ\u00e9e du s\u00e9jour du pr\u00e9sident de l\u2019Assembl\u00e9e nationale et de ses coll\u00e8gues d\u00e9put\u00e9s a \u00e9t\u00e9 mise \u00e0 profit pour une s\u00e9ance de travail avec le personnel de la Mission diplomatique permanente du B\u00e9nin pr\u00e8s les Nations-Unies \u00e0 New-York. Au cours de ladite s\u00e9ance, plusieurs sujets dont la gestion de la carri\u00e8re des recrut\u00e9s locaux depuis leur engagement jusqu&rsquo;\u00e0 la cessation de leurs fonctions, la gestion des compatriotes r\u00e9sidents \u00e0 New-York, et les d\u00e9f\u00e9rentes op\u00e9rations de maintien de la paix ont \u00e9t\u00e9 d\u00e9battu.<\/p>\n<\/div>\n\t\t<\/div><\/div><\/div><div id=\"pgc-3496-2-2\"  class=\"panel-grid-cell panel-grid-cell-empty\" ><\/div><\/div><\/div>","protected":false},"excerpt":{"rendered":"<p>Du 17 au 18 f\u00e9vrier 2020 s\u2019est tenue \u00e0 New-York au si\u00e8ge de l\u2019Organisation des Nations Unies, la 74e Assembl\u00e9e g\u00e9n\u00e9rale de l\u2019Union Interparlementaire.<\/p>\n","protected":false},"author":10,"featured_media":0,"comment_status":"open","ping_status":"open","sticky":false,"template":"","format":"standard","meta":{"footnotes":""},"categories":[29],"tags":[],"class_list":["post-3496","post","type-post","status-publish","format-standard","hentry","category-actualites"],"_links":{"self":[{"href":"https:\/\/assemblee-nationale.bj\/index.php\/wp-json\/wp\/v2\/posts\/3496","targetHints":{"allow":["GET"]}}],"collection":[{"href":"https:\/\/assemblee-nationale.bj\/index.php\/wp-json\/wp\/v2\/posts"}],"about":[{"href":"https:\/\/assemblee-nationale.bj\/index.php\/wp-json\/wp\/v2\/types\/post"}],"author":[{"embeddable":true,"href":"https:\/\/assemblee-nationale.bj\/index.php\/wp-json\/wp\/v2\/users\/10"}],"replies":[{"embeddable":true,"href":"https:\/\/assemblee-nationale.bj\/index.php\/wp-json\/wp\/v2\/comments?post=3496"}],"version-history":[{"count":1,"href":"https:\/\/assemblee-nationale.bj\/index.php\/wp-json\/wp\/v2\/posts\/3496\/revisions"}],"predecessor-version":[{"id":3497,"href":"https:\/\/assemblee-nationale.bj\/index.php\/wp-json\/wp\/v2\/posts\/3496\/revisions\/3497"}],"wp:attachment":[{"href":"https:\/\/assemblee-nationale.bj\/index.php\/wp-json\/wp\/v2\/media?parent=3496"}],"wp:term":[{"taxonomy":"category","embeddable":true,"href":"https:\/\/assemblee-nationale.bj\/index.php\/wp-json\/wp\/v2\/categories?post=3496"},{"taxonomy":"post_tag","embeddable":true,"href":"https:\/\/assemblee-nationale.bj\/index.php\/wp-json\/wp\/v2\/tags?post=3496"}],"curies":[{"name":"wp","href":"https:\/\/api.w.org\/{rel}","templated":true}]}}