
{"id":3672,"date":"2020-10-01T16:50:05","date_gmt":"2020-10-01T15:50:05","guid":{"rendered":"https:\/\/assemblee-nationale.bj\/?p=3672"},"modified":"2020-10-01T16:50:05","modified_gmt":"2020-10-01T15:50:05","slug":"le-president-louis-g-vlavonou-et-la-huitieme-legislature-portent-assistance-aux-victimes-de-linondation-dans-le-nord-benin-2","status":"publish","type":"post","link":"https:\/\/assemblee-nationale.bj\/index.php\/2020\/10\/01\/le-president-louis-g-vlavonou-et-la-huitieme-legislature-portent-assistance-aux-victimes-de-linondation-dans-le-nord-benin-2\/","title":{"rendered":"Le Pr\u00e9sident Louis G. VLAVONOU et la huiti\u00e8me l\u00e9gislature portent assistance aux victimes de l&rsquo;inondation dans le Nord-B\u00e9nin."},"content":{"rendered":"<div id=\"pl-3672\"  class=\"panel-layout\" ><div id=\"pg-3672-0\"  class=\"panel-grid panel-no-style\" ><div id=\"pgc-3672-0-0\"  class=\"panel-grid-cell\" ><div id=\"panel-3672-0-0-0\" class=\"so-panel widget widget_text panel-first-child panel-last-child\" data-index=\"0\" ><div class=\"panel-widget-style panel-widget-style-for-3672-0-0-0\" >\t\t\t<div class=\"textwidget\"><p><strong>Le Pr\u00e9sident Louis G. VLAVONOU et la huiti\u00e8me l\u00e9gislature portent assistance aux victimes de l&rsquo;inondation dans le Nord-B\u00e9nin.<br \/>\n<\/strong><\/p>\n<p style=\"text-align: justify; line-height: 150%; background: white; margin: 0cm 0cm 4.5pt 0cm;\"><span style=\"color: #1c1e21;\"><strong><br \/>\n<\/strong> <\/span><\/p>\n<p><strong>\u00a0<\/strong><\/p>\n<\/div>\n\t\t<\/div><\/div><\/div><\/div><div id=\"pg-3672-1\"  class=\"panel-grid panel-no-style\" ><div id=\"pgc-3672-1-0\"  class=\"panel-grid-cell panel-grid-cell-empty\" ><\/div><div id=\"pgc-3672-1-1\"  class=\"panel-grid-cell panel-grid-cell-mobile-last\" ><div id=\"panel-3672-1-1-0\" class=\"so-panel widget widget_media_image panel-first-child panel-last-child\" data-index=\"1\" ><div class=\"panel-widget-style panel-widget-style-for-3672-1-1-0\" ><a href=\"https:\/\/assemblee-nationale.bj\/wp-content\/uploads\/2020\/10\/tourn\u00e9e-karimaman-PAN.png\"><img loading=\"lazy\" decoding=\"async\" width=\"1024\" height=\"253\" src=\"https:\/\/assemblee-nationale.bj\/wp-content\/uploads\/2020\/10\/tourn\u00e9e-karimaman-PAN-1024x253.png\" class=\"image wp-image-3673  attachment-large size-large\" alt=\"\" style=\"max-width: 100%; height: auto;\" srcset=\"https:\/\/assemblee-nationale.bj\/wp-content\/uploads\/2020\/10\/tourn\u00e9e-karimaman-PAN-1024x253.png 1024w, https:\/\/assemblee-nationale.bj\/wp-content\/uploads\/2020\/10\/tourn\u00e9e-karimaman-PAN-300x74.png 300w, https:\/\/assemblee-nationale.bj\/wp-content\/uploads\/2020\/10\/tourn\u00e9e-karimaman-PAN-768x190.png 768w, https:\/\/assemblee-nationale.bj\/wp-content\/uploads\/2020\/10\/tourn\u00e9e-karimaman-PAN-380x95.png 380w, https:\/\/assemblee-nationale.bj\/wp-content\/uploads\/2020\/10\/tourn\u00e9e-karimaman-PAN.png 1430w\" sizes=\"auto, (max-width: 1024px) 100vw, 1024px\" \/><\/a><\/div><\/div><\/div><div id=\"pgc-3672-1-2\"  class=\"panel-grid-cell panel-grid-cell-empty\" ><\/div><\/div><div id=\"pg-3672-2\"  class=\"panel-grid panel-no-style\" ><div id=\"pgc-3672-2-0\"  class=\"panel-grid-cell panel-grid-cell-empty\" ><\/div><div id=\"pgc-3672-2-1\"  class=\"panel-grid-cell panel-grid-cell-mobile-last\" ><div id=\"panel-3672-2-1-0\" class=\"so-panel widget widget_text panel-first-child panel-last-child\" data-index=\"2\" ><div class=\"panel-widget-style panel-widget-style-for-3672-2-1-0\" >\t\t\t<div class=\"textwidget\"><p><strong>Tourn\u00e9e parlementaire suite aux inondations \u00e0 Malanville et Karimama\u00a0: le Pr\u00e9sident VLAVONOU, LA VOIX DES SANS VOIX AUPR\u00c8S DE TALON<\/strong><\/p>\n<p>&nbsp;<\/p>\n<p>Malanville et Karimama sont les derni\u00e8res \u00e9tapes de la tourn\u00e9e parlementaire conduite par le pr\u00e9sident de l&rsquo;Assembl\u00e9e nationale, Louis Gb\u00e8hounou Vlavonou dans le Nord pour manifester aux victimes des r\u00e9centes inondations la compassion de la repr\u00e9sentation nationale.\u00a0 Ce mercredi 30 septembre 2020 \u00e0 Malanville et Karimama, l&rsquo;autorit\u00e9 parlementaire s&rsquo;est engag\u00e9e, face aux d\u00e9g\u00e2ts et l&rsquo;urgence des mesures, \u00e0 \u00eatre la voix des sans voix aupr\u00e8s du pr\u00e9sident de la r\u00e9publique Patrice Talon pour que le budget 2021 de l&rsquo;\u00c9tat puisse prendre en compte la gestion de ce ph\u00e9nom\u00e8ne \u00e0 l&rsquo;or\u00e9e de l&rsquo;ouverture de la session budg\u00e9taire au Palais des gouverneurs \u00e0 Porto-Novo.<\/p>\n<p>&nbsp;<\/p>\n<p><strong>Lire ci-dessous un extrait des propos tenus par le Pr\u00e9sident Louis Gb\u00e8hounou Vlavonou aux populations de Malanville et Karimama. <\/strong><\/p>\n<p>\u00ab\u00a0&#8230;Messieurs les maires de Malanville et de Karimama, responsables de l&rsquo;ONG Bienfaisance, messieurs les conseillers communaux et chefs d&rsquo;arrondissement, au nom de la d\u00e9l\u00e9gation que j&rsquo;accompagne, je voudrais vous dire mon \u00e9motion face aux dispositions prises pour notre accueil. C&rsquo;\u00e9tait un accueil hors pair, un accueil r\u00e9serv\u00e9 \u00e0 un chef de l&rsquo;Etat. Nous n&rsquo;allons pas nous fourvoyer, nous sommes la deuxi\u00e8me personnalit\u00e9 de l&rsquo;\u00c9tat. Nous sommes les repr\u00e9sentants du peuple et voulant venir et compatir aux souffrances du peuple qui nous a \u00e9lus et que nous repr\u00e9sentons, que ce peuple se mette \u00e0 nous acclamer alors que nous sommes venus pleurer avec lui, c&rsquo;est path\u00e9tique ! Vous voyez \u00e0 quel niveau l&rsquo;\u00e9motion devait \u00eatre grande et je vous remercie pour cette disposition que vous avez prise et qui non seulement vous honore \u00e9norm\u00e9ment mais aussi honore les d\u00e9put\u00e9s de l&rsquo;Alibori qui accompagnent le bureau de l&rsquo;Assembl\u00e9e nationale.\u00a0 Ce bureau est compos\u00e9 d&rsquo;abord de moi-m\u00eame, du 2\u00e8me vice-pr\u00e9sident de l&rsquo;Assembl\u00e9e nationale, le G\u00e9n\u00e9ral Robert GBIAN et de la 1ere secr\u00e9taire parlementaire qui est Madame Sofiath SCHANOU \u00e9pouse Arouna, sans oublier les d\u00e9put\u00e9s que vous connaissez bien,\u00a0\u00a0 Issa SALIFOU alias Saley, Arifari BAKO et Bio Idrissou SINA OUNINGUI. Voil\u00e0 les d\u00e9put\u00e9s qui m&rsquo;accompagnent en plus des administratifs et la presse parlementaire.<\/p>\n<p>Alors, je suis d&rsquo;autant plus \u00e9mu que les probl\u00e8mes soulev\u00e9s par les uns et par les autres sont d&rsquo;une telle ampleur que l&rsquo;\u00e9motion devient plus grande. Mais nous n&rsquo;allons-nous arr\u00eater aux \u00e9motions. Vous savez bien que l&rsquo;\u00e9motion n&rsquo;a pas de signe plus ni de signe moins. L&rsquo;\u00e9motion est en valeur absolue. Elle est neutre et peut arriver \u00e0 n&rsquo;importe qui. Vous pouvez couler les larmes face \u00e0 l&rsquo;ampleur des d\u00e9g\u00e2ts qu&rsquo;on a vus. C&rsquo;est la mani\u00e8re dont on g\u00e8re l&rsquo;\u00e9motion qui importe.\u00a0 Apr\u00e8s l&rsquo;\u00e9motion, c&rsquo;est quoi ? C&rsquo;est \u00e7a qui fait de vous un homme, un homme d&rsquo;action, un homme d&rsquo;inaction ou un homme affable tout court. La gestion que vous faites de l&rsquo;\u00e9motion apr\u00e8s sa neutralit\u00e9, c&rsquo;est \u00e7a qui fait de vous la valeur intrins\u00e8que qu&rsquo;on peut vous attribuer. Au-del\u00e0 de l&rsquo;\u00e9motion, qu&rsquo;est ce qu&rsquo;on va faire apr\u00e8s ? C&rsquo;est le plus important. Nous n&rsquo;allons pas pleurer sur les d\u00e9g\u00e2ts. Nous allons \u00e0 partir de ce qu&rsquo;on a vu et entendu, ce que nous avons \u00e9cout\u00e9 et touch\u00e9, pour faire un pas en arri\u00e8re pour mieux sauter pour le bonheur de ce peuple. Mieux sauter pour que cela n&rsquo;arrive plus.<\/p>\n<p>Nous sommes en face d&rsquo;une situation cyclique, (bien vrai qu&rsquo;on a dit que c&rsquo;est les changements climatiques avec la COP 21, COP22, COP 23, le ph\u00e9nom\u00e8ne perdure), allons-nous rester \u00e0 pleurer sur le lait renvers\u00e9? Non !\u00a0 Le moment est plus que jamais venu pour qu&rsquo;\u00e0 l&rsquo;or\u00e9e de l&rsquo;ouverture de la deuxi\u00e8me session ordinaire de l&rsquo;ann\u00e9e qui est la session budg\u00e9taire, que nous puissions poser des questions concr\u00e8tes. On doit voter le budget mais avant, nous devons voir ce qui est pr\u00e9vu dans le budget 2021. Moi-m\u00eame je suis l\u00e0, c\u2019est \u00e7a la diff\u00e9rence. Moi j&rsquo;ai d&rsquo;autres opportunit\u00e9s que les \u00e9lus n&rsquo;ont pas. J&rsquo;ai d&rsquo;autres opportunit\u00e9s pour parler directement avec le chef de l&rsquo;Etat.\u00a0 Au lieu de passer par les ministres de la R\u00e9publique, je pourrai porter directement la voix des sans voix que je suis venu voir en personne au chef de l&rsquo;Etat. Je pourrai lui dire que ce que je suis venu voir est ahurissant, alarmant.\u00a0\u00a0 Bien vrai tout est urgent, tout part aujourd&rsquo;hui au plus press\u00e9 mais il y a urgence dans urgence. Par rapport \u00e0 \u00e7a, nous pouvons voir qu&rsquo;est-ce qui est pr\u00e9vu pour que prochainement l\u00e0, on n&rsquo;assiste plus \u00e0 ces d\u00e9g\u00e2ts. Parce que j&rsquo;ai entendu d&rsquo;autres propositions qui ne sont pas soulev\u00e9es ici mais ailleurs par exemple, le pr\u00e9fet a fait la proposition des digues \u00e0 moiti\u00e9 r\u00e9alis\u00e9es ici \u00e0 Malanville, comment faire pour rechercher des fonds afin que la partie qui reste soit construite pour endiguer compl\u00e8tement ce ph\u00e9nom\u00e8ne. Vous savez aujourd\u2019hui, le d\u00e9bordement du fleuve Niger avec la construction de la digue au niveau du Niger, nous nous sommes en position de de nivellement bas par rapport au Niger de mani\u00e8re \u00e0 ce que lorsque le fleuve monte, tout est d\u00e9vers\u00e9 chez nous. \u00c7a devient que chacun pr\u00eache pour sa paroisse. Dans ces conditions, qu&rsquo;est-ce que nous allons faire maintenant ?<\/p>\n<p>Allons-nous croiser les bras et voir que la solution apport\u00e9e par les autres nous mette dans l&rsquo;\u00e9moi ? Nous aussi, nous devons pouvoir faire quelque chose. Et par rapport aussi \u00e0 Karimama, Gogounou, Kandi (qui n&rsquo;a jamais connu une pareille inondation mais qui est aujourd&rsquo;hui atteinte), comment faire pour pr\u00e9venir B\u00e8mb\u00e8r\u00e8k\u00e8, Banikoara et autres pour que le M\u00e9krou et l&rsquo;Alibori&#8230;\u00a0 le fleuve Niger ne s\u00e8ment pas toujours les affres dont nous aurons \u00e0 toujours g\u00e9rer les cons\u00e9quences. Je pense que c&rsquo;est des solutions durables. Maintenant il y a des solutions palliatives qui sont en train d&rsquo;\u00eatre exp\u00e9riment\u00e9es et d&rsquo;\u00eatre mises en exergue. Je remercie l&rsquo;ONG Bienfaisance qui appuie les populations de fa\u00e7on quotidienne et tout \u00e0 l\u2019heure, ils nous ont dit que d&rsquo;ici \u00e0 l\u00e0, ils iront vers Gogounou aussi. D\u00e9j\u00e0 ils sont \u00e0 Malanville, Karimama. Merci beaucoup pour ce que vous faites et que la source d&rsquo;o\u00f9 vous tenez les ressources, ne tarisse point. Maintenant nous, jusque-l\u00e0, on a \u00e9t\u00e9 inform\u00e9s par les d\u00e9put\u00e9s qui sont ici pr\u00e9sents et qui nous ont fait part de la situation catastrophique que subit la r\u00e9gion. Nous avons suivi \u00e0 la t\u00e9l\u00e9vision des reportages et sur le terrain, beaucoup de choses nous ont pr\u00e9occup\u00e9s. Il y a eu des pertes en vies humaines et pour nous, une seule vie humaine qui dispara\u00eet, \u00e7a vaut plus que mille pertes mat\u00e9rielles. Dans mon m\u00e9tier d&rsquo;avant, (je suis douanier et formateur), on nous apprend que la vie d&rsquo;un contrebandier est plus importante que le plus beau et gros chargement du monde. \u00c7a peut \u00eatre de l&rsquo;or, du diamant. En d&rsquo;autres termes, vous pouvez perdre toutes les cultures, si on perd un homme dedans pour moi, c\u2019est plus important. Et au-del\u00e0 de ce qu&rsquo;on a vu l\u00e0, c&rsquo;est les pertes en vies humaines qui nous ont le plus marqu\u00e9s. Comment faire pour qu&rsquo;il n&rsquo;y ait plus de pertes en vies humaines ? Parce qu&rsquo;ailleurs hier, on nous disait qu&rsquo;il y a 7 ou 9 \u00e0 Kandi qui \u00e9taient d\u00e9c\u00e9d\u00e9s, une vingtaine de d\u00e9c\u00e8s pour l&rsquo;ensemble de Kandi, Gogounou,\u00a0 Malanville&#8230;<\/p>\n<p>Nous sommes venus comme dans notre tradition africaine et b\u00e9ninoise en particulier,\u00a0 lorsqu&rsquo;on perd un \u00eatre cher, (si en France les gens pleurent parce qu&rsquo;ils ont perdu un chien ou ils font le deuil parce qu&rsquo;ils ont perdu un chat, pourquoi nous qui avons de la valeur pour l&rsquo;\u00eatre humain, nous n&rsquo;allons pas pleurer pour la disparition\u00a0 des n\u00f4tres ?), vous\u00a0 apporter notre\u00a0 compassion ( qui veut dire souffrir avec, faire la passion avec quelqu&rsquo;un ), partager avec vous votre souffrance. Ce n&rsquo;est pas que nous sommes venus par charit\u00e9, non ! Mais nous sommes venus souffrir avec vous. Car les veines qui vous traversent aussi, distillent la souffrance. Vous nous avez \u00e9lus et on ne saurait l&rsquo;ignorer. Qu&rsquo;on ne dise pas que c&rsquo;est seulement les d\u00e9put\u00e9s de la r\u00e9gion qui sont venus vous voir que moi-m\u00eame j&rsquo;ai fait le d\u00e9placement. C&rsquo;est en respect de cela que le Pr\u00e9sident de l&rsquo;institution m\u00eame qui est l&rsquo;institution parlementaire qui repr\u00e9sente les 82 d\u00e9put\u00e9s a fait le d\u00e9placement. Ma pr\u00e9sence gomme cette fa\u00e7on alt\u00e9r\u00e9e de voir que c&rsquo;est seuls les d\u00e9put\u00e9s de la r\u00e9gion qui sont venus. Moi seul, d\u00e9j\u00e0 \u00e0 vos c\u00f4t\u00e9s, c\u2019est comme si c&rsquo;est tout le B\u00e9nin entier qui est solidaire. C&rsquo;est le sens de ma pr\u00e9sence surtout. Ce sont les 82 d\u00e9put\u00e9s qui sont l\u00e0, c&rsquo;est tous les d\u00e9partements qui sont l\u00e0, les 24 circonscriptions \u00e9lectorales et les 77 communes qui sont repr\u00e9sent\u00e9es ici rien que par ma pr\u00e9sence seule. Voil\u00e0 le sens de ma pr\u00e9sence et qui \u00e9limine toute la compr\u00e9hension qu&rsquo;il fallait avoir de la d\u00e9l\u00e9gation simple qui allait arriver m\u00eame si elle a \u00e9t\u00e9 envoy\u00e9e par moi moi-m\u00eame.\u00a0 Recevez donc au nom de tous les d\u00e9put\u00e9s et au nom de toutes les populations du B\u00e9nin nos sinc\u00e8res condol\u00e9ances pour ceux qui nous ont quitt\u00e9s et notre sentiment de compassion, de solidarit\u00e9 et notre sens de partage aussi. Nous ne pouvons pas venir vous voir et parler seulement et ne pas laisser du chiffon pour essuyer les larmes. Veuillez accepter ce petit pr\u00e9sent. Voil\u00e0 le message de la repr\u00e9sentation nationale que je voulais porter \u00e0 votre connaissance&#8230;.\u00a0\u00bb.<\/p>\n<\/div>\n\t\t<\/div><\/div><\/div><div id=\"pgc-3672-2-2\"  class=\"panel-grid-cell panel-grid-cell-empty\" ><\/div><\/div><\/div>","protected":false},"excerpt":{"rendered":"<p>Le Pr\u00e9sident VLAVONOU, LA VOIX DES SANS VOIX AUPR\u00c8S DU PRESIDENT TALON.<\/p>\n","protected":false},"author":10,"featured_media":0,"comment_status":"open","ping_status":"open","sticky":false,"template":"","format":"standard","meta":{"footnotes":""},"categories":[29],"tags":[],"class_list":["post-3672","post","type-post","status-publish","format-standard","hentry","category-actualites"],"_links":{"self":[{"href":"https:\/\/assemblee-nationale.bj\/index.php\/wp-json\/wp\/v2\/posts\/3672","targetHints":{"allow":["GET"]}}],"collection":[{"href":"https:\/\/assemblee-nationale.bj\/index.php\/wp-json\/wp\/v2\/posts"}],"about":[{"href":"https:\/\/assemblee-nationale.bj\/index.php\/wp-json\/wp\/v2\/types\/post"}],"author":[{"embeddable":true,"href":"https:\/\/assemblee-nationale.bj\/index.php\/wp-json\/wp\/v2\/users\/10"}],"replies":[{"embeddable":true,"href":"https:\/\/assemblee-nationale.bj\/index.php\/wp-json\/wp\/v2\/comments?post=3672"}],"version-history":[{"count":1,"href":"https:\/\/assemblee-nationale.bj\/index.php\/wp-json\/wp\/v2\/posts\/3672\/revisions"}],"predecessor-version":[{"id":3674,"href":"https:\/\/assemblee-nationale.bj\/index.php\/wp-json\/wp\/v2\/posts\/3672\/revisions\/3674"}],"wp:attachment":[{"href":"https:\/\/assemblee-nationale.bj\/index.php\/wp-json\/wp\/v2\/media?parent=3672"}],"wp:term":[{"taxonomy":"category","embeddable":true,"href":"https:\/\/assemblee-nationale.bj\/index.php\/wp-json\/wp\/v2\/categories?post=3672"},{"taxonomy":"post_tag","embeddable":true,"href":"https:\/\/assemblee-nationale.bj\/index.php\/wp-json\/wp\/v2\/tags?post=3672"}],"curies":[{"name":"wp","href":"https:\/\/api.w.org\/{rel}","templated":true}]}}