
{"id":3677,"date":"2020-11-03T13:51:29","date_gmt":"2020-11-03T12:51:29","guid":{"rendered":"https:\/\/assemblee-nationale.bj\/?p=3677"},"modified":"2020-11-03T13:54:34","modified_gmt":"2020-11-03T12:54:34","slug":"adoption-a-lunanimite-3eme-rapport-dactivites-du-president-louis-g-vlavonou","status":"publish","type":"post","link":"https:\/\/assemblee-nationale.bj\/index.php\/2020\/11\/03\/adoption-a-lunanimite-3eme-rapport-dactivites-du-president-louis-g-vlavonou\/","title":{"rendered":"Adoption \u00e0 l\u2019unanimit\u00e9 du 3\u00e8me rapport d\u2019activit\u00e9s du Pr\u00e9sident Louis G. VLAVONOU."},"content":{"rendered":"<div id=\"pl-3677\"  class=\"panel-layout\" ><div id=\"pg-3677-0\"  class=\"panel-grid panel-no-style\" ><div id=\"pgc-3677-0-0\"  class=\"panel-grid-cell\" ><div id=\"panel-3677-0-0-0\" class=\"so-panel widget widget_text panel-first-child panel-last-child\" data-index=\"0\" ><div class=\"panel-widget-style panel-widget-style-for-3677-0-0-0\" >\t\t\t<div class=\"textwidget\"><p><strong>Adoption \u00e0 l\u2019unanimit\u00e9 du 3\u00e8me rapport d\u2019activit\u00e9s du Pr\u00e9sident Louis G. VLAVONOU<\/strong><\/p>\n<p style=\"text-align: justify; line-height: 150%; background: white; margin: 0cm 0cm 4.5pt 0cm;\"><span style=\"color: #1c1e21;\"><strong><br \/>\n<\/strong> <\/span><\/p>\n<p><strong>\u00a0<\/strong><\/p>\n<\/div>\n\t\t<\/div><\/div><\/div><\/div><div id=\"pg-3677-1\"  class=\"panel-grid panel-no-style\" ><div id=\"pgc-3677-1-0\"  class=\"panel-grid-cell panel-grid-cell-empty\" ><\/div><div id=\"pgc-3677-1-1\"  class=\"panel-grid-cell panel-grid-cell-mobile-last\" ><div id=\"panel-3677-1-1-0\" class=\"so-panel widget widget_media_image panel-first-child panel-last-child\" data-index=\"1\" ><div class=\"panel-widget-style panel-widget-style-for-3677-1-1-0\" ><a href=\"https:\/\/assemblee-nationale.bj\/wp-content\/uploads\/2020\/11\/vote-rapport-dactivit\u00e9-PAN-1024x251.jpg\"><img loading=\"lazy\" decoding=\"async\" width=\"1024\" height=\"251\" src=\"https:\/\/assemblee-nationale.bj\/wp-content\/uploads\/2020\/11\/vote-rapport-dactivit\u00e9-PAN2-1024x251.jpg\" class=\"image wp-image-3676  attachment-large size-large\" alt=\"\" style=\"max-width: 100%; height: auto;\" srcset=\"https:\/\/assemblee-nationale.bj\/wp-content\/uploads\/2020\/11\/vote-rapport-dactivit\u00e9-PAN2-1024x251.jpg 1024w, https:\/\/assemblee-nationale.bj\/wp-content\/uploads\/2020\/11\/vote-rapport-dactivit\u00e9-PAN2-300x74.jpg 300w, https:\/\/assemblee-nationale.bj\/wp-content\/uploads\/2020\/11\/vote-rapport-dactivit\u00e9-PAN2-768x189.jpg 768w, https:\/\/assemblee-nationale.bj\/wp-content\/uploads\/2020\/11\/vote-rapport-dactivit\u00e9-PAN2.jpg 1430w\" sizes=\"auto, (max-width: 1024px) 100vw, 1024px\" \/><\/a><\/div><\/div><\/div><div id=\"pgc-3677-1-2\"  class=\"panel-grid-cell panel-grid-cell-empty\" ><\/div><\/div><div id=\"pg-3677-2\"  class=\"panel-grid panel-no-style\" ><div id=\"pgc-3677-2-0\"  class=\"panel-grid-cell panel-grid-cell-empty\" ><\/div><div id=\"pgc-3677-2-1\"  class=\"panel-grid-cell panel-grid-cell-mobile-last\" ><div id=\"panel-3677-2-1-0\" class=\"so-panel widget widget_text panel-first-child panel-last-child\" data-index=\"2\" ><div class=\"panel-widget-style panel-widget-style-for-3677-2-1-0\" >\t\t\t<div class=\"textwidget\"><p><strong>Adoption \u00e0 l\u2019unanimit\u00e9 du 3\u00e8me rapport d\u2019activit\u00e9s du Pr\u00e9sident Louis G. VLAVONOU : La confirmation \u00ab d\u2019un parlement de d\u00e9veloppement au service de la population b\u00e9ninoise\u00bb<\/strong><\/p>\n<p>&nbsp;<\/p>\n<p><strong>\u00a0<\/strong><\/p>\n<p>L\u2019obligation de reddition de comptes du Pr\u00e9sident de l\u2019Assembl\u00e9e nationale inscrite dans le R\u00e8glement int\u00e9rieur de l\u2019Institution en son article 21 stipule que \u00ab Le Pr\u00e9sident de l\u2019Assembl\u00e9e nationale doit rendre compte \u00e0 l\u2019Assembl\u00e9e nationale de ses activit\u00e9s, de sa gestion et lui fournir toutes explications qui lui seront demand\u00e9es. A cet effet, le Pr\u00e9sident doit au d\u00e9but de chaque session ordinaire, pr\u00e9senter un rapport sur ses activit\u00e9s et sa gestion&#8230;\u00a0\u00bb.<\/p>\n<p>C\u2019est donc en respect de ces dispositions que le pr\u00e9sident Louis G. Vlavonou a pr\u00e9sent\u00e9 avec brio ce mardi 27 Octobre 2020, son rapport d\u2019activit\u00e9s, le troisi\u00e8me depuis son accession au perchoir en Mai 2019.<\/p>\n<p>Ce rapport qui couvre la p\u00e9riode allant du 1<sup>er <\/sup>avril au 30 septembre 2020, et qui de par son contenu, fait notamment le point de la production l\u00e9gislative et d\u2019une nouvelle s\u00e9rie de r\u00e9formes dans la gouvernance de l\u2019Assembl\u00e9e nationale, a \u00e9t\u00e9 adopt\u00e9 \u00e0 l\u2019unanimit\u00e9 des d\u00e9put\u00e9s pr\u00e9sents et repr\u00e9sent\u00e9s.<\/p>\n<p><strong>De la production l\u00e9gislative entre d\u00e9but avril et fin septembre 2020<\/strong><\/p>\n<p>04 sessions dont la premi\u00e8re ordinaire de 2020 (07 Avril &#8211; 6 Juillet 2020) et 03 extraordinaires (entre le 14 Juillet et le 03 Septembre) ont permis au cours de cette p\u00e9riode, de tenir 18 s\u00e9ances pl\u00e9ni\u00e8res au cours desquelles 65 dossiers ont \u00e9t\u00e9 enr\u00f4l\u00e9s au niveau des commissions permanentes. 33 de ces dossiers ont \u00e9t\u00e9 trait\u00e9s soit un taux de traitement de 50,77% une progression par rapport \u00e0 la p\u00e9riode pr\u00e9c\u00e9dente (47,62%).<br \/>\nLe r\u00e9sultat l\u00e9gislatif qui en d\u00e9coule, c\u2019est l\u2019examen et l\u2019adoption de \u00a017 lois ordinaires, d\u2019une deuxi\u00e8me lecture, de 05 lois portant autorisation de ratification ou d&rsquo;adh\u00e9sion, et une r\u00e9solution sans oublier le traitement de 15 d\u00e9crets du Gouvernement sur les accords de ratification. (<strong>Voir en fichier PDF ci-dessous le point int\u00e9gral de la production l\u00e9gislative de la p\u00e9riode en r\u00e9f\u00e9rence<\/strong>)<\/p>\n<p>A ce bilan, il convient d\u2019ajouter\u00a0: \u00a0l\u2019adoption de \u00a0la r\u00e9solution n\u00b02020-01 du 11 juillet 2020 portant r\u00e9vision du R\u00e8glement int\u00e9rieur de l&rsquo;Assembl\u00e9e nationale, les 11 questions orales et les 02 questions \u00e9crites sont pos\u00e9es au Gouvernement adress\u00e9es au gouvernement, l&rsquo;examen et l&rsquo;adoption du rapport d&rsquo;activit\u00e9s du pr\u00e9sident de l&rsquo;Assembl\u00e9e nationale sur la p\u00e9riode du 1er octobre 2019 au 31 mars 2020; la tenue du D\u00e9bat d&rsquo;orientation budg\u00e9taire (DOB); la d\u00e9signation au titre de la repr\u00e9sentation nationale au sein de la Haute Cour de Justice (HCJ) en la personne de l&rsquo;honorable Eustache Akpovi; la d\u00e9signation des repr\u00e9sentants de l&rsquo;Assembl\u00e9e nationale au sein de l&rsquo;Autorit\u00e9 de Protection des donn\u00e9es \u00e0 caract\u00e8re personnel (APDP)\u00a0; la d\u00e9signation des repr\u00e9sentants de l&rsquo;Assembl\u00e9e nationale au sein du Conseil d&rsquo;orientation et de supervision (COS), des Commissions communales d&rsquo;actualisation (CCA) de la Liste \u00e9lectorale permanente informatis\u00e9e (LEPI); la d\u00e9signation de deux personnes qualifi\u00e9es sp\u00e9cialistes des applications informatiques pour le compte de L&rsquo;APDP; l&rsquo;examen et l&rsquo;adoption du budget de l&rsquo;Assembl\u00e9e nationale pour l&rsquo;exercice de 2021; la tourn\u00e9e d&rsquo;une d\u00e9l\u00e9gation parlementaire conduite par le pr\u00e9sident de l&rsquo;Assembl\u00e9e nationale dans le d\u00e9partement de l&rsquo;Alibori dans le cadre de l&rsquo;assistance aux victimes des inondations.<\/p>\n<p>&nbsp;<\/p>\n<p>\u00ab\u00a0Ces efforts remarquables et sans r\u00e9pit confirment une fois encore la qualit\u00e9 d\u2019un parlement r\u00e9solu \u00e0 relever le d\u00e9fi qu\u2019il s\u2019est fix\u00e9, celui d\u2019un parlement de d\u00e9veloppement au service de la population b\u00e9ninoise\u00a0\u00bb dira le pr\u00e9sident Louis G. Vlavonou \u00e0 propos de ce bilan l\u00e9gislatif.<\/p>\n<p><strong>La poursuite des reformes<\/strong><\/p>\n<p>Outre les activit\u00e9s de gestion des ressources humaines, des activit\u00e9s techniques et celles des ressources financi\u00e8res, comptable et du mat\u00e9riel clairement d\u00e9taill\u00e9es, ce 3\u00e8me rapport mentionne la poursuite des r\u00e9formes engag\u00e9es depuis le d\u00e9but de l\u2019\u00e8re Vlavonou.<\/p>\n<p>\u00ab\u00a0L\u2019engagement de la huiti\u00e8me l\u00e9gislature d\u2019op\u00e9rer d\u2019importantes r\u00e9formes au sein de l\u2019institution s\u2019est poursuivi au cours de la pr\u00e9c\u00e9dente session avec l\u2019adoption de la R\u00e9solution n\u00b0 2020-01 du 14 juillet 2020 portant r\u00e9vision du R\u00e8glement int\u00e9rieur et qui a pour cons\u00e9quence imm\u00e9diate, la mise en place au sein du Secr\u00e9tariat g\u00e9n\u00e9ral administratif d\u2019une Direction des services de l&rsquo;information et de la communication et d\u2019une Cellule d\u2019audit interne rattach\u00e9 directement au Pr\u00e9sident avec les d\u00e9membrements que ces nouvelles structures impliquent\u00a0\u00bb peut-on lire dans ce document.<\/p>\n<p>Evoquant ces progr\u00e8s, le pr\u00e9sident Louis G. Vlavonou dira\u00a0: \u00ab\u00a0Les r\u00e9formes courageuses, douloureuses et exigeantes dans lesquelles nous nous sommes engag\u00e9s, sont n\u00e9cessaires si nous voulons hisser notre parlement au rang des institutions respectables. Mais d\u00e9j\u00e0, les lignes bougent positivement dans nos mani\u00e8res de faire et dans nos comportements. C&rsquo;est pourquoi, je reste convaincu que nous sommes sur la bonne voie et je peux, une fois encore, compter sur vous tous, sans exception pour la noble mission que le peuple b\u00e9ninois nous a confi\u00e9e.\u00a0\u00bb<\/p>\n<\/div>\n\t\t<\/div><\/div><\/div><div id=\"pgc-3677-2-2\"  class=\"panel-grid-cell panel-grid-cell-empty\" ><\/div><\/div><\/div>","protected":false},"excerpt":{"rendered":"<p>Adoption \u00e0 l\u2019unanimit\u00e9 du 3\u00e8me rapport d\u2019activit\u00e9s du Pr\u00e9sident Louis G. VLAVONOU : La confirmation \u00ab d\u2019un parlement de d\u00e9veloppement au service de la population b\u00e9ninoise\u00bb<\/p>\n","protected":false},"author":10,"featured_media":0,"comment_status":"open","ping_status":"open","sticky":false,"template":"","format":"standard","meta":{"footnotes":""},"categories":[29],"tags":[],"class_list":["post-3677","post","type-post","status-publish","format-standard","hentry","category-actualites"],"_links":{"self":[{"href":"https:\/\/assemblee-nationale.bj\/index.php\/wp-json\/wp\/v2\/posts\/3677","targetHints":{"allow":["GET"]}}],"collection":[{"href":"https:\/\/assemblee-nationale.bj\/index.php\/wp-json\/wp\/v2\/posts"}],"about":[{"href":"https:\/\/assemblee-nationale.bj\/index.php\/wp-json\/wp\/v2\/types\/post"}],"author":[{"embeddable":true,"href":"https:\/\/assemblee-nationale.bj\/index.php\/wp-json\/wp\/v2\/users\/10"}],"replies":[{"embeddable":true,"href":"https:\/\/assemblee-nationale.bj\/index.php\/wp-json\/wp\/v2\/comments?post=3677"}],"version-history":[{"count":4,"href":"https:\/\/assemblee-nationale.bj\/index.php\/wp-json\/wp\/v2\/posts\/3677\/revisions"}],"predecessor-version":[{"id":3681,"href":"https:\/\/assemblee-nationale.bj\/index.php\/wp-json\/wp\/v2\/posts\/3677\/revisions\/3681"}],"wp:attachment":[{"href":"https:\/\/assemblee-nationale.bj\/index.php\/wp-json\/wp\/v2\/media?parent=3677"}],"wp:term":[{"taxonomy":"category","embeddable":true,"href":"https:\/\/assemblee-nationale.bj\/index.php\/wp-json\/wp\/v2\/categories?post=3677"},{"taxonomy":"post_tag","embeddable":true,"href":"https:\/\/assemblee-nationale.bj\/index.php\/wp-json\/wp\/v2\/tags?post=3677"}],"curies":[{"name":"wp","href":"https:\/\/api.w.org\/{rel}","templated":true}]}}