
{"id":4551,"date":"2022-10-24T10:20:33","date_gmt":"2022-10-24T09:20:33","guid":{"rendered":"https:\/\/assemblee-nationale.bj\/?p=4551"},"modified":"2022-10-27T10:55:36","modified_gmt":"2022-10-27T09:55:36","slug":"seminaire-parlementaire-de-lapf-sur-les-defis-de-la-francophonie-economique-le-pvp-robert-gbian-invite-a-une-legislation-favorable-au-climat-des-affaires-dans-lespace-francophone","status":"publish","type":"post","link":"https:\/\/assemblee-nationale.bj\/index.php\/2022\/10\/24\/seminaire-parlementaire-de-lapf-sur-les-defis-de-la-francophonie-economique-le-pvp-robert-gbian-invite-a-une-legislation-favorable-au-climat-des-affaires-dans-lespace-francophone\/","title":{"rendered":"S\u00e9minaire parlementaire de l&rsquo;APF sur les d\u00e9fis de la Francophonie \u00e9conomique : Le PVP Robert GBIAN invite \u00e0 une l\u00e9gislation favorable au climat des affaires dans l&rsquo;espace francophone"},"content":{"rendered":"<div id=\"pl-4551\"  class=\"panel-layout\" ><div id=\"pg-4551-0\"  class=\"panel-grid panel-no-style\" ><div id=\"pgc-4551-0-0\"  class=\"panel-grid-cell\" ><div id=\"panel-4551-0-0-0\" class=\"so-panel widget widget_text panel-first-child panel-last-child\" data-index=\"0\" ><div class=\"panel-widget-style panel-widget-style-for-4551-0-0-0\" >\t\t\t<div class=\"textwidget\"><p><strong>S\u00e9minaire parlementaire de l&rsquo;APF sur les d\u00e9fis de la Francophonie \u00e9conomique : Le PVP Robert GBIAN invite \u00e0 une l\u00e9gislation favorable au climat des affaires dans l&rsquo;espace francophone<\/strong><\/p>\n<p style=\"text-align: justify; line-height: 150%; background: white; margin: 0cm 0cm 4.5pt 0cm;\"><span style=\"color: #1c1e21;\"><strong><br \/>\n<\/strong> <\/span><\/p>\n<p><strong>\u00a0<\/strong><\/p>\n<\/div>\n\t\t<\/div><\/div><\/div><\/div><div id=\"pg-4551-1\"  class=\"panel-grid panel-no-style\" ><div id=\"pgc-4551-1-0\"  class=\"panel-grid-cell panel-grid-cell-empty\" ><\/div><div id=\"pgc-4551-1-1\"  class=\"panel-grid-cell panel-grid-cell-mobile-last\" ><div id=\"panel-4551-1-1-0\" class=\"so-panel widget widget_text panel-first-child panel-last-child\" data-index=\"1\" ><div class=\"panel-widget-style panel-widget-style-for-4551-1-1-0\" >\t\t\t<div class=\"textwidget\"><div class=\"foogallery foogallery-container foogallery-carousel foogallery-lightbox-foobox fg-carousel fg-light fg-border-thin fg-shadow-outline fg-loading-default fg-loaded-fade-in fg-caption-hover fg-hover-fade fg-hover-zoom fg-ready\" id=\"foogallery-gallery-4550\" data-foogallery=\"{&quot;item&quot;:{&quot;showCaptionTitle&quot;:true,&quot;showCaptionDescription&quot;:true},&quot;lazy&quot;:true,&quot;template&quot;:{&quot;maxItems&quot;:5,&quot;scale&quot;:0.18,&quot;gutter&quot;:{&quot;min&quot;:-40,&quot;max&quot;:-40,&quot;unit&quot;:&quot;%&quot;},&quot;autoplay&quot;:{&quot;time&quot;:5,&quot;interaction&quot;:&quot;pause&quot;},&quot;centerOnClick&quot;:false}}\" >\r\n\t<button type=\"button\" class=\"fg-carousel-prev\"><\/button>\r\n\t<div class=\"fg-carousel-inner\">\r\n\t\t<div class=\"fg-carousel-center\"><\/div>\r\n\t\t<div class=\"fg-item fg-type-image fg-idle\"><figure class=\"fg-item-inner\"><a href=\"https:\/\/assemblee-nationale.bj\/wp-content\/uploads\/2022\/10\/S\u00e9minaire-parlementaire-de-lAPF-sur-les-d\u00e9fis-de-la-Francophonie-\u00e9conomique-1.jpeg\" data-attachment-id=\"4569\" class=\"fg-thumb\"><span class=\"fg-image-wrap\"><img fetchpriority=\"high\" decoding=\"async\" width=\"400\" height=\"300\" class=\"skip-lazy fg-image\" data-src-fg=\"https:\/\/assemblee-nationale.bj\/wp-content\/uploads\/cache\/2022\/10\/S\u00e9minaire-parlementaire-de-lAPF-sur-les-d\u00e9fis-de-la-Francophonie-\u00e9conomique-1\/4288162749.jpeg\" src=\"data:image\/svg+xml,%3Csvg%20xmlns%3D%22http%3A%2F%2Fwww.w3.org%2F2000%2Fsvg%22%20width%3D%22400%22%20height%3D%22300%22%20viewBox%3D%220%200%20400%20300%22%3E%3C%2Fsvg%3E\" loading=\"eager\"><\/span><span class=\"fg-image-overlay\"><\/span><\/a><figcaption class=\"fg-caption\"><div class=\"fg-caption-inner\"><\/div><\/figcaption><\/figure><div class=\"fg-loader\"><\/div><\/div><div class=\"fg-item fg-type-image fg-idle\"><figure class=\"fg-item-inner\"><a href=\"https:\/\/assemblee-nationale.bj\/wp-content\/uploads\/2022\/10\/S\u00e9minaire-parlementaire-de-lAPF-sur-les-d\u00e9fis-de-la-Francophonie-\u00e9conomique-2.jpeg\" data-attachment-id=\"4570\" class=\"fg-thumb\"><span class=\"fg-image-wrap\"><img decoding=\"async\" width=\"400\" height=\"300\" class=\"skip-lazy fg-image\" data-src-fg=\"https:\/\/assemblee-nationale.bj\/wp-content\/uploads\/cache\/2022\/10\/S\u00e9minaire-parlementaire-de-lAPF-sur-les-d\u00e9fis-de-la-Francophonie-\u00e9conomique-2\/1521082043.jpeg\" src=\"data:image\/svg+xml,%3Csvg%20xmlns%3D%22http%3A%2F%2Fwww.w3.org%2F2000%2Fsvg%22%20width%3D%22400%22%20height%3D%22300%22%20viewBox%3D%220%200%20400%20300%22%3E%3C%2Fsvg%3E\" loading=\"eager\"><\/span><span class=\"fg-image-overlay\"><\/span><\/a><figcaption class=\"fg-caption\"><div class=\"fg-caption-inner\"><\/div><\/figcaption><\/figure><div class=\"fg-loader\"><\/div><\/div><div class=\"fg-item fg-type-image fg-idle\"><figure class=\"fg-item-inner\"><a href=\"https:\/\/assemblee-nationale.bj\/wp-content\/uploads\/2022\/10\/S\u00e9minaire-parlementaire-de-lAPF-sur-les-d\u00e9fis-de-la-Francophonie-\u00e9conomique-3.jpeg\" data-attachment-id=\"4571\" class=\"fg-thumb\"><span class=\"fg-image-wrap\"><img decoding=\"async\" width=\"400\" height=\"300\" class=\"skip-lazy fg-image\" data-src-fg=\"https:\/\/assemblee-nationale.bj\/wp-content\/uploads\/cache\/2022\/10\/S\u00e9minaire-parlementaire-de-lAPF-sur-les-d\u00e9fis-de-la-Francophonie-\u00e9conomique-3\/824074359.jpeg\" src=\"data:image\/svg+xml,%3Csvg%20xmlns%3D%22http%3A%2F%2Fwww.w3.org%2F2000%2Fsvg%22%20width%3D%22400%22%20height%3D%22300%22%20viewBox%3D%220%200%20400%20300%22%3E%3C%2Fsvg%3E\" loading=\"eager\"><\/span><span class=\"fg-image-overlay\"><\/span><\/a><figcaption class=\"fg-caption\"><div class=\"fg-caption-inner\"><\/div><\/figcaption><\/figure><div class=\"fg-loader\"><\/div><\/div><div class=\"fg-item fg-type-image fg-idle\"><figure class=\"fg-item-inner\"><a href=\"https:\/\/assemblee-nationale.bj\/wp-content\/uploads\/2022\/10\/S\u00e9minaire-parlementaire-de-lAPF-sur-les-d\u00e9fis-de-la-Francophonie-\u00e9conomique-4.jpeg\" data-attachment-id=\"4572\" class=\"fg-thumb\"><span class=\"fg-image-wrap\"><img decoding=\"async\" width=\"400\" height=\"300\" class=\"skip-lazy fg-image\" data-src-fg=\"https:\/\/assemblee-nationale.bj\/wp-content\/uploads\/cache\/2022\/10\/S\u00e9minaire-parlementaire-de-lAPF-sur-les-d\u00e9fis-de-la-Francophonie-\u00e9conomique-4\/3492475439.jpeg\" src=\"data:image\/svg+xml,%3Csvg%20xmlns%3D%22http%3A%2F%2Fwww.w3.org%2F2000%2Fsvg%22%20width%3D%22400%22%20height%3D%22300%22%20viewBox%3D%220%200%20400%20300%22%3E%3C%2Fsvg%3E\" loading=\"eager\"><\/span><span class=\"fg-image-overlay\"><\/span><\/a><figcaption class=\"fg-caption\"><div class=\"fg-caption-inner\"><\/div><\/figcaption><\/figure><div class=\"fg-loader\"><\/div><\/div><div class=\"fg-item fg-type-image fg-idle\"><figure class=\"fg-item-inner\"><a href=\"https:\/\/assemblee-nationale.bj\/wp-content\/uploads\/2022\/10\/S\u00e9minaire-parlementaire-de-lAPF-sur-les-d\u00e9fis-de-la-Francophonie-\u00e9conomique-5.jpeg\" data-attachment-id=\"4573\" class=\"fg-thumb\"><span class=\"fg-image-wrap\"><img decoding=\"async\" width=\"400\" height=\"300\" class=\"skip-lazy fg-image\" data-src-fg=\"https:\/\/assemblee-nationale.bj\/wp-content\/uploads\/cache\/2022\/10\/S\u00e9minaire-parlementaire-de-lAPF-sur-les-d\u00e9fis-de-la-Francophonie-\u00e9conomique-5\/3147648227.jpeg\" src=\"data:image\/svg+xml,%3Csvg%20xmlns%3D%22http%3A%2F%2Fwww.w3.org%2F2000%2Fsvg%22%20width%3D%22400%22%20height%3D%22300%22%20viewBox%3D%220%200%20400%20300%22%3E%3C%2Fsvg%3E\" loading=\"eager\"><\/span><span class=\"fg-image-overlay\"><\/span><\/a><figcaption class=\"fg-caption\"><div class=\"fg-caption-inner\"><\/div><\/figcaption><\/figure><div class=\"fg-loader\"><\/div><\/div><div class=\"fg-item fg-type-image fg-idle\"><figure class=\"fg-item-inner\"><a href=\"https:\/\/assemblee-nationale.bj\/wp-content\/uploads\/2022\/10\/S\u00e9minaire-parlementaire-de-lAPF-sur-les-d\u00e9fis-de-la-Francophonie-\u00e9conomique-6.jpeg\" data-attachment-id=\"4574\" class=\"fg-thumb\"><span class=\"fg-image-wrap\"><img decoding=\"async\" width=\"400\" height=\"300\" class=\"skip-lazy fg-image\" data-src-fg=\"https:\/\/assemblee-nationale.bj\/wp-content\/uploads\/cache\/2022\/10\/S\u00e9minaire-parlementaire-de-lAPF-sur-les-d\u00e9fis-de-la-Francophonie-\u00e9conomique-6\/788931530.jpeg\" src=\"data:image\/svg+xml,%3Csvg%20xmlns%3D%22http%3A%2F%2Fwww.w3.org%2F2000%2Fsvg%22%20width%3D%22400%22%20height%3D%22300%22%20viewBox%3D%220%200%20400%20300%22%3E%3C%2Fsvg%3E\" loading=\"eager\"><\/span><span class=\"fg-image-overlay\"><\/span><\/a><figcaption class=\"fg-caption\"><div class=\"fg-caption-inner\"><\/div><\/figcaption><\/figure><div class=\"fg-loader\"><\/div><\/div><div class=\"fg-item fg-type-image fg-idle\"><figure class=\"fg-item-inner\"><a href=\"https:\/\/assemblee-nationale.bj\/wp-content\/uploads\/2022\/10\/S\u00e9minaire-parlementaire-de-lAPF-sur-les-d\u00e9fis-de-la-Francophonie-\u00e9conomique-7.jpeg\" data-attachment-id=\"4575\" class=\"fg-thumb\"><span class=\"fg-image-wrap\"><img decoding=\"async\" width=\"400\" height=\"300\" class=\"skip-lazy fg-image\" data-src-fg=\"https:\/\/assemblee-nationale.bj\/wp-content\/uploads\/cache\/2022\/10\/S\u00e9minaire-parlementaire-de-lAPF-sur-les-d\u00e9fis-de-la-Francophonie-\u00e9conomique-7\/1152490758.jpeg\" src=\"data:image\/svg+xml,%3Csvg%20xmlns%3D%22http%3A%2F%2Fwww.w3.org%2F2000%2Fsvg%22%20width%3D%22400%22%20height%3D%22300%22%20viewBox%3D%220%200%20400%20300%22%3E%3C%2Fsvg%3E\" loading=\"eager\"><\/span><span class=\"fg-image-overlay\"><\/span><\/a><figcaption class=\"fg-caption\"><div class=\"fg-caption-inner\"><\/div><\/figcaption><\/figure><div class=\"fg-loader\"><\/div><\/div><div class=\"fg-item fg-type-image fg-idle\"><figure class=\"fg-item-inner\"><a href=\"https:\/\/assemblee-nationale.bj\/wp-content\/uploads\/2022\/10\/S\u00e9minaire-parlementaire-de-lAPF-sur-les-d\u00e9fis-de-la-Francophonie-\u00e9conomique-8.jpeg\" data-attachment-id=\"4576\" class=\"fg-thumb\"><span class=\"fg-image-wrap\"><img decoding=\"async\" width=\"400\" height=\"300\" class=\"skip-lazy fg-image\" data-src-fg=\"https:\/\/assemblee-nationale.bj\/wp-content\/uploads\/cache\/2022\/10\/S\u00e9minaire-parlementaire-de-lAPF-sur-les-d\u00e9fis-de-la-Francophonie-\u00e9conomique-8\/509455686.jpeg\" src=\"data:image\/svg+xml,%3Csvg%20xmlns%3D%22http%3A%2F%2Fwww.w3.org%2F2000%2Fsvg%22%20width%3D%22400%22%20height%3D%22300%22%20viewBox%3D%220%200%20400%20300%22%3E%3C%2Fsvg%3E\" loading=\"eager\"><\/span><span class=\"fg-image-overlay\"><\/span><\/a><figcaption class=\"fg-caption\"><div class=\"fg-caption-inner\"><\/div><\/figcaption><\/figure><div class=\"fg-loader\"><\/div><\/div><div class=\"fg-item fg-type-image fg-idle\"><figure class=\"fg-item-inner\"><a href=\"https:\/\/assemblee-nationale.bj\/wp-content\/uploads\/2022\/10\/S\u00e9minaire-parlementaire-de-lAPF-sur-les-d\u00e9fis-de-la-Francophonie-\u00e9conomique-9.jpeg\" data-attachment-id=\"4577\" class=\"fg-thumb\"><span class=\"fg-image-wrap\"><img decoding=\"async\" width=\"400\" height=\"300\" class=\"skip-lazy fg-image\" data-src-fg=\"https:\/\/assemblee-nationale.bj\/wp-content\/uploads\/cache\/2022\/10\/S\u00e9minaire-parlementaire-de-lAPF-sur-les-d\u00e9fis-de-la-Francophonie-\u00e9conomique-9\/1978274698.jpeg\" src=\"data:image\/svg+xml,%3Csvg%20xmlns%3D%22http%3A%2F%2Fwww.w3.org%2F2000%2Fsvg%22%20width%3D%22400%22%20height%3D%22300%22%20viewBox%3D%220%200%20400%20300%22%3E%3C%2Fsvg%3E\" loading=\"eager\"><\/span><span class=\"fg-image-overlay\"><\/span><\/a><figcaption class=\"fg-caption\"><div class=\"fg-caption-inner\"><\/div><\/figcaption><\/figure><div class=\"fg-loader\"><\/div><\/div><div class=\"fg-item fg-type-image fg-idle\"><figure class=\"fg-item-inner\"><a href=\"https:\/\/assemblee-nationale.bj\/wp-content\/uploads\/2022\/10\/S\u00e9minaire-parlementaire-de-lAPF-sur-les-d\u00e9fis-de-la-Francophonie-\u00e9conomique-10.jpeg\" data-attachment-id=\"4578\" class=\"fg-thumb\"><span class=\"fg-image-wrap\"><img decoding=\"async\" width=\"400\" height=\"300\" class=\"skip-lazy fg-image\" data-src-fg=\"https:\/\/assemblee-nationale.bj\/wp-content\/uploads\/cache\/2022\/10\/S\u00e9minaire-parlementaire-de-lAPF-sur-les-d\u00e9fis-de-la-Francophonie-\u00e9conomique-10\/2633102073.jpeg\" src=\"data:image\/svg+xml,%3Csvg%20xmlns%3D%22http%3A%2F%2Fwww.w3.org%2F2000%2Fsvg%22%20width%3D%22400%22%20height%3D%22300%22%20viewBox%3D%220%200%20400%20300%22%3E%3C%2Fsvg%3E\" loading=\"eager\"><\/span><span class=\"fg-image-overlay\"><\/span><\/a><figcaption class=\"fg-caption\"><div class=\"fg-caption-inner\"><\/div><\/figcaption><\/figure><div class=\"fg-loader\"><\/div><\/div>\t<\/div>\r\n\t<div class=\"fg-carousel-bottom\"><\/div>\r\n\t<div class=\"fg-carousel-progress\"><\/div>\r\n\t<button type=\"button\" class=\"fg-carousel-next\"><\/button>\r\n<\/div>\n<p>&nbsp;<\/p>\n<p>\u00ab\u00a0La Francophonie face aux autres espaces r\u00e9gionaux et aux mutations \u00e9conomiques mondiales\u00a0\u00bb. C&rsquo;est le th\u00e8me du s\u00e9minaire qu&rsquo;organise conjointement l&rsquo;Assembl\u00e9e nationale et l&rsquo;Assembl\u00e9e parlementaire de la Francophonie (APF) \u00e0 l&rsquo;intention des d\u00e9put\u00e9s et des cadres de l&rsquo;administration parlementaire depuis ce lundi 24 octobre 2022 \u00e0 l&rsquo;h\u00f4tel la Casa Cielo de Cotonou. Dans son discours d&rsquo;ouverture, le Premier Vice-pr\u00e9sident de l&rsquo;Assembl\u00e9e nationale, Robert GBIAN est revenu sur la n\u00e9cessit\u00e9 de relever aux d\u00e9fis li\u00e9s \u00e0 la Francophonie \u00e9conomique.<\/p>\n<p>       Deux allocutions ont meubl\u00e9 la c\u00e9r\u00e9monie d&rsquo;ouverture de ce s\u00e9minaire. Il s&rsquo;agit du mot de bienvenue de la Directrice du Programme num\u00e9rique de l&rsquo;APF et le mot d&rsquo;ouverture du Premier vice-pr\u00e9sident de l&rsquo;Assembl\u00e9e nationale. Apr\u00e8s avoir prononc\u00e9 son mot de remerciement \u00e0 l&rsquo;endroit des d\u00e9put\u00e9s, Mireille EZA a fait remarquer que ce n&rsquo;est pas la premi\u00e8re fois que l&rsquo;APF organise un s\u00e9minaire de renforcement des capacit\u00e9s aux d\u00e9put\u00e9s et aux cadres de l&rsquo;administration parlementaire sur la demande de l&rsquo;Assembl\u00e9e nationale. La Francophonie \u00e9tant un espace qui regorge de potentialit\u00e9s, il est important de relever des d\u00e9fis li\u00e9s \u00e0 la langue, \u00e0 la diversit\u00e9 culturelle, et surtout de promotion de l&rsquo;\u00e9conomie, a soutenu la  Directrice du Programme num\u00e9rique de l&rsquo;APF.<br \/>\n       Prenant la parole, le Premier Vice-Pr\u00e9sident de l&rsquo;Assembl\u00e9e nationale Robert GBIAN a remerci\u00e9 l&rsquo;APF pour les nombreux efforts d\u00e9ploy\u00e9s pour la tenue de ce s\u00e9minaire qui vient \u00e0 point nomm\u00e9. Car, a-t-il mentionn\u00e9, ce s\u00e9minaire se tient dans un contexte o\u00f9 trop souvent, la langue anglaise est clairement assimil\u00e9e \u00e0 celle de l&rsquo;\u00e9conomie, et la langue fran\u00e7aise \u00e0 celle de la culture. Cette dichotomie, si rien n&rsquo;est fait, est \u00e0 terme, mortelle pour la Francophonie qui gagnerait \u00e0 investir le domaine \u00e9conomique de mani\u00e8re plus structur\u00e9e et offensive, si elle ne veut pas \u00eatre assimil\u00e9e demain \u00e0 ce qu&rsquo;est aujourd&rsquo;hui la civilisation latine, c&rsquo;est-\u00e0-dire, une culture savante \u00e0 laquelle l&rsquo;on continue de se r\u00e9f\u00e9rer, mais qui reste une culture morte, a d\u00e9fendu le repr\u00e9sentant du pr\u00e9sident de l&rsquo;Assembl\u00e9e nationale.  Mieux ce s\u00e9minaire constitue, selon lui,  une initiative heureuse \u00e0 plus d&rsquo;un titre parce qu&rsquo;il a, d&rsquo;abord, pour objectif principal de pr\u00e9senter les avantages comparatifs de l&rsquo;espace \u00e9conomique francophone et d&rsquo;inciter les parlementaires \u00e0 harmoniser les cadres l\u00e9gislatifs afin de rendre plus incitatif le climat des affaires et des innovations francophones en d\u00e9veloppant des cadres communs. Ensuite, a-t-il  poursuivi, parce qu&rsquo;il permet de sensibiliser les parlementaires sur le lien entre francophonie linguistique et \u00e9conomique afin de consid\u00e9rer la langue fran\u00e7aise comme un vecteur de d\u00e9veloppement \u00e9conomique et social. Et enfin, parce qu&rsquo;il entrainera \u00e0 coup s\u00fbr, la mise en place d&rsquo;un cadre institutionnel favorable \u00e0 l&rsquo;entreprenariat et \u00e0 l&rsquo;innovation dans un but de croissance durable et partag\u00e9e.\u00a0\u00bb, a indiqu\u00e9 par la suite l&rsquo;honorable Robert GBIAN.<br \/>\n       Parlant du poids \u00e9conomique de la Francophonie dans l&rsquo;\u00e9conomie mondiale, il faut faire remarquer que la Francophonie regroupe 88 \u00c9tats et 1,2 milliard d&rsquo;habitants, dont 300 millions de locuteurs fran\u00e7ais. Cela suppose que l&rsquo;Organisation internationale de la Francophonie (OIF) repr\u00e9sente environ 15 % de la population mondiale, 16 % du revenu national brut (RNB) et 20 % des \u00e9changes mondiaux de marchandises.<br \/>\n       Faut-il le mentionner, pendant ces deux jours, les s\u00e9minaristes auront \u00e0 aborder plusieurs sous th\u00e8mes ou pr\u00e9sentations \u00e0 savoir :\u00a0\u00bbIntroduction sur la francophonie \u00e9conomique: Existe-t-il une francophonie \u00e9conomique?\u00a0\u00bb; \u00ab\u00a0Francophonie \u00e9conomique: un espace m\u00e9connu\u00a0\u00bb; \u00ab\u00a0Quelles sont les opportunit\u00e9s de la Francophonie \u00e9conomique? avantage comparatif?\u00a0\u00bb; \u00ab\u00a0Quels sont les moyens et les m\u00e9canismes pour dynamiser la coop\u00e9ration entre pays francophones\u00a0\u00bb et \u00ab\u00a0La modalit\u00e9 au sein des pays francophones, un enjeu de d\u00e9veloppement\u00a0\u00bb.<\/p>\n<p>Hermann OBINTI<\/p>\n<\/div>\n\t\t<\/div><\/div><\/div><div id=\"pgc-4551-1-2\"  class=\"panel-grid-cell panel-grid-cell-empty\" ><\/div><\/div><\/div>","protected":false},"excerpt":{"rendered":"<p>\u00ab\u00a0La Francophonie face aux autres espaces r\u00e9gionaux et aux mutations \u00e9conomiques mondiales\u00a0\u00bb. C&rsquo;est le th\u00e8me du s\u00e9minaire qu&rsquo;organise conjointement l&rsquo;Assembl\u00e9e nationale et l&rsquo;Assembl\u00e9e parlementaire de la Francophonie (APF) \u00e0 l&rsquo;intention des d\u00e9put\u00e9s et des cadres de l&rsquo;administration parlementaire depuis ce lundi 24 octobre 2022 \u00e0 l&rsquo;h\u00f4tel la Casa Cielo de Cotonou. Dans son discours d&rsquo;ouverture, le Premier Vice-pr\u00e9sident de l&rsquo;Assembl\u00e9e nationale, Robert GBIAN est revenu sur la n\u00e9cessit\u00e9 de relever aux d\u00e9fis li\u00e9s \u00e0 la Francophonie \u00e9conomique. Deux allocutions ont meubl\u00e9 la c\u00e9r\u00e9monie d&rsquo;ouverture de ce s\u00e9minaire. Il s&rsquo;agit du mot de bienvenue de la Directrice du Programme num\u00e9rique de l&rsquo;APF et le mot d&rsquo;ouverture du Premier vice-pr\u00e9sident de l&rsquo;Assembl\u00e9e nationale.<\/p>\n","protected":false},"author":13,"featured_media":4580,"comment_status":"closed","ping_status":"open","sticky":false,"template":"","format":"standard","meta":{"footnotes":""},"categories":[29],"tags":[],"class_list":["post-4551","post","type-post","status-publish","format-standard","has-post-thumbnail","hentry","category-actualites"],"_links":{"self":[{"href":"https:\/\/assemblee-nationale.bj\/index.php\/wp-json\/wp\/v2\/posts\/4551","targetHints":{"allow":["GET"]}}],"collection":[{"href":"https:\/\/assemblee-nationale.bj\/index.php\/wp-json\/wp\/v2\/posts"}],"about":[{"href":"https:\/\/assemblee-nationale.bj\/index.php\/wp-json\/wp\/v2\/types\/post"}],"author":[{"embeddable":true,"href":"https:\/\/assemblee-nationale.bj\/index.php\/wp-json\/wp\/v2\/users\/13"}],"replies":[{"embeddable":true,"href":"https:\/\/assemblee-nationale.bj\/index.php\/wp-json\/wp\/v2\/comments?post=4551"}],"version-history":[{"count":1,"href":"https:\/\/assemblee-nationale.bj\/index.php\/wp-json\/wp\/v2\/posts\/4551\/revisions"}],"predecessor-version":[{"id":4579,"href":"https:\/\/assemblee-nationale.bj\/index.php\/wp-json\/wp\/v2\/posts\/4551\/revisions\/4579"}],"wp:featuredmedia":[{"embeddable":true,"href":"https:\/\/assemblee-nationale.bj\/index.php\/wp-json\/wp\/v2\/media\/4580"}],"wp:attachment":[{"href":"https:\/\/assemblee-nationale.bj\/index.php\/wp-json\/wp\/v2\/media?parent=4551"}],"wp:term":[{"taxonomy":"category","embeddable":true,"href":"https:\/\/assemblee-nationale.bj\/index.php\/wp-json\/wp\/v2\/categories?post=4551"},{"taxonomy":"post_tag","embeddable":true,"href":"https:\/\/assemblee-nationale.bj\/index.php\/wp-json\/wp\/v2\/tags?post=4551"}],"curies":[{"name":"wp","href":"https:\/\/api.w.org\/{rel}","templated":true}]}}