
{"id":4950,"date":"2022-12-13T13:02:59","date_gmt":"2022-12-13T12:02:59","guid":{"rendered":"https:\/\/assemblee-nationale.bj\/?p=4950"},"modified":"2022-12-28T09:54:23","modified_gmt":"2022-12-28T08:54:23","slug":"genre-et-defi-faim-zero-au-benin-les-deputes-sapproprient-le-concept-sur-initiative-de-la-fao","status":"publish","type":"post","link":"https:\/\/assemblee-nationale.bj\/index.php\/2022\/12\/13\/genre-et-defi-faim-zero-au-benin-les-deputes-sapproprient-le-concept-sur-initiative-de-la-fao\/","title":{"rendered":"Genre et d\u00e9fi faim z\u00e9ro au B\u00e9nin : Les d\u00e9put\u00e9s s&rsquo;approprient le concept sur initiative de la FAO"},"content":{"rendered":"<div id=\"pl-4950\"  class=\"panel-layout\" ><div id=\"pg-4950-0\"  class=\"panel-grid panel-no-style\" ><div id=\"pgc-4950-0-0\"  class=\"panel-grid-cell\" ><div id=\"panel-4950-0-0-0\" class=\"so-panel widget widget_text panel-first-child panel-last-child\" data-index=\"0\" ><div class=\"panel-widget-style panel-widget-style-for-4950-0-0-0\" >\t\t\t<div class=\"textwidget\"><p><strong>Genre et d\u00e9fi faim z\u00e9ro au B\u00e9nin : Les d\u00e9put\u00e9s s&rsquo;approprient le concept sur initiative de la FAO<\/strong><\/p>\n<p style=\"text-align: justify; line-height: 150%; background: white; margin: 0cm 0cm 4.5pt 0cm;\"><span style=\"color: #1c1e21;\"><strong><br \/>\n<\/strong> <\/span><\/p>\n<p><strong>\u00a0<\/strong><\/p>\n<\/div>\n\t\t<\/div><\/div><\/div><\/div><div id=\"pg-4950-1\"  class=\"panel-grid panel-no-style\" ><div id=\"pgc-4950-1-0\"  class=\"panel-grid-cell panel-grid-cell-empty\" ><\/div><div id=\"pgc-4950-1-1\"  class=\"panel-grid-cell panel-grid-cell-mobile-last\" ><div id=\"panel-4950-1-1-0\" class=\"so-panel widget widget_text panel-first-child panel-last-child\" data-index=\"1\" ><div class=\"panel-widget-style panel-widget-style-for-4950-1-1-0\" >\t\t\t<div class=\"textwidget\"><div class=\"foogallery foogallery-container foogallery-carousel foogallery-lightbox-foobox fg-carousel fg-light fg-border-thin fg-shadow-outline fg-loading-default fg-loaded-fade-in fg-caption-hover fg-hover-fade fg-hover-zoom fg-ready\" id=\"foogallery-gallery-4874\" data-foogallery=\"{&quot;item&quot;:{&quot;showCaptionTitle&quot;:true,&quot;showCaptionDescription&quot;:true},&quot;lazy&quot;:true,&quot;template&quot;:{&quot;maxItems&quot;:5,&quot;scale&quot;:0.18,&quot;gutter&quot;:{&quot;min&quot;:-40,&quot;max&quot;:-40,&quot;unit&quot;:&quot;%&quot;},&quot;autoplay&quot;:{&quot;time&quot;:3,&quot;interaction&quot;:&quot;pause&quot;},&quot;centerOnClick&quot;:false}}\" >\r\n\t<button type=\"button\" class=\"fg-carousel-prev\"><\/button>\r\n\t<div class=\"fg-carousel-inner\">\r\n\t\t<div class=\"fg-carousel-center\"><\/div>\r\n\t\t<div class=\"fg-item fg-type-image fg-idle\"><figure class=\"fg-item-inner\"><a href=\"https:\/\/assemblee-nationale.bj\/wp-content\/uploads\/2022\/12\/Genre-et-d\u00e9fi-faim-z\u00e9ro-au-B\u00e9nin-Les-d\u00e9put\u00e9s-sapproprient-le-concept-sur-initiative-de-la-FAO-1.jpeg\" data-attachment-id=\"4922\" class=\"fg-thumb\"><span class=\"fg-image-wrap\"><img fetchpriority=\"high\" decoding=\"async\" width=\"400\" height=\"300\" class=\"skip-lazy fg-image\" data-src-fg=\"https:\/\/assemblee-nationale.bj\/wp-content\/uploads\/cache\/2022\/12\/Genre-et-d\u00e9fi-faim-z\u00e9ro-au-B\u00e9nin-Les-d\u00e9put\u00e9s-sapproprient-le-concept-sur-initiative-de-la-FAO-1\/4230950218.jpeg\" src=\"data:image\/svg+xml,%3Csvg%20xmlns%3D%22http%3A%2F%2Fwww.w3.org%2F2000%2Fsvg%22%20width%3D%22400%22%20height%3D%22300%22%20viewBox%3D%220%200%20400%20300%22%3E%3C%2Fsvg%3E\" loading=\"eager\"><\/span><span class=\"fg-image-overlay\"><\/span><\/a><figcaption class=\"fg-caption\"><div class=\"fg-caption-inner\"><\/div><\/figcaption><\/figure><div class=\"fg-loader\"><\/div><\/div><div class=\"fg-item fg-type-image fg-idle\"><figure class=\"fg-item-inner\"><a href=\"https:\/\/assemblee-nationale.bj\/wp-content\/uploads\/2022\/12\/Genre-et-d\u00e9fi-faim-z\u00e9ro-au-B\u00e9nin-Les-d\u00e9put\u00e9s-sapproprient-le-concept-sur-initiative-de-la-FAO-2.jpeg\" data-attachment-id=\"4923\" class=\"fg-thumb\"><span class=\"fg-image-wrap\"><img decoding=\"async\" width=\"400\" height=\"300\" class=\"skip-lazy fg-image\" data-src-fg=\"https:\/\/assemblee-nationale.bj\/wp-content\/uploads\/cache\/2022\/12\/Genre-et-d\u00e9fi-faim-z\u00e9ro-au-B\u00e9nin-Les-d\u00e9put\u00e9s-sapproprient-le-concept-sur-initiative-de-la-FAO-2\/3218007045.jpeg\" src=\"data:image\/svg+xml,%3Csvg%20xmlns%3D%22http%3A%2F%2Fwww.w3.org%2F2000%2Fsvg%22%20width%3D%22400%22%20height%3D%22300%22%20viewBox%3D%220%200%20400%20300%22%3E%3C%2Fsvg%3E\" loading=\"eager\"><\/span><span class=\"fg-image-overlay\"><\/span><\/a><figcaption class=\"fg-caption\"><div class=\"fg-caption-inner\"><\/div><\/figcaption><\/figure><div class=\"fg-loader\"><\/div><\/div><div class=\"fg-item fg-type-image fg-idle\"><figure class=\"fg-item-inner\"><a href=\"https:\/\/assemblee-nationale.bj\/wp-content\/uploads\/2022\/12\/Genre-et-d\u00e9fi-faim-z\u00e9ro-au-B\u00e9nin-Les-d\u00e9put\u00e9s-sapproprient-le-concept-sur-initiative-de-la-FAO-3.jpeg\" data-attachment-id=\"4925\" class=\"fg-thumb\"><span class=\"fg-image-wrap\"><img decoding=\"async\" width=\"400\" height=\"300\" class=\"skip-lazy fg-image\" data-src-fg=\"https:\/\/assemblee-nationale.bj\/wp-content\/uploads\/cache\/2022\/12\/Genre-et-d\u00e9fi-faim-z\u00e9ro-au-B\u00e9nin-Les-d\u00e9put\u00e9s-sapproprient-le-concept-sur-initiative-de-la-FAO-3\/1266244222.jpeg\" src=\"data:image\/svg+xml,%3Csvg%20xmlns%3D%22http%3A%2F%2Fwww.w3.org%2F2000%2Fsvg%22%20width%3D%22400%22%20height%3D%22300%22%20viewBox%3D%220%200%20400%20300%22%3E%3C%2Fsvg%3E\" loading=\"eager\"><\/span><span class=\"fg-image-overlay\"><\/span><\/a><figcaption class=\"fg-caption\"><div class=\"fg-caption-inner\"><\/div><\/figcaption><\/figure><div class=\"fg-loader\"><\/div><\/div><div class=\"fg-item fg-type-image fg-idle\"><figure class=\"fg-item-inner\"><a href=\"https:\/\/assemblee-nationale.bj\/wp-content\/uploads\/2022\/12\/Genre-et-d\u00e9fi-faim-z\u00e9ro-au-B\u00e9nin-Les-d\u00e9put\u00e9s-sapproprient-le-concept-sur-initiative-de-la-FAO-4.jpeg\" data-attachment-id=\"4927\" class=\"fg-thumb\"><span class=\"fg-image-wrap\"><img decoding=\"async\" width=\"400\" height=\"300\" class=\"skip-lazy fg-image\" data-src-fg=\"https:\/\/assemblee-nationale.bj\/wp-content\/uploads\/cache\/2022\/12\/Genre-et-d\u00e9fi-faim-z\u00e9ro-au-B\u00e9nin-Les-d\u00e9put\u00e9s-sapproprient-le-concept-sur-initiative-de-la-FAO-4\/1906552415.jpeg\" src=\"data:image\/svg+xml,%3Csvg%20xmlns%3D%22http%3A%2F%2Fwww.w3.org%2F2000%2Fsvg%22%20width%3D%22400%22%20height%3D%22300%22%20viewBox%3D%220%200%20400%20300%22%3E%3C%2Fsvg%3E\" loading=\"eager\"><\/span><span class=\"fg-image-overlay\"><\/span><\/a><figcaption class=\"fg-caption\"><div class=\"fg-caption-inner\"><\/div><\/figcaption><\/figure><div class=\"fg-loader\"><\/div><\/div>\t<\/div>\r\n\t<div class=\"fg-carousel-bottom\"><\/div>\r\n\t<div class=\"fg-carousel-progress\"><\/div>\r\n\t<button type=\"button\" class=\"fg-carousel-next\"><\/button>\r\n<\/div>\n<p>&nbsp;<\/p>\n<p>Les d\u00e9put\u00e9s de la 8e l\u00e9gislature de l&rsquo;Assembl\u00e9e nationale du B\u00e9nin participent depuis ce mardi 13 d\u00e9cembre 2022 \u00e0 l&rsquo;h\u00f4tel Bel Azur de Grand Popo a un forum parlementaire organis\u00e9 par le Fonds des Nations-Unies pour l&rsquo;alimentation et l&rsquo;agriculture (FAO).  Ledit atelier qui a pour th\u00e8me : \u00ab\u00a0Genre et investissements dans l&rsquo;agriculture et la s\u00e9curit\u00e9 alimentaire pour relever le d\u00e9fi Faim Z\u00e9ro au B\u00e9nin\u00a0\u00bb a \u00e9t\u00e9 ouvert par Nazaire Sado, 2e Questeur de l&rsquo;Assembl\u00e9e nationale du B\u00e9nin.<\/p>\n<p>El-Hadj Affissou Anonrin <\/p>\n<p>Quatre allocutions ont marqu\u00e9 les temps forts de  la c\u00e9r\u00e9monie d&rsquo;ouverture des travaux de ce forum parlementaire.  Dans son adresse, le repr\u00e9sentant de la FAO au B\u00e9nin, M. Isaias ANGUE OBAMA, a laiss\u00e9 entendre que ce forum est une occasion pour croiser les exp\u00e9riences et voir le r\u00f4le des parlementaires dans la r\u00e9duction de l&rsquo;in\u00e9galit\u00e9 genre dans le secteur agroalimentaire. Selon lui, les statistiques ne sont pas bonnes en la mati\u00e8re<br \/>\n\u00ab 928 millions de femmes n&rsquo;ont pas assez \u00e0 manger et l&rsquo;\u00e9cart entre les sexes en mati\u00e8re d&rsquo;ins\u00e9curit\u00e9 alimentaire s&rsquo;est accru alors qu&rsquo;elles sont des agents essentiels pour la lutte contre la pauvret\u00e9 en milieu rural, la faim et la malnutrition. Elles repr\u00e9sentent plus de 45% de la main d&rsquo;\u0153uvre agricole rurale dans le pays \u00e0 faible revenu et participent \u00e9galement de mani\u00e8re consid\u00e9rable aux sous secteurs de d&rsquo;\u00e9levage, de la p\u00eache et de la foresterie \u00bb, a-t-il r\u00e9v\u00e9l\u00e9.<\/p>\n<p>La m\u00eame position a \u00e9t\u00e9 d&rsquo;ailleurs partag\u00e9e par le  Coordonnateur r\u00e9sident du syst\u00e8me des Nations Unies, Aouale MOHAMED ABCHIR, qui est all\u00e9 plus en loin en rappelant que la Covid 19 et la guerre en Ukraine ont an\u00e9anti les efforts engrang\u00e9s au bout de 15 ans. \u00ab Avec ce tableau alarmant, pour relever ces d\u00e9fis notamment celui relatif \u00e0 Faim Z\u00e9ro au B\u00e9nin, des solutions hardies et efficaces doivent \u00eatre trouv\u00e9es notamment en r\u00e9duisant l&rsquo;in\u00e9galit\u00e9 genre dans le secteur agroalimentaire. Et pour cela, les parlementaires ont leur partition et  peuvent compter sur la FAO et le Syst\u00e8me des Nations Unies \u00bb, a-t-il rassur\u00e9. <\/p>\n<p>Dans son intervention, le ministre de l&rsquo;Agriculture Gaston DOSSOUHOUI a lev\u00e9 un coin de voile sur les questions pratiques  \u00e0 observer  dans cette th\u00e9matique pour la femme ainsi que les engagements \u00e0 prendre. Il a souhait\u00e9 par ailleurs l&rsquo;accompagnement des parlementaires pour l&rsquo;atteinte des objectifs notamment celui relatif \u00e0 la Faim Z\u00e9ro. Pour finir, il a souhait\u00e9 qu&rsquo;une feuille de route sorte de ce forum parlementaire pour r\u00e9duire les in\u00e9galit\u00e9s entre homme et femme dans le secteur agroalimentaire. <\/p>\n<p>C&rsquo;est au nom du Pr\u00e9sident Louis Gb\u00e8hounou Vlavonou emp\u00each\u00e9 que l&rsquo;honorable Nazaire Sado, 2e Questeur de l&rsquo;Assembl\u00e9e nationale du B\u00e9nin a pris la parole. Il a remerci\u00e9  la FAO, le R\u00e9seau des parlementaires de la Cedeao, le Minist\u00e8re de l&rsquo;agriculture  pour les efforts d\u00e9ploy\u00e9s quant \u00e0 la r\u00e9ussite de ce forum parlementaire. Selon le repr\u00e9sentant du pr\u00e9sident de l&rsquo;Assembl\u00e9e nationale, cet atelier dont l&rsquo;objectif est d&rsquo;accro\u00eetre leurs  connaissances sur les outils n\u00e9cessaires pour s&rsquo;engager dans l&rsquo;\u00e9laboration des l\u00e9gislations et politiques qui contribuent \u00e0 l&rsquo;\u00e9galit\u00e9  des hommes et des femmes et \u00e0 l&rsquo;autonomisation des femmes dans le secteur agricole, rural et familial, en vue d&rsquo;acc\u00e9l\u00e9rer les progr\u00e8s vers les objectifs de la faim z\u00e9ro et du d\u00e9veloppement durable, intervient quelques mois apr\u00e8s l&rsquo;adoption par le Parlement de la loi n\u00b02022-14 portant orientation agricole, s\u00e9curit\u00e9 alimentaire et nutritionnelle en R\u00e9publique du B\u00e9nin. \u00ab  Malheureusement, malgr\u00e9 l&rsquo;adoption de cette loi et le r\u00f4le cl\u00e9 des femmes dans les syst\u00e8mes alimentaires, elles sont demeur\u00e9es pauvres et plus d\u00e9munies dans les zones rurales. Car elles sont moins pr\u00e9par\u00e9es \u00e0 faire face aux chocs \u00e9conomiques, aux crises et al\u00e9as climatiques \u00bb a fait observer Nazaire Sado.  Apr\u00e8s avoir fait l&rsquo;\u00e9tat des lieux du ph\u00e9nom\u00e8ne dans le monde,  dans la sous r\u00e9gion ainsi qu&rsquo;au B\u00e9nin et d\u00e9voil\u00e9 les nombreuses politiques mises en \u0153uvre par le Gouvernement, l&rsquo;honorable Nazaire SADO  a rappel\u00e9 \u00e0 ses coll\u00e8gues que ce forum leur permettra d&rsquo;interagir avec le Gouvernement pour renforcer les cadres juridiques existants en vue d&rsquo;un meilleur acc\u00e8s \u00e0 la terre, dynamiser la productivit\u00e9, combler les disparit\u00e9s et impulser des r\u00e9formes qui renforcent l&rsquo;autonomie des femmes et des hommes dans le secteur  agroalimentaire au B\u00e9nin.<\/p>\n<\/div>\n\t\t<\/div><\/div><\/div><div id=\"pgc-4950-1-2\"  class=\"panel-grid-cell panel-grid-cell-empty\" ><\/div><\/div><\/div>","protected":false},"excerpt":{"rendered":"<p>Les d\u00e9put\u00e9s de la 8e l\u00e9gislature de l&rsquo;Assembl\u00e9e nationale du B\u00e9nin participent depuis ce mardi 13 d\u00e9cembre 2022 \u00e0 l&rsquo;h\u00f4tel Bel Azur de Grand Popo a un forum parlementaire organis\u00e9 par le Fonds des Nations-Unies pour l&rsquo;alimentation et l&rsquo;agriculture (FAO). Ledit atelier qui a pour th\u00e8me : \u00ab\u00a0Genre et investissements dans l&rsquo;agriculture et la s\u00e9curit\u00e9 alimentaire pour relever le d\u00e9fi Faim Z\u00e9ro au B\u00e9nin\u00a0\u00bb a \u00e9t\u00e9 ouvert par Nazaire Sado, 2e Questeur de l&rsquo;Assembl\u00e9e nationale du B\u00e9nin. Quatre allocutions ont marqu\u00e9 les temps forts de  la c\u00e9r\u00e9monie d&rsquo;ouverture des travaux de ce forum parlementaire. Dans son adresse, le repr\u00e9sentant de la FAO au B\u00e9nin, M. Isaias ANGUE OBAMA, a laiss\u00e9 entendre que ce forum est une occasion pour croiser les exp\u00e9riences et voir le r\u00f4le des parlementaires dans la r\u00e9duction de l&rsquo;in\u00e9galit\u00e9 genre dans le secteur agroalimentaire.<\/p>\n","protected":false},"author":13,"featured_media":4961,"comment_status":"closed","ping_status":"open","sticky":false,"template":"","format":"standard","meta":{"footnotes":""},"categories":[29],"tags":[],"class_list":["post-4950","post","type-post","status-publish","format-standard","has-post-thumbnail","hentry","category-actualites"],"_links":{"self":[{"href":"https:\/\/assemblee-nationale.bj\/index.php\/wp-json\/wp\/v2\/posts\/4950","targetHints":{"allow":["GET"]}}],"collection":[{"href":"https:\/\/assemblee-nationale.bj\/index.php\/wp-json\/wp\/v2\/posts"}],"about":[{"href":"https:\/\/assemblee-nationale.bj\/index.php\/wp-json\/wp\/v2\/types\/post"}],"author":[{"embeddable":true,"href":"https:\/\/assemblee-nationale.bj\/index.php\/wp-json\/wp\/v2\/users\/13"}],"replies":[{"embeddable":true,"href":"https:\/\/assemblee-nationale.bj\/index.php\/wp-json\/wp\/v2\/comments?post=4950"}],"version-history":[{"count":1,"href":"https:\/\/assemblee-nationale.bj\/index.php\/wp-json\/wp\/v2\/posts\/4950\/revisions"}],"predecessor-version":[{"id":4962,"href":"https:\/\/assemblee-nationale.bj\/index.php\/wp-json\/wp\/v2\/posts\/4950\/revisions\/4962"}],"wp:featuredmedia":[{"embeddable":true,"href":"https:\/\/assemblee-nationale.bj\/index.php\/wp-json\/wp\/v2\/media\/4961"}],"wp:attachment":[{"href":"https:\/\/assemblee-nationale.bj\/index.php\/wp-json\/wp\/v2\/media?parent=4950"}],"wp:term":[{"taxonomy":"category","embeddable":true,"href":"https:\/\/assemblee-nationale.bj\/index.php\/wp-json\/wp\/v2\/categories?post=4950"},{"taxonomy":"post_tag","embeddable":true,"href":"https:\/\/assemblee-nationale.bj\/index.php\/wp-json\/wp\/v2\/tags?post=4950"}],"curies":[{"name":"wp","href":"https:\/\/api.w.org\/{rel}","templated":true}]}}