
{"id":5149,"date":"2023-02-01T16:15:30","date_gmt":"2023-02-01T15:15:30","guid":{"rendered":"https:\/\/assemblee-nationale.bj\/?p=5149"},"modified":"2023-02-13T21:26:30","modified_gmt":"2023-02-13T20:26:30","slug":"elue-a-la-tete-du-reseau-des-femmes-fonctionnaires-parlementaires-du-benin-rffp-benin-lydvine-ahouangnivo-place-son-mandat-sous-le-signe-dune-gestion-participative-au-pas-des-reformes-imprimees-p","status":"publish","type":"post","link":"https:\/\/assemblee-nationale.bj\/index.php\/2023\/02\/01\/elue-a-la-tete-du-reseau-des-femmes-fonctionnaires-parlementaires-du-benin-rffp-benin-lydvine-ahouangnivo-place-son-mandat-sous-le-signe-dune-gestion-participative-au-pas-des-reformes-imprimees-p\/","title":{"rendered":"\u00c9lue \u00e0 la t\u00eate du R\u00e9seau des femmes fonctionnaires parlementaires du B\u00e9nin (RFFP-B\u00e9nin), Lydvine AHOUANGNIVO place son mandat sous le signe d&rsquo;une gestion participative au pas des r\u00e9formes imprim\u00e9es par le Parlement"},"content":{"rendered":"<div id=\"pl-5149\"  class=\"panel-layout\" ><div id=\"pg-5149-0\"  class=\"panel-grid panel-no-style\" ><div id=\"pgc-5149-0-0\"  class=\"panel-grid-cell\" ><div id=\"panel-5149-0-0-0\" class=\"so-panel widget widget_text panel-first-child panel-last-child\" data-index=\"0\" ><div class=\"panel-widget-style panel-widget-style-for-5149-0-0-0\" >\t\t\t<div class=\"textwidget\"><p><strong>\u00c9lue \u00e0 la t\u00eate du R\u00e9seau des femmes fonctionnaires parlementaires du B\u00e9nin (RFFP-B\u00e9nin), Lydvine AHOUANGNIVO place son mandat sous le signe d&rsquo;une gestion participative au pas des r\u00e9formes imprim\u00e9es par le Parlement<\/strong><\/p>\n<p style=\"text-align: justify; line-height: 150%; background: white; margin: 0cm 0cm 4.5pt 0cm;\"><span style=\"color: #1c1e21;\"><strong><br \/>\n<\/strong> <\/span><\/p>\n<p><strong>\u00a0<\/strong><\/p>\n<\/div>\n\t\t<\/div><\/div><\/div><\/div><div id=\"pg-5149-1\"  class=\"panel-grid panel-no-style\" ><div id=\"pgc-5149-1-0\"  class=\"panel-grid-cell panel-grid-cell-empty\" ><\/div><div id=\"pgc-5149-1-1\"  class=\"panel-grid-cell panel-grid-cell-mobile-last\" ><div id=\"panel-5149-1-1-0\" class=\"so-panel widget widget_text panel-first-child panel-last-child\" data-index=\"1\" ><div class=\"panel-widget-style panel-widget-style-for-5149-1-1-0\" >\t\t\t<div class=\"textwidget\"><div class=\"foogallery foogallery-container foogallery-carousel foogallery-lightbox-foobox fg-carousel fg-light fg-border-thin fg-shadow-outline fg-loading-default fg-loaded-fade-in fg-caption-hover fg-hover-fade fg-hover-zoom fg-ready\" id=\"foogallery-gallery-5003\" data-foogallery=\"{&quot;item&quot;:{&quot;showCaptionTitle&quot;:true,&quot;showCaptionDescription&quot;:true},&quot;lazy&quot;:true,&quot;template&quot;:{&quot;maxItems&quot;:5,&quot;scale&quot;:0.18,&quot;gutter&quot;:{&quot;min&quot;:-40,&quot;max&quot;:-40,&quot;unit&quot;:&quot;%&quot;},&quot;autoplay&quot;:{&quot;time&quot;:3,&quot;interaction&quot;:&quot;pause&quot;},&quot;centerOnClick&quot;:false}}\" >\r\n\t<button type=\"button\" class=\"fg-carousel-prev\"><\/button>\r\n\t<div class=\"fg-carousel-inner\">\r\n\t\t<div class=\"fg-carousel-center\"><\/div>\r\n\t\t<div class=\"fg-item fg-type-image fg-idle\"><figure class=\"fg-item-inner\"><a href=\"https:\/\/assemblee-nationale.bj\/wp-content\/uploads\/2023\/02\/Lydvine-AHOUANGNIVO-place-son-mandat-sous-le-signe-dune-gestion-participative-au-pas-des-r\u00e9formes-imprim\u00e9es-par-le-Parlement-1.jpeg\" data-attachment-id=\"5075\" class=\"fg-thumb\"><span class=\"fg-image-wrap\"><img fetchpriority=\"high\" decoding=\"async\" width=\"400\" height=\"300\" class=\"skip-lazy fg-image\" data-src-fg=\"https:\/\/assemblee-nationale.bj\/wp-content\/uploads\/cache\/2023\/02\/Lydvine-AHOUANGNIVO-place-son-mandat-sous-le-signe-dune-gestion-participative-au-pas-des-r\u00e9formes-imprim\u00e9es-par-le-Parlement-1\/4205778449.jpeg\" src=\"data:image\/svg+xml,%3Csvg%20xmlns%3D%22http%3A%2F%2Fwww.w3.org%2F2000%2Fsvg%22%20width%3D%22400%22%20height%3D%22300%22%20viewBox%3D%220%200%20400%20300%22%3E%3C%2Fsvg%3E\" loading=\"eager\"><\/span><span class=\"fg-image-overlay\"><\/span><\/a><figcaption class=\"fg-caption\"><div class=\"fg-caption-inner\"><\/div><\/figcaption><\/figure><div class=\"fg-loader\"><\/div><\/div><div class=\"fg-item fg-type-image fg-idle\"><figure class=\"fg-item-inner\"><a href=\"https:\/\/assemblee-nationale.bj\/wp-content\/uploads\/2023\/02\/Lydvine-AHOUANGNIVO-place-son-mandat-sous-le-signe-dune-gestion-participative-au-pas-des-r\u00e9formes-imprim\u00e9es-par-le-Parlement-2.jpeg\" data-attachment-id=\"5076\" class=\"fg-thumb\"><span class=\"fg-image-wrap\"><img decoding=\"async\" width=\"400\" height=\"300\" class=\"skip-lazy fg-image\" data-src-fg=\"https:\/\/assemblee-nationale.bj\/wp-content\/uploads\/cache\/2023\/02\/Lydvine-AHOUANGNIVO-place-son-mandat-sous-le-signe-dune-gestion-participative-au-pas-des-r\u00e9formes-imprim\u00e9es-par-le-Parlement-2\/400000680.jpeg\" src=\"data:image\/svg+xml,%3Csvg%20xmlns%3D%22http%3A%2F%2Fwww.w3.org%2F2000%2Fsvg%22%20width%3D%22400%22%20height%3D%22300%22%20viewBox%3D%220%200%20400%20300%22%3E%3C%2Fsvg%3E\" loading=\"eager\"><\/span><span class=\"fg-image-overlay\"><\/span><\/a><figcaption class=\"fg-caption\"><div class=\"fg-caption-inner\"><\/div><\/figcaption><\/figure><div class=\"fg-loader\"><\/div><\/div><div class=\"fg-item fg-type-image fg-idle\"><figure class=\"fg-item-inner\"><a href=\"https:\/\/assemblee-nationale.bj\/wp-content\/uploads\/2023\/02\/Lydvine-AHOUANGNIVO-place-son-mandat-sous-le-signe-dune-gestion-participative-au-pas-des-r\u00e9formes-imprim\u00e9es-par-le-Parlement-3.jpeg\" data-attachment-id=\"5077\" class=\"fg-thumb\"><span class=\"fg-image-wrap\"><img decoding=\"async\" width=\"400\" height=\"300\" class=\"skip-lazy fg-image\" data-src-fg=\"https:\/\/assemblee-nationale.bj\/wp-content\/uploads\/cache\/2023\/02\/Lydvine-AHOUANGNIVO-place-son-mandat-sous-le-signe-dune-gestion-participative-au-pas-des-r\u00e9formes-imprim\u00e9es-par-le-Parlement-3\/2802949107.jpeg\" src=\"data:image\/svg+xml,%3Csvg%20xmlns%3D%22http%3A%2F%2Fwww.w3.org%2F2000%2Fsvg%22%20width%3D%22400%22%20height%3D%22300%22%20viewBox%3D%220%200%20400%20300%22%3E%3C%2Fsvg%3E\" loading=\"eager\"><\/span><span class=\"fg-image-overlay\"><\/span><\/a><figcaption class=\"fg-caption\"><div class=\"fg-caption-inner\"><\/div><\/figcaption><\/figure><div class=\"fg-loader\"><\/div><\/div><div class=\"fg-item fg-type-image fg-idle\"><figure class=\"fg-item-inner\"><a href=\"https:\/\/assemblee-nationale.bj\/wp-content\/uploads\/2023\/02\/Lydvine-AHOUANGNIVO-place-son-mandat-sous-le-signe-dune-gestion-participative-au-pas-des-r\u00e9formes-imprim\u00e9es-par-le-Parlement-4.jpeg\" data-attachment-id=\"5078\" class=\"fg-thumb\"><span class=\"fg-image-wrap\"><img decoding=\"async\" width=\"400\" height=\"300\" class=\"skip-lazy fg-image\" data-src-fg=\"https:\/\/assemblee-nationale.bj\/wp-content\/uploads\/cache\/2023\/02\/Lydvine-AHOUANGNIVO-place-son-mandat-sous-le-signe-dune-gestion-participative-au-pas-des-r\u00e9formes-imprim\u00e9es-par-le-Parlement-4\/1042194167.jpeg\" src=\"data:image\/svg+xml,%3Csvg%20xmlns%3D%22http%3A%2F%2Fwww.w3.org%2F2000%2Fsvg%22%20width%3D%22400%22%20height%3D%22300%22%20viewBox%3D%220%200%20400%20300%22%3E%3C%2Fsvg%3E\" loading=\"eager\"><\/span><span class=\"fg-image-overlay\"><\/span><\/a><figcaption class=\"fg-caption\"><div class=\"fg-caption-inner\"><\/div><\/figcaption><\/figure><div class=\"fg-loader\"><\/div><\/div><div class=\"fg-item fg-type-image fg-idle\"><figure class=\"fg-item-inner\"><a href=\"https:\/\/assemblee-nationale.bj\/wp-content\/uploads\/2023\/02\/Lydvine-AHOUANGNIVO-place-son-mandat-sous-le-signe-dune-gestion-participative-au-pas-des-r\u00e9formes-imprim\u00e9es-par-le-Parlement-5.jpeg\" data-attachment-id=\"5079\" class=\"fg-thumb\"><span class=\"fg-image-wrap\"><img decoding=\"async\" width=\"400\" height=\"300\" class=\"skip-lazy fg-image\" data-src-fg=\"https:\/\/assemblee-nationale.bj\/wp-content\/uploads\/cache\/2023\/02\/Lydvine-AHOUANGNIVO-place-son-mandat-sous-le-signe-dune-gestion-participative-au-pas-des-r\u00e9formes-imprim\u00e9es-par-le-Parlement-5\/2396554156.jpeg\" src=\"data:image\/svg+xml,%3Csvg%20xmlns%3D%22http%3A%2F%2Fwww.w3.org%2F2000%2Fsvg%22%20width%3D%22400%22%20height%3D%22300%22%20viewBox%3D%220%200%20400%20300%22%3E%3C%2Fsvg%3E\" loading=\"eager\"><\/span><span class=\"fg-image-overlay\"><\/span><\/a><figcaption class=\"fg-caption\"><div class=\"fg-caption-inner\"><\/div><\/figcaption><\/figure><div class=\"fg-loader\"><\/div><\/div><div class=\"fg-item fg-type-image fg-idle\"><figure class=\"fg-item-inner\"><a href=\"https:\/\/assemblee-nationale.bj\/wp-content\/uploads\/2023\/02\/Lydvine-AHOUANGNIVO-place-son-mandat-sous-le-signe-dune-gestion-participative-au-pas-des-r\u00e9formes-imprim\u00e9es-par-le-Parlement-6.jpeg\" data-attachment-id=\"5080\" class=\"fg-thumb\"><span class=\"fg-image-wrap\"><img decoding=\"async\" width=\"400\" height=\"300\" class=\"skip-lazy fg-image\" data-src-fg=\"https:\/\/assemblee-nationale.bj\/wp-content\/uploads\/cache\/2023\/02\/Lydvine-AHOUANGNIVO-place-son-mandat-sous-le-signe-dune-gestion-participative-au-pas-des-r\u00e9formes-imprim\u00e9es-par-le-Parlement-6\/3363781907.jpeg\" src=\"data:image\/svg+xml,%3Csvg%20xmlns%3D%22http%3A%2F%2Fwww.w3.org%2F2000%2Fsvg%22%20width%3D%22400%22%20height%3D%22300%22%20viewBox%3D%220%200%20400%20300%22%3E%3C%2Fsvg%3E\" loading=\"eager\"><\/span><span class=\"fg-image-overlay\"><\/span><\/a><figcaption class=\"fg-caption\"><div class=\"fg-caption-inner\"><\/div><\/figcaption><\/figure><div class=\"fg-loader\"><\/div><\/div>\t<\/div>\r\n\t<div class=\"fg-carousel-bottom\"><\/div>\r\n\t<div class=\"fg-carousel-progress\"><\/div>\r\n\t<button type=\"button\" class=\"fg-carousel-next\"><\/button>\r\n<\/div>\n<p>&nbsp;<\/p>\n<p> La salle Antoine Kolawol\u00e9 IDJI de l&rsquo;Assembl\u00e9e nationale a servi de cadre ce mercredi 1er f\u00e9vrier 2023 \u00e0 l&rsquo;Assembl\u00e9e g\u00e9n\u00e9rale \u00e9lective du R\u00e9seau des femmes fonctionnaires parlementaires du B\u00e9nin  (RFFP-B\u00e9nin). Au terme des travaux, c&rsquo;est Lydvine AHOUANGNIVO qui est \u00e9lue pour pr\u00e9sider aux destin\u00e9es de ce creuset des femmes pour les trois prochaines ann\u00e9es.<\/p>\n<p>       \u00c0 la t\u00eate du R\u00e9seau des femmes fonctionnaires parlementaires du B\u00e9nin  (RFFP-B\u00e9nin), Florine NAGO \u00e9pouse BOGNON c\u00e8de sa place \u00e0 Lydvine AHOUANGNIVO. Pour les trois prochaines ann\u00e9es, il sera question pour ce creuset des femmes fonctionnaires parlementaires de travailler en s&rsquo;inspirant des r\u00e9formes engag\u00e9es par le Parlement. Tout porte \u00e0 le croire au regard du mot adress\u00e9 par la nouvelle pr\u00e9sidente  \u00e0 ses coll\u00e8gues. Lydvine AHOUANGNIVO, apr\u00e8s avoir salu\u00e9 l&rsquo;engagement des femmes et les  remerci\u00e9s pour leur confiance, a laiss\u00e9 entendre : \u00ab\u00a0Notre mandat sera plac\u00e9 sous le signe d\u2019une gestion participative, au pas des r\u00e9formes imprim\u00e9es par le parlement en mati\u00e8re de performance administrative et de gouvernance. Nulle ne sera de trop !  Toutes serez-vous utiles \u00e0 mutualiser les forces pour mener \u00e0 bien les actions de notre projet social et celles qu\u2019ensemble nous aurions jug\u00e9es indispensables afin d\u2019insuffler un dynamisme nouveau \u00e0 notre creuset.<br \/>\nToutes nos f\u00e9licitations \u00e0 l\u2019\u00e9quipe sortante sur qui nous saurons compter pour continuer \u00e0 \u0153uvrer pour l\u2019int\u00e9r\u00eat g\u00e9n\u00e9ral et la promotion des femmes dans la solidarit\u00e9.\u00a0\u00bb<\/p>\n<p>Coup de chapeau au bureau sortant du RFFP-B\u00e9nin<\/p>\n<p>       Cette AG \u00e9lective a \u00e9t\u00e9 \u00e9galement une occasion pour saluer la gouvernance de Florine NAGO \u00e9pouse BOGNON, pr\u00e9sidente sortante du RFFP-B\u00e9nin. Lors de la c\u00e9r\u00e9monie d&rsquo;ouverture des travaux marqu\u00e9e par trois discours, le Secr\u00e9taire G\u00e9n\u00e9ral du Syndicat autonome du personnel de l&rsquo;Assembl\u00e9e nationale (Synapa) Fulbert Akp\u00e9dj\u00e9 ACAPO, a salu\u00e9 la  les avanc\u00e9es enregistr\u00e9es par le bureau sortant. M\u00eame son de cloche au niveau du Secr\u00e9taire g\u00e9n\u00e9ral administratif adjoint Cl\u00e9ment EBO HOUINOU qui en a profit\u00e9 pour rassurer le RFFP-B\u00c9NIN du soutien des autorit\u00e9s de la hi\u00e9rarchie. Son appel aux femmes, c&rsquo;est de rester sur la m\u00eame lanc\u00e9e afin que l&rsquo;histoire du RFFP-B\u00e9nin se conte \u00e0 la post\u00e9rit\u00e9 avec fiert\u00e9. Parlant du bilan du bureau sortant du RFFP-B\u00e9nin, la pr\u00e9sidente Florine NAGO \u00e9pouse BOGNON affirme \u00eatre satisfaite car les objectifs prioritaires retenus lors de l&rsquo;\u00e9lection de son bureau notamment la relecture des textes, l&rsquo;am\u00e9lioration et l&rsquo;optimisation de la gestion financi\u00e8re du R\u00e9seau, la cr\u00e9ation d&rsquo;un lien social nourri par l&rsquo;engagement, le renforcement de la visibilit\u00e9 du R\u00e9seau et l&rsquo;organisation des s\u00e9minaires et ateliers de renforcement de capacit\u00e9s&#8230;ont \u00e9t\u00e9 atteints dans la mesure du possible. Par ailleurs, elle  a remerci\u00e9 le pr\u00e9sident de l&rsquo;Assembl\u00e9e nationale et son bureau pour leur appui avant d&rsquo;inviter le nouveau bureau \u00e0 prioriser l&rsquo;engagement pour le mieux \u00eatre des membres du r\u00e9seau.        <\/p>\n<p>Hermann OBINTI<\/p>\n<\/div>\n\t\t<\/div><\/div><\/div><div id=\"pgc-5149-1-2\"  class=\"panel-grid-cell panel-grid-cell-empty\" ><\/div><\/div><\/div>","protected":false},"excerpt":{"rendered":"<p>La salle Antoine Kolawol\u00e9 IDJI de l&rsquo;Assembl\u00e9e nationale a servi de cadre ce mercredi 1er f\u00e9vrier 2023 \u00e0 l&rsquo;Assembl\u00e9e g\u00e9n\u00e9rale \u00e9lective du R\u00e9seau des femmes fonctionnaires parlementaires du B\u00e9nin  (RFFP-B\u00e9nin). Au terme des travaux, c&rsquo;est Lydvine AHOUANGNIVO qui est \u00e9lue pour pr\u00e9sider aux destin\u00e9es de ce creuset des femmes pour les trois prochaines ann\u00e9es. \u00c0 la t\u00eate du R\u00e9seau des femmes fonctionnaires parlementaires du B\u00e9nin  (RFFP-B\u00e9nin), Florine NAGO \u00e9pouse BOGNON c\u00e8de sa place \u00e0 Lydvine AHOUANGNIVO.<\/p>\n","protected":false},"author":13,"featured_media":5077,"comment_status":"closed","ping_status":"open","sticky":false,"template":"","format":"standard","meta":{"footnotes":""},"categories":[29],"tags":[],"class_list":["post-5149","post","type-post","status-publish","format-standard","has-post-thumbnail","hentry","category-actualites"],"_links":{"self":[{"href":"https:\/\/assemblee-nationale.bj\/index.php\/wp-json\/wp\/v2\/posts\/5149","targetHints":{"allow":["GET"]}}],"collection":[{"href":"https:\/\/assemblee-nationale.bj\/index.php\/wp-json\/wp\/v2\/posts"}],"about":[{"href":"https:\/\/assemblee-nationale.bj\/index.php\/wp-json\/wp\/v2\/types\/post"}],"author":[{"embeddable":true,"href":"https:\/\/assemblee-nationale.bj\/index.php\/wp-json\/wp\/v2\/users\/13"}],"replies":[{"embeddable":true,"href":"https:\/\/assemblee-nationale.bj\/index.php\/wp-json\/wp\/v2\/comments?post=5149"}],"version-history":[{"count":1,"href":"https:\/\/assemblee-nationale.bj\/index.php\/wp-json\/wp\/v2\/posts\/5149\/revisions"}],"predecessor-version":[{"id":5156,"href":"https:\/\/assemblee-nationale.bj\/index.php\/wp-json\/wp\/v2\/posts\/5149\/revisions\/5156"}],"wp:featuredmedia":[{"embeddable":true,"href":"https:\/\/assemblee-nationale.bj\/index.php\/wp-json\/wp\/v2\/media\/5077"}],"wp:attachment":[{"href":"https:\/\/assemblee-nationale.bj\/index.php\/wp-json\/wp\/v2\/media?parent=5149"}],"wp:term":[{"taxonomy":"category","embeddable":true,"href":"https:\/\/assemblee-nationale.bj\/index.php\/wp-json\/wp\/v2\/categories?post=5149"},{"taxonomy":"post_tag","embeddable":true,"href":"https:\/\/assemblee-nationale.bj\/index.php\/wp-json\/wp\/v2\/tags?post=5149"}],"curies":[{"name":"wp","href":"https:\/\/api.w.org\/{rel}","templated":true}]}}