
{"id":5370,"date":"2023-02-16T18:37:54","date_gmt":"2023-02-16T17:37:54","guid":{"rendered":"https:\/\/assemblee-nationale.bj\/?p=5370"},"modified":"2023-03-16T09:51:53","modified_gmt":"2023-03-16T08:51:53","slug":"9eme-legislature-de-lassemblee-nationale-du-benin-109-deputes-repartis-en-03-groupes-parlementaires","status":"publish","type":"post","link":"https:\/\/assemblee-nationale.bj\/index.php\/2023\/02\/16\/9eme-legislature-de-lassemblee-nationale-du-benin-109-deputes-repartis-en-03-groupes-parlementaires\/","title":{"rendered":"9\u00e8me l\u00e9gislature de l&rsquo;Assembl\u00e9e nationale du B\u00e9nin : 109 d\u00e9put\u00e9s r\u00e9partis en 03 groupes parlementaires"},"content":{"rendered":"<div id=\"pl-5370\"  class=\"panel-layout\" ><div id=\"pg-5370-0\"  class=\"panel-grid panel-no-style\" ><div id=\"pgc-5370-0-0\"  class=\"panel-grid-cell\" ><div id=\"panel-5370-0-0-0\" class=\"so-panel widget widget_text panel-first-child panel-last-child\" data-index=\"0\" ><div class=\"panel-widget-style panel-widget-style-for-5370-0-0-0\" >\t\t\t<div class=\"textwidget\"><p><strong>9\u00e8me l\u00e9gislature de l&rsquo;Assembl\u00e9e nationale du B\u00e9nin : 109 d\u00e9put\u00e9s r\u00e9partis en 03 groupes parlementaires<\/strong><\/p>\n<p style=\"text-align: justify; line-height: 150%; background: white; margin: 0cm 0cm 4.5pt 0cm;\"><span style=\"color: #1c1e21;\"><strong><br \/>\n<\/strong> <\/span><\/p>\n<p><strong>\u00a0<\/strong><\/p>\n<\/div>\n\t\t<\/div><\/div><\/div><\/div><div id=\"pg-5370-1\"  class=\"panel-grid panel-no-style\" ><div id=\"pgc-5370-1-0\"  class=\"panel-grid-cell panel-grid-cell-empty\" ><\/div><div id=\"pgc-5370-1-1\"  class=\"panel-grid-cell panel-grid-cell-mobile-last\" ><div id=\"panel-5370-1-1-0\" class=\"so-panel widget widget_text panel-first-child panel-last-child\" data-index=\"1\" ><div class=\"panel-widget-style panel-widget-style-for-5370-1-1-0\" >\t\t\t<div class=\"textwidget\"><div class=\"foogallery foogallery-container foogallery-carousel foogallery-lightbox-foobox fg-carousel fg-light fg-border-thin fg-shadow-outline fg-loading-default fg-loaded-fade-in fg-caption-hover fg-hover-fade fg-hover-zoom fg-ready\" id=\"foogallery-gallery-5291\" data-foogallery=\"{&quot;item&quot;:{&quot;showCaptionTitle&quot;:true,&quot;showCaptionDescription&quot;:true},&quot;lazy&quot;:true,&quot;template&quot;:{&quot;maxItems&quot;:5,&quot;scale&quot;:0.18,&quot;gutter&quot;:{&quot;min&quot;:-40,&quot;max&quot;:-40,&quot;unit&quot;:&quot;%&quot;},&quot;autoplay&quot;:{&quot;time&quot;:3,&quot;interaction&quot;:&quot;pause&quot;},&quot;centerOnClick&quot;:false}}\" >\r\n\t<button type=\"button\" class=\"fg-carousel-prev\"><\/button>\r\n\t<div class=\"fg-carousel-inner\">\r\n\t\t<div class=\"fg-carousel-center\"><\/div>\r\n\t\t<div class=\"fg-item fg-type-image fg-idle\"><figure class=\"fg-item-inner\"><a href=\"https:\/\/assemblee-nationale.bj\/wp-content\/uploads\/2023\/03\/109-d\u00e9put\u00e9s-r\u00e9partis-en-03-groupes-parlementaires-1.jpeg\" data-attachment-id=\"5300\" class=\"fg-thumb\"><span class=\"fg-image-wrap\"><img fetchpriority=\"high\" decoding=\"async\" width=\"400\" height=\"300\" class=\"skip-lazy fg-image\" data-src-fg=\"https:\/\/assemblee-nationale.bj\/wp-content\/uploads\/cache\/2023\/03\/109-d\u00e9put\u00e9s-r\u00e9partis-en-03-groupes-parlementaires-1\/3583536767.jpeg\" src=\"data:image\/svg+xml,%3Csvg%20xmlns%3D%22http%3A%2F%2Fwww.w3.org%2F2000%2Fsvg%22%20width%3D%22400%22%20height%3D%22300%22%20viewBox%3D%220%200%20400%20300%22%3E%3C%2Fsvg%3E\" loading=\"eager\"><\/span><span class=\"fg-image-overlay\"><\/span><\/a><figcaption class=\"fg-caption\"><div class=\"fg-caption-inner\"><\/div><\/figcaption><\/figure><div class=\"fg-loader\"><\/div><\/div><div class=\"fg-item fg-type-image fg-idle\"><figure class=\"fg-item-inner\"><a href=\"https:\/\/assemblee-nationale.bj\/wp-content\/uploads\/2023\/03\/109-d\u00e9put\u00e9s-r\u00e9partis-en-03-groupes-parlementaires-2.jpeg\" data-attachment-id=\"5301\" class=\"fg-thumb\"><span class=\"fg-image-wrap\"><img decoding=\"async\" width=\"400\" height=\"300\" class=\"skip-lazy fg-image\" data-src-fg=\"https:\/\/assemblee-nationale.bj\/wp-content\/uploads\/cache\/2023\/03\/109-d\u00e9put\u00e9s-r\u00e9partis-en-03-groupes-parlementaires-2\/3545151187.jpeg\" src=\"data:image\/svg+xml,%3Csvg%20xmlns%3D%22http%3A%2F%2Fwww.w3.org%2F2000%2Fsvg%22%20width%3D%22400%22%20height%3D%22300%22%20viewBox%3D%220%200%20400%20300%22%3E%3C%2Fsvg%3E\" loading=\"eager\"><\/span><span class=\"fg-image-overlay\"><\/span><\/a><figcaption class=\"fg-caption\"><div class=\"fg-caption-inner\"><\/div><\/figcaption><\/figure><div class=\"fg-loader\"><\/div><\/div><div class=\"fg-item fg-type-image fg-idle\"><figure class=\"fg-item-inner\"><a href=\"https:\/\/assemblee-nationale.bj\/wp-content\/uploads\/2023\/03\/109-d\u00e9put\u00e9s-r\u00e9partis-en-03-groupes-parlementaires-3.jpeg\" data-attachment-id=\"5302\" class=\"fg-thumb\"><span class=\"fg-image-wrap\"><img decoding=\"async\" width=\"400\" height=\"300\" class=\"skip-lazy fg-image\" data-src-fg=\"https:\/\/assemblee-nationale.bj\/wp-content\/uploads\/cache\/2023\/03\/109-d\u00e9put\u00e9s-r\u00e9partis-en-03-groupes-parlementaires-3\/4163326914.jpeg\" src=\"data:image\/svg+xml,%3Csvg%20xmlns%3D%22http%3A%2F%2Fwww.w3.org%2F2000%2Fsvg%22%20width%3D%22400%22%20height%3D%22300%22%20viewBox%3D%220%200%20400%20300%22%3E%3C%2Fsvg%3E\" loading=\"eager\"><\/span><span class=\"fg-image-overlay\"><\/span><\/a><figcaption class=\"fg-caption\"><div class=\"fg-caption-inner\"><\/div><\/figcaption><\/figure><div class=\"fg-loader\"><\/div><\/div><div class=\"fg-item fg-type-image fg-idle\"><figure class=\"fg-item-inner\"><a href=\"https:\/\/assemblee-nationale.bj\/wp-content\/uploads\/2023\/03\/109-d\u00e9put\u00e9s-r\u00e9partis-en-03-groupes-parlementaires-4.jpeg\" data-attachment-id=\"5303\" class=\"fg-thumb\"><span class=\"fg-image-wrap\"><img decoding=\"async\" width=\"400\" height=\"300\" class=\"skip-lazy fg-image\" data-src-fg=\"https:\/\/assemblee-nationale.bj\/wp-content\/uploads\/cache\/2023\/03\/109-d\u00e9put\u00e9s-r\u00e9partis-en-03-groupes-parlementaires-4\/2286448325.jpeg\" src=\"data:image\/svg+xml,%3Csvg%20xmlns%3D%22http%3A%2F%2Fwww.w3.org%2F2000%2Fsvg%22%20width%3D%22400%22%20height%3D%22300%22%20viewBox%3D%220%200%20400%20300%22%3E%3C%2Fsvg%3E\" loading=\"eager\"><\/span><span class=\"fg-image-overlay\"><\/span><\/a><figcaption class=\"fg-caption\"><div class=\"fg-caption-inner\"><\/div><\/figcaption><\/figure><div class=\"fg-loader\"><\/div><\/div><div class=\"fg-item fg-type-image fg-idle\"><figure class=\"fg-item-inner\"><a href=\"https:\/\/assemblee-nationale.bj\/wp-content\/uploads\/2023\/03\/109-d\u00e9put\u00e9s-r\u00e9partis-en-03-groupes-parlementaires-5.jpeg\" data-attachment-id=\"5304\" class=\"fg-thumb\"><span class=\"fg-image-wrap\"><img decoding=\"async\" width=\"400\" height=\"300\" class=\"skip-lazy fg-image\" data-src-fg=\"https:\/\/assemblee-nationale.bj\/wp-content\/uploads\/cache\/2023\/03\/109-d\u00e9put\u00e9s-r\u00e9partis-en-03-groupes-parlementaires-5\/4078487788.jpeg\" src=\"data:image\/svg+xml,%3Csvg%20xmlns%3D%22http%3A%2F%2Fwww.w3.org%2F2000%2Fsvg%22%20width%3D%22400%22%20height%3D%22300%22%20viewBox%3D%220%200%20400%20300%22%3E%3C%2Fsvg%3E\" loading=\"eager\"><\/span><span class=\"fg-image-overlay\"><\/span><\/a><figcaption class=\"fg-caption\"><div class=\"fg-caption-inner\"><\/div><\/figcaption><\/figure><div class=\"fg-loader\"><\/div><\/div><div class=\"fg-item fg-type-image fg-idle\"><figure class=\"fg-item-inner\"><a href=\"https:\/\/assemblee-nationale.bj\/wp-content\/uploads\/2023\/03\/109-d\u00e9put\u00e9s-r\u00e9partis-en-03-groupes-parlementaires-6.jpeg\" data-attachment-id=\"5305\" class=\"fg-thumb\"><span class=\"fg-image-wrap\"><img decoding=\"async\" width=\"400\" height=\"300\" class=\"skip-lazy fg-image\" data-src-fg=\"https:\/\/assemblee-nationale.bj\/wp-content\/uploads\/cache\/2023\/03\/109-d\u00e9put\u00e9s-r\u00e9partis-en-03-groupes-parlementaires-6\/3734742247.jpeg\" src=\"data:image\/svg+xml,%3Csvg%20xmlns%3D%22http%3A%2F%2Fwww.w3.org%2F2000%2Fsvg%22%20width%3D%22400%22%20height%3D%22300%22%20viewBox%3D%220%200%20400%20300%22%3E%3C%2Fsvg%3E\" loading=\"eager\"><\/span><span class=\"fg-image-overlay\"><\/span><\/a><figcaption class=\"fg-caption\"><div class=\"fg-caption-inner\"><\/div><\/figcaption><\/figure><div class=\"fg-loader\"><\/div><\/div><div class=\"fg-item fg-type-image fg-idle\"><figure class=\"fg-item-inner\"><a href=\"https:\/\/assemblee-nationale.bj\/wp-content\/uploads\/2023\/03\/109-d\u00e9put\u00e9s-r\u00e9partis-en-03-groupes-parlementaires-7.jpeg\" data-attachment-id=\"5306\" class=\"fg-thumb\"><span class=\"fg-image-wrap\"><img decoding=\"async\" width=\"400\" height=\"300\" class=\"skip-lazy fg-image\" data-src-fg=\"https:\/\/assemblee-nationale.bj\/wp-content\/uploads\/cache\/2023\/03\/109-d\u00e9put\u00e9s-r\u00e9partis-en-03-groupes-parlementaires-7\/4126294518.jpeg\" src=\"data:image\/svg+xml,%3Csvg%20xmlns%3D%22http%3A%2F%2Fwww.w3.org%2F2000%2Fsvg%22%20width%3D%22400%22%20height%3D%22300%22%20viewBox%3D%220%200%20400%20300%22%3E%3C%2Fsvg%3E\" loading=\"eager\"><\/span><span class=\"fg-image-overlay\"><\/span><\/a><figcaption class=\"fg-caption\"><div class=\"fg-caption-inner\"><\/div><\/figcaption><\/figure><div class=\"fg-loader\"><\/div><\/div><div class=\"fg-item fg-type-image fg-idle\"><figure class=\"fg-item-inner\"><a href=\"https:\/\/assemblee-nationale.bj\/wp-content\/uploads\/2023\/03\/109-d\u00e9put\u00e9s-r\u00e9partis-en-03-groupes-parlementaires-8.jpeg\" data-attachment-id=\"5307\" class=\"fg-thumb\"><span class=\"fg-image-wrap\"><img decoding=\"async\" width=\"400\" height=\"300\" class=\"skip-lazy fg-image\" data-src-fg=\"https:\/\/assemblee-nationale.bj\/wp-content\/uploads\/cache\/2023\/03\/109-d\u00e9put\u00e9s-r\u00e9partis-en-03-groupes-parlementaires-8\/1044766441.jpeg\" src=\"data:image\/svg+xml,%3Csvg%20xmlns%3D%22http%3A%2F%2Fwww.w3.org%2F2000%2Fsvg%22%20width%3D%22400%22%20height%3D%22300%22%20viewBox%3D%220%200%20400%20300%22%3E%3C%2Fsvg%3E\" loading=\"eager\"><\/span><span class=\"fg-image-overlay\"><\/span><\/a><figcaption class=\"fg-caption\"><div class=\"fg-caption-inner\"><\/div><\/figcaption><\/figure><div class=\"fg-loader\"><\/div><\/div>\t<\/div>\r\n\t<div class=\"fg-carousel-bottom\"><\/div>\r\n\t<div class=\"fg-carousel-progress\"><\/div>\r\n\t<button type=\"button\" class=\"fg-carousel-next\"><\/button>\r\n<\/div>\n<p>&nbsp;<\/p>\n<p>(Les 05 commissions permanentes pourvues)<\/p>\n<p>Les d\u00e9put\u00e9s membres de la 9e l\u00e9gislature de l&rsquo;Assembl\u00e9e nationale du B\u00e9nin se sont r\u00e9unis ce jeudi 16 f\u00e9vrier 2023 en s\u00e9ance pl\u00e9ni\u00e8re au Palais des gouverneurs de Porto-Novo. Ceci, dans le cadre de la premi\u00e8re session extraordinaire de l&rsquo;Assembl\u00e9e nationale du B\u00e9nin pour le compte de l&rsquo;ann\u00e9e 2023 demand\u00e9e par 62 d\u00e9put\u00e9s. Au cours de ladite s\u00e9ance pl\u00e9ni\u00e8re, les d\u00e9put\u00e9s membres du parti Union progressiste le Renouveau et leurs coll\u00e8gues du parti Bloc R\u00e9publicain ont officialis\u00e9 la constitution de leurs groupes parlementaires. Au cours de la m\u00eame s\u00e9ance a eu lieu la constitution des commissions permanentes et l&rsquo;\u00e9lection de leur bureau.<\/p>\n<p>El-Hadj Affissou Anonrin <\/p>\n<p>Le groupe parlementaire Union progressiste le Renouveau constitu\u00e9 de 53 d\u00e9put\u00e9s est pr\u00e9sid\u00e9 par l&rsquo;honorable Ak\u00e9 Natond\u00e9. Il sera aid\u00e9 dans sa mission par ses coll\u00e8gues Domitien N&rsquo;Ou\u00e9mou et Augustin Ahouanvo\u00e9bla respectivement d\u00e9sign\u00e9s vice-pr\u00e9sident et rapport. Pour sa part, le groupe parlementaire Bloc r\u00e9publicain compos\u00e9 de 28 d\u00e9put\u00e9s est dirig\u00e9 par le d\u00e9put\u00e9 Assan Seibou. Les d\u00e9put\u00e9s Malick Gomina Seibou et Moukaram Koussonda Adjibad\u00e9 d\u00e9sign\u00e9s respectivement vice-pr\u00e9sident et rapporteur devront l&rsquo;aider dans sa mission.<\/p>\n<p>Dans la d\u00e9claration qu&rsquo;il a lu \u00e0 la tribune du Palais des gouverneurs, l&rsquo;honorable Ak\u00e9 Natond\u00e9 a \u00e9t\u00e9 on ne peut clair.<\/p>\n<p>\u00ab Notre groupe parlementaire s\u2019engage r\u00e9solument \u00e0 consolider les acquis d\u00e9mocratiques du B\u00e9nin \u00e0 travers le vote de lois et le contr\u00f4le de l\u2019action gouvernementale, qui impactent positivement le v\u00e9cu quotidien de nos concitoyens. Les d\u00e9put\u00e9s de l\u2019Union Progressiste le Renouveau sont pr\u00eats \u00e0 travailler avec toutes les autres composantes de notre Assembl\u00e9e Nationale qui partagent les m\u00eames id\u00e9aux pour le B\u00e9nin et ceci dans la fraternit\u00e9, la convivialit\u00e9 et le respect mutuel \u00bb, a-t-il d\u00e9clar\u00e9.<\/p>\n<p>Les ambitions du groupe parlementaire que dirige l&rsquo;honorable Ak\u00e9 Natond\u00e9 pour le B\u00e9nin sont claires. Il s&rsquo;agit  en effet et ce conform\u00e9ment \u00e0 la vision du parti de \u00ab Faire du B\u00e9nin, un pays de d\u00e9mocratie, de droit de l\u2019homme, de coh\u00e9sion sociale, bien gouvern\u00e9 et dont la prosp\u00e9rit\u00e9 \u00e9conomique est \u00e9quitablement partag\u00e9e par tous les citoyens en g\u00e9n\u00e9ral et les couches vuln\u00e9rables en particulier \u00bb. <\/p>\n<p>Les nobles ambitions du BR <\/p>\n<p>Selon la d\u00e9claration faite par l&rsquo;honorable Assan Seibou, \u00ab Le groupe parlementaire BLOC REPUBLICAIN reste membre actif de la majorit\u00e9 pr\u00e9sidentielle et travaillera \u00e0 animer, renforcer et consolider la majorit\u00e9 parlementaire dans la droite ligne de ses missions d\u00e9volues aux parlementaires : le d\u00e9put\u00e9 BR s\u2019att\u00e8lera \u00e0 l\u00e9gif\u00e9rer, \u00e0 contr\u00f4ler et \u00e0 interpeller au besoin l\u2019ex\u00e9cutif \u00bb. <\/p>\n<p>\u00ab Le Groupe parlementaire  BLOC REPUBLICAIN prend l\u2019engagement de d\u00e9fendre les valeurs de libert\u00e9 \u00e9conomique, gage de prosp\u00e9rit\u00e9 et de s\u00e9curit\u00e9 sociale pour chaque citoyen de notre nation. Il travaillera avec acharnement \u00e0 offrir \u00e0 chaque b\u00e9ninoise et \u00e0 chaque b\u00e9ninois, les chances de profiter de ses talents dans un environnement assaini qui favorise une bonne \u00e9mulation des valeurs personnelles \u00bb, a-t-il ajout\u00e9.<\/p>\n<p>Le dimanche 12 f\u00e9vrier 2023 d\u00e9j\u00e0, les 28 d\u00e9put\u00e9s du parti Les D\u00e9mocrates avaient form\u00e9 leur groupe qui porte le m\u00eame nom que celui de leur parti. Ce groupe parlementaire que pr\u00e9side l&rsquo;honorable Noure\u00efnou Atchad\u00e9 a pour vice-pr\u00e9sident l&rsquo;honorable Jo\u00ebl Godonou et pour rapporteur Edwige Tossah.<\/p>\n<p>Les Ex\u00e9cutifs des commissions permanentes connus<\/p>\n<p>Apr\u00e8s les groupes parlementaires, les d\u00e9put\u00e9s de la 9e l\u00e9gislature ont proc\u00e9d\u00e9 \u00e0 l&rsquo;\u00e9lection des organes dirigeants des 05 commissions permanentes de l&rsquo;Assembl\u00e9e nationale. Sans surprise, la commission des lois et des droits de l&rsquo;homme a \u00e9t\u00e9 confi\u00e9e \u00e0 l&rsquo;honorable Orden Alladatin. Il en est de m\u00eame de la commission des finances que pr\u00e9side l&rsquo;honorable G\u00e9rard Gbenonchi. La commission des relations ext\u00e9rieures de l&rsquo;Assembl\u00e9e nationale a quant \u00e0 elle chang\u00e9 de main. Elle est d\u00e9sormais dirig\u00e9e par l&rsquo;honorable Abdoulaye Gounou. Lambert Agongbonon et Victor Tokpanou dirigent respectivement la commission du plan et de l&rsquo;\u00e9quipement et la commission de l&rsquo;\u00e9ducation.<br \/>\nChaque Pr\u00e9sident de commission permanente est assist\u00e9 dans sa mission d&rsquo;un vice-pr\u00e9sident, de deux rapporteurs et d&rsquo;un secr\u00e9taire.<\/p>\n<p> Les D\u00e9mocrates se retirent des travaux<\/p>\n<p>Avant la pr\u00e9sentation des proc\u00e8s verbaux ayant sanctionn\u00e9 l&rsquo;\u00e9lection des ex\u00e9cutifs de ces commissions permanentes, le Pr\u00e9sident du groupe parlementaire \u300aLes D\u00e9mocrates\u300b a pris la parole pour d\u00e9noncer un accaparement suppos\u00e9 de tous les postes de commissions. Ce qui selon lui constitue une violation de la D\u00e9cision DCC 11-047 du 21 juillet 2011 de la Cour Constitutionnelle. Condamnant donc ses coll\u00e8gues de la majorit\u00e9 parlementaire, il a invit\u00e9 les coll\u00e8gues de son groupe parlementaire  \u00e0 se retirer de l&rsquo;h\u00e9micycle. <\/p>\n<p>En r\u00e9ponse \u00e0 ces observations, le Pr\u00e9sident Louis Gb\u00e8hounou Vlavonou a d\u00e9clar\u00e9 : \u00ab Nous prenons acte de votre d\u00e9claration. Ce qui est s\u00fbr c&rsquo;est que le R\u00e8glement int\u00e9rieur de l&rsquo;Assembl\u00e9e n&rsquo;impose pas \u00e0 l&rsquo;Assembl\u00e9e nationale de distribuer des postes  tel que vous le pensez puisque des rapports que j&rsquo;ai eus, il a \u00e9t\u00e9 question qu&rsquo;on vous a propos\u00e9 des positions que vous avez refus\u00e9es \u00bb.<\/p>\n<\/div>\n\t\t<\/div><\/div><\/div><div id=\"pgc-5370-1-2\"  class=\"panel-grid-cell panel-grid-cell-empty\" ><\/div><\/div><\/div>","protected":false},"excerpt":{"rendered":"<p>Les d\u00e9put\u00e9s membres de la 9e l\u00e9gislature de l&rsquo;Assembl\u00e9e nationale du B\u00e9nin se sont r\u00e9unis ce jeudi 16 f\u00e9vrier 2023 en s\u00e9ance pl\u00e9ni\u00e8re au Palais des gouverneurs de Porto-Novo. Ceci, dans le cadre de la premi\u00e8re session extraordinaire de l&rsquo;Assembl\u00e9e nationale du B\u00e9nin pour le compte de l&rsquo;ann\u00e9e 2023 demand\u00e9e par 62 d\u00e9put\u00e9s. Au cours de ladite s\u00e9ance pl\u00e9ni\u00e8re, les d\u00e9put\u00e9s membres du parti Union progressiste le Renouveau et leurs coll\u00e8gues du parti Bloc R\u00e9publicain ont officialis\u00e9 la constitution de leurs groupes parlementaires. Au cours de la m\u00eame s\u00e9ance a eu lieu la constitution des commissions permanentes et l&rsquo;\u00e9lection de leur bureau.<\/p>\n","protected":false},"author":13,"featured_media":5371,"comment_status":"closed","ping_status":"open","sticky":false,"template":"","format":"standard","meta":{"footnotes":""},"categories":[29],"tags":[],"class_list":["post-5370","post","type-post","status-publish","format-standard","has-post-thumbnail","hentry","category-actualites"],"_links":{"self":[{"href":"https:\/\/assemblee-nationale.bj\/index.php\/wp-json\/wp\/v2\/posts\/5370","targetHints":{"allow":["GET"]}}],"collection":[{"href":"https:\/\/assemblee-nationale.bj\/index.php\/wp-json\/wp\/v2\/posts"}],"about":[{"href":"https:\/\/assemblee-nationale.bj\/index.php\/wp-json\/wp\/v2\/types\/post"}],"author":[{"embeddable":true,"href":"https:\/\/assemblee-nationale.bj\/index.php\/wp-json\/wp\/v2\/users\/13"}],"replies":[{"embeddable":true,"href":"https:\/\/assemblee-nationale.bj\/index.php\/wp-json\/wp\/v2\/comments?post=5370"}],"version-history":[{"count":1,"href":"https:\/\/assemblee-nationale.bj\/index.php\/wp-json\/wp\/v2\/posts\/5370\/revisions"}],"predecessor-version":[{"id":5372,"href":"https:\/\/assemblee-nationale.bj\/index.php\/wp-json\/wp\/v2\/posts\/5370\/revisions\/5372"}],"wp:featuredmedia":[{"embeddable":true,"href":"https:\/\/assemblee-nationale.bj\/index.php\/wp-json\/wp\/v2\/media\/5371"}],"wp:attachment":[{"href":"https:\/\/assemblee-nationale.bj\/index.php\/wp-json\/wp\/v2\/media?parent=5370"}],"wp:term":[{"taxonomy":"category","embeddable":true,"href":"https:\/\/assemblee-nationale.bj\/index.php\/wp-json\/wp\/v2\/categories?post=5370"},{"taxonomy":"post_tag","embeddable":true,"href":"https:\/\/assemblee-nationale.bj\/index.php\/wp-json\/wp\/v2\/tags?post=5370"}],"curies":[{"name":"wp","href":"https:\/\/api.w.org\/{rel}","templated":true}]}}