
{"id":5383,"date":"2023-03-08T11:03:24","date_gmt":"2023-03-08T10:03:24","guid":{"rendered":"https:\/\/assemblee-nationale.bj\/?p=5383"},"modified":"2023-03-16T11:21:08","modified_gmt":"2023-03-16T10:21:08","slug":"reelu-a-la-tete-du-parlement-beninois-louis-gbehounou-vlavonou-felicite-par-ses-homologues-de-la-turquie-et-du-maroc","status":"publish","type":"post","link":"https:\/\/assemblee-nationale.bj\/index.php\/2023\/03\/08\/reelu-a-la-tete-du-parlement-beninois-louis-gbehounou-vlavonou-felicite-par-ses-homologues-de-la-turquie-et-du-maroc\/","title":{"rendered":"R\u00e9\u00e9lu \u00e0 la t\u00eate du Parlement b\u00e9ninois : Louis Gb\u00e8hounou Vlavonou f\u00e9licit\u00e9 par ses homologues de la Turquie et du Maroc"},"content":{"rendered":"<div id=\"pl-5383\"  class=\"panel-layout\" ><div id=\"pg-5383-0\"  class=\"panel-grid panel-no-style\" ><div id=\"pgc-5383-0-0\"  class=\"panel-grid-cell\" ><div id=\"panel-5383-0-0-0\" class=\"so-panel widget widget_text panel-first-child panel-last-child\" data-index=\"0\" ><div class=\"panel-widget-style panel-widget-style-for-5383-0-0-0\" >\t\t\t<div class=\"textwidget\"><p><strong>R\u00e9\u00e9lu \u00e0 la t\u00eate du Parlement b\u00e9ninois : Louis Gb\u00e8hounou Vlavonou f\u00e9licit\u00e9 par ses homologues de la Turquie et du Maroc<\/strong><\/p>\n<p style=\"text-align: justify; line-height: 150%; background: white; margin: 0cm 0cm 4.5pt 0cm;\"><span style=\"color: #1c1e21;\"><strong><br \/>\n<\/strong> <\/span><\/p>\n<p><strong>\u00a0<\/strong><\/p>\n<\/div>\n\t\t<\/div><\/div><\/div><\/div><div id=\"pg-5383-1\"  class=\"panel-grid panel-no-style\" ><div id=\"pgc-5383-1-0\"  class=\"panel-grid-cell panel-grid-cell-empty\" ><\/div><div id=\"pgc-5383-1-1\"  class=\"panel-grid-cell panel-grid-cell-mobile-last\" ><div id=\"panel-5383-1-1-0\" class=\"so-panel widget widget_text panel-first-child panel-last-child\" data-index=\"1\" ><div class=\"panel-widget-style panel-widget-style-for-5383-1-1-0\" >\t\t\t<div class=\"textwidget\"><div class=\"foogallery foogallery-container foogallery-carousel foogallery-lightbox-foobox fg-carousel fg-light fg-border-thin fg-shadow-outline fg-loading-default fg-loaded-fade-in fg-caption-hover fg-hover-fade fg-hover-zoom fg-ready\" id=\"foogallery-gallery-5299\" data-foogallery=\"{&quot;item&quot;:{&quot;showCaptionTitle&quot;:true,&quot;showCaptionDescription&quot;:true},&quot;lazy&quot;:true,&quot;template&quot;:{&quot;maxItems&quot;:5,&quot;scale&quot;:0.18,&quot;gutter&quot;:{&quot;min&quot;:-40,&quot;max&quot;:-40,&quot;unit&quot;:&quot;%&quot;},&quot;autoplay&quot;:{&quot;time&quot;:3,&quot;interaction&quot;:&quot;pause&quot;},&quot;centerOnClick&quot;:false}}\" >\r\n\t<button type=\"button\" class=\"fg-carousel-prev\"><\/button>\r\n\t<div class=\"fg-carousel-inner\">\r\n\t\t<div class=\"fg-carousel-center\"><\/div>\r\n\t\t<div class=\"fg-item fg-type-image fg-idle\"><figure class=\"fg-item-inner\"><a href=\"https:\/\/assemblee-nationale.bj\/wp-content\/uploads\/2023\/03\/Louis-Gb\u00e8hounou-Vlavonou-f\u00e9licit\u00e9-par-ses-homologues-de-la-Turquie-et-du-Maroc-1.jpeg\" data-attachment-id=\"5358\" class=\"fg-thumb\"><span class=\"fg-image-wrap\"><img fetchpriority=\"high\" decoding=\"async\" width=\"400\" height=\"300\" class=\"skip-lazy fg-image\" data-src-fg=\"https:\/\/assemblee-nationale.bj\/wp-content\/uploads\/cache\/2023\/03\/Louis-Gb\u00e8hounou-Vlavonou-f\u00e9licit\u00e9-par-ses-homologues-de-la-Turquie-et-du-Maroc-1\/1006584811.jpeg\" src=\"data:image\/svg+xml,%3Csvg%20xmlns%3D%22http%3A%2F%2Fwww.w3.org%2F2000%2Fsvg%22%20width%3D%22400%22%20height%3D%22300%22%20viewBox%3D%220%200%20400%20300%22%3E%3C%2Fsvg%3E\" loading=\"eager\"><\/span><span class=\"fg-image-overlay\"><\/span><\/a><figcaption class=\"fg-caption\"><div class=\"fg-caption-inner\"><\/div><\/figcaption><\/figure><div class=\"fg-loader\"><\/div><\/div><div class=\"fg-item fg-type-image fg-idle\"><figure class=\"fg-item-inner\"><a href=\"https:\/\/assemblee-nationale.bj\/wp-content\/uploads\/2023\/03\/Louis-Gb\u00e8hounou-Vlavonou-f\u00e9licit\u00e9-par-ses-homologues-de-la-Turquie-et-du-Maroc-2.jpeg\" data-attachment-id=\"5359\" class=\"fg-thumb\"><span class=\"fg-image-wrap\"><img decoding=\"async\" width=\"400\" height=\"300\" class=\"skip-lazy fg-image\" data-src-fg=\"https:\/\/assemblee-nationale.bj\/wp-content\/uploads\/cache\/2023\/03\/Louis-Gb\u00e8hounou-Vlavonou-f\u00e9licit\u00e9-par-ses-homologues-de-la-Turquie-et-du-Maroc-2\/2036980426.jpeg\" src=\"data:image\/svg+xml,%3Csvg%20xmlns%3D%22http%3A%2F%2Fwww.w3.org%2F2000%2Fsvg%22%20width%3D%22400%22%20height%3D%22300%22%20viewBox%3D%220%200%20400%20300%22%3E%3C%2Fsvg%3E\" loading=\"eager\"><\/span><span class=\"fg-image-overlay\"><\/span><\/a><figcaption class=\"fg-caption\"><div class=\"fg-caption-inner\"><\/div><\/figcaption><\/figure><div class=\"fg-loader\"><\/div><\/div><div class=\"fg-item fg-type-image fg-idle\"><figure class=\"fg-item-inner\"><a href=\"https:\/\/assemblee-nationale.bj\/wp-content\/uploads\/2023\/03\/Louis-Gb\u00e8hounou-Vlavonou-f\u00e9licit\u00e9-par-ses-homologues-de-la-Turquie-et-du-Maroc-3.jpeg\" data-attachment-id=\"5360\" class=\"fg-thumb\"><span class=\"fg-image-wrap\"><img decoding=\"async\" width=\"400\" height=\"300\" class=\"skip-lazy fg-image\" data-src-fg=\"https:\/\/assemblee-nationale.bj\/wp-content\/uploads\/cache\/2023\/03\/Louis-Gb\u00e8hounou-Vlavonou-f\u00e9licit\u00e9-par-ses-homologues-de-la-Turquie-et-du-Maroc-3\/450237355.jpeg\" src=\"data:image\/svg+xml,%3Csvg%20xmlns%3D%22http%3A%2F%2Fwww.w3.org%2F2000%2Fsvg%22%20width%3D%22400%22%20height%3D%22300%22%20viewBox%3D%220%200%20400%20300%22%3E%3C%2Fsvg%3E\" loading=\"eager\"><\/span><span class=\"fg-image-overlay\"><\/span><\/a><figcaption class=\"fg-caption\"><div class=\"fg-caption-inner\"><\/div><\/figcaption><\/figure><div class=\"fg-loader\"><\/div><\/div><div class=\"fg-item fg-type-image fg-idle\"><figure class=\"fg-item-inner\"><a href=\"https:\/\/assemblee-nationale.bj\/wp-content\/uploads\/2023\/03\/Louis-Gb\u00e8hounou-Vlavonou-f\u00e9licit\u00e9-par-ses-homologues-de-la-Turquie-et-du-Maroc-4.jpeg\" data-attachment-id=\"5361\" class=\"fg-thumb\"><span class=\"fg-image-wrap\"><img decoding=\"async\" width=\"400\" height=\"300\" class=\"skip-lazy fg-image\" data-src-fg=\"https:\/\/assemblee-nationale.bj\/wp-content\/uploads\/cache\/2023\/03\/Louis-Gb\u00e8hounou-Vlavonou-f\u00e9licit\u00e9-par-ses-homologues-de-la-Turquie-et-du-Maroc-4\/1390737499.jpeg\" src=\"data:image\/svg+xml,%3Csvg%20xmlns%3D%22http%3A%2F%2Fwww.w3.org%2F2000%2Fsvg%22%20width%3D%22400%22%20height%3D%22300%22%20viewBox%3D%220%200%20400%20300%22%3E%3C%2Fsvg%3E\" loading=\"eager\"><\/span><span class=\"fg-image-overlay\"><\/span><\/a><figcaption class=\"fg-caption\"><div class=\"fg-caption-inner\"><\/div><\/figcaption><\/figure><div class=\"fg-loader\"><\/div><\/div><div class=\"fg-item fg-type-image fg-idle\"><figure class=\"fg-item-inner\"><a href=\"https:\/\/assemblee-nationale.bj\/wp-content\/uploads\/2023\/03\/Louis-Gb\u00e8hounou-Vlavonou-f\u00e9licit\u00e9-par-ses-homologues-de-la-Turquie-et-du-Maroc-5.jpeg\" data-attachment-id=\"5362\" class=\"fg-thumb\"><span class=\"fg-image-wrap\"><img decoding=\"async\" width=\"400\" height=\"300\" class=\"skip-lazy fg-image\" data-src-fg=\"https:\/\/assemblee-nationale.bj\/wp-content\/uploads\/cache\/2023\/03\/Louis-Gb\u00e8hounou-Vlavonou-f\u00e9licit\u00e9-par-ses-homologues-de-la-Turquie-et-du-Maroc-5\/829122131.jpeg\" src=\"data:image\/svg+xml,%3Csvg%20xmlns%3D%22http%3A%2F%2Fwww.w3.org%2F2000%2Fsvg%22%20width%3D%22400%22%20height%3D%22300%22%20viewBox%3D%220%200%20400%20300%22%3E%3C%2Fsvg%3E\" loading=\"eager\"><\/span><span class=\"fg-image-overlay\"><\/span><\/a><figcaption class=\"fg-caption\"><div class=\"fg-caption-inner\"><\/div><\/figcaption><\/figure><div class=\"fg-loader\"><\/div><\/div><div class=\"fg-item fg-type-image fg-idle\"><figure class=\"fg-item-inner\"><a href=\"https:\/\/assemblee-nationale.bj\/wp-content\/uploads\/2023\/03\/Louis-Gb\u00e8hounou-Vlavonou-f\u00e9licit\u00e9-par-ses-homologues-de-la-Turquie-et-du-Maroc-6.jpeg\" data-attachment-id=\"5363\" class=\"fg-thumb\"><span class=\"fg-image-wrap\"><img decoding=\"async\" width=\"400\" height=\"300\" class=\"skip-lazy fg-image\" data-src-fg=\"https:\/\/assemblee-nationale.bj\/wp-content\/uploads\/cache\/2023\/03\/Louis-Gb\u00e8hounou-Vlavonou-f\u00e9licit\u00e9-par-ses-homologues-de-la-Turquie-et-du-Maroc-6\/615898287.jpeg\" src=\"data:image\/svg+xml,%3Csvg%20xmlns%3D%22http%3A%2F%2Fwww.w3.org%2F2000%2Fsvg%22%20width%3D%22400%22%20height%3D%22300%22%20viewBox%3D%220%200%20400%20300%22%3E%3C%2Fsvg%3E\" loading=\"eager\"><\/span><span class=\"fg-image-overlay\"><\/span><\/a><figcaption class=\"fg-caption\"><div class=\"fg-caption-inner\"><\/div><\/figcaption><\/figure><div class=\"fg-loader\"><\/div><\/div><div class=\"fg-item fg-type-image fg-idle\"><figure class=\"fg-item-inner\"><a href=\"https:\/\/assemblee-nationale.bj\/wp-content\/uploads\/2023\/03\/Louis-Gb\u00e8hounou-Vlavonou-f\u00e9licit\u00e9-par-ses-homologues-de-la-Turquie-et-du-Maroc-7.jpeg\" data-attachment-id=\"5364\" class=\"fg-thumb\"><span class=\"fg-image-wrap\"><img decoding=\"async\" width=\"400\" height=\"300\" class=\"skip-lazy fg-image\" data-src-fg=\"https:\/\/assemblee-nationale.bj\/wp-content\/uploads\/cache\/2023\/03\/Louis-Gb\u00e8hounou-Vlavonou-f\u00e9licit\u00e9-par-ses-homologues-de-la-Turquie-et-du-Maroc-7\/4134820419.jpeg\" src=\"data:image\/svg+xml,%3Csvg%20xmlns%3D%22http%3A%2F%2Fwww.w3.org%2F2000%2Fsvg%22%20width%3D%22400%22%20height%3D%22300%22%20viewBox%3D%220%200%20400%20300%22%3E%3C%2Fsvg%3E\" loading=\"eager\"><\/span><span class=\"fg-image-overlay\"><\/span><\/a><figcaption class=\"fg-caption\"><div class=\"fg-caption-inner\"><\/div><\/figcaption><\/figure><div class=\"fg-loader\"><\/div><\/div><div class=\"fg-item fg-type-image fg-idle\"><figure class=\"fg-item-inner\"><a href=\"https:\/\/assemblee-nationale.bj\/wp-content\/uploads\/2023\/03\/Louis-Gb\u00e8hounou-Vlavonou-f\u00e9licit\u00e9-par-ses-homologues-de-la-Turquie-et-du-Maroc-8.jpeg\" data-attachment-id=\"5365\" class=\"fg-thumb\"><span class=\"fg-image-wrap\"><img decoding=\"async\" width=\"400\" height=\"300\" class=\"skip-lazy fg-image\" data-src-fg=\"https:\/\/assemblee-nationale.bj\/wp-content\/uploads\/cache\/2023\/03\/Louis-Gb\u00e8hounou-Vlavonou-f\u00e9licit\u00e9-par-ses-homologues-de-la-Turquie-et-du-Maroc-8\/94245803.jpeg\" src=\"data:image\/svg+xml,%3Csvg%20xmlns%3D%22http%3A%2F%2Fwww.w3.org%2F2000%2Fsvg%22%20width%3D%22400%22%20height%3D%22300%22%20viewBox%3D%220%200%20400%20300%22%3E%3C%2Fsvg%3E\" loading=\"eager\"><\/span><span class=\"fg-image-overlay\"><\/span><\/a><figcaption class=\"fg-caption\"><div class=\"fg-caption-inner\"><\/div><\/figcaption><\/figure><div class=\"fg-loader\"><\/div><\/div><div class=\"fg-item fg-type-image fg-idle\"><figure class=\"fg-item-inner\"><a href=\"https:\/\/assemblee-nationale.bj\/wp-content\/uploads\/2023\/03\/Louis-Gb\u00e8hounou-Vlavonou-f\u00e9licit\u00e9-par-ses-homologues-de-la-Turquie-et-du-Maroc-9.jpeg\" data-attachment-id=\"5366\" class=\"fg-thumb\"><span class=\"fg-image-wrap\"><img decoding=\"async\" width=\"400\" height=\"300\" class=\"skip-lazy fg-image\" data-src-fg=\"https:\/\/assemblee-nationale.bj\/wp-content\/uploads\/cache\/2023\/03\/Louis-Gb\u00e8hounou-Vlavonou-f\u00e9licit\u00e9-par-ses-homologues-de-la-Turquie-et-du-Maroc-9\/1712426403.jpeg\" src=\"data:image\/svg+xml,%3Csvg%20xmlns%3D%22http%3A%2F%2Fwww.w3.org%2F2000%2Fsvg%22%20width%3D%22400%22%20height%3D%22300%22%20viewBox%3D%220%200%20400%20300%22%3E%3C%2Fsvg%3E\" loading=\"eager\"><\/span><span class=\"fg-image-overlay\"><\/span><\/a><figcaption class=\"fg-caption\"><div class=\"fg-caption-inner\"><\/div><\/figcaption><\/figure><div class=\"fg-loader\"><\/div><\/div><div class=\"fg-item fg-type-image fg-idle\"><figure class=\"fg-item-inner\"><a href=\"https:\/\/assemblee-nationale.bj\/wp-content\/uploads\/2023\/03\/Louis-Gb\u00e8hounou-Vlavonou-f\u00e9licit\u00e9-par-ses-homologues-de-la-Turquie-et-du-Maroc-10.jpeg\" data-attachment-id=\"5367\" class=\"fg-thumb\"><span class=\"fg-image-wrap\"><img decoding=\"async\" width=\"400\" height=\"300\" class=\"skip-lazy fg-image\" data-src-fg=\"https:\/\/assemblee-nationale.bj\/wp-content\/uploads\/cache\/2023\/03\/Louis-Gb\u00e8hounou-Vlavonou-f\u00e9licit\u00e9-par-ses-homologues-de-la-Turquie-et-du-Maroc-10\/450847089.jpeg\" src=\"data:image\/svg+xml,%3Csvg%20xmlns%3D%22http%3A%2F%2Fwww.w3.org%2F2000%2Fsvg%22%20width%3D%22400%22%20height%3D%22300%22%20viewBox%3D%220%200%20400%20300%22%3E%3C%2Fsvg%3E\" loading=\"eager\"><\/span><span class=\"fg-image-overlay\"><\/span><\/a><figcaption class=\"fg-caption\"><div class=\"fg-caption-inner\"><\/div><\/figcaption><\/figure><div class=\"fg-loader\"><\/div><\/div><div class=\"fg-item fg-type-image fg-idle\"><figure class=\"fg-item-inner\"><a href=\"https:\/\/assemblee-nationale.bj\/wp-content\/uploads\/2023\/03\/Louis-Gb\u00e8hounou-Vlavonou-f\u00e9licit\u00e9-par-ses-homologues-de-la-Turquie-et-du-Maroc-11.jpeg\" data-attachment-id=\"5368\" class=\"fg-thumb\"><span class=\"fg-image-wrap\"><img decoding=\"async\" width=\"400\" height=\"300\" class=\"skip-lazy fg-image\" data-src-fg=\"https:\/\/assemblee-nationale.bj\/wp-content\/uploads\/cache\/2023\/03\/Louis-Gb\u00e8hounou-Vlavonou-f\u00e9licit\u00e9-par-ses-homologues-de-la-Turquie-et-du-Maroc-11\/3755321194.jpeg\" src=\"data:image\/svg+xml,%3Csvg%20xmlns%3D%22http%3A%2F%2Fwww.w3.org%2F2000%2Fsvg%22%20width%3D%22400%22%20height%3D%22300%22%20viewBox%3D%220%200%20400%20300%22%3E%3C%2Fsvg%3E\" loading=\"eager\"><\/span><span class=\"fg-image-overlay\"><\/span><\/a><figcaption class=\"fg-caption\"><div class=\"fg-caption-inner\"><\/div><\/figcaption><\/figure><div class=\"fg-loader\"><\/div><\/div><div class=\"fg-item fg-type-image fg-idle\"><figure class=\"fg-item-inner\"><a href=\"https:\/\/assemblee-nationale.bj\/wp-content\/uploads\/2023\/03\/Louis-Gb\u00e8hounou-Vlavonou-f\u00e9licit\u00e9-par-ses-homologues-de-la-Turquie-et-du-Maroc-12.jpeg\" data-attachment-id=\"5369\" class=\"fg-thumb\"><span class=\"fg-image-wrap\"><img decoding=\"async\" width=\"400\" height=\"300\" class=\"skip-lazy fg-image\" data-src-fg=\"https:\/\/assemblee-nationale.bj\/wp-content\/uploads\/cache\/2023\/03\/Louis-Gb\u00e8hounou-Vlavonou-f\u00e9licit\u00e9-par-ses-homologues-de-la-Turquie-et-du-Maroc-12\/3111206945.jpeg\" src=\"data:image\/svg+xml,%3Csvg%20xmlns%3D%22http%3A%2F%2Fwww.w3.org%2F2000%2Fsvg%22%20width%3D%22400%22%20height%3D%22300%22%20viewBox%3D%220%200%20400%20300%22%3E%3C%2Fsvg%3E\" loading=\"eager\"><\/span><span class=\"fg-image-overlay\"><\/span><\/a><figcaption class=\"fg-caption\"><div class=\"fg-caption-inner\"><\/div><\/figcaption><\/figure><div class=\"fg-loader\"><\/div><\/div>\t<\/div>\r\n\t<div class=\"fg-carousel-bottom\"><\/div>\r\n\t<div class=\"fg-carousel-progress\"><\/div>\r\n\t<button type=\"button\" class=\"fg-carousel-next\"><\/button>\r\n<\/div>\n<p>&nbsp;<\/p>\n<p>Mesut KOC et  Rachid RGUIBI respectivement Ambassadeur de la R\u00e9publique de Turquie pr\u00e8s le B\u00e9nin et Ambassadeur de sa Majest\u00e9 Le Roi du Royaume du Maroc pr\u00e8s le B\u00e9nin ont \u00e9t\u00e9 re\u00e7us l&rsquo;un apr\u00e8s l&rsquo;autre par le Pr\u00e9sident de l&rsquo;Assembl\u00e9e nationale Louis Gb\u00e8hounou VLAVONOU dans la matin\u00e9e de ce mercredi 08 mars 2023.  Les deux diplomates sont venus transmettre des lettres de f\u00e9licitations des Pr\u00e9sidents de leur  parlement au chef du Parlement b\u00e9ninois suite \u00e0 s r\u00e9\u00e9lection pour un nouveau mandat. Aussi ont-ils profit\u00e9 de leur rencontre avec le Pr\u00e9sident de l&rsquo;Assembl\u00e9e nationale pour \u00e9voquer quelques sujets de coop\u00e9ration. A leur sortie de l&rsquo;audience, ils se sont confi\u00e9s \u00e0 la presse parlementaire&#8230;<\/p>\n<p>\u00ab\u00a0&#8230;J&rsquo;ai rendu une visite \u00e0 son excellence le Pr\u00e9sident de l&rsquo;Assembl\u00e9e nationale du B\u00e9nin pour lui transmettre une lettre de f\u00e9licitations \u00e0 l&rsquo;occasion de sa r\u00e9\u00e9lection \u00e0 la t\u00eate du parlement b\u00e9ninois. C&rsquo;est une lettre de f\u00e9licitations du Pr\u00e9sident du parlement Turque. C&rsquo;\u00e9tait \u00e9galement une occasion pour nous d&rsquo;\u00e9changer sur les sujets de coop\u00e9ration entre les deux parlements fr\u00e8res. Le Pr\u00e9sident de l&rsquo;Assembl\u00e9e nationale a aussi exprim\u00e9 ses bons sentiments \u00e0 l&rsquo;endroit de notre pays la Turquie. J&rsquo;en ai profit\u00e9 pour parler avec lui des sujets importants qui concernent notre pays&#8230;\u00a0\u00bb, a laiss\u00e9 entendre Mesut KOC Ambassadeur de la R\u00e9publique de Turquie pr\u00e8s le B\u00e9nin \u00e0 la presse parlementaire. <\/p>\n<p>Pour sa part, Rachid RGUIBI, Ambassadeur du Royaume du Maroc pr\u00e8s le B\u00e9nin explique qu&rsquo;il est important de travailler pour une coop\u00e9ration plus fructueuse \u00e0 l&rsquo;image de la qualit\u00e9 des relations qui lient le B\u00e9nin et le Maroc: \u00ab\u00a0&#8230;J&rsquo;ai eu l&rsquo;honneur et le plaisir d&rsquo;\u00eatre re\u00e7u par son excellence M. VLAVONOU, pr\u00e9sident de l&rsquo;Assembl\u00e9e nationale pour lui pr\u00e9senter les f\u00e9licitations du Royaume du Maroc et du corps diplomatique apr\u00e8s sa r\u00e9\u00e9lection \u00e0 la t\u00eate de l&rsquo;Assembl\u00e9e nationale et pour lui dire tout ce que nous pensons de la qualit\u00e9 des \u00e9lections, des circonstances dans lesquelles se sont d\u00e9roul\u00e9es les \u00e9lections l\u00e9gislatives derni\u00e8res. \u00c7a a \u00e9t\u00e9 une occasion aussi de lui remettre une lettre de son homologue, son excellence Rachid Talbi El Alami, pr\u00e9sident de l&rsquo;Assembl\u00e9e nationale qui lui a adress\u00e9 une lettre de f\u00e9licitations \u00e0 l&rsquo;occasion de sa r\u00e9\u00e9lection \u00e0 la t\u00eate de l&rsquo;Assembl\u00e9e nationale. Aussi \u00e7a \u00e9t\u00e9 une occasion de lui remettre la liste de la d\u00e9l\u00e9gation marocaine qui est le groupe parlementaire d&rsquo;amiti\u00e9 Maroc- B\u00e9nin en attendant que les instances du B\u00e9nin puissent constituer les d\u00e9put\u00e9s du B\u00e9nin. Comme vous le savez, nous travaillons d&rsquo;arrache pieds ensemble, en concert total au sein des instances r\u00e9gionales, l&rsquo;union des Parlements africains pour qu&rsquo;au niveau l&rsquo;Union internationale des Parlements qu&rsquo;il y ait une coop\u00e9ration fructueuse \u00e0 l&rsquo;image de la qualit\u00e9 des relations qui lient le B\u00e9nin et le Maroc et sur lesquelles insistent sa Majest\u00e9 Mohammed VI  et le pr\u00e9sident Patrice Talon&#8230;\u00a0\u00bb  <\/p>\n<p>POLO. AHOUNOU<\/p>\n<\/div>\n\t\t<\/div><\/div><\/div><div id=\"pgc-5383-1-2\"  class=\"panel-grid-cell panel-grid-cell-empty\" ><\/div><\/div><\/div>","protected":false},"excerpt":{"rendered":"<p>Mesut KOC et  Rachid RGUIBI respectivement Ambassadeur de la R\u00e9publique de Turquie pr\u00e8s le B\u00e9nin et Ambassadeur de sa Majest\u00e9 Le Roi du Royaume du Maroc pr\u00e8s le B\u00e9nin ont \u00e9t\u00e9 re\u00e7us l&rsquo;un apr\u00e8s l&rsquo;autre par le Pr\u00e9sident de l&rsquo;Assembl\u00e9e nationale Louis Gb\u00e8hounou VLAVONOU dans la matin\u00e9e de ce mercredi 08 mars 2023.  Les deux diplomates sont venus transmettre des lettres de f\u00e9licitations des Pr\u00e9sidents de leur  parlement au chef du Parlement b\u00e9ninois suite \u00e0 s r\u00e9\u00e9lection pour un nouveau mandat. Aussi ont-ils profit\u00e9 de leur rencontre avec le Pr\u00e9sident de l&rsquo;Assembl\u00e9e nationale pour \u00e9voquer quelques sujets de coop\u00e9ration.<\/p>\n","protected":false},"author":13,"featured_media":5389,"comment_status":"closed","ping_status":"open","sticky":false,"template":"","format":"standard","meta":{"footnotes":""},"categories":[29],"tags":[],"class_list":["post-5383","post","type-post","status-publish","format-standard","has-post-thumbnail","hentry","category-actualites"],"_links":{"self":[{"href":"https:\/\/assemblee-nationale.bj\/index.php\/wp-json\/wp\/v2\/posts\/5383","targetHints":{"allow":["GET"]}}],"collection":[{"href":"https:\/\/assemblee-nationale.bj\/index.php\/wp-json\/wp\/v2\/posts"}],"about":[{"href":"https:\/\/assemblee-nationale.bj\/index.php\/wp-json\/wp\/v2\/types\/post"}],"author":[{"embeddable":true,"href":"https:\/\/assemblee-nationale.bj\/index.php\/wp-json\/wp\/v2\/users\/13"}],"replies":[{"embeddable":true,"href":"https:\/\/assemblee-nationale.bj\/index.php\/wp-json\/wp\/v2\/comments?post=5383"}],"version-history":[{"count":1,"href":"https:\/\/assemblee-nationale.bj\/index.php\/wp-json\/wp\/v2\/posts\/5383\/revisions"}],"predecessor-version":[{"id":5390,"href":"https:\/\/assemblee-nationale.bj\/index.php\/wp-json\/wp\/v2\/posts\/5383\/revisions\/5390"}],"wp:featuredmedia":[{"embeddable":true,"href":"https:\/\/assemblee-nationale.bj\/index.php\/wp-json\/wp\/v2\/media\/5389"}],"wp:attachment":[{"href":"https:\/\/assemblee-nationale.bj\/index.php\/wp-json\/wp\/v2\/media?parent=5383"}],"wp:term":[{"taxonomy":"category","embeddable":true,"href":"https:\/\/assemblee-nationale.bj\/index.php\/wp-json\/wp\/v2\/categories?post=5383"},{"taxonomy":"post_tag","embeddable":true,"href":"https:\/\/assemblee-nationale.bj\/index.php\/wp-json\/wp\/v2\/tags?post=5383"}],"curies":[{"name":"wp","href":"https:\/\/api.w.org\/{rel}","templated":true}]}}