
{"id":5545,"date":"2023-04-05T15:00:12","date_gmt":"2023-04-05T14:00:12","guid":{"rendered":"https:\/\/assemblee-nationale.bj\/?p=5545"},"modified":"2023-04-18T12:28:21","modified_gmt":"2023-04-18T11:28:21","slug":"atelier-de-mise-en-place-du-caucus-des-femmes-parlementaires-du-benin-vers-la-concretisation-du-partenariat-iri-wrop-benin-et-assemblee-nationale","status":"publish","type":"post","link":"https:\/\/assemblee-nationale.bj\/index.php\/2023\/04\/05\/atelier-de-mise-en-place-du-caucus-des-femmes-parlementaires-du-benin-vers-la-concretisation-du-partenariat-iri-wrop-benin-et-assemblee-nationale\/","title":{"rendered":"Atelier de mise en place du Caucus des femmes parlementaires du B\u00e9nin : Vers la concr\u00e9tisation du partenariat IRI, Wrop-B\u00e9nin et Assembl\u00e9e nationale"},"content":{"rendered":"<div id=\"pl-5545\"  class=\"panel-layout\" ><div id=\"pg-5545-0\"  class=\"panel-grid panel-no-style\" ><div id=\"pgc-5545-0-0\"  class=\"panel-grid-cell\" ><div id=\"panel-5545-0-0-0\" class=\"so-panel widget widget_text panel-first-child panel-last-child\" data-index=\"0\" ><div class=\"panel-widget-style panel-widget-style-for-5545-0-0-0\" >\t\t\t<div class=\"textwidget\"><p><strong>Atelier de mise en place du Caucus des femmes parlementaires du B\u00e9nin : Vers la concr\u00e9tisation du partenariat IRI, Wrop-B\u00e9nin et Assembl\u00e9e nationale<\/strong><\/p>\n<p style=\"text-align: justify; line-height: 150%; background: white; margin: 0cm 0cm 4.5pt 0cm;\"><span style=\"color: #1c1e21;\"><strong><br \/>\n<\/strong> <\/span><\/p>\n<p><strong>\u00a0<\/strong><\/p>\n<\/div>\n\t\t<\/div><\/div><\/div><\/div><div id=\"pg-5545-1\"  class=\"panel-grid panel-no-style\" ><div id=\"pgc-5545-1-0\"  class=\"panel-grid-cell panel-grid-cell-empty\" ><\/div><div id=\"pgc-5545-1-1\"  class=\"panel-grid-cell panel-grid-cell-mobile-last\" ><div id=\"panel-5545-1-1-0\" class=\"so-panel widget widget_text panel-first-child panel-last-child\" data-index=\"1\" ><div class=\"panel-widget-style panel-widget-style-for-5545-1-1-0\" >\t\t\t<div class=\"textwidget\"><div class=\"foogallery foogallery-container foogallery-carousel foogallery-lightbox-foobox fg-carousel fg-light fg-border-thin fg-shadow-outline fg-loading-default fg-loaded-fade-in fg-caption-hover fg-hover-fade fg-hover-zoom fg-ready\" id=\"foogallery-gallery-5446\" data-foogallery=\"{&quot;item&quot;:{&quot;showCaptionTitle&quot;:true,&quot;showCaptionDescription&quot;:true},&quot;lazy&quot;:true,&quot;template&quot;:{&quot;maxItems&quot;:5,&quot;scale&quot;:0.18,&quot;gutter&quot;:{&quot;min&quot;:-40,&quot;max&quot;:-40,&quot;unit&quot;:&quot;%&quot;},&quot;autoplay&quot;:{&quot;time&quot;:3,&quot;interaction&quot;:&quot;pause&quot;},&quot;centerOnClick&quot;:false}}\" >\r\n\t<button type=\"button\" class=\"fg-carousel-prev\"><\/button>\r\n\t<div class=\"fg-carousel-inner\">\r\n\t\t<div class=\"fg-carousel-center\"><\/div>\r\n\t\t<div class=\"fg-item fg-type-image fg-idle\"><figure class=\"fg-item-inner\"><a href=\"https:\/\/assemblee-nationale.bj\/wp-content\/uploads\/2023\/04\/Atelier-de-mise-en-place-du-Caucus-des-femmes-parlementaires-du-B\u00e9nin-8.jpeg\" data-attachment-id=\"5486\" class=\"fg-thumb\"><span class=\"fg-image-wrap\"><img fetchpriority=\"high\" decoding=\"async\" width=\"400\" height=\"300\" class=\"skip-lazy fg-image\" data-src-fg=\"https:\/\/assemblee-nationale.bj\/wp-content\/uploads\/cache\/2023\/04\/Atelier-de-mise-en-place-du-Caucus-des-femmes-parlementaires-du-B\u00e9nin-8\/2496545341.jpeg\" src=\"data:image\/svg+xml,%3Csvg%20xmlns%3D%22http%3A%2F%2Fwww.w3.org%2F2000%2Fsvg%22%20width%3D%22400%22%20height%3D%22300%22%20viewBox%3D%220%200%20400%20300%22%3E%3C%2Fsvg%3E\" loading=\"eager\"><\/span><span class=\"fg-image-overlay\"><\/span><\/a><figcaption class=\"fg-caption\"><div class=\"fg-caption-inner\"><\/div><\/figcaption><\/figure><div class=\"fg-loader\"><\/div><\/div><div class=\"fg-item fg-type-image fg-idle\"><figure class=\"fg-item-inner\"><a href=\"https:\/\/assemblee-nationale.bj\/wp-content\/uploads\/2023\/04\/Atelier-de-mise-en-place-du-Caucus-des-femmes-parlementaires-du-B\u00e9nin-2.jpeg\" data-attachment-id=\"5473\" class=\"fg-thumb\"><span class=\"fg-image-wrap\"><img decoding=\"async\" width=\"400\" height=\"300\" class=\"skip-lazy fg-image\" data-src-fg=\"https:\/\/assemblee-nationale.bj\/wp-content\/uploads\/cache\/2023\/04\/Atelier-de-mise-en-place-du-Caucus-des-femmes-parlementaires-du-B\u00e9nin-2\/1263999186.jpeg\" src=\"data:image\/svg+xml,%3Csvg%20xmlns%3D%22http%3A%2F%2Fwww.w3.org%2F2000%2Fsvg%22%20width%3D%22400%22%20height%3D%22300%22%20viewBox%3D%220%200%20400%20300%22%3E%3C%2Fsvg%3E\" loading=\"eager\"><\/span><span class=\"fg-image-overlay\"><\/span><\/a><figcaption class=\"fg-caption\"><div class=\"fg-caption-inner\"><\/div><\/figcaption><\/figure><div class=\"fg-loader\"><\/div><\/div><div class=\"fg-item fg-type-image fg-idle\"><figure class=\"fg-item-inner\"><a href=\"https:\/\/assemblee-nationale.bj\/wp-content\/uploads\/2023\/04\/Atelier-de-mise-en-place-du-Caucus-des-femmes-parlementaires-du-B\u00e9nin-10.jpeg\" data-attachment-id=\"5492\" class=\"fg-thumb\"><span class=\"fg-image-wrap\"><img decoding=\"async\" width=\"400\" height=\"300\" class=\"skip-lazy fg-image\" data-src-fg=\"https:\/\/assemblee-nationale.bj\/wp-content\/uploads\/cache\/2023\/04\/Atelier-de-mise-en-place-du-Caucus-des-femmes-parlementaires-du-B\u00e9nin-10\/443798055.jpeg\" src=\"data:image\/svg+xml,%3Csvg%20xmlns%3D%22http%3A%2F%2Fwww.w3.org%2F2000%2Fsvg%22%20width%3D%22400%22%20height%3D%22300%22%20viewBox%3D%220%200%20400%20300%22%3E%3C%2Fsvg%3E\" loading=\"eager\"><\/span><span class=\"fg-image-overlay\"><\/span><\/a><figcaption class=\"fg-caption\"><div class=\"fg-caption-inner\"><\/div><\/figcaption><\/figure><div class=\"fg-loader\"><\/div><\/div><div class=\"fg-item fg-type-image fg-idle\"><figure class=\"fg-item-inner\"><a href=\"https:\/\/assemblee-nationale.bj\/wp-content\/uploads\/2023\/04\/Atelier-de-mise-en-place-du-Caucus-des-femmes-parlementaires-du-B\u00e9nin-3.jpeg\" data-attachment-id=\"5475\" class=\"fg-thumb\"><span class=\"fg-image-wrap\"><img decoding=\"async\" width=\"400\" height=\"300\" class=\"skip-lazy fg-image\" data-src-fg=\"https:\/\/assemblee-nationale.bj\/wp-content\/uploads\/cache\/2023\/04\/Atelier-de-mise-en-place-du-Caucus-des-femmes-parlementaires-du-B\u00e9nin-3\/491731271.jpeg\" src=\"data:image\/svg+xml,%3Csvg%20xmlns%3D%22http%3A%2F%2Fwww.w3.org%2F2000%2Fsvg%22%20width%3D%22400%22%20height%3D%22300%22%20viewBox%3D%220%200%20400%20300%22%3E%3C%2Fsvg%3E\" loading=\"eager\"><\/span><span class=\"fg-image-overlay\"><\/span><\/a><figcaption class=\"fg-caption\"><div class=\"fg-caption-inner\"><\/div><\/figcaption><\/figure><div class=\"fg-loader\"><\/div><\/div><div class=\"fg-item fg-type-image fg-idle\"><figure class=\"fg-item-inner\"><a href=\"https:\/\/assemblee-nationale.bj\/wp-content\/uploads\/2023\/04\/Atelier-de-mise-en-place-du-Caucus-des-femmes-parlementaires-du-B\u00e9nin-4.jpeg\" data-attachment-id=\"5477\" class=\"fg-thumb\"><span class=\"fg-image-wrap\"><img decoding=\"async\" width=\"400\" height=\"300\" class=\"skip-lazy fg-image\" data-src-fg=\"https:\/\/assemblee-nationale.bj\/wp-content\/uploads\/cache\/2023\/04\/Atelier-de-mise-en-place-du-Caucus-des-femmes-parlementaires-du-B\u00e9nin-4\/4041193987.jpeg\" src=\"data:image\/svg+xml,%3Csvg%20xmlns%3D%22http%3A%2F%2Fwww.w3.org%2F2000%2Fsvg%22%20width%3D%22400%22%20height%3D%22300%22%20viewBox%3D%220%200%20400%20300%22%3E%3C%2Fsvg%3E\" loading=\"eager\"><\/span><span class=\"fg-image-overlay\"><\/span><\/a><figcaption class=\"fg-caption\"><div class=\"fg-caption-inner\"><\/div><\/figcaption><\/figure><div class=\"fg-loader\"><\/div><\/div><div class=\"fg-item fg-type-image fg-idle\"><figure class=\"fg-item-inner\"><a href=\"https:\/\/assemblee-nationale.bj\/wp-content\/uploads\/2023\/04\/Atelier-de-mise-en-place-du-Caucus-des-femmes-parlementaires-du-B\u00e9nin-5.jpeg\" data-attachment-id=\"5479\" class=\"fg-thumb\"><span class=\"fg-image-wrap\"><img decoding=\"async\" width=\"400\" height=\"300\" class=\"skip-lazy fg-image\" data-src-fg=\"https:\/\/assemblee-nationale.bj\/wp-content\/uploads\/cache\/2023\/04\/Atelier-de-mise-en-place-du-Caucus-des-femmes-parlementaires-du-B\u00e9nin-5\/3969067873.jpeg\" src=\"data:image\/svg+xml,%3Csvg%20xmlns%3D%22http%3A%2F%2Fwww.w3.org%2F2000%2Fsvg%22%20width%3D%22400%22%20height%3D%22300%22%20viewBox%3D%220%200%20400%20300%22%3E%3C%2Fsvg%3E\" loading=\"eager\"><\/span><span class=\"fg-image-overlay\"><\/span><\/a><figcaption class=\"fg-caption\"><div class=\"fg-caption-inner\"><\/div><\/figcaption><\/figure><div class=\"fg-loader\"><\/div><\/div><div class=\"fg-item fg-type-image fg-idle\"><figure class=\"fg-item-inner\"><a href=\"https:\/\/assemblee-nationale.bj\/wp-content\/uploads\/2023\/04\/Atelier-de-mise-en-place-du-Caucus-des-femmes-parlementaires-du-B\u00e9nin-6.jpeg\" data-attachment-id=\"5481\" class=\"fg-thumb\"><span class=\"fg-image-wrap\"><img decoding=\"async\" width=\"400\" height=\"300\" class=\"skip-lazy fg-image\" data-src-fg=\"https:\/\/assemblee-nationale.bj\/wp-content\/uploads\/cache\/2023\/04\/Atelier-de-mise-en-place-du-Caucus-des-femmes-parlementaires-du-B\u00e9nin-6\/2001732753.jpeg\" src=\"data:image\/svg+xml,%3Csvg%20xmlns%3D%22http%3A%2F%2Fwww.w3.org%2F2000%2Fsvg%22%20width%3D%22400%22%20height%3D%22300%22%20viewBox%3D%220%200%20400%20300%22%3E%3C%2Fsvg%3E\" loading=\"eager\"><\/span><span class=\"fg-image-overlay\"><\/span><\/a><figcaption class=\"fg-caption\"><div class=\"fg-caption-inner\"><\/div><\/figcaption><\/figure><div class=\"fg-loader\"><\/div><\/div><div class=\"fg-item fg-type-image fg-idle\"><figure class=\"fg-item-inner\"><a href=\"https:\/\/assemblee-nationale.bj\/wp-content\/uploads\/2023\/04\/Atelier-de-mise-en-place-du-Caucus-des-femmes-parlementaires-du-B\u00e9nin-7.jpeg\" data-attachment-id=\"5484\" class=\"fg-thumb\"><span class=\"fg-image-wrap\"><img decoding=\"async\" width=\"400\" height=\"300\" class=\"skip-lazy fg-image\" data-src-fg=\"https:\/\/assemblee-nationale.bj\/wp-content\/uploads\/cache\/2023\/04\/Atelier-de-mise-en-place-du-Caucus-des-femmes-parlementaires-du-B\u00e9nin-7\/33144815.jpeg\" src=\"data:image\/svg+xml,%3Csvg%20xmlns%3D%22http%3A%2F%2Fwww.w3.org%2F2000%2Fsvg%22%20width%3D%22400%22%20height%3D%22300%22%20viewBox%3D%220%200%20400%20300%22%3E%3C%2Fsvg%3E\" loading=\"eager\"><\/span><span class=\"fg-image-overlay\"><\/span><\/a><figcaption class=\"fg-caption\"><div class=\"fg-caption-inner\"><\/div><\/figcaption><\/figure><div class=\"fg-loader\"><\/div><\/div><div class=\"fg-item fg-type-image fg-idle\"><figure class=\"fg-item-inner\"><a href=\"https:\/\/assemblee-nationale.bj\/wp-content\/uploads\/2023\/04\/Atelier-de-mise-en-place-du-Caucus-des-femmes-parlementaires-du-B\u00e9nin-9.jpeg\" data-attachment-id=\"5489\" class=\"fg-thumb\"><span class=\"fg-image-wrap\"><img decoding=\"async\" width=\"400\" height=\"300\" class=\"skip-lazy fg-image\" data-src-fg=\"https:\/\/assemblee-nationale.bj\/wp-content\/uploads\/cache\/2023\/04\/Atelier-de-mise-en-place-du-Caucus-des-femmes-parlementaires-du-B\u00e9nin-9\/3804068791.jpeg\" src=\"data:image\/svg+xml,%3Csvg%20xmlns%3D%22http%3A%2F%2Fwww.w3.org%2F2000%2Fsvg%22%20width%3D%22400%22%20height%3D%22300%22%20viewBox%3D%220%200%20400%20300%22%3E%3C%2Fsvg%3E\" loading=\"eager\"><\/span><span class=\"fg-image-overlay\"><\/span><\/a><figcaption class=\"fg-caption\"><div class=\"fg-caption-inner\"><\/div><\/figcaption><\/figure><div class=\"fg-loader\"><\/div><\/div><div class=\"fg-item fg-type-image fg-idle\"><figure class=\"fg-item-inner\"><a href=\"https:\/\/assemblee-nationale.bj\/wp-content\/uploads\/2023\/04\/Atelier-de-mise-en-place-du-Caucus-des-femmes-parlementaires-du-B\u00e9nin-1.jpeg\" data-attachment-id=\"5471\" class=\"fg-thumb\"><span class=\"fg-image-wrap\"><img decoding=\"async\" width=\"400\" height=\"300\" class=\"skip-lazy fg-image\" data-src-fg=\"https:\/\/assemblee-nationale.bj\/wp-content\/uploads\/cache\/2023\/04\/Atelier-de-mise-en-place-du-Caucus-des-femmes-parlementaires-du-B\u00e9nin-1\/4213951130.jpeg\" src=\"data:image\/svg+xml,%3Csvg%20xmlns%3D%22http%3A%2F%2Fwww.w3.org%2F2000%2Fsvg%22%20width%3D%22400%22%20height%3D%22300%22%20viewBox%3D%220%200%20400%20300%22%3E%3C%2Fsvg%3E\" loading=\"eager\"><\/span><span class=\"fg-image-overlay\"><\/span><\/a><figcaption class=\"fg-caption\"><div class=\"fg-caption-inner\"><\/div><\/figcaption><\/figure><div class=\"fg-loader\"><\/div><\/div>\t<\/div>\r\n\t<div class=\"fg-carousel-bottom\"><\/div>\r\n\t<div class=\"fg-carousel-progress\"><\/div>\r\n\t<button type=\"button\" class=\"fg-carousel-next\"><\/button>\r\n<\/div>\n<p>&nbsp;<\/p>\n<p>Le Pr\u00e9sident Louis Gb\u00e8hounou Vlavonou a pr\u00e9sid\u00e9 ce mercredi 5 avril 2023 \u00e0 la R\u00e9sidence C\u00e9line H\u00f4tel de K\u00e9tou la c\u00e9r\u00e9monie d&rsquo;ouverture de l&rsquo;atelier de mise en place du Caucus des femmes parlementaires du B\u00e9nin. Il avait \u00e0 ses c\u00f4t\u00e9s diverses personnalit\u00e9s dont David A. Thiriby, Repr\u00e9sentant r\u00e9sident de l&rsquo;international republican institute au B\u00e9nin et Venise Falola Djogb\u00e9nou, Pr\u00e9sidente de Wrop-B\u00e9nin.<\/p>\n<p>El-Hadj Affissou Anonrin <\/p>\n<p>Selon les explications apport\u00e9es par Dr Djima Fatahou, Directeur de l&rsquo;Institut parlementaire du B\u00e9nin, cet atelier qui est le couronnement d&rsquo;un certain nombre d&rsquo;actions engag\u00e9es par le 8e l\u00e9gislature sous le leadership du Pr\u00e9sident Vlavonou avec plusieurs partenaires strat\u00e9giques vise, entre autres \u00e0 renforcer la capacit\u00e9 des femmes parlementaires du B\u00e9nin dans le cadre de la mise en \u0153uvre de leur mission constitutionnelle avec pour finalit\u00e9 la mise en place d&rsquo;un Caucus devant  leur permettre d&rsquo;affiner leur leadership et de mieux d\u00e9fendre leurs int\u00e9r\u00eats.<\/p>\n<p>Dans leurs interventions, le Repr\u00e9sentant r\u00e9sident de l&rsquo;IRI et la Pr\u00e9sidente de Wrop-B\u00e9nin ont salu\u00e9 les efforts consentis par la 8e l\u00e9gislature de l&rsquo;Assembl\u00e9e nationale et le gouvernement b\u00e9ninois pour les nombreuses initiatives qui ont \u00e9t\u00e9 prises dans le cadre d&rsquo;une meilleure repr\u00e9sentativit\u00e9 des femmes dans les organes de prise de d\u00e9cisions et qui se sont concr\u00e9tis\u00e9es aujourd&rsquo;hui par la pr\u00e9sence de 29 femmes au sein du Parlement b\u00e9ninois.<\/p>\n<p>En tant que d\u00e9fenseure des droits des femmes, la Pr\u00e9sidente de Wrop-B\u00e9nin s&rsquo;est r\u00e9jouie de ce qu&rsquo;un nouveau jour s&rsquo;est lev\u00e9 pour les femmes b\u00e9ninoises  en g\u00e9n\u00e9rale et celles  de la 9e l\u00e9gislature en particulier. Elle leur a r\u00e9it\u00e9r\u00e9 le soutien de son organisme afin que leurs actions s&rsquo;inscrivent dans la dynamique d&rsquo;un d\u00e9fi majeur : celui de jouer un r\u00f4le d\u00e9terminant dans l&rsquo;\u00e9laboration et la mise en \u0153uvre des lois et politiques importantes relatives \u00e0 l&rsquo;\u00e9quit\u00e9 voire l&rsquo;\u00e9galit\u00e9 du genre, \u00e0 l&rsquo;autonomisation de la femme et sa repr\u00e9sentativit\u00e9 dans toutes les instances de prise de d\u00e9cisions, \u00e0 la promotion des droits et du leadership de la femme b\u00e9ninoise.<\/p>\n<p>Pour sa part, le Repr\u00e9sentant r\u00e9sident de l&rsquo;IRI s&rsquo;est dit heureux de soutenir la concr\u00e9tisation de l&rsquo;initiative devant conduire \u00e0 la mise en place du Caucus des femmes parlementaires du B\u00e9nin qui, selon lui, constitue un excellent creuset de renforcement des capacit\u00e9s des femmes parlementaires. Il a \u00e9mis le v\u0153u que l&rsquo;impact des actions de ces femmes du creuset qui sera mis en place sur les r\u00e9sultats de la 9e l\u00e9gislature soit reconnu \u00e0 la fin de la l\u00e9gislature \u00e0 la fin de la l\u00e9gislature en 2026.<\/p>\n<p>R\u00f4le et mission du Caucus<\/p>\n<p>Selon les explications apport\u00e9es par le Pr\u00e9sident Louis Gb\u00e8hounou Vlavonou qui a rappel\u00e9 aussi les initiatives prises par l&rsquo;Assembl\u00e9e nationale (notamment la batterie des lois vot\u00e9es en faveur des femmes) et le gouvernement pour une meilleure implication des femmes dans les organes de prise de d\u00e9cisions, \u00ab Le Caucus des femmes parlementaires du B\u00e9nin a pour vocation<br \/>\nde permettre aux \u00e9lues b\u00e9ninoises et \u00e0 l\u2019Assembl\u00e9e nationale, d\u2019agir ensemble et en solidarit\u00e9 en faveur de la promotion des droits des femmes, de l\u2019\u00e9galit\u00e9 des sexes et de la prise en compte du genre par le travail parlementaire \u00bb. En mettant un accent sur son caract\u00e8re apolitique, le Pr\u00e9sident Vlavonou a exhort\u00e9 les 29 femmes qui vont constituer le Caucus des femmes parlementaires du B\u00e9nin \u00e0 mettre en avant le consensus dans la mise en place des structures dirigeantes et s&rsquo;\u00e9loigner des clivages politiques habituels.<\/p>\n<p>Apr\u00e8s avoir remerci\u00e9 l&rsquo;IRI et le Wrop-B\u00e9nin, le Pr\u00e9sident Louis Gb\u00e8hounou Vlavonou a plaid\u00e9 pour l\u2019effectivit\u00e9 de la formalisation du cadre de collaboration tout en invitant les autres organisations<br \/>\ninternationales \u00e0 \u00e9galement soutenir les activit\u00e9s de l\u2019institution, notamment du Caucus des femmes parlementaires du B\u00e9nin.<\/p>\n<p>Plusieurs communications sont inscrites \u00e0 l&rsquo;agenda de cet atelier qui b\u00e9n\u00e9ficie du soutien technique et financier de l&rsquo;Institut international r\u00e9publicain (IRI) et de Wrop-B\u00e9nin. Elles portent entre autres, sur : la pr\u00e9sentation de Wrop-B\u00e9nin, la n\u00e9cessit\u00e9 et l&rsquo;utilit\u00e9 de la cr\u00e9ation du Caucus des femmes parlementaires du B\u00e9nin, le partage d&rsquo;exp\u00e9riences sur le fonctionnement des Caucus des femmes parlementaires de la sous r\u00e9gion, l&rsquo;examen du projet de textes du Caucus des femmes parlementaires du B\u00e9nin, le d\u00e9veloppement du leadership et du management f\u00e9minin en milieu politique.<\/p>\n<\/div>\n\t\t<\/div><\/div><\/div><div id=\"pgc-5545-1-2\"  class=\"panel-grid-cell panel-grid-cell-empty\" ><\/div><\/div><\/div>","protected":false},"excerpt":{"rendered":"<p>Le Pr\u00e9sident Louis Gb\u00e8hounou Vlavonou a pr\u00e9sid\u00e9 ce mercredi 5 avril 2023 \u00e0 la R\u00e9sidence C\u00e9line H\u00f4tel de K\u00e9tou la c\u00e9r\u00e9monie d&rsquo;ouverture de l&rsquo;atelier de mise en place du Caucus des femmes parlementaires du B\u00e9nin. Il avait \u00e0 ses c\u00f4t\u00e9s diverses personnalit\u00e9s dont David A. Thiriby, Repr\u00e9sentant r\u00e9sident de l&rsquo;international republican institute au B\u00e9nin et Venise Falola Djogb\u00e9nou, Pr\u00e9sidente de Wrop-B\u00e9nin.<\/p>\n","protected":false},"author":13,"featured_media":5471,"comment_status":"closed","ping_status":"open","sticky":false,"template":"","format":"standard","meta":{"footnotes":""},"categories":[29],"tags":[],"class_list":["post-5545","post","type-post","status-publish","format-standard","has-post-thumbnail","hentry","category-actualites"],"_links":{"self":[{"href":"https:\/\/assemblee-nationale.bj\/index.php\/wp-json\/wp\/v2\/posts\/5545","targetHints":{"allow":["GET"]}}],"collection":[{"href":"https:\/\/assemblee-nationale.bj\/index.php\/wp-json\/wp\/v2\/posts"}],"about":[{"href":"https:\/\/assemblee-nationale.bj\/index.php\/wp-json\/wp\/v2\/types\/post"}],"author":[{"embeddable":true,"href":"https:\/\/assemblee-nationale.bj\/index.php\/wp-json\/wp\/v2\/users\/13"}],"replies":[{"embeddable":true,"href":"https:\/\/assemblee-nationale.bj\/index.php\/wp-json\/wp\/v2\/comments?post=5545"}],"version-history":[{"count":1,"href":"https:\/\/assemblee-nationale.bj\/index.php\/wp-json\/wp\/v2\/posts\/5545\/revisions"}],"predecessor-version":[{"id":5551,"href":"https:\/\/assemblee-nationale.bj\/index.php\/wp-json\/wp\/v2\/posts\/5545\/revisions\/5551"}],"wp:featuredmedia":[{"embeddable":true,"href":"https:\/\/assemblee-nationale.bj\/index.php\/wp-json\/wp\/v2\/media\/5471"}],"wp:attachment":[{"href":"https:\/\/assemblee-nationale.bj\/index.php\/wp-json\/wp\/v2\/media?parent=5545"}],"wp:term":[{"taxonomy":"category","embeddable":true,"href":"https:\/\/assemblee-nationale.bj\/index.php\/wp-json\/wp\/v2\/categories?post=5545"},{"taxonomy":"post_tag","embeddable":true,"href":"https:\/\/assemblee-nationale.bj\/index.php\/wp-json\/wp\/v2\/tags?post=5545"}],"curies":[{"name":"wp","href":"https:\/\/api.w.org\/{rel}","templated":true}]}}