
{"id":5561,"date":"2023-04-25T11:31:06","date_gmt":"2023-04-25T10:31:06","guid":{"rendered":"https:\/\/assemblee-nationale.bj\/?p=5561"},"modified":"2023-04-28T11:46:48","modified_gmt":"2023-04-28T10:46:48","slug":"le-president-vlavonou-echange-avec-le-bureau-de-lassociation-nationale-des-anciens-parlementaires-du-benin","status":"publish","type":"post","link":"https:\/\/assemblee-nationale.bj\/index.php\/2023\/04\/25\/le-president-vlavonou-echange-avec-le-bureau-de-lassociation-nationale-des-anciens-parlementaires-du-benin\/","title":{"rendered":"Assembl\u00e9e nationale : Le Pr\u00e9sident VLAVONOU \u00e9change avec le bureau de l&rsquo;Association nationale des anciens parlementaires du B\u00e9nin"},"content":{"rendered":"<div id=\"pl-5561\"  class=\"panel-layout\" ><div id=\"pg-5561-0\"  class=\"panel-grid panel-no-style\" ><div id=\"pgc-5561-0-0\"  class=\"panel-grid-cell\" ><div id=\"panel-5561-0-0-0\" class=\"so-panel widget widget_text panel-first-child panel-last-child\" data-index=\"0\" ><div class=\"panel-widget-style panel-widget-style-for-5561-0-0-0\" >\t\t\t<div class=\"textwidget\"><p><strong>Assembl\u00e9e nationale : Le Pr\u00e9sident VLAVONOU \u00e9change avec le bureau de l&rsquo;Association nationale des anciens parlementaires du B\u00e9nin<\/strong><\/p>\n<p style=\"text-align: justify; line-height: 150%; background: white; margin: 0cm 0cm 4.5pt 0cm;\"><span style=\"color: #1c1e21;\"><strong><br \/>\n<\/strong> <\/span><\/p>\n<p><strong>\u00a0<\/strong><\/p>\n<\/div>\n\t\t<\/div><\/div><\/div><\/div><div id=\"pg-5561-1\"  class=\"panel-grid panel-no-style\" ><div id=\"pgc-5561-1-0\"  class=\"panel-grid-cell panel-grid-cell-empty\" ><\/div><div id=\"pgc-5561-1-1\"  class=\"panel-grid-cell panel-grid-cell-mobile-last\" ><div id=\"panel-5561-1-1-0\" class=\"so-panel widget widget_text panel-first-child panel-last-child\" data-index=\"1\" ><div class=\"panel-widget-style panel-widget-style-for-5561-1-1-0\" >\t\t\t<div class=\"textwidget\"><div class=\"foogallery foogallery-container foogallery-carousel foogallery-lightbox-foobox fg-carousel fg-light fg-border-thin fg-shadow-outline fg-loading-default fg-loaded-fade-in fg-caption-hover fg-hover-fade fg-hover-zoom fg-ready\" id=\"foogallery-gallery-5566\" data-foogallery=\"{&quot;item&quot;:{&quot;showCaptionTitle&quot;:true,&quot;showCaptionDescription&quot;:true},&quot;lazy&quot;:true,&quot;template&quot;:{&quot;maxItems&quot;:5,&quot;scale&quot;:0.18,&quot;gutter&quot;:{&quot;min&quot;:-40,&quot;max&quot;:-40,&quot;unit&quot;:&quot;%&quot;},&quot;autoplay&quot;:{&quot;time&quot;:3,&quot;interaction&quot;:&quot;pause&quot;},&quot;centerOnClick&quot;:false}}\" >\r\n\t<button type=\"button\" class=\"fg-carousel-prev\"><\/button>\r\n\t<div class=\"fg-carousel-inner\">\r\n\t\t<div class=\"fg-carousel-center\"><\/div>\r\n\t\t<div class=\"fg-item fg-type-image fg-idle\"><figure class=\"fg-item-inner\"><a href=\"https:\/\/assemblee-nationale.bj\/wp-content\/uploads\/2023\/04\/Le-Pr\u00e9sident-VLAVONOU-\u00e9change-avec-le-bureau-de-lAssociation-nationale-des-anciens-parlementaires-du-B\u00e9nin-1.jpeg\" data-attachment-id=\"5600\" class=\"fg-thumb\"><span class=\"fg-image-wrap\"><img fetchpriority=\"high\" decoding=\"async\" width=\"400\" height=\"300\" class=\"skip-lazy fg-image\" data-src-fg=\"https:\/\/assemblee-nationale.bj\/wp-content\/uploads\/cache\/2023\/04\/Le-Pr\u00e9sident-VLAVONOU-\u00e9change-avec-le-bureau-de-lAssociation-nationale-des-anciens-parlementaires-du-B\u00e9nin-1\/372566979.jpeg\" src=\"data:image\/svg+xml,%3Csvg%20xmlns%3D%22http%3A%2F%2Fwww.w3.org%2F2000%2Fsvg%22%20width%3D%22400%22%20height%3D%22300%22%20viewBox%3D%220%200%20400%20300%22%3E%3C%2Fsvg%3E\" loading=\"eager\"><\/span><span class=\"fg-image-overlay\"><\/span><\/a><figcaption class=\"fg-caption\"><div class=\"fg-caption-inner\"><\/div><\/figcaption><\/figure><div class=\"fg-loader\"><\/div><\/div><div class=\"fg-item fg-type-image fg-idle\"><figure class=\"fg-item-inner\"><a href=\"https:\/\/assemblee-nationale.bj\/wp-content\/uploads\/2023\/04\/Le-Pr\u00e9sident-VLAVONOU-\u00e9change-avec-le-bureau-de-lAssociation-nationale-des-anciens-parlementaires-du-B\u00e9nin-2.jpeg\" data-attachment-id=\"5604\" class=\"fg-thumb\"><span class=\"fg-image-wrap\"><img decoding=\"async\" width=\"400\" height=\"300\" class=\"skip-lazy fg-image\" data-src-fg=\"https:\/\/assemblee-nationale.bj\/wp-content\/uploads\/cache\/2023\/04\/Le-Pr\u00e9sident-VLAVONOU-\u00e9change-avec-le-bureau-de-lAssociation-nationale-des-anciens-parlementaires-du-B\u00e9nin-2\/1843035535.jpeg\" src=\"data:image\/svg+xml,%3Csvg%20xmlns%3D%22http%3A%2F%2Fwww.w3.org%2F2000%2Fsvg%22%20width%3D%22400%22%20height%3D%22300%22%20viewBox%3D%220%200%20400%20300%22%3E%3C%2Fsvg%3E\" loading=\"eager\"><\/span><span class=\"fg-image-overlay\"><\/span><\/a><figcaption class=\"fg-caption\"><div class=\"fg-caption-inner\"><\/div><\/figcaption><\/figure><div class=\"fg-loader\"><\/div><\/div><div class=\"fg-item fg-type-image fg-idle\"><figure class=\"fg-item-inner\"><a href=\"https:\/\/assemblee-nationale.bj\/wp-content\/uploads\/2023\/04\/Le-Pr\u00e9sident-VLAVONOU-\u00e9change-avec-le-bureau-de-lAssociation-nationale-des-anciens-parlementaires-du-B\u00e9nin-3.jpeg\" data-attachment-id=\"5607\" class=\"fg-thumb\"><span class=\"fg-image-wrap\"><img decoding=\"async\" width=\"400\" height=\"300\" class=\"skip-lazy fg-image\" data-src-fg=\"https:\/\/assemblee-nationale.bj\/wp-content\/uploads\/cache\/2023\/04\/Le-Pr\u00e9sident-VLAVONOU-\u00e9change-avec-le-bureau-de-lAssociation-nationale-des-anciens-parlementaires-du-B\u00e9nin-3\/2829458339.jpeg\" src=\"data:image\/svg+xml,%3Csvg%20xmlns%3D%22http%3A%2F%2Fwww.w3.org%2F2000%2Fsvg%22%20width%3D%22400%22%20height%3D%22300%22%20viewBox%3D%220%200%20400%20300%22%3E%3C%2Fsvg%3E\" loading=\"eager\"><\/span><span class=\"fg-image-overlay\"><\/span><\/a><figcaption class=\"fg-caption\"><div class=\"fg-caption-inner\"><\/div><\/figcaption><\/figure><div class=\"fg-loader\"><\/div><\/div><div class=\"fg-item fg-type-image fg-idle\"><figure class=\"fg-item-inner\"><a href=\"https:\/\/assemblee-nationale.bj\/wp-content\/uploads\/2023\/04\/Le-Pr\u00e9sident-VLAVONOU-\u00e9change-avec-le-bureau-de-lAssociation-nationale-des-anciens-parlementaires-du-B\u00e9nin-4.jpeg\" data-attachment-id=\"5608\" class=\"fg-thumb\"><span class=\"fg-image-wrap\"><img decoding=\"async\" width=\"400\" height=\"300\" class=\"skip-lazy fg-image\" data-src-fg=\"https:\/\/assemblee-nationale.bj\/wp-content\/uploads\/cache\/2023\/04\/Le-Pr\u00e9sident-VLAVONOU-\u00e9change-avec-le-bureau-de-lAssociation-nationale-des-anciens-parlementaires-du-B\u00e9nin-4\/3762274619.jpeg\" src=\"data:image\/svg+xml,%3Csvg%20xmlns%3D%22http%3A%2F%2Fwww.w3.org%2F2000%2Fsvg%22%20width%3D%22400%22%20height%3D%22300%22%20viewBox%3D%220%200%20400%20300%22%3E%3C%2Fsvg%3E\" loading=\"eager\"><\/span><span class=\"fg-image-overlay\"><\/span><\/a><figcaption class=\"fg-caption\"><div class=\"fg-caption-inner\"><\/div><\/figcaption><\/figure><div class=\"fg-loader\"><\/div><\/div><div class=\"fg-item fg-type-image fg-idle\"><figure class=\"fg-item-inner\"><a href=\"https:\/\/assemblee-nationale.bj\/wp-content\/uploads\/2023\/04\/Le-Pr\u00e9sident-VLAVONOU-\u00e9change-avec-le-bureau-de-lAssociation-nationale-des-anciens-parlementaires-du-B\u00e9nin-5.jpeg\" data-attachment-id=\"5610\" class=\"fg-thumb\"><span class=\"fg-image-wrap\"><img decoding=\"async\" width=\"400\" height=\"300\" class=\"skip-lazy fg-image\" data-src-fg=\"https:\/\/assemblee-nationale.bj\/wp-content\/uploads\/cache\/2023\/04\/Le-Pr\u00e9sident-VLAVONOU-\u00e9change-avec-le-bureau-de-lAssociation-nationale-des-anciens-parlementaires-du-B\u00e9nin-5\/2710276090.jpeg\" src=\"data:image\/svg+xml,%3Csvg%20xmlns%3D%22http%3A%2F%2Fwww.w3.org%2F2000%2Fsvg%22%20width%3D%22400%22%20height%3D%22300%22%20viewBox%3D%220%200%20400%20300%22%3E%3C%2Fsvg%3E\" loading=\"eager\"><\/span><span class=\"fg-image-overlay\"><\/span><\/a><figcaption class=\"fg-caption\"><div class=\"fg-caption-inner\"><\/div><\/figcaption><\/figure><div class=\"fg-loader\"><\/div><\/div><div class=\"fg-item fg-type-image fg-idle\"><figure class=\"fg-item-inner\"><a href=\"https:\/\/assemblee-nationale.bj\/wp-content\/uploads\/2023\/04\/Le-Pr\u00e9sident-VLAVONOU-\u00e9change-avec-le-bureau-de-lAssociation-nationale-des-anciens-parlementaires-du-B\u00e9nin-6.jpeg\" data-attachment-id=\"5611\" class=\"fg-thumb\"><span class=\"fg-image-wrap\"><img decoding=\"async\" width=\"400\" height=\"300\" class=\"skip-lazy fg-image\" data-src-fg=\"https:\/\/assemblee-nationale.bj\/wp-content\/uploads\/cache\/2023\/04\/Le-Pr\u00e9sident-VLAVONOU-\u00e9change-avec-le-bureau-de-lAssociation-nationale-des-anciens-parlementaires-du-B\u00e9nin-6\/1624545061.jpeg\" src=\"data:image\/svg+xml,%3Csvg%20xmlns%3D%22http%3A%2F%2Fwww.w3.org%2F2000%2Fsvg%22%20width%3D%22400%22%20height%3D%22300%22%20viewBox%3D%220%200%20400%20300%22%3E%3C%2Fsvg%3E\" loading=\"eager\"><\/span><span class=\"fg-image-overlay\"><\/span><\/a><figcaption class=\"fg-caption\"><div class=\"fg-caption-inner\"><\/div><\/figcaption><\/figure><div class=\"fg-loader\"><\/div><\/div><div class=\"fg-item fg-type-image fg-idle\"><figure class=\"fg-item-inner\"><a href=\"https:\/\/assemblee-nationale.bj\/wp-content\/uploads\/2023\/04\/Le-Pr\u00e9sident-VLAVONOU-\u00e9change-avec-le-bureau-de-lAssociation-nationale-des-anciens-parlementaires-du-B\u00e9nin-7.jpeg\" data-attachment-id=\"5612\" class=\"fg-thumb\"><span class=\"fg-image-wrap\"><img decoding=\"async\" width=\"400\" height=\"300\" class=\"skip-lazy fg-image\" data-src-fg=\"https:\/\/assemblee-nationale.bj\/wp-content\/uploads\/cache\/2023\/04\/Le-Pr\u00e9sident-VLAVONOU-\u00e9change-avec-le-bureau-de-lAssociation-nationale-des-anciens-parlementaires-du-B\u00e9nin-7\/2779312393.jpeg\" src=\"data:image\/svg+xml,%3Csvg%20xmlns%3D%22http%3A%2F%2Fwww.w3.org%2F2000%2Fsvg%22%20width%3D%22400%22%20height%3D%22300%22%20viewBox%3D%220%200%20400%20300%22%3E%3C%2Fsvg%3E\" loading=\"eager\"><\/span><span class=\"fg-image-overlay\"><\/span><\/a><figcaption class=\"fg-caption\"><div class=\"fg-caption-inner\"><\/div><\/figcaption><\/figure><div class=\"fg-loader\"><\/div><\/div><div class=\"fg-item fg-type-image fg-idle\"><figure class=\"fg-item-inner\"><a href=\"https:\/\/assemblee-nationale.bj\/wp-content\/uploads\/2023\/04\/Le-Pr\u00e9sident-VLAVONOU-\u00e9change-avec-le-bureau-de-lAssociation-nationale-des-anciens-parlementaires-du-B\u00e9nin-8.jpeg\" data-attachment-id=\"5613\" class=\"fg-thumb\"><span class=\"fg-image-wrap\"><img decoding=\"async\" width=\"400\" height=\"300\" class=\"skip-lazy fg-image\" data-src-fg=\"https:\/\/assemblee-nationale.bj\/wp-content\/uploads\/cache\/2023\/04\/Le-Pr\u00e9sident-VLAVONOU-\u00e9change-avec-le-bureau-de-lAssociation-nationale-des-anciens-parlementaires-du-B\u00e9nin-8\/2193822402.jpeg\" src=\"data:image\/svg+xml,%3Csvg%20xmlns%3D%22http%3A%2F%2Fwww.w3.org%2F2000%2Fsvg%22%20width%3D%22400%22%20height%3D%22300%22%20viewBox%3D%220%200%20400%20300%22%3E%3C%2Fsvg%3E\" loading=\"eager\"><\/span><span class=\"fg-image-overlay\"><\/span><\/a><figcaption class=\"fg-caption\"><div class=\"fg-caption-inner\"><\/div><\/figcaption><\/figure><div class=\"fg-loader\"><\/div><\/div><div class=\"fg-item fg-type-image fg-idle\"><figure class=\"fg-item-inner\"><a href=\"https:\/\/assemblee-nationale.bj\/wp-content\/uploads\/2023\/04\/Le-Pr\u00e9sident-VLAVONOU-\u00e9change-avec-le-bureau-de-lAssociation-nationale-des-anciens-parlementaires-du-B\u00e9nin-9.jpeg\" data-attachment-id=\"5614\" class=\"fg-thumb\"><span class=\"fg-image-wrap\"><img decoding=\"async\" width=\"400\" height=\"300\" class=\"skip-lazy fg-image\" data-src-fg=\"https:\/\/assemblee-nationale.bj\/wp-content\/uploads\/cache\/2023\/04\/Le-Pr\u00e9sident-VLAVONOU-\u00e9change-avec-le-bureau-de-lAssociation-nationale-des-anciens-parlementaires-du-B\u00e9nin-9\/303417348.jpeg\" src=\"data:image\/svg+xml,%3Csvg%20xmlns%3D%22http%3A%2F%2Fwww.w3.org%2F2000%2Fsvg%22%20width%3D%22400%22%20height%3D%22300%22%20viewBox%3D%220%200%20400%20300%22%3E%3C%2Fsvg%3E\" loading=\"eager\"><\/span><span class=\"fg-image-overlay\"><\/span><\/a><figcaption class=\"fg-caption\"><div class=\"fg-caption-inner\"><\/div><\/figcaption><\/figure><div class=\"fg-loader\"><\/div><\/div>\t<\/div>\r\n\t<div class=\"fg-carousel-bottom\"><\/div>\r\n\t<div class=\"fg-carousel-progress\"><\/div>\r\n\t<button type=\"button\" class=\"fg-carousel-next\"><\/button>\r\n<\/div>\n<p>&nbsp;<\/p>\n<p>Une d\u00e9l\u00e9gation du bureau de l&rsquo;Association Nationale des Anciens Parlementaires du B\u00e9nin (AsNAP-B\u00e9nin) avec \u00e0 leur t\u00eate le Pr\u00e9sident de ladite association M. Thimoth\u00e9e ADANLIN \u00e9tait au cabinet du Pr\u00e9sident de l&rsquo;Assembl\u00e9e nationale Louis Gb\u00e8hounou VLAVONOU dans la matin\u00e9e de ce mardi 25 avril 2023. Ils y \u00e9taient pour non seulement f\u00e9liciter l&rsquo;autorit\u00e9 parlementaire pour sa r\u00e9\u00e9lection \u00e0 la t\u00eate du parlement b\u00e9ninois mais \u00e9galement profiter pour \u00e9changer avec lui sur des questions qui concernent la vie de l&rsquo;AsNAP-B\u00e9nin. <\/p>\n<p>Lire un extrait des propos de Thimoth\u00e9e ADANLIN, Pr\u00e9sident de l&rsquo;AsNAP-B\u00e9nin \u00e0 sa sortie de l&rsquo;audience: \u00ab\u00a0&#8230;Nous sommes venus ici d&rsquo;abord pour pr\u00e9senter les f\u00e9licitations au Pr\u00e9sident Louis Gb\u00e8hounou VLAVONOU pour sa r\u00e9\u00e9lection \u00e0 la t\u00eate du parlement b\u00e9ninois. Nous le connaissions depuis de vieille date. Avec lui, le bureau ex\u00e9cutif de l&rsquo;AsNAP-B\u00e9nin a conclu sous la huiti\u00e8me l\u00e9gislature, un protocole de coop\u00e9ration entre ladite association et l&rsquo;Assembl\u00e9e nationale. Nous avons estim\u00e9 qu&rsquo;il fallait que nous prenions des dispositions pour \u00e9valuer l&rsquo;application de ce protocole parce-que les choses se sont bien pass\u00e9es du point de vue du pr\u00e9sident VLAVONOU de telle sorte qu&rsquo;il nous a envoy\u00e9 une lettre de f\u00e9licitations pour montrer que les r\u00e9formes qu&rsquo;il met en place, nous les suivons et appliquons en mati\u00e8re de gestion de l&rsquo;Assembl\u00e9e nationale. Tout ce qu&rsquo;il fallait faire pour appuyer cet \u00e9lan qu&rsquo;il donne \u00e0 l&rsquo;Assembl\u00e9e nationale. Donc nous sommes aussi venus le remercier pour ses f\u00e9licitations qui font date puisque c&rsquo;est la premi\u00e8re fois que le bureau re\u00e7oit des f\u00e9licitations. Mais nous avons aussi dit, en attendant  que nous fassions les \u00e9valuations pour voir comment on am\u00e9liore les choses, il faut que nous trouvions les moyens de faire mieux participer notre association L&rsquo;AsNAP-B\u00e9nin \u00e0 la vie parlementaire. Et \u00e0 ce sujet, le pr\u00e9sident VLAVONOU a mis en place une structure pour le contact. Plusieurs autres dol\u00e9ances ont \u00e9t\u00e9 formul\u00e9es et le pr\u00e9sident a promis prendre des dispositions pour que les choses s&rsquo;am\u00e9liorent davantage. Ce que le Pr\u00e9sident VLAVONOU a dit qui a plus retenu notre attention est que, nous pr\u00e9parons une maison pour tout ceux qui sont actuellement parlementaires. Donc tous viendront dans la maison. Il leur appartient de l&rsquo;am\u00e9liorer pour qu&rsquo;au moment o\u00f9 ils vont y arriver, ils trouvent une maison saine et attrayante\u2026\u00a0\u00bb<\/p>\n<p>POLO. AHOUNOU<\/p>\n<\/div>\n\t\t<\/div><\/div><\/div><div id=\"pgc-5561-1-2\"  class=\"panel-grid-cell panel-grid-cell-empty\" ><\/div><\/div><\/div>","protected":false},"excerpt":{"rendered":"<p>Une d\u00e9l\u00e9gation du bureau de l&rsquo;Association Nationale des Anciens Parlementaires du B\u00e9nin (AsNAP-B\u00e9nin) avec \u00e0 leur t\u00eate le Pr\u00e9sident de ladite association M. Thimoth\u00e9e ADANLIN \u00e9tait au cabinet du Pr\u00e9sident de l&rsquo;Assembl\u00e9e nationale Louis Gb\u00e8hounou VLAVONOU dans la matin\u00e9e de ce mardi 25 avril 2023. <\/p>\n","protected":false},"author":13,"featured_media":5613,"comment_status":"closed","ping_status":"open","sticky":false,"template":"","format":"standard","meta":{"footnotes":""},"categories":[29],"tags":[],"class_list":["post-5561","post","type-post","status-publish","format-standard","has-post-thumbnail","hentry","category-actualites"],"_links":{"self":[{"href":"https:\/\/assemblee-nationale.bj\/index.php\/wp-json\/wp\/v2\/posts\/5561","targetHints":{"allow":["GET"]}}],"collection":[{"href":"https:\/\/assemblee-nationale.bj\/index.php\/wp-json\/wp\/v2\/posts"}],"about":[{"href":"https:\/\/assemblee-nationale.bj\/index.php\/wp-json\/wp\/v2\/types\/post"}],"author":[{"embeddable":true,"href":"https:\/\/assemblee-nationale.bj\/index.php\/wp-json\/wp\/v2\/users\/13"}],"replies":[{"embeddable":true,"href":"https:\/\/assemblee-nationale.bj\/index.php\/wp-json\/wp\/v2\/comments?post=5561"}],"version-history":[{"count":1,"href":"https:\/\/assemblee-nationale.bj\/index.php\/wp-json\/wp\/v2\/posts\/5561\/revisions"}],"predecessor-version":[{"id":5615,"href":"https:\/\/assemblee-nationale.bj\/index.php\/wp-json\/wp\/v2\/posts\/5561\/revisions\/5615"}],"wp:featuredmedia":[{"embeddable":true,"href":"https:\/\/assemblee-nationale.bj\/index.php\/wp-json\/wp\/v2\/media\/5613"}],"wp:attachment":[{"href":"https:\/\/assemblee-nationale.bj\/index.php\/wp-json\/wp\/v2\/media?parent=5561"}],"wp:term":[{"taxonomy":"category","embeddable":true,"href":"https:\/\/assemblee-nationale.bj\/index.php\/wp-json\/wp\/v2\/categories?post=5561"},{"taxonomy":"post_tag","embeddable":true,"href":"https:\/\/assemblee-nationale.bj\/index.php\/wp-json\/wp\/v2\/tags?post=5561"}],"curies":[{"name":"wp","href":"https:\/\/api.w.org\/{rel}","templated":true}]}}