
{"id":5628,"date":"2023-05-04T19:07:21","date_gmt":"2023-05-04T18:07:21","guid":{"rendered":"https:\/\/assemblee-nationale.bj\/?p=5628"},"modified":"2023-05-05T12:11:54","modified_gmt":"2023-05-05T11:11:54","slug":"controle-de-laction-du-gouvernement-a-lassemblee-nationale-le-drame-de-dassa-et-la-suspension-du-sursalaire","status":"publish","type":"post","link":"https:\/\/assemblee-nationale.bj\/index.php\/2023\/05\/04\/controle-de-laction-du-gouvernement-a-lassemblee-nationale-le-drame-de-dassa-et-la-suspension-du-sursalaire\/","title":{"rendered":"Contr\u00f4le de l\u2019action du gouvernement \u00e0 l\u2019Assembl\u00e9e nationale : Le drame de Dassa et la suspension du sursalaire aux agents des communes au menu des \u00e9changes"},"content":{"rendered":"<div id=\"pl-5628\"  class=\"panel-layout\" ><div id=\"pg-5628-0\"  class=\"panel-grid panel-no-style\" ><div id=\"pgc-5628-0-0\"  class=\"panel-grid-cell\" ><div id=\"panel-5628-0-0-0\" class=\"so-panel widget widget_text panel-first-child panel-last-child\" data-index=\"0\" ><div class=\"panel-widget-style panel-widget-style-for-5628-0-0-0\" >\t\t\t<div class=\"textwidget\"><p><strong>Contr\u00f4le de l\u2019action du gouvernement \u00e0 l\u2019Assembl\u00e9e nationale : Le drame de Dassa et la suspension du sursalaire aux agents des communes au menu des \u00e9changes<\/strong><\/p>\n<p style=\"text-align: justify; line-height: 150%; background: white; margin: 0cm 0cm 4.5pt 0cm;\"><span style=\"color: #1c1e21;\"><strong><br \/>\n<\/strong> <\/span><\/p>\n<p><strong>\u00a0<\/strong><\/p>\n<\/div>\n\t\t<\/div><\/div><\/div><\/div><div id=\"pg-5628-1\"  class=\"panel-grid panel-no-style\" ><div id=\"pgc-5628-1-0\"  class=\"panel-grid-cell panel-grid-cell-empty\" ><\/div><div id=\"pgc-5628-1-1\"  class=\"panel-grid-cell panel-grid-cell-mobile-last\" ><div id=\"panel-5628-1-1-0\" class=\"so-panel widget widget_text panel-first-child panel-last-child\" data-index=\"1\" ><div class=\"panel-widget-style panel-widget-style-for-5628-1-1-0\" >\t\t\t<div class=\"textwidget\"><div class=\"foogallery foogallery-container foogallery-carousel foogallery-lightbox-foobox fg-carousel fg-light fg-border-thin fg-shadow-outline fg-loading-default fg-loaded-fade-in fg-caption-hover fg-hover-fade fg-hover-zoom fg-ready\" id=\"foogallery-gallery-5625\" data-foogallery=\"{&quot;item&quot;:{&quot;showCaptionTitle&quot;:true,&quot;showCaptionDescription&quot;:true},&quot;lazy&quot;:true,&quot;template&quot;:{&quot;maxItems&quot;:5,&quot;scale&quot;:0.18,&quot;gutter&quot;:{&quot;min&quot;:-40,&quot;max&quot;:-40,&quot;unit&quot;:&quot;%&quot;},&quot;autoplay&quot;:{&quot;time&quot;:3,&quot;interaction&quot;:&quot;pause&quot;},&quot;centerOnClick&quot;:false}}\" >\r\n\t<button type=\"button\" class=\"fg-carousel-prev\"><\/button>\r\n\t<div class=\"fg-carousel-inner\">\r\n\t\t<div class=\"fg-carousel-center\"><\/div>\r\n\t\t<div class=\"fg-item fg-type-image fg-idle\"><figure class=\"fg-item-inner\"><a href=\"https:\/\/assemblee-nationale.bj\/wp-content\/uploads\/2023\/05\/Le-drame-de-Dassa-et-la-suspension-du-sursalaire-aux-agents-des-communes-au-menu-des-\u00e9changes-1.jpeg\" data-attachment-id=\"5626\" class=\"fg-thumb\"><span class=\"fg-image-wrap\"><img fetchpriority=\"high\" decoding=\"async\" width=\"400\" height=\"300\" class=\"skip-lazy fg-image\" data-src-fg=\"https:\/\/assemblee-nationale.bj\/wp-content\/uploads\/cache\/2023\/05\/Le-drame-de-Dassa-et-la-suspension-du-sursalaire-aux-agents-des-communes-au-menu-des-\u00e9changes-1\/2969400464.jpeg\" src=\"data:image\/svg+xml,%3Csvg%20xmlns%3D%22http%3A%2F%2Fwww.w3.org%2F2000%2Fsvg%22%20width%3D%22400%22%20height%3D%22300%22%20viewBox%3D%220%200%20400%20300%22%3E%3C%2Fsvg%3E\" loading=\"eager\"><\/span><span class=\"fg-image-overlay\"><\/span><\/a><figcaption class=\"fg-caption\"><div class=\"fg-caption-inner\"><\/div><\/figcaption><\/figure><div class=\"fg-loader\"><\/div><\/div><div class=\"fg-item fg-type-image fg-idle\"><figure class=\"fg-item-inner\"><a href=\"https:\/\/assemblee-nationale.bj\/wp-content\/uploads\/2023\/05\/Le-drame-de-Dassa-et-la-suspension-du-sursalaire-aux-agents-des-communes-au-menu-des-\u00e9changes-2.jpeg\" data-attachment-id=\"5627\" class=\"fg-thumb\"><span class=\"fg-image-wrap\"><img decoding=\"async\" width=\"400\" height=\"300\" class=\"skip-lazy fg-image\" data-src-fg=\"https:\/\/assemblee-nationale.bj\/wp-content\/uploads\/cache\/2023\/05\/Le-drame-de-Dassa-et-la-suspension-du-sursalaire-aux-agents-des-communes-au-menu-des-\u00e9changes-2\/2651219942.jpeg\" src=\"data:image\/svg+xml,%3Csvg%20xmlns%3D%22http%3A%2F%2Fwww.w3.org%2F2000%2Fsvg%22%20width%3D%22400%22%20height%3D%22300%22%20viewBox%3D%220%200%20400%20300%22%3E%3C%2Fsvg%3E\" loading=\"eager\"><\/span><span class=\"fg-image-overlay\"><\/span><\/a><figcaption class=\"fg-caption\"><div class=\"fg-caption-inner\"><\/div><\/figcaption><\/figure><div class=\"fg-loader\"><\/div><\/div><div class=\"fg-item fg-type-image fg-idle\"><figure class=\"fg-item-inner\"><a href=\"https:\/\/assemblee-nationale.bj\/wp-content\/uploads\/2023\/05\/Le-drame-de-Dassa-et-la-suspension-du-sursalaire-aux-agents-des-communes-au-menu-des-\u00e9changes-3.jpeg\" data-attachment-id=\"5629\" class=\"fg-thumb\"><span class=\"fg-image-wrap\"><img decoding=\"async\" width=\"400\" height=\"300\" class=\"skip-lazy fg-image\" data-src-fg=\"https:\/\/assemblee-nationale.bj\/wp-content\/uploads\/cache\/2023\/05\/Le-drame-de-Dassa-et-la-suspension-du-sursalaire-aux-agents-des-communes-au-menu-des-\u00e9changes-3\/2087255176.jpeg\" src=\"data:image\/svg+xml,%3Csvg%20xmlns%3D%22http%3A%2F%2Fwww.w3.org%2F2000%2Fsvg%22%20width%3D%22400%22%20height%3D%22300%22%20viewBox%3D%220%200%20400%20300%22%3E%3C%2Fsvg%3E\" loading=\"eager\"><\/span><span class=\"fg-image-overlay\"><\/span><\/a><figcaption class=\"fg-caption\"><div class=\"fg-caption-inner\"><\/div><\/figcaption><\/figure><div class=\"fg-loader\"><\/div><\/div><div class=\"fg-item fg-type-image fg-idle\"><figure class=\"fg-item-inner\"><a href=\"https:\/\/assemblee-nationale.bj\/wp-content\/uploads\/2023\/05\/Le-drame-de-Dassa-et-la-suspension-du-sursalaire-aux-agents-des-communes-au-menu-des-\u00e9changes-4.jpeg\" data-attachment-id=\"5630\" class=\"fg-thumb\"><span class=\"fg-image-wrap\"><img decoding=\"async\" width=\"400\" height=\"300\" class=\"skip-lazy fg-image\" data-src-fg=\"https:\/\/assemblee-nationale.bj\/wp-content\/uploads\/cache\/2023\/05\/Le-drame-de-Dassa-et-la-suspension-du-sursalaire-aux-agents-des-communes-au-menu-des-\u00e9changes-4\/3091369480.jpeg\" src=\"data:image\/svg+xml,%3Csvg%20xmlns%3D%22http%3A%2F%2Fwww.w3.org%2F2000%2Fsvg%22%20width%3D%22400%22%20height%3D%22300%22%20viewBox%3D%220%200%20400%20300%22%3E%3C%2Fsvg%3E\" loading=\"eager\"><\/span><span class=\"fg-image-overlay\"><\/span><\/a><figcaption class=\"fg-caption\"><div class=\"fg-caption-inner\"><\/div><\/figcaption><\/figure><div class=\"fg-loader\"><\/div><\/div><div class=\"fg-item fg-type-image fg-idle\"><figure class=\"fg-item-inner\"><a href=\"https:\/\/assemblee-nationale.bj\/wp-content\/uploads\/2023\/05\/Le-drame-de-Dassa-et-la-suspension-du-sursalaire-aux-agents-des-communes-au-menu-des-\u00e9changes-5.jpeg\" data-attachment-id=\"5631\" class=\"fg-thumb\"><span class=\"fg-image-wrap\"><img decoding=\"async\" width=\"400\" height=\"300\" class=\"skip-lazy fg-image\" data-src-fg=\"https:\/\/assemblee-nationale.bj\/wp-content\/uploads\/cache\/2023\/05\/Le-drame-de-Dassa-et-la-suspension-du-sursalaire-aux-agents-des-communes-au-menu-des-\u00e9changes-5\/336785399.jpeg\" src=\"data:image\/svg+xml,%3Csvg%20xmlns%3D%22http%3A%2F%2Fwww.w3.org%2F2000%2Fsvg%22%20width%3D%22400%22%20height%3D%22300%22%20viewBox%3D%220%200%20400%20300%22%3E%3C%2Fsvg%3E\" loading=\"eager\"><\/span><span class=\"fg-image-overlay\"><\/span><\/a><figcaption class=\"fg-caption\"><div class=\"fg-caption-inner\"><\/div><\/figcaption><\/figure><div class=\"fg-loader\"><\/div><\/div><div class=\"fg-item fg-type-image fg-idle\"><figure class=\"fg-item-inner\"><a href=\"https:\/\/assemblee-nationale.bj\/wp-content\/uploads\/2023\/05\/Le-drame-de-Dassa-et-la-suspension-du-sursalaire-aux-agents-des-communes-au-menu-des-\u00e9changes-6.jpeg\" data-attachment-id=\"5632\" class=\"fg-thumb\"><span class=\"fg-image-wrap\"><img decoding=\"async\" width=\"400\" height=\"300\" class=\"skip-lazy fg-image\" data-src-fg=\"https:\/\/assemblee-nationale.bj\/wp-content\/uploads\/cache\/2023\/05\/Le-drame-de-Dassa-et-la-suspension-du-sursalaire-aux-agents-des-communes-au-menu-des-\u00e9changes-6\/999508919.jpeg\" src=\"data:image\/svg+xml,%3Csvg%20xmlns%3D%22http%3A%2F%2Fwww.w3.org%2F2000%2Fsvg%22%20width%3D%22400%22%20height%3D%22300%22%20viewBox%3D%220%200%20400%20300%22%3E%3C%2Fsvg%3E\" loading=\"eager\"><\/span><span class=\"fg-image-overlay\"><\/span><\/a><figcaption class=\"fg-caption\"><div class=\"fg-caption-inner\"><\/div><\/figcaption><\/figure><div class=\"fg-loader\"><\/div><\/div><div class=\"fg-item fg-type-image fg-idle\"><figure class=\"fg-item-inner\"><a href=\"https:\/\/assemblee-nationale.bj\/wp-content\/uploads\/2023\/05\/Le-drame-de-Dassa-et-la-suspension-du-sursalaire-aux-agents-des-communes-au-menu-des-\u00e9changes-7.jpeg\" data-attachment-id=\"5633\" class=\"fg-thumb\"><span class=\"fg-image-wrap\"><img decoding=\"async\" width=\"400\" height=\"300\" class=\"skip-lazy fg-image\" data-src-fg=\"https:\/\/assemblee-nationale.bj\/wp-content\/uploads\/cache\/2023\/05\/Le-drame-de-Dassa-et-la-suspension-du-sursalaire-aux-agents-des-communes-au-menu-des-\u00e9changes-7\/2546149960.jpeg\" src=\"data:image\/svg+xml,%3Csvg%20xmlns%3D%22http%3A%2F%2Fwww.w3.org%2F2000%2Fsvg%22%20width%3D%22400%22%20height%3D%22300%22%20viewBox%3D%220%200%20400%20300%22%3E%3C%2Fsvg%3E\" loading=\"eager\"><\/span><span class=\"fg-image-overlay\"><\/span><\/a><figcaption class=\"fg-caption\"><div class=\"fg-caption-inner\"><\/div><\/figcaption><\/figure><div class=\"fg-loader\"><\/div><\/div><div class=\"fg-item fg-type-image fg-idle\"><figure class=\"fg-item-inner\"><a href=\"https:\/\/assemblee-nationale.bj\/wp-content\/uploads\/2023\/05\/Le-drame-de-Dassa-et-la-suspension-du-sursalaire-aux-agents-des-communes-au-menu-des-\u00e9changes-8.jpeg\" data-attachment-id=\"5634\" class=\"fg-thumb\"><span class=\"fg-image-wrap\"><img decoding=\"async\" width=\"400\" height=\"300\" class=\"skip-lazy fg-image\" data-src-fg=\"https:\/\/assemblee-nationale.bj\/wp-content\/uploads\/cache\/2023\/05\/Le-drame-de-Dassa-et-la-suspension-du-sursalaire-aux-agents-des-communes-au-menu-des-\u00e9changes-8\/3746079023.jpeg\" src=\"data:image\/svg+xml,%3Csvg%20xmlns%3D%22http%3A%2F%2Fwww.w3.org%2F2000%2Fsvg%22%20width%3D%22400%22%20height%3D%22300%22%20viewBox%3D%220%200%20400%20300%22%3E%3C%2Fsvg%3E\" loading=\"eager\"><\/span><span class=\"fg-image-overlay\"><\/span><\/a><figcaption class=\"fg-caption\"><div class=\"fg-caption-inner\"><\/div><\/figcaption><\/figure><div class=\"fg-loader\"><\/div><\/div><div class=\"fg-item fg-type-image fg-idle\"><figure class=\"fg-item-inner\"><a href=\"https:\/\/assemblee-nationale.bj\/wp-content\/uploads\/2023\/05\/Le-drame-de-Dassa-et-la-suspension-du-sursalaire-aux-agents-des-communes-au-menu-des-\u00e9changes-9.jpeg\" data-attachment-id=\"5635\" class=\"fg-thumb\"><span class=\"fg-image-wrap\"><img decoding=\"async\" width=\"400\" height=\"300\" class=\"skip-lazy fg-image\" data-src-fg=\"https:\/\/assemblee-nationale.bj\/wp-content\/uploads\/cache\/2023\/05\/Le-drame-de-Dassa-et-la-suspension-du-sursalaire-aux-agents-des-communes-au-menu-des-\u00e9changes-9\/1931002064.jpeg\" src=\"data:image\/svg+xml,%3Csvg%20xmlns%3D%22http%3A%2F%2Fwww.w3.org%2F2000%2Fsvg%22%20width%3D%22400%22%20height%3D%22300%22%20viewBox%3D%220%200%20400%20300%22%3E%3C%2Fsvg%3E\" loading=\"eager\"><\/span><span class=\"fg-image-overlay\"><\/span><\/a><figcaption class=\"fg-caption\"><div class=\"fg-caption-inner\"><\/div><\/figcaption><\/figure><div class=\"fg-loader\"><\/div><\/div><div class=\"fg-item fg-type-image fg-idle\"><figure class=\"fg-item-inner\"><a href=\"https:\/\/assemblee-nationale.bj\/wp-content\/uploads\/2023\/05\/Le-drame-de-Dassa-et-la-suspension-du-sursalaire-aux-agents-des-communes-au-menu-des-\u00e9changes-10.jpeg\" data-attachment-id=\"5636\" class=\"fg-thumb\"><span class=\"fg-image-wrap\"><img decoding=\"async\" width=\"400\" height=\"300\" class=\"skip-lazy fg-image\" data-src-fg=\"https:\/\/assemblee-nationale.bj\/wp-content\/uploads\/cache\/2023\/05\/Le-drame-de-Dassa-et-la-suspension-du-sursalaire-aux-agents-des-communes-au-menu-des-\u00e9changes-10\/1003939028.jpeg\" src=\"data:image\/svg+xml,%3Csvg%20xmlns%3D%22http%3A%2F%2Fwww.w3.org%2F2000%2Fsvg%22%20width%3D%22400%22%20height%3D%22300%22%20viewBox%3D%220%200%20400%20300%22%3E%3C%2Fsvg%3E\" loading=\"eager\"><\/span><span class=\"fg-image-overlay\"><\/span><\/a><figcaption class=\"fg-caption\"><div class=\"fg-caption-inner\"><\/div><\/figcaption><\/figure><div class=\"fg-loader\"><\/div><\/div>\t<\/div>\r\n\t<div class=\"fg-carousel-bottom\"><\/div>\r\n\t<div class=\"fg-carousel-progress\"><\/div>\r\n\t<button type=\"button\" class=\"fg-carousel-next\"><\/button>\r\n<\/div>\n<p>&nbsp;<\/p>\n<p>     Les d\u00e9put\u00e9s ont ouvert le bal du contr\u00f4le de l&rsquo;action gouvernementale pour le compte de la 9eme l\u00e9gislature ce jeudi 04 mai 2023 au Palais des Gouverneurs \u00e0 Porto-Novo.  Sous la f\u00e9rule du pr\u00e9sident Louis Gb\u00e8hounou VLAVONOU et en pr\u00e9sence des membres du Gouvernement, une question d&rsquo;actualit\u00e9 et une question orale sans d\u00e9bat ont \u00e9t\u00e9 d\u00e9battues. <\/p>\n<p>Il s&rsquo;agit premi\u00e8rement de la question d&rsquo;actualit\u00e9 li\u00e9e au drame de Dassa survenu le 29 janvier 2023 et pos\u00e9e par le d\u00e9put\u00e9 Abdel Sika Bio Ouassagari et deuxi\u00e8mement de la question orale sans d\u00e9bat concernant la suspension des avantages accord\u00e9s aux agents des collectivit\u00e9s territoriales avec pour auteur le d\u00e9put\u00e9 Jo\u00ebl Godonou. <\/p>\n<p>      Pour ce qui est de la premi\u00e8re question, il faut dire que l&rsquo;honorable Ouassagari a voulu savoir entre autres le bilan humain du drame \u00e0 la date d\u2019aujourd\u2019hui, les diligences   qui ont \u00e9t\u00e9 mises en \u0153uvre pour la prise en charge des rescap\u00e9s de ce drame, les dispositions prises dans le cadre de la pr\u00e9vention des catastrophes plausibles sur les routes inter-Etats, au regard des passages r\u00e9guliers de camions charg\u00e9s de produits inflammables ou d\u2019uranium&#8230;.etc.<br \/>\n\u00c0 ces pr\u00e9occupations, le ministre de l&rsquo;int\u00e9rieur Allassane Seidou et son coll\u00e8gue de la sant\u00e9 publique Benjamin Hounkpatin ont donn\u00e9 des \u00e9l\u00e9ments de r\u00e9ponse. Le bilan est de 20 personnes calcin\u00e9es sur les lieux, 01 personne d\u00e9c\u00e9d\u00e9e sur le trajet Dassa-Cotonou au cours de l&rsquo;\u00e9vacuation et 08 personnes d\u00e9c\u00e9d\u00e9es au CNHU-HKM en soins intensifs et de r\u00e9animation. Quant \u00e0 la question relative \u00e0 l&rsquo;\u00e9vacuation sanitaire, le ministre a d\u00e9clar\u00e9 qu&rsquo;aucune des victime d\u00e9c\u00e9d\u00e9es ne pouvait \u00eatre admise dans un h\u00f4pital en occident du fait de la gravit\u00e9 et de l&rsquo;\u00e9tendue des l\u00e9sions des br\u00fblures qu&rsquo;elles pr\u00e9sentaient.  <\/p>\n<p>      Pour sa question orale sans d\u00e9bat, l&rsquo;honorable Jo\u00ebl Godonou voudrait savoir si  les agents des collectivit\u00e9s locales sont-ils concern\u00e9s par les d\u00e9crets n\u00b0 2022-700 du 07 d\u00e9cembre 2022 portant revalorisation de la valeur du point indiciaire de 3% pour compter du 1er d\u00e9cembre 2022 et n\u00b0 2022-701 du 07 d\u00e9cembre 2022 portant institution de sursalaire au profit des agents de l\u2019Etat pour compter du 1er d\u00e9cembre 2022&#8230;etc. \u00c0 ce niveau, le ministre de la D\u00e9centralisation Rapha\u00ebl Akotegnon a rassur\u00e9 les d\u00e9put\u00e9s de ce que le Gouvernement n&rsquo;a pas suspendu le sursalaire aux agents des collectivit\u00e9s locales. Compte tenu de ce que beaucoup de mairies paient leurs agents directement, le Gouvernement veut s&rsquo;assurer sur leurs capacit\u00e9s afin de faire le compl\u00e9ment li\u00e9 au sursalaire, a-t-il expliqu\u00e9.<\/p>\n<p>Hermann OBINTI<\/p>\n<\/div>\n\t\t<\/div><\/div><\/div><div id=\"pgc-5628-1-2\"  class=\"panel-grid-cell panel-grid-cell-empty\" ><\/div><\/div><\/div>","protected":false},"excerpt":{"rendered":"<p>Les d\u00e9put\u00e9s ont ouvert le bal du contr\u00f4le de l&rsquo;action gouvernementale pour le compte de la 9eme l\u00e9gislature ce jeudi 04 mai 2023 au Palais des Gouverneurs \u00e0 Porto-Novo.  Sous la f\u00e9rule du pr\u00e9sident Louis Gb\u00e8hounou VLAVONOU et en pr\u00e9sence des membres du Gouvernement, une question d&rsquo;actualit\u00e9 et une question orale sans d\u00e9bat ont \u00e9t\u00e9 d\u00e9battues. Il s&rsquo;agit premi\u00e8rement de la question d&rsquo;actualit\u00e9 li\u00e9e au drame de Dassa survenu le 29 janvier 2023 et pos\u00e9e par le d\u00e9put\u00e9 Abdel Sika Bio Ouassagari et deuxi\u00e8mement de la question orale sans d\u00e9bat concernant la suspension des avantages accord\u00e9s aux agents des collectivit\u00e9s territoriales avec pour auteur le d\u00e9put\u00e9 Jo\u00ebl Godonou.<\/p>\n","protected":false},"author":13,"featured_media":5636,"comment_status":"closed","ping_status":"open","sticky":false,"template":"","format":"standard","meta":{"footnotes":""},"categories":[29],"tags":[],"class_list":["post-5628","post","type-post","status-publish","format-standard","has-post-thumbnail","hentry","category-actualites"],"_links":{"self":[{"href":"https:\/\/assemblee-nationale.bj\/index.php\/wp-json\/wp\/v2\/posts\/5628","targetHints":{"allow":["GET"]}}],"collection":[{"href":"https:\/\/assemblee-nationale.bj\/index.php\/wp-json\/wp\/v2\/posts"}],"about":[{"href":"https:\/\/assemblee-nationale.bj\/index.php\/wp-json\/wp\/v2\/types\/post"}],"author":[{"embeddable":true,"href":"https:\/\/assemblee-nationale.bj\/index.php\/wp-json\/wp\/v2\/users\/13"}],"replies":[{"embeddable":true,"href":"https:\/\/assemblee-nationale.bj\/index.php\/wp-json\/wp\/v2\/comments?post=5628"}],"version-history":[{"count":1,"href":"https:\/\/assemblee-nationale.bj\/index.php\/wp-json\/wp\/v2\/posts\/5628\/revisions"}],"predecessor-version":[{"id":5637,"href":"https:\/\/assemblee-nationale.bj\/index.php\/wp-json\/wp\/v2\/posts\/5628\/revisions\/5637"}],"wp:featuredmedia":[{"embeddable":true,"href":"https:\/\/assemblee-nationale.bj\/index.php\/wp-json\/wp\/v2\/media\/5636"}],"wp:attachment":[{"href":"https:\/\/assemblee-nationale.bj\/index.php\/wp-json\/wp\/v2\/media?parent=5628"}],"wp:term":[{"taxonomy":"category","embeddable":true,"href":"https:\/\/assemblee-nationale.bj\/index.php\/wp-json\/wp\/v2\/categories?post=5628"},{"taxonomy":"post_tag","embeddable":true,"href":"https:\/\/assemblee-nationale.bj\/index.php\/wp-json\/wp\/v2\/tags?post=5628"}],"curies":[{"name":"wp","href":"https:\/\/api.w.org\/{rel}","templated":true}]}}