
{"id":5641,"date":"2023-05-08T19:14:15","date_gmt":"2023-05-08T18:14:15","guid":{"rendered":"https:\/\/assemblee-nationale.bj\/?p=5641"},"modified":"2023-05-09T15:31:43","modified_gmt":"2023-05-09T14:31:43","slug":"direction-de-la-questure-de-lassemblee-nationale-et-unite-danalyse-de-controle-et-devaluation-du-budget-de-letat","status":"publish","type":"post","link":"https:\/\/assemblee-nationale.bj\/index.php\/2023\/05\/08\/direction-de-la-questure-de-lassemblee-nationale-et-unite-danalyse-de-controle-et-devaluation-du-budget-de-letat\/","title":{"rendered":"Direction de la questure de l&rsquo;Assembl\u00e9e nationale et Unit\u00e9 d&rsquo;analyse, de contr\u00f4le et d&rsquo;\u00e9valuation du budget de l&rsquo;\u00c9tat : \u00c9change de b\u00e2tons de commandement entre Bienvenue Ya\u00ef et Simplice Quenum"},"content":{"rendered":"<div id=\"pl-5641\"  class=\"panel-layout\" ><div id=\"pg-5641-0\"  class=\"panel-grid panel-no-style\" ><div id=\"pgc-5641-0-0\"  class=\"panel-grid-cell\" ><div id=\"panel-5641-0-0-0\" class=\"so-panel widget widget_text panel-first-child panel-last-child\" data-index=\"0\" ><div class=\"panel-widget-style panel-widget-style-for-5641-0-0-0\" >\t\t\t<div class=\"textwidget\"><p><strong>Direction de la questure de l&rsquo;Assembl\u00e9e nationale et Unit\u00e9 d&rsquo;analyse, de contr\u00f4le et d&rsquo;\u00e9valuation du budget de l&rsquo;\u00c9tat : \u00c9change de b\u00e2tons de commandement entre Bienvenue Ya\u00ef et Simplice Quenum<\/strong><\/p>\n<p style=\"text-align: justify; line-height: 150%; background: white; margin: 0cm 0cm 4.5pt 0cm;\"><span style=\"color: #1c1e21;\"><strong><br \/>\n<\/strong> <\/span><\/p>\n<p><strong>\u00a0<\/strong><\/p>\n<\/div>\n\t\t<\/div><\/div><\/div><\/div><div id=\"pg-5641-1\"  class=\"panel-grid panel-no-style\" ><div id=\"pgc-5641-1-0\"  class=\"panel-grid-cell panel-grid-cell-empty\" ><\/div><div id=\"pgc-5641-1-1\"  class=\"panel-grid-cell panel-grid-cell-mobile-last\" ><div id=\"panel-5641-1-1-0\" class=\"so-panel widget widget_text panel-first-child panel-last-child\" data-index=\"1\" ><div class=\"panel-widget-style panel-widget-style-for-5641-1-1-0\" >\t\t\t<div class=\"textwidget\"><div class=\"foogallery foogallery-container foogallery-carousel foogallery-lightbox-foobox fg-carousel fg-light fg-border-thin fg-shadow-outline fg-loading-default fg-loaded-fade-in fg-caption-hover fg-hover-fade fg-hover-zoom fg-ready\" id=\"foogallery-gallery-5658\" data-foogallery=\"{&quot;item&quot;:{&quot;showCaptionTitle&quot;:true,&quot;showCaptionDescription&quot;:true},&quot;lazy&quot;:true,&quot;template&quot;:{&quot;maxItems&quot;:5,&quot;scale&quot;:0.18,&quot;gutter&quot;:{&quot;min&quot;:-40,&quot;max&quot;:-40,&quot;unit&quot;:&quot;%&quot;},&quot;autoplay&quot;:{&quot;time&quot;:3,&quot;interaction&quot;:&quot;pause&quot;},&quot;centerOnClick&quot;:false}}\" >\r\n\t<button type=\"button\" class=\"fg-carousel-prev\"><\/button>\r\n\t<div class=\"fg-carousel-inner\">\r\n\t\t<div class=\"fg-carousel-center\"><\/div>\r\n\t\t<div class=\"fg-item fg-type-image fg-idle\"><figure class=\"fg-item-inner\"><a href=\"https:\/\/assemblee-nationale.bj\/wp-content\/uploads\/2023\/05\/Direction-de-la-questure-de-lAssembl\u00e9e-nationale-et-Unit\u00e9-danalyse-de-contr\u00f4le-et-d\u00e9valuation-du-budget-de-l\u00c9tat-1.jpeg\" data-attachment-id=\"5661\" class=\"fg-thumb\"><span class=\"fg-image-wrap\"><img fetchpriority=\"high\" decoding=\"async\" width=\"400\" height=\"300\" class=\"skip-lazy fg-image\" data-src-fg=\"https:\/\/assemblee-nationale.bj\/wp-content\/uploads\/cache\/2023\/05\/Direction-de-la-questure-de-lAssembl\u00e9e-nationale-et-Unit\u00e9-danalyse-de-contr\u00f4le-et-d\u00e9valuation-du-budget-de-l\u00c9tat-1\/2635139024.jpeg\" src=\"data:image\/svg+xml,%3Csvg%20xmlns%3D%22http%3A%2F%2Fwww.w3.org%2F2000%2Fsvg%22%20width%3D%22400%22%20height%3D%22300%22%20viewBox%3D%220%200%20400%20300%22%3E%3C%2Fsvg%3E\" loading=\"eager\"><\/span><span class=\"fg-image-overlay\"><\/span><\/a><figcaption class=\"fg-caption\"><div class=\"fg-caption-inner\"><\/div><\/figcaption><\/figure><div class=\"fg-loader\"><\/div><\/div><div class=\"fg-item fg-type-image fg-idle\"><figure class=\"fg-item-inner\"><a href=\"https:\/\/assemblee-nationale.bj\/wp-content\/uploads\/2023\/05\/Direction-de-la-questure-de-lAssembl\u00e9e-nationale-et-Unit\u00e9-danalyse-de-contr\u00f4le-et-d\u00e9valuation-du-budget-de-l\u00c9tat-2.jpeg\" data-attachment-id=\"5662\" class=\"fg-thumb\"><span class=\"fg-image-wrap\"><img decoding=\"async\" width=\"400\" height=\"300\" class=\"skip-lazy fg-image\" data-src-fg=\"https:\/\/assemblee-nationale.bj\/wp-content\/uploads\/cache\/2023\/05\/Direction-de-la-questure-de-lAssembl\u00e9e-nationale-et-Unit\u00e9-danalyse-de-contr\u00f4le-et-d\u00e9valuation-du-budget-de-l\u00c9tat-2\/2236288642.jpeg\" src=\"data:image\/svg+xml,%3Csvg%20xmlns%3D%22http%3A%2F%2Fwww.w3.org%2F2000%2Fsvg%22%20width%3D%22400%22%20height%3D%22300%22%20viewBox%3D%220%200%20400%20300%22%3E%3C%2Fsvg%3E\" loading=\"eager\"><\/span><span class=\"fg-image-overlay\"><\/span><\/a><figcaption class=\"fg-caption\"><div class=\"fg-caption-inner\"><\/div><\/figcaption><\/figure><div class=\"fg-loader\"><\/div><\/div><div class=\"fg-item fg-type-image fg-idle\"><figure class=\"fg-item-inner\"><a href=\"https:\/\/assemblee-nationale.bj\/wp-content\/uploads\/2023\/05\/Direction-de-la-questure-de-lAssembl\u00e9e-nationale-et-Unit\u00e9-danalyse-de-contr\u00f4le-et-d\u00e9valuation-du-budget-de-l\u00c9tat-3.jpeg\" data-attachment-id=\"5663\" class=\"fg-thumb\"><span class=\"fg-image-wrap\"><img decoding=\"async\" width=\"400\" height=\"300\" class=\"skip-lazy fg-image\" data-src-fg=\"https:\/\/assemblee-nationale.bj\/wp-content\/uploads\/cache\/2023\/05\/Direction-de-la-questure-de-lAssembl\u00e9e-nationale-et-Unit\u00e9-danalyse-de-contr\u00f4le-et-d\u00e9valuation-du-budget-de-l\u00c9tat-3\/1357169266.jpeg\" src=\"data:image\/svg+xml,%3Csvg%20xmlns%3D%22http%3A%2F%2Fwww.w3.org%2F2000%2Fsvg%22%20width%3D%22400%22%20height%3D%22300%22%20viewBox%3D%220%200%20400%20300%22%3E%3C%2Fsvg%3E\" loading=\"eager\"><\/span><span class=\"fg-image-overlay\"><\/span><\/a><figcaption class=\"fg-caption\"><div class=\"fg-caption-inner\"><\/div><\/figcaption><\/figure><div class=\"fg-loader\"><\/div><\/div><div class=\"fg-item fg-type-image fg-idle\"><figure class=\"fg-item-inner\"><a href=\"https:\/\/assemblee-nationale.bj\/wp-content\/uploads\/2023\/05\/Direction-de-la-questure-de-lAssembl\u00e9e-nationale-et-Unit\u00e9-danalyse-de-contr\u00f4le-et-d\u00e9valuation-du-budget-de-l\u00c9tat-4.jpeg\" data-attachment-id=\"5664\" class=\"fg-thumb\"><span class=\"fg-image-wrap\"><img decoding=\"async\" width=\"400\" height=\"300\" class=\"skip-lazy fg-image\" data-src-fg=\"https:\/\/assemblee-nationale.bj\/wp-content\/uploads\/cache\/2023\/05\/Direction-de-la-questure-de-lAssembl\u00e9e-nationale-et-Unit\u00e9-danalyse-de-contr\u00f4le-et-d\u00e9valuation-du-budget-de-l\u00c9tat-4\/356036193.jpeg\" src=\"data:image\/svg+xml,%3Csvg%20xmlns%3D%22http%3A%2F%2Fwww.w3.org%2F2000%2Fsvg%22%20width%3D%22400%22%20height%3D%22300%22%20viewBox%3D%220%200%20400%20300%22%3E%3C%2Fsvg%3E\" loading=\"eager\"><\/span><span class=\"fg-image-overlay\"><\/span><\/a><figcaption class=\"fg-caption\"><div class=\"fg-caption-inner\"><\/div><\/figcaption><\/figure><div class=\"fg-loader\"><\/div><\/div><div class=\"fg-item fg-type-image fg-idle\"><figure class=\"fg-item-inner\"><a href=\"https:\/\/assemblee-nationale.bj\/wp-content\/uploads\/2023\/05\/Direction-de-la-questure-de-lAssembl\u00e9e-nationale-et-Unit\u00e9-danalyse-de-contr\u00f4le-et-d\u00e9valuation-du-budget-de-l\u00c9tat-5.jpeg\" data-attachment-id=\"5665\" class=\"fg-thumb\"><span class=\"fg-image-wrap\"><img decoding=\"async\" width=\"400\" height=\"300\" class=\"skip-lazy fg-image\" data-src-fg=\"https:\/\/assemblee-nationale.bj\/wp-content\/uploads\/cache\/2023\/05\/Direction-de-la-questure-de-lAssembl\u00e9e-nationale-et-Unit\u00e9-danalyse-de-contr\u00f4le-et-d\u00e9valuation-du-budget-de-l\u00c9tat-5\/3231146641.jpeg\" src=\"data:image\/svg+xml,%3Csvg%20xmlns%3D%22http%3A%2F%2Fwww.w3.org%2F2000%2Fsvg%22%20width%3D%22400%22%20height%3D%22300%22%20viewBox%3D%220%200%20400%20300%22%3E%3C%2Fsvg%3E\" loading=\"eager\"><\/span><span class=\"fg-image-overlay\"><\/span><\/a><figcaption class=\"fg-caption\"><div class=\"fg-caption-inner\"><\/div><\/figcaption><\/figure><div class=\"fg-loader\"><\/div><\/div><div class=\"fg-item fg-type-image fg-idle\"><figure class=\"fg-item-inner\"><a href=\"https:\/\/assemblee-nationale.bj\/wp-content\/uploads\/2023\/05\/Direction-de-la-questure-de-lAssembl\u00e9e-nationale-et-Unit\u00e9-danalyse-de-contr\u00f4le-et-d\u00e9valuation-du-budget-de-l\u00c9tat-6.jpeg\" data-attachment-id=\"5666\" class=\"fg-thumb\"><span class=\"fg-image-wrap\"><img decoding=\"async\" width=\"400\" height=\"300\" class=\"skip-lazy fg-image\" data-src-fg=\"https:\/\/assemblee-nationale.bj\/wp-content\/uploads\/cache\/2023\/05\/Direction-de-la-questure-de-lAssembl\u00e9e-nationale-et-Unit\u00e9-danalyse-de-contr\u00f4le-et-d\u00e9valuation-du-budget-de-l\u00c9tat-6\/1695953344.jpeg\" src=\"data:image\/svg+xml,%3Csvg%20xmlns%3D%22http%3A%2F%2Fwww.w3.org%2F2000%2Fsvg%22%20width%3D%22400%22%20height%3D%22300%22%20viewBox%3D%220%200%20400%20300%22%3E%3C%2Fsvg%3E\" loading=\"eager\"><\/span><span class=\"fg-image-overlay\"><\/span><\/a><figcaption class=\"fg-caption\"><div class=\"fg-caption-inner\"><\/div><\/figcaption><\/figure><div class=\"fg-loader\"><\/div><\/div><div class=\"fg-item fg-type-image fg-idle\"><figure class=\"fg-item-inner\"><a href=\"https:\/\/assemblee-nationale.bj\/wp-content\/uploads\/2023\/05\/Direction-de-la-questure-de-lAssembl\u00e9e-nationale-et-Unit\u00e9-danalyse-de-contr\u00f4le-et-d\u00e9valuation-du-budget-de-l\u00c9tat-7.jpeg\" data-attachment-id=\"5667\" class=\"fg-thumb\"><span class=\"fg-image-wrap\"><img decoding=\"async\" width=\"400\" height=\"300\" class=\"skip-lazy fg-image\" data-src-fg=\"https:\/\/assemblee-nationale.bj\/wp-content\/uploads\/cache\/2023\/05\/Direction-de-la-questure-de-lAssembl\u00e9e-nationale-et-Unit\u00e9-danalyse-de-contr\u00f4le-et-d\u00e9valuation-du-budget-de-l\u00c9tat-7\/2964978992.jpeg\" src=\"data:image\/svg+xml,%3Csvg%20xmlns%3D%22http%3A%2F%2Fwww.w3.org%2F2000%2Fsvg%22%20width%3D%22400%22%20height%3D%22300%22%20viewBox%3D%220%200%20400%20300%22%3E%3C%2Fsvg%3E\" loading=\"eager\"><\/span><span class=\"fg-image-overlay\"><\/span><\/a><figcaption class=\"fg-caption\"><div class=\"fg-caption-inner\"><\/div><\/figcaption><\/figure><div class=\"fg-loader\"><\/div><\/div><div class=\"fg-item fg-type-image fg-idle\"><figure class=\"fg-item-inner\"><a href=\"https:\/\/assemblee-nationale.bj\/wp-content\/uploads\/2023\/05\/Direction-de-la-questure-de-lAssembl\u00e9e-nationale-et-Unit\u00e9-danalyse-de-contr\u00f4le-et-d\u00e9valuation-du-budget-de-l\u00c9tat-8.jpeg\" data-attachment-id=\"5668\" class=\"fg-thumb\"><span class=\"fg-image-wrap\"><img decoding=\"async\" width=\"400\" height=\"300\" class=\"skip-lazy fg-image\" data-src-fg=\"https:\/\/assemblee-nationale.bj\/wp-content\/uploads\/cache\/2023\/05\/Direction-de-la-questure-de-lAssembl\u00e9e-nationale-et-Unit\u00e9-danalyse-de-contr\u00f4le-et-d\u00e9valuation-du-budget-de-l\u00c9tat-8\/4004440550.jpeg\" src=\"data:image\/svg+xml,%3Csvg%20xmlns%3D%22http%3A%2F%2Fwww.w3.org%2F2000%2Fsvg%22%20width%3D%22400%22%20height%3D%22300%22%20viewBox%3D%220%200%20400%20300%22%3E%3C%2Fsvg%3E\" loading=\"eager\"><\/span><span class=\"fg-image-overlay\"><\/span><\/a><figcaption class=\"fg-caption\"><div class=\"fg-caption-inner\"><\/div><\/figcaption><\/figure><div class=\"fg-loader\"><\/div><\/div><div class=\"fg-item fg-type-image fg-idle\"><figure class=\"fg-item-inner\"><a href=\"https:\/\/assemblee-nationale.bj\/wp-content\/uploads\/2023\/05\/Direction-de-la-questure-de-lAssembl\u00e9e-nationale-et-Unit\u00e9-danalyse-de-contr\u00f4le-et-d\u00e9valuation-du-budget-de-l\u00c9tat-9.jpeg\" data-attachment-id=\"5669\" class=\"fg-thumb\"><span class=\"fg-image-wrap\"><img decoding=\"async\" width=\"400\" height=\"300\" class=\"skip-lazy fg-image\" data-src-fg=\"https:\/\/assemblee-nationale.bj\/wp-content\/uploads\/cache\/2023\/05\/Direction-de-la-questure-de-lAssembl\u00e9e-nationale-et-Unit\u00e9-danalyse-de-contr\u00f4le-et-d\u00e9valuation-du-budget-de-l\u00c9tat-9\/989930774.jpeg\" src=\"data:image\/svg+xml,%3Csvg%20xmlns%3D%22http%3A%2F%2Fwww.w3.org%2F2000%2Fsvg%22%20width%3D%22400%22%20height%3D%22300%22%20viewBox%3D%220%200%20400%20300%22%3E%3C%2Fsvg%3E\" loading=\"eager\"><\/span><span class=\"fg-image-overlay\"><\/span><\/a><figcaption class=\"fg-caption\"><div class=\"fg-caption-inner\"><\/div><\/figcaption><\/figure><div class=\"fg-loader\"><\/div><\/div><div class=\"fg-item fg-type-image fg-idle\"><figure class=\"fg-item-inner\"><a href=\"https:\/\/assemblee-nationale.bj\/wp-content\/uploads\/2023\/05\/Direction-de-la-questure-de-lAssembl\u00e9e-nationale-et-Unit\u00e9-danalyse-de-contr\u00f4le-et-d\u00e9valuation-du-budget-de-l\u00c9tat-10.jpeg\" data-attachment-id=\"5670\" class=\"fg-thumb\"><span class=\"fg-image-wrap\"><img decoding=\"async\" width=\"400\" height=\"300\" class=\"skip-lazy fg-image\" data-src-fg=\"https:\/\/assemblee-nationale.bj\/wp-content\/uploads\/cache\/2023\/05\/Direction-de-la-questure-de-lAssembl\u00e9e-nationale-et-Unit\u00e9-danalyse-de-contr\u00f4le-et-d\u00e9valuation-du-budget-de-l\u00c9tat-10\/716374283.jpeg\" src=\"data:image\/svg+xml,%3Csvg%20xmlns%3D%22http%3A%2F%2Fwww.w3.org%2F2000%2Fsvg%22%20width%3D%22400%22%20height%3D%22300%22%20viewBox%3D%220%200%20400%20300%22%3E%3C%2Fsvg%3E\" loading=\"eager\"><\/span><span class=\"fg-image-overlay\"><\/span><\/a><figcaption class=\"fg-caption\"><div class=\"fg-caption-inner\"><\/div><\/figcaption><\/figure><div class=\"fg-loader\"><\/div><\/div><div class=\"fg-item fg-type-image fg-idle\"><figure class=\"fg-item-inner\"><a href=\"https:\/\/assemblee-nationale.bj\/wp-content\/uploads\/2023\/05\/Direction-de-la-questure-de-lAssembl\u00e9e-nationale-et-Unit\u00e9-danalyse-de-contr\u00f4le-et-d\u00e9valuation-du-budget-de-l\u00c9tat-11.jpeg\" data-attachment-id=\"5671\" class=\"fg-thumb\"><span class=\"fg-image-wrap\"><img decoding=\"async\" width=\"400\" height=\"300\" class=\"skip-lazy fg-image\" data-src-fg=\"https:\/\/assemblee-nationale.bj\/wp-content\/uploads\/cache\/2023\/05\/Direction-de-la-questure-de-lAssembl\u00e9e-nationale-et-Unit\u00e9-danalyse-de-contr\u00f4le-et-d\u00e9valuation-du-budget-de-l\u00c9tat-11\/1868702630.jpeg\" src=\"data:image\/svg+xml,%3Csvg%20xmlns%3D%22http%3A%2F%2Fwww.w3.org%2F2000%2Fsvg%22%20width%3D%22400%22%20height%3D%22300%22%20viewBox%3D%220%200%20400%20300%22%3E%3C%2Fsvg%3E\" loading=\"eager\"><\/span><span class=\"fg-image-overlay\"><\/span><\/a><figcaption class=\"fg-caption\"><div class=\"fg-caption-inner\"><\/div><\/figcaption><\/figure><div class=\"fg-loader\"><\/div><\/div><div class=\"fg-item fg-type-image fg-idle\"><figure class=\"fg-item-inner\"><a href=\"https:\/\/assemblee-nationale.bj\/wp-content\/uploads\/2023\/05\/Direction-de-la-questure-de-lAssembl\u00e9e-nationale-et-Unit\u00e9-danalyse-de-contr\u00f4le-et-d\u00e9valuation-du-budget-de-l\u00c9tat-12.jpeg\" data-attachment-id=\"5672\" class=\"fg-thumb\"><span class=\"fg-image-wrap\"><img decoding=\"async\" width=\"400\" height=\"300\" class=\"skip-lazy fg-image\" data-src-fg=\"https:\/\/assemblee-nationale.bj\/wp-content\/uploads\/cache\/2023\/05\/Direction-de-la-questure-de-lAssembl\u00e9e-nationale-et-Unit\u00e9-danalyse-de-contr\u00f4le-et-d\u00e9valuation-du-budget-de-l\u00c9tat-12\/2702263377.jpeg\" src=\"data:image\/svg+xml,%3Csvg%20xmlns%3D%22http%3A%2F%2Fwww.w3.org%2F2000%2Fsvg%22%20width%3D%22400%22%20height%3D%22300%22%20viewBox%3D%220%200%20400%20300%22%3E%3C%2Fsvg%3E\" loading=\"eager\"><\/span><span class=\"fg-image-overlay\"><\/span><\/a><figcaption class=\"fg-caption\"><div class=\"fg-caption-inner\"><\/div><\/figcaption><\/figure><div class=\"fg-loader\"><\/div><\/div>\t<\/div>\r\n\t<div class=\"fg-carousel-bottom\"><\/div>\r\n\t<div class=\"fg-carousel-progress\"><\/div>\r\n\t<button type=\"button\" class=\"fg-carousel-next\"><\/button>\r\n<\/div>\n<p>&nbsp;<\/p>\n<p>La salle polyvalente Antoine Kolawol\u00e9 Idji de l&rsquo;Assembl\u00e9e nationale du B\u00e9nin a accueilli dans l&rsquo;apr\u00e8s-midi de ce lundi 8 mai 2023 la c\u00e9r\u00e9monie de passation de charges entre Simplice Quenum, ex-Directeur de la Questure du Parlement b\u00e9ninois et Bienvenue Ya\u00ef, ex-Directeur de l&rsquo;Unit\u00e9 d&rsquo;analyse, de contr\u00f4le et d&rsquo;\u00e9valuation du budget de l&rsquo;\u00c9tat (UNACEB). La c\u00e9r\u00e9monie au cours de laquelle ces deux Directeurs se sont \u00e9chang\u00e9s les b\u00e2tons de commandement des deux structures qu&rsquo;ils dirigeaient a \u00e9t\u00e9 pr\u00e9sid\u00e9e par Mathieu Ahouansou, Directeur du cabinet du Pr\u00e9sident Louis Gb\u00e8hounou Vlavonou. Il avait \u00e0 ses c\u00f4t\u00e9s Mariano Ogoutolou, Secr\u00e9taire g\u00e9n\u00e9ral administratif de l&rsquo;Assembl\u00e9e nationale du B\u00e9nin et son adjoint, sans compter Moukaram Badarou, Directeur adjoint du cabinet du Pr\u00e9sident de l&rsquo;Assembl\u00e9e.<\/p>\n<p>Apr\u00e8s avoir remerci\u00e9 le Pr\u00e9sident Louis Gb\u00e8hounou Vlavonou pour leur avoir permis de faire l&rsquo;exp\u00e9rience pass\u00e9e de la Direction de la Questure de l&rsquo;Assembl\u00e9e nationale du B\u00e9nin et de l&rsquo;Unaceb, Simplice Quenum et Bienvenue Ya\u00ef se sont engag\u00e9s \u00e0 ne pas trahir la confiance qui vient de leur \u00eatre renouvel\u00e9e \u00e0 travers leur nouvelle promotion au poste de Directeur de la Questure pour Bienvenue Ya\u00ef et de Directeur de l&rsquo;Unaceb pour Simplice Quenum.<\/p>\n<p>Dans son intervention en effet, Simplice Serge Quenum, ancien  Directeur de la Questure a aussi remerci\u00e9 les autres Directeurs et ses collaborateurs qui l&rsquo;ont accompagn\u00e9 dans la modernisation de gestion financi\u00e8re de l&rsquo;Assembl\u00e9e nationale du B\u00e9nin sous le leadership du Pr\u00e9sident Vlavonou. \u00a0\u00bb Ce qui importe n&rsquo;est pas ce qui est fait, mais ce qui reste \u00e0 faire\u00a0\u00bb, a-t-il dit.<\/p>\n<p>Pour sa part, Bienvenue Ya\u00ef a lui aussi remerci\u00e9 ses coll\u00e8gues de l&rsquo;Unaceb qui l&rsquo;ont accompagn\u00e9 avec d\u00e9vouement. Il a rendu hommage \u00e0 tous ses pr\u00e9d\u00e9cesseurs \u00e0 la t\u00eate de l&rsquo;Unaceb. Il a rappel\u00e9 que l&rsquo;Unaceb est une structure dont le r\u00f4le est de plus en plus pr\u00e9pond\u00e9rant pour l&rsquo;atteinte des objectifs de l&rsquo;Assembl\u00e9e nationale&#8230;Il a pour finir invit\u00e9 le personnel de l&rsquo;Unaceb \u00e0 demeurer mobilis\u00e9 derri\u00e8re le nouveau Directeur avec la m\u00eame ardeur pour l&rsquo;atteinte des objectifs fix\u00e9s \u00e0 cette Direction strat\u00e9gique.<\/p>\n<p>Mathieu Ahouansou, Directeur du cabinet du Pr\u00e9sident Louis Gb\u00e8hounou Vlavonou a f\u00e9licit\u00e9  les deux promus. \u00ab\u00a0Pour avoir travaill\u00e9 avec vous, je connais ce dont chacun de vous est capable. J&rsquo;ai pris acte de vos engagements.  Vous pouvez compter sur nous\u00a0\u00bb, a dit Mathieu Ahouansou.<\/p>\n<p>Les deux d\u00e9cisions du Pr\u00e9sident Louis Gb\u00e8hounou Vlavonou qui font de Bienvenue Ya\u00ef, nouveau Directeur de la Questure et de Simplice Serge Quenum, nouveau Directeur de l&rsquo;Unaceb ont \u00e9t\u00e9 lues par Mariano Ogoutolou, Secr\u00e9taire g\u00e9n\u00e9ral administratif de l&rsquo;Assembl\u00e9e nationale.<\/p>\n<p>El-Hadj Affissou Anonrin<\/p>\n<\/div>\n\t\t<\/div><\/div><\/div><div id=\"pgc-5641-1-2\"  class=\"panel-grid-cell panel-grid-cell-empty\" ><\/div><\/div><\/div>","protected":false},"excerpt":{"rendered":"<p>La salle polyvalente Antoine Kolawol\u00e9 Idji de l&rsquo;Assembl\u00e9e nationale du B\u00e9nin a accueilli dans l&rsquo;apr\u00e8s-midi de ce lundi 8 mai 2023 la c\u00e9r\u00e9monie de passation de charges entre Simplice Quenum, ex-Directeur de la Questure du Parlement b\u00e9ninois et Bienvenue Ya\u00ef, ex-Directeur de l&rsquo;Unit\u00e9 d&rsquo;analyse, de contr\u00f4le et d&rsquo;\u00e9valuation du budget de l&rsquo;\u00c9tat (UNACEB). La c\u00e9r\u00e9monie au cours de laquelle ces deux Directeurs se sont \u00e9chang\u00e9s les b\u00e2tons de commandement des deux structures qu&rsquo;ils dirigeaient a \u00e9t\u00e9 pr\u00e9sid\u00e9e par Mathieu Ahouansou, Directeur du cabinet du Pr\u00e9sident Louis Gb\u00e8hounou Vlavonou. <\/p>\n","protected":false},"author":13,"featured_media":5673,"comment_status":"closed","ping_status":"open","sticky":false,"template":"","format":"standard","meta":{"footnotes":""},"categories":[29],"tags":[],"class_list":["post-5641","post","type-post","status-publish","format-standard","has-post-thumbnail","hentry","category-actualites"],"_links":{"self":[{"href":"https:\/\/assemblee-nationale.bj\/index.php\/wp-json\/wp\/v2\/posts\/5641","targetHints":{"allow":["GET"]}}],"collection":[{"href":"https:\/\/assemblee-nationale.bj\/index.php\/wp-json\/wp\/v2\/posts"}],"about":[{"href":"https:\/\/assemblee-nationale.bj\/index.php\/wp-json\/wp\/v2\/types\/post"}],"author":[{"embeddable":true,"href":"https:\/\/assemblee-nationale.bj\/index.php\/wp-json\/wp\/v2\/users\/13"}],"replies":[{"embeddable":true,"href":"https:\/\/assemblee-nationale.bj\/index.php\/wp-json\/wp\/v2\/comments?post=5641"}],"version-history":[{"count":1,"href":"https:\/\/assemblee-nationale.bj\/index.php\/wp-json\/wp\/v2\/posts\/5641\/revisions"}],"predecessor-version":[{"id":5674,"href":"https:\/\/assemblee-nationale.bj\/index.php\/wp-json\/wp\/v2\/posts\/5641\/revisions\/5674"}],"wp:featuredmedia":[{"embeddable":true,"href":"https:\/\/assemblee-nationale.bj\/index.php\/wp-json\/wp\/v2\/media\/5673"}],"wp:attachment":[{"href":"https:\/\/assemblee-nationale.bj\/index.php\/wp-json\/wp\/v2\/media?parent=5641"}],"wp:term":[{"taxonomy":"category","embeddable":true,"href":"https:\/\/assemblee-nationale.bj\/index.php\/wp-json\/wp\/v2\/categories?post=5641"},{"taxonomy":"post_tag","embeddable":true,"href":"https:\/\/assemblee-nationale.bj\/index.php\/wp-json\/wp\/v2\/tags?post=5641"}],"curies":[{"name":"wp","href":"https:\/\/api.w.org\/{rel}","templated":true}]}}