
{"id":5710,"date":"2023-05-12T20:22:38","date_gmt":"2023-05-12T19:22:38","guid":{"rendered":"https:\/\/assemblee-nationale.bj\/?p=5710"},"modified":"2023-05-17T09:30:51","modified_gmt":"2023-05-17T08:30:51","slug":"performance-des-femmes-elues-deputes-a-la-9eme-legislature-le-president-vlavonou-lance-les-travaux-dun-atelier-initie-par-lascap","status":"publish","type":"post","link":"https:\/\/assemblee-nationale.bj\/index.php\/2023\/05\/12\/performance-des-femmes-elues-deputes-a-la-9eme-legislature-le-president-vlavonou-lance-les-travaux-dun-atelier-initie-par-lascap\/","title":{"rendered":"Performance des femmes \u00e9lues d\u00e9put\u00e9s \u00e0 la 9\u00e8me l\u00e9gislature : Le Pr\u00e9sident Vlavonou lance les travaux d&rsquo;un atelier initi\u00e9 par l&rsquo;ASCAP"},"content":{"rendered":"<div id=\"pl-5710\"  class=\"panel-layout\" ><div id=\"pg-5710-0\"  class=\"panel-grid panel-no-style\" ><div id=\"pgc-5710-0-0\"  class=\"panel-grid-cell\" ><div id=\"panel-5710-0-0-0\" class=\"so-panel widget widget_text panel-first-child panel-last-child\" data-index=\"0\" ><div class=\"panel-widget-style panel-widget-style-for-5710-0-0-0\" >\t\t\t<div class=\"textwidget\"><p><strong>Performance des femmes \u00e9lues d\u00e9put\u00e9s \u00e0 la 9\u00e8me l\u00e9gislature : Le Pr\u00e9sident Vlavonou lance les travaux d&rsquo;un atelier initi\u00e9 par l&rsquo;ASCAP<\/strong><\/p>\n<p style=\"text-align: justify; line-height: 150%; background: white; margin: 0cm 0cm 4.5pt 0cm;\"><span style=\"color: #1c1e21;\"><strong><br \/>\n<\/strong> <\/span><\/p>\n<p><strong>\u00a0<\/strong><\/p>\n<\/div>\n\t\t<\/div><\/div><\/div><\/div><div id=\"pg-5710-1\"  class=\"panel-grid panel-no-style\" ><div id=\"pgc-5710-1-0\"  class=\"panel-grid-cell panel-grid-cell-empty\" ><\/div><div id=\"pgc-5710-1-1\"  class=\"panel-grid-cell panel-grid-cell-mobile-last\" ><div id=\"panel-5710-1-1-0\" class=\"so-panel widget widget_text panel-first-child panel-last-child\" data-index=\"1\" ><div class=\"panel-widget-style panel-widget-style-for-5710-1-1-0\" >\t\t\t<div class=\"textwidget\"><div class=\"foogallery foogallery-container foogallery-carousel foogallery-lightbox-foobox fg-carousel fg-light fg-border-thin fg-shadow-outline fg-loading-default fg-loaded-fade-in fg-caption-hover fg-hover-fade fg-hover-zoom fg-ready\" id=\"foogallery-gallery-5681\" data-foogallery=\"{&quot;item&quot;:{&quot;showCaptionTitle&quot;:true,&quot;showCaptionDescription&quot;:true},&quot;lazy&quot;:true,&quot;template&quot;:{&quot;maxItems&quot;:5,&quot;scale&quot;:0.18,&quot;gutter&quot;:{&quot;min&quot;:-40,&quot;max&quot;:-40,&quot;unit&quot;:&quot;%&quot;},&quot;autoplay&quot;:{&quot;time&quot;:3,&quot;interaction&quot;:&quot;pause&quot;},&quot;centerOnClick&quot;:false}}\" >\r\n\t<button type=\"button\" class=\"fg-carousel-prev\"><\/button>\r\n\t<div class=\"fg-carousel-inner\">\r\n\t\t<div class=\"fg-carousel-center\"><\/div>\r\n\t\t<div class=\"fg-item fg-type-image fg-idle\"><figure class=\"fg-item-inner\"><a href=\"https:\/\/assemblee-nationale.bj\/wp-content\/uploads\/2023\/05\/LE-PR\u00c9SIDENT-VLAVONOU-LANCE-LES-TRAVAUX-DUN-ATELIER-INITI\u00c9-PAR-LASCAP-1.jpeg\" data-attachment-id=\"5688\" class=\"fg-thumb\"><span class=\"fg-image-wrap\"><img fetchpriority=\"high\" decoding=\"async\" width=\"400\" height=\"300\" class=\"skip-lazy fg-image\" data-src-fg=\"https:\/\/assemblee-nationale.bj\/wp-content\/uploads\/cache\/2023\/05\/LE-PR\u00c9SIDENT-VLAVONOU-LANCE-LES-TRAVAUX-DUN-ATELIER-INITI\u00c9-PAR-LASCAP-1\/900066003.jpeg\" src=\"data:image\/svg+xml,%3Csvg%20xmlns%3D%22http%3A%2F%2Fwww.w3.org%2F2000%2Fsvg%22%20width%3D%22400%22%20height%3D%22300%22%20viewBox%3D%220%200%20400%20300%22%3E%3C%2Fsvg%3E\" loading=\"eager\"><\/span><span class=\"fg-image-overlay\"><\/span><\/a><figcaption class=\"fg-caption\"><div class=\"fg-caption-inner\"><\/div><\/figcaption><\/figure><div class=\"fg-loader\"><\/div><\/div><div class=\"fg-item fg-type-image fg-idle\"><figure class=\"fg-item-inner\"><a href=\"https:\/\/assemblee-nationale.bj\/wp-content\/uploads\/2023\/05\/LE-PR\u00c9SIDENT-VLAVONOU-LANCE-LES-TRAVAUX-DUN-ATELIER-INITI\u00c9-PAR-LASCAP-2.jpeg\" data-attachment-id=\"5689\" class=\"fg-thumb\"><span class=\"fg-image-wrap\"><img decoding=\"async\" width=\"400\" height=\"300\" class=\"skip-lazy fg-image\" data-src-fg=\"https:\/\/assemblee-nationale.bj\/wp-content\/uploads\/cache\/2023\/05\/LE-PR\u00c9SIDENT-VLAVONOU-LANCE-LES-TRAVAUX-DUN-ATELIER-INITI\u00c9-PAR-LASCAP-2\/2532892230.jpeg\" src=\"data:image\/svg+xml,%3Csvg%20xmlns%3D%22http%3A%2F%2Fwww.w3.org%2F2000%2Fsvg%22%20width%3D%22400%22%20height%3D%22300%22%20viewBox%3D%220%200%20400%20300%22%3E%3C%2Fsvg%3E\" loading=\"eager\"><\/span><span class=\"fg-image-overlay\"><\/span><\/a><figcaption class=\"fg-caption\"><div class=\"fg-caption-inner\"><\/div><\/figcaption><\/figure><div class=\"fg-loader\"><\/div><\/div><div class=\"fg-item fg-type-image fg-idle\"><figure class=\"fg-item-inner\"><a href=\"https:\/\/assemblee-nationale.bj\/wp-content\/uploads\/2023\/05\/LE-PR\u00c9SIDENT-VLAVONOU-LANCE-LES-TRAVAUX-DUN-ATELIER-INITI\u00c9-PAR-LASCAP-3.jpeg\" data-attachment-id=\"5690\" class=\"fg-thumb\"><span class=\"fg-image-wrap\"><img decoding=\"async\" width=\"400\" height=\"300\" class=\"skip-lazy fg-image\" data-src-fg=\"https:\/\/assemblee-nationale.bj\/wp-content\/uploads\/cache\/2023\/05\/LE-PR\u00c9SIDENT-VLAVONOU-LANCE-LES-TRAVAUX-DUN-ATELIER-INITI\u00c9-PAR-LASCAP-3\/1655156055.jpeg\" src=\"data:image\/svg+xml,%3Csvg%20xmlns%3D%22http%3A%2F%2Fwww.w3.org%2F2000%2Fsvg%22%20width%3D%22400%22%20height%3D%22300%22%20viewBox%3D%220%200%20400%20300%22%3E%3C%2Fsvg%3E\" loading=\"eager\"><\/span><span class=\"fg-image-overlay\"><\/span><\/a><figcaption class=\"fg-caption\"><div class=\"fg-caption-inner\"><\/div><\/figcaption><\/figure><div class=\"fg-loader\"><\/div><\/div><div class=\"fg-item fg-type-image fg-idle\"><figure class=\"fg-item-inner\"><a href=\"https:\/\/assemblee-nationale.bj\/wp-content\/uploads\/2023\/05\/LE-PR\u00c9SIDENT-VLAVONOU-LANCE-LES-TRAVAUX-DUN-ATELIER-INITI\u00c9-PAR-LASCAP-4.jpeg\" data-attachment-id=\"5691\" class=\"fg-thumb\"><span class=\"fg-image-wrap\"><img decoding=\"async\" width=\"400\" height=\"300\" class=\"skip-lazy fg-image\" data-src-fg=\"https:\/\/assemblee-nationale.bj\/wp-content\/uploads\/cache\/2023\/05\/LE-PR\u00c9SIDENT-VLAVONOU-LANCE-LES-TRAVAUX-DUN-ATELIER-INITI\u00c9-PAR-LASCAP-4\/2730378375.jpeg\" src=\"data:image\/svg+xml,%3Csvg%20xmlns%3D%22http%3A%2F%2Fwww.w3.org%2F2000%2Fsvg%22%20width%3D%22400%22%20height%3D%22300%22%20viewBox%3D%220%200%20400%20300%22%3E%3C%2Fsvg%3E\" loading=\"eager\"><\/span><span class=\"fg-image-overlay\"><\/span><\/a><figcaption class=\"fg-caption\"><div class=\"fg-caption-inner\"><\/div><\/figcaption><\/figure><div class=\"fg-loader\"><\/div><\/div><div class=\"fg-item fg-type-image fg-idle\"><figure class=\"fg-item-inner\"><a href=\"https:\/\/assemblee-nationale.bj\/wp-content\/uploads\/2023\/05\/LE-PR\u00c9SIDENT-VLAVONOU-LANCE-LES-TRAVAUX-DUN-ATELIER-INITI\u00c9-PAR-LASCAP-5.jpeg\" data-attachment-id=\"5692\" class=\"fg-thumb\"><span class=\"fg-image-wrap\"><img decoding=\"async\" width=\"400\" height=\"300\" class=\"skip-lazy fg-image\" data-src-fg=\"https:\/\/assemblee-nationale.bj\/wp-content\/uploads\/cache\/2023\/05\/LE-PR\u00c9SIDENT-VLAVONOU-LANCE-LES-TRAVAUX-DUN-ATELIER-INITI\u00c9-PAR-LASCAP-5\/2185091758.jpeg\" src=\"data:image\/svg+xml,%3Csvg%20xmlns%3D%22http%3A%2F%2Fwww.w3.org%2F2000%2Fsvg%22%20width%3D%22400%22%20height%3D%22300%22%20viewBox%3D%220%200%20400%20300%22%3E%3C%2Fsvg%3E\" loading=\"eager\"><\/span><span class=\"fg-image-overlay\"><\/span><\/a><figcaption class=\"fg-caption\"><div class=\"fg-caption-inner\"><\/div><\/figcaption><\/figure><div class=\"fg-loader\"><\/div><\/div><div class=\"fg-item fg-type-image fg-idle\"><figure class=\"fg-item-inner\"><a href=\"https:\/\/assemblee-nationale.bj\/wp-content\/uploads\/2023\/05\/LE-PR\u00c9SIDENT-VLAVONOU-LANCE-LES-TRAVAUX-DUN-ATELIER-INITI\u00c9-PAR-LASCAP-6.jpeg\" data-attachment-id=\"5693\" class=\"fg-thumb\"><span class=\"fg-image-wrap\"><img decoding=\"async\" width=\"400\" height=\"300\" class=\"skip-lazy fg-image\" data-src-fg=\"https:\/\/assemblee-nationale.bj\/wp-content\/uploads\/cache\/2023\/05\/LE-PR\u00c9SIDENT-VLAVONOU-LANCE-LES-TRAVAUX-DUN-ATELIER-INITI\u00c9-PAR-LASCAP-6\/533226098.jpeg\" src=\"data:image\/svg+xml,%3Csvg%20xmlns%3D%22http%3A%2F%2Fwww.w3.org%2F2000%2Fsvg%22%20width%3D%22400%22%20height%3D%22300%22%20viewBox%3D%220%200%20400%20300%22%3E%3C%2Fsvg%3E\" loading=\"eager\"><\/span><span class=\"fg-image-overlay\"><\/span><\/a><figcaption class=\"fg-caption\"><div class=\"fg-caption-inner\"><\/div><\/figcaption><\/figure><div class=\"fg-loader\"><\/div><\/div><div class=\"fg-item fg-type-image fg-idle\"><figure class=\"fg-item-inner\"><a href=\"https:\/\/assemblee-nationale.bj\/wp-content\/uploads\/2023\/05\/LE-PR\u00c9SIDENT-VLAVONOU-LANCE-LES-TRAVAUX-DUN-ATELIER-INITI\u00c9-PAR-LASCAP-7.jpeg\" data-attachment-id=\"5694\" class=\"fg-thumb\"><span class=\"fg-image-wrap\"><img decoding=\"async\" width=\"400\" height=\"300\" class=\"skip-lazy fg-image\" data-src-fg=\"https:\/\/assemblee-nationale.bj\/wp-content\/uploads\/cache\/2023\/05\/LE-PR\u00c9SIDENT-VLAVONOU-LANCE-LES-TRAVAUX-DUN-ATELIER-INITI\u00c9-PAR-LASCAP-7\/3275417340.jpeg\" src=\"data:image\/svg+xml,%3Csvg%20xmlns%3D%22http%3A%2F%2Fwww.w3.org%2F2000%2Fsvg%22%20width%3D%22400%22%20height%3D%22300%22%20viewBox%3D%220%200%20400%20300%22%3E%3C%2Fsvg%3E\" loading=\"eager\"><\/span><span class=\"fg-image-overlay\"><\/span><\/a><figcaption class=\"fg-caption\"><div class=\"fg-caption-inner\"><\/div><\/figcaption><\/figure><div class=\"fg-loader\"><\/div><\/div><div class=\"fg-item fg-type-image fg-idle\"><figure class=\"fg-item-inner\"><a href=\"https:\/\/assemblee-nationale.bj\/wp-content\/uploads\/2023\/05\/LE-PR\u00c9SIDENT-VLAVONOU-LANCE-LES-TRAVAUX-DUN-ATELIER-INITI\u00c9-PAR-LASCAP-8.jpeg\" data-attachment-id=\"5696\" class=\"fg-thumb\"><span class=\"fg-image-wrap\"><img decoding=\"async\" width=\"400\" height=\"300\" class=\"skip-lazy fg-image\" data-src-fg=\"https:\/\/assemblee-nationale.bj\/wp-content\/uploads\/cache\/2023\/05\/LE-PR\u00c9SIDENT-VLAVONOU-LANCE-LES-TRAVAUX-DUN-ATELIER-INITI\u00c9-PAR-LASCAP-8\/2399348574.jpeg\" src=\"data:image\/svg+xml,%3Csvg%20xmlns%3D%22http%3A%2F%2Fwww.w3.org%2F2000%2Fsvg%22%20width%3D%22400%22%20height%3D%22300%22%20viewBox%3D%220%200%20400%20300%22%3E%3C%2Fsvg%3E\" loading=\"eager\"><\/span><span class=\"fg-image-overlay\"><\/span><\/a><figcaption class=\"fg-caption\"><div class=\"fg-caption-inner\"><\/div><\/figcaption><\/figure><div class=\"fg-loader\"><\/div><\/div><div class=\"fg-item fg-type-image fg-idle\"><figure class=\"fg-item-inner\"><a href=\"https:\/\/assemblee-nationale.bj\/wp-content\/uploads\/2023\/05\/LE-PR\u00c9SIDENT-VLAVONOU-LANCE-LES-TRAVAUX-DUN-ATELIER-INITI\u00c9-PAR-LASCAP-9.jpeg\" data-attachment-id=\"5698\" class=\"fg-thumb\"><span class=\"fg-image-wrap\"><img decoding=\"async\" width=\"400\" height=\"300\" class=\"skip-lazy fg-image\" data-src-fg=\"https:\/\/assemblee-nationale.bj\/wp-content\/uploads\/cache\/2023\/05\/LE-PR\u00c9SIDENT-VLAVONOU-LANCE-LES-TRAVAUX-DUN-ATELIER-INITI\u00c9-PAR-LASCAP-9\/3558479046.jpeg\" src=\"data:image\/svg+xml,%3Csvg%20xmlns%3D%22http%3A%2F%2Fwww.w3.org%2F2000%2Fsvg%22%20width%3D%22400%22%20height%3D%22300%22%20viewBox%3D%220%200%20400%20300%22%3E%3C%2Fsvg%3E\" loading=\"eager\"><\/span><span class=\"fg-image-overlay\"><\/span><\/a><figcaption class=\"fg-caption\"><div class=\"fg-caption-inner\"><\/div><\/figcaption><\/figure><div class=\"fg-loader\"><\/div><\/div><div class=\"fg-item fg-type-image fg-idle\"><figure class=\"fg-item-inner\"><a href=\"https:\/\/assemblee-nationale.bj\/wp-content\/uploads\/2023\/05\/LE-PR\u00c9SIDENT-VLAVONOU-LANCE-LES-TRAVAUX-DUN-ATELIER-INITI\u00c9-PAR-LASCAP-10.jpeg\" data-attachment-id=\"5700\" class=\"fg-thumb\"><span class=\"fg-image-wrap\"><img decoding=\"async\" width=\"400\" height=\"300\" class=\"skip-lazy fg-image\" data-src-fg=\"https:\/\/assemblee-nationale.bj\/wp-content\/uploads\/cache\/2023\/05\/LE-PR\u00c9SIDENT-VLAVONOU-LANCE-LES-TRAVAUX-DUN-ATELIER-INITI\u00c9-PAR-LASCAP-10\/2510118171.jpeg\" src=\"data:image\/svg+xml,%3Csvg%20xmlns%3D%22http%3A%2F%2Fwww.w3.org%2F2000%2Fsvg%22%20width%3D%22400%22%20height%3D%22300%22%20viewBox%3D%220%200%20400%20300%22%3E%3C%2Fsvg%3E\" loading=\"eager\"><\/span><span class=\"fg-image-overlay\"><\/span><\/a><figcaption class=\"fg-caption\"><div class=\"fg-caption-inner\"><\/div><\/figcaption><\/figure><div class=\"fg-loader\"><\/div><\/div><div class=\"fg-item fg-type-image fg-idle\"><figure class=\"fg-item-inner\"><a href=\"https:\/\/assemblee-nationale.bj\/wp-content\/uploads\/2023\/05\/LE-PR\u00c9SIDENT-VLAVONOU-LANCE-LES-TRAVAUX-DUN-ATELIER-INITI\u00c9-PAR-LASCAP-11.jpeg\" data-attachment-id=\"5702\" class=\"fg-thumb\"><span class=\"fg-image-wrap\"><img decoding=\"async\" width=\"400\" height=\"300\" class=\"skip-lazy fg-image\" data-src-fg=\"https:\/\/assemblee-nationale.bj\/wp-content\/uploads\/cache\/2023\/05\/LE-PR\u00c9SIDENT-VLAVONOU-LANCE-LES-TRAVAUX-DUN-ATELIER-INITI\u00c9-PAR-LASCAP-11\/1266280912.jpeg\" src=\"data:image\/svg+xml,%3Csvg%20xmlns%3D%22http%3A%2F%2Fwww.w3.org%2F2000%2Fsvg%22%20width%3D%22400%22%20height%3D%22300%22%20viewBox%3D%220%200%20400%20300%22%3E%3C%2Fsvg%3E\" loading=\"eager\"><\/span><span class=\"fg-image-overlay\"><\/span><\/a><figcaption class=\"fg-caption\"><div class=\"fg-caption-inner\"><\/div><\/figcaption><\/figure><div class=\"fg-loader\"><\/div><\/div>\t<\/div>\r\n\t<div class=\"fg-carousel-bottom\"><\/div>\r\n\t<div class=\"fg-carousel-progress\"><\/div>\r\n\t<button type=\"button\" class=\"fg-carousel-next\"><\/button>\r\n<\/div>\n<p>&nbsp;<\/p>\n<p>       \u00ab\u00a0Contribution des femmes d\u00e9put\u00e9s \u00e0 la performance de la neuvi\u00e8me l\u00e9gislature\u00a0\u00bb. C&rsquo;est le th\u00e8me de l&rsquo;atelier de formation des femmes \u00e9lues d\u00e9put\u00e9s organis\u00e9 par l&rsquo;Acad\u00e9mie des sciences constitutionnelle, administrative et politique (ASCAP) gr\u00e2ce \u00e0 l&rsquo;appui technique et financier de la Fondation Hanns Seidel \u00e0 Ganna h\u00f4tel \u00e0 Grand-Popo les 11 et 12 mai 2023. Dans son mot d&rsquo;ouverture des travaux, le pr\u00e9sident de l&rsquo;Assembl\u00e9e nationale Louis Gb\u00e8hounou VLAVONOU a recommand\u00e9 quelques pistes aux 29 femmes d\u00e9put\u00e9s en vue de leur r\u00e9ussite en politique.<\/p>\n<p>        Apr\u00e8s le s\u00e9minaire d&rsquo;impr\u00e9gnation et d&rsquo;immersion du 13 au 15 mais 2023 \u00e0 Popo Mill\u00e9nium Beach de Grand-Popo, ensuite la mise en place du Caucus des femmes parlementaires \u00e0 l&rsquo;occasion d&rsquo;un s\u00e9minaire tenu \u00e0 K\u00e9tou  du 04 au 5 avril 2023, les 29 femmes \u00e9lues d\u00e9put\u00e9s se retrouvent \u00e0 nouveau \u00e0 Grand-Popo depuis ce jeudi 11 mai 2023 pour renforcer leurs capacit\u00e9s afin d&rsquo;optimiser leur contribution \u00e0 la performance de la 9eme l\u00e9gislature.<\/p>\n<p>       Dans son mot de bienvenue, le pr\u00e9sident de l&rsquo;ASCAP, Me Ibrahim D. SALAMI a salu\u00e9 la pr\u00e9sence de l&rsquo;autorit\u00e9 parlementaire, des femmes \u00e9lues d\u00e9put\u00e9s, des repr\u00e9sentants des partis politiques pr\u00e9sents au Parlement, de la Directrice de l&rsquo;Institut parlementaire du B\u00e9nin (Ipab) \u00e0 cet atelier de formation dont le but est de contribuer \u00e0 la plus value des femmes \u00e9lues d\u00e9put\u00e9s \u00e0 la 9eme l\u00e9gislature. En tant que soci\u00e9t\u00e9 civile universitaire, l&rsquo;ASCAP, vu les avanc\u00e9es enregistr\u00e9es dans la repr\u00e9sentativit\u00e9 des femmes au Parlement avec les 29 femmes de la 9\u00e8me l\u00e9gislature gr\u00e2ce aux r\u00e9formes constitutionnelles et politiques, a d\u00e9cid\u00e9 de les accompagner. Cette formation rev\u00eat un enjeu capital car elle est technique et permettra de renforcer  votre capacit\u00e9 \u00e0 l&rsquo;initiative des lois et au contr\u00f4le de l&rsquo;action gouvernementale, a-t-il ajout\u00e9 \u00e0 l&rsquo;endroit des participants. <\/p>\n<p>       Pour sa part, le maire de Grand-Popo Jocelyn AHYI n&rsquo;a pas cach\u00e9 sa joie d&rsquo;accueillir une activit\u00e9 d\u00e9di\u00e9e \u00e0 la bonne contribution parlementaire des 29 femmes \u00e9lues d\u00e9put\u00e9s. \u00c0 son tour, le repr\u00e9sentant r\u00e9gional de la Fondation Hanns Seidel,<br \/>\nGoetz HEEINICKE s&rsquo;est r\u00e9joui du financement de cette activit\u00e9 qui, il faut le mentionner,  est  sa premi\u00e8re en Afrique de l&rsquo;ouest avant de souhaiter bons travaux aux participants. <\/p>\n<p>        Prenant la parole, le pr\u00e9sident de l&rsquo;Assembl\u00e9e nationale Louis Gb\u00e8hounou VLAVONOU a d\u00e9clar\u00e9 avoir fait le d\u00e9placement de Grand-Popo avec joie et fiert\u00e9 l\u00e9gitime. <\/p>\n<p>         Parlant des attentes dudit atelier, le pr\u00e9sident VLAVONOU a laiss\u00e9 entendre que l&rsquo;ASCAP par cet atelier pourrait apporter des r\u00e9ponses aux questions des femmes notamment: \u00a0\u00bb \u00c0 quels moyens, les femmes parlementaires b\u00e9ninoises doivent-elles avoir recours pour que leur influence se fasse sentir quel que soit le nombre.  Comment les femmes parlementaires b\u00e9ninoises peuvent-elles optimiser leur influence sur le processus politique par la voie l\u00e9gislative ? Quelles sont les strat\u00e9gies qu\u2019elles peuvent d\u00e9velopper pour accro\u00eetre leur efficacit\u00e9 ? Quelles le\u00e7ons les parlementaires actuelles peuvent-elles donner \u00e0 celles qui aspirent \u00e0 le devenir ?\u00a0\u00bb, a-t-il cit\u00e9. <\/p>\n<p>        Aux femmes \u00e9lues d\u00e9put\u00e9s, le pr\u00e9sident VLAVONOU a conseill\u00e9 : \u00ab\u00a0&#8230;que jamais, la politique ne soit pour vous une source de disputes, de conflits, de s\u00e9paration familiale ;  la politique ne vous am\u00e8ne \u00e0 n\u00e9gliger l\u2019\u00e9ducation de vos enfants ;  la politique ne vous am\u00e8ne \u00e0 n\u00e9gliger vos \u00e9poux ;  la politique ne soit la cause de vos contreperformances au service. Bref, politique d\u2019accord mais mari et enfants d\u2019abord !\u00a0\u00bb. <\/p>\n<p>Les obstacles \u00e0 la participation \u00e0 la vie politique, diagnostic et solutions<\/p>\n<p>        Pour revenir au th\u00e8me proprement dit, l&rsquo;autorit\u00e9 parlementaire a commenc\u00e9 par faire un \u00e9tat des lieux. \u00a0\u00bb<br \/>\nEn effet, la situation de la repr\u00e9sentation des femmes au niveau de l\u2019Assembl\u00e9e nationale du B\u00e9nin a bien \u00e9volu\u00e9 depuis le 12 f\u00e9vrier 2023. Ainsi, si\u00e8gent \u00e0 l\u2019h\u00e9micycle au Palais des gouverneurs \u00e0 Porto-Novo, vingt-neuf (29) femmes sur les cent neuf (109) d\u00e9put\u00e9s \u00e9lus \u00e0 l\u2019occasion des derni\u00e8res l\u00e9gislatives de janvier 2023, soit un taux de 26,60% contre 7,23 % de femmes \u00e9lues pour le compte de la l\u00e9gislature pr\u00e9c\u00e9dente. Depuis l\u2019av\u00e8nement du Renouveau d\u00e9mocratique au B\u00e9nin, le taux de repr\u00e9sentation des femmes au parlement n\u2019a jamais exc\u00e9d\u00e9 les 10%.<br \/>\nLe leadership des femmes et leur participation \u00e0 la vie politique sont partout menac\u00e9s. Les femmes sont sous-repr\u00e9sent\u00e9es aussi bien comme \u00e9lectrices que dans les fonctions dirigeantes, au sein des assembl\u00e9es \u00e9lues, dans l&rsquo;administration publique ou encore dans le secteur priv\u00e9 ou le monde universitaire. Et ceci malgr\u00e9 leurs comp\u00e9tences maintes fois d\u00e9montr\u00e9es, en tant que leaders et agents du changement, et en d\u00e9pit de leur droit de participer en toute \u00e9galit\u00e9 \u00e0 la gouvernance d\u00e9mocratique.\u00a0\u00bb <\/p>\n<p>        Apr\u00e8s cette parenth\u00e8se, le pr\u00e9sident VLAVONOU a abord\u00e9 les deux obstacles rencontr\u00e9s par les femmes sur la voie de la participation \u00e0 la vie politique.   \u00ab\u00a0Les femmes sont confront\u00e9es \u00e0 deux sortes d&rsquo;obstacles sur la voie de la participation \u00e0 la vie politique. D&rsquo;une part, des entraves structurelles caus\u00e9es par des lois et des institutions discriminatoires qui r\u00e9duisent encore aujourd&rsquo;hui leurs possibilit\u00e9s de voter ou de se porter candidates \u00e0 un mandat politique. D&rsquo;autre part, faute de moyens, les femmes ont moins de chances que les hommes de suivre une formation, de nouer les contacts et de b\u00e9n\u00e9ficier des ressources n\u00e9cessaires pour devenir des dirigeantes performantes.\u00a0\u00bb, a-t-il soulign\u00e9.<\/p>\n<p>          Par ailleurs, l&rsquo;autorit\u00e9 parlementaire a propos\u00e9 trois fa\u00e7ons pour aborder la question des diff\u00e9rences de comportement politique entre femme et homme. \u00ab\u00a0&#8230;La premi\u00e8re naturalise les comportements \u00e0 partir de l\u2019appartenance sexuelle. La deuxi\u00e8me ouvre la discussion sur les facteurs sociaux pouvant expliquer des comportements diff\u00e9rents selon le sexe. La troisi\u00e8me consiste \u00e0 d\u00e9terminer les facteurs sociaux qui influencent le comportement politique\u2026\u00a0\u00bb, a-t-il rappel\u00e9.<\/p>\n<p>       Comme solutions, le pr\u00e9sident de l&rsquo;Assembl\u00e9e nationale a propos\u00e9 :\u00a0\u00bb&#8230;Pour permettre aux femmes de militer plus et donc de peser plus fortement sur la vie politique, il est n\u00e9cessaire d\u2019agir sur les deux dimensions : leur ouvrir plus largement le monde du travail r\u00e9mun\u00e9r\u00e9, cr\u00e9er les conditions de leur acc\u00e8s \u00e0 des postes hi\u00e9rarchiquement \u00e9lev\u00e9s, et faire en sorte que l\u2019investissement dans le travail domestique ne soit pas, comme il l\u2019est encore trop souvent, leur devoir premier.\u00a0\u00bb<\/p>\n<p>04 communications au menu des \u00e9changes <\/p>\n<p>         Pendant deux jours, les femmes \u00e9lues d\u00e9put\u00e9s ont droit \u00e0 quatre communications. Dans la premi\u00e8re journ\u00e9e, il y a eu le module n\u00b0 1 dont le th\u00e8me est :\u00a0\u00bbLeadership f\u00e9minin et l\u00e9gislatif\u00a0\u00bb anim\u00e9 par la directrice de l&rsquo;Ipab, l&rsquo;He  Sedami Fagla et le module n\u00b0 2 dont le th\u00e8me est \u00ab\u00a0La l\u00e9gislation: l&rsquo;art et la science de l\u00e9gif\u00e9rer\u00a0\u00bb anim\u00e9 par le professeur Ibrahim Salami. La deuxi\u00e8me journ\u00e9e est marqu\u00e9e par le module n\u00b03 dont le th\u00e8me est \u00ab\u00a0Le d\u00e9put\u00e9 et le droit p\u00e9nal\u00a0\u00bb anim\u00e9 par le magistrat Gilbert Togbonon et enfin le module n\u00b04 dont le th\u00e8me est: \u00ab\u00a0Le d\u00e9put\u00e9 et l&rsquo;art oratoire\u00a0\u00bb anim\u00e9 par Djarra Moussa Soumanou.<\/p>\n<p>Hermann OBINTI<\/p>\n<\/div>\n\t\t<\/div><\/div><\/div><div id=\"pgc-5710-1-2\"  class=\"panel-grid-cell panel-grid-cell-empty\" ><\/div><\/div><\/div>","protected":false},"excerpt":{"rendered":"<p>Contribution des femmes d\u00e9put\u00e9s \u00e0 la performance de la neuvi\u00e8me l\u00e9gislature\u00a0\u00bb. C&rsquo;est le th\u00e8me de l&rsquo;atelier de formation des femmes \u00e9lues d\u00e9put\u00e9s organis\u00e9 par l&rsquo;Acad\u00e9mie des sciences constitutionnelle, administrative et politique (ASCAP) gr\u00e2ce \u00e0 l&rsquo;appui technique et financier de la Fondation Hanns Seidel \u00e0 Ganna h\u00f4tel \u00e0 Grand-Popo les 11 et 12 mai 2023. Dans son mot d&rsquo;ouverture des travaux, le pr\u00e9sident de l&rsquo;Assembl\u00e9e nationale Louis Gb\u00e8hounou VLAVONOU a recommand\u00e9 quelques pistes aux 29 femmes d\u00e9put\u00e9s en vue de leur r\u00e9ussite en politique.<\/p>\n","protected":false},"author":13,"featured_media":5693,"comment_status":"closed","ping_status":"open","sticky":false,"template":"","format":"standard","meta":{"footnotes":""},"categories":[29],"tags":[],"class_list":["post-5710","post","type-post","status-publish","format-standard","has-post-thumbnail","hentry","category-actualites"],"_links":{"self":[{"href":"https:\/\/assemblee-nationale.bj\/index.php\/wp-json\/wp\/v2\/posts\/5710","targetHints":{"allow":["GET"]}}],"collection":[{"href":"https:\/\/assemblee-nationale.bj\/index.php\/wp-json\/wp\/v2\/posts"}],"about":[{"href":"https:\/\/assemblee-nationale.bj\/index.php\/wp-json\/wp\/v2\/types\/post"}],"author":[{"embeddable":true,"href":"https:\/\/assemblee-nationale.bj\/index.php\/wp-json\/wp\/v2\/users\/13"}],"replies":[{"embeddable":true,"href":"https:\/\/assemblee-nationale.bj\/index.php\/wp-json\/wp\/v2\/comments?post=5710"}],"version-history":[{"count":1,"href":"https:\/\/assemblee-nationale.bj\/index.php\/wp-json\/wp\/v2\/posts\/5710\/revisions"}],"predecessor-version":[{"id":5713,"href":"https:\/\/assemblee-nationale.bj\/index.php\/wp-json\/wp\/v2\/posts\/5710\/revisions\/5713"}],"wp:featuredmedia":[{"embeddable":true,"href":"https:\/\/assemblee-nationale.bj\/index.php\/wp-json\/wp\/v2\/media\/5693"}],"wp:attachment":[{"href":"https:\/\/assemblee-nationale.bj\/index.php\/wp-json\/wp\/v2\/media?parent=5710"}],"wp:term":[{"taxonomy":"category","embeddable":true,"href":"https:\/\/assemblee-nationale.bj\/index.php\/wp-json\/wp\/v2\/categories?post=5710"},{"taxonomy":"post_tag","embeddable":true,"href":"https:\/\/assemblee-nationale.bj\/index.php\/wp-json\/wp\/v2\/tags?post=5710"}],"curies":[{"name":"wp","href":"https:\/\/api.w.org\/{rel}","templated":true}]}}