
{"id":6165,"date":"2023-07-28T19:40:02","date_gmt":"2023-07-28T18:40:02","guid":{"rendered":"https:\/\/assemblee-nationale.bj\/?p=6165"},"modified":"2023-07-31T10:01:33","modified_gmt":"2023-07-31T09:01:33","slug":"assemblee-nationale-du-benin-les-nouveaux-responsables-de-la-cellule-de-communication-et-de-la-cellule-juridique-du-president-vlavonou-officiellement-installes","status":"publish","type":"post","link":"https:\/\/assemblee-nationale.bj\/index.php\/2023\/07\/28\/assemblee-nationale-du-benin-les-nouveaux-responsables-de-la-cellule-de-communication-et-de-la-cellule-juridique-du-president-vlavonou-officiellement-installes\/","title":{"rendered":"Assembl\u00e9e nationale du B\u00e9nin : Les nouveaux responsables de la cellule de communication et de la cellule Juridique du Pr\u00e9sident Vlavonou officiellement install\u00e9s"},"content":{"rendered":"<div id=\"pl-6165\"  class=\"panel-layout\" ><div id=\"pg-6165-0\"  class=\"panel-grid panel-no-style\" ><div id=\"pgc-6165-0-0\"  class=\"panel-grid-cell\" ><div id=\"panel-6165-0-0-0\" class=\"so-panel widget widget_text panel-first-child panel-last-child\" data-index=\"0\" ><div class=\"panel-widget-style panel-widget-style-for-6165-0-0-0\" >\t\t\t<div class=\"textwidget\"><p><strong>Assembl\u00e9e nationale du B\u00e9nin : Les nouveaux responsables de la cellule de communication et de la cellule Juridique du Pr\u00e9sident Vlavonou officiellement install\u00e9s<\/strong><\/p>\n<p style=\"text-align: justify; line-height: 150%; background: white; margin: 0cm 0cm 4.5pt 0cm;\"><span style=\"color: #1c1e21;\"><strong><br \/>\n<\/strong> <\/span><\/p>\n<p><strong>\u00a0<\/strong><\/p>\n<\/div>\n\t\t<\/div><\/div><\/div><\/div><div id=\"pg-6165-1\"  class=\"panel-grid panel-no-style\" ><div id=\"pgc-6165-1-0\"  class=\"panel-grid-cell panel-grid-cell-empty\" ><\/div><div id=\"pgc-6165-1-1\"  class=\"panel-grid-cell panel-grid-cell-mobile-last\" ><div id=\"panel-6165-1-1-0\" class=\"so-panel widget widget_text panel-first-child panel-last-child\" data-index=\"1\" ><div class=\"panel-widget-style panel-widget-style-for-6165-1-1-0\" >\t\t\t<div class=\"textwidget\"><div class=\"foogallery foogallery-container foogallery-carousel foogallery-lightbox-foobox fg-carousel fg-light fg-border-thin fg-shadow-outline fg-loading-default fg-loaded-fade-in fg-caption-hover fg-hover-fade fg-hover-zoom fg-ready\" id=\"foogallery-gallery-6133\" data-foogallery=\"{&quot;item&quot;:{&quot;showCaptionTitle&quot;:true,&quot;showCaptionDescription&quot;:true},&quot;lazy&quot;:true,&quot;template&quot;:{&quot;maxItems&quot;:5,&quot;scale&quot;:0.18,&quot;gutter&quot;:{&quot;min&quot;:-40,&quot;max&quot;:-40,&quot;unit&quot;:&quot;%&quot;},&quot;autoplay&quot;:{&quot;time&quot;:3,&quot;interaction&quot;:&quot;pause&quot;},&quot;centerOnClick&quot;:false}}\" >\r\n\t<button type=\"button\" class=\"fg-carousel-prev\"><\/button>\r\n\t<div class=\"fg-carousel-inner\">\r\n\t\t<div class=\"fg-carousel-center\"><\/div>\r\n\t\t<div class=\"fg-item fg-type-image fg-idle\"><figure class=\"fg-item-inner\"><a href=\"https:\/\/assemblee-nationale.bj\/wp-content\/uploads\/2023\/07\/Les-nouveaux-responsables-de-la-cellule-de-communication-et-de-la-cellule-Juridique-du-Pr\u00e9sident-Vlavonou-officiellement-install\u00e9s-1.jpeg\" data-attachment-id=\"6154\" class=\"fg-thumb\"><span class=\"fg-image-wrap\"><img fetchpriority=\"high\" decoding=\"async\" width=\"400\" height=\"300\" class=\"skip-lazy fg-image\" data-src-fg=\"https:\/\/assemblee-nationale.bj\/wp-content\/uploads\/cache\/2023\/07\/Les-nouveaux-responsables-de-la-cellule-de-communication-et-de-la-cellule-Juridique-du-Pr\u00e9sident-Vlavonou-officiellement-install\u00e9s-1\/2026363548.jpeg\" src=\"data:image\/svg+xml,%3Csvg%20xmlns%3D%22http%3A%2F%2Fwww.w3.org%2F2000%2Fsvg%22%20width%3D%22400%22%20height%3D%22300%22%20viewBox%3D%220%200%20400%20300%22%3E%3C%2Fsvg%3E\" loading=\"eager\"><\/span><span class=\"fg-image-overlay\"><\/span><\/a><figcaption class=\"fg-caption\"><div class=\"fg-caption-inner\"><\/div><\/figcaption><\/figure><div class=\"fg-loader\"><\/div><\/div><div class=\"fg-item fg-type-image fg-idle\"><figure class=\"fg-item-inner\"><a href=\"https:\/\/assemblee-nationale.bj\/wp-content\/uploads\/2023\/07\/Les-nouveaux-responsables-de-la-cellule-de-communication-et-de-la-cellule-Juridique-du-Pr\u00e9sident-Vlavonou-officiellement-install\u00e9s-2.jpeg\" data-attachment-id=\"6155\" class=\"fg-thumb\"><span class=\"fg-image-wrap\"><img decoding=\"async\" width=\"400\" height=\"300\" class=\"skip-lazy fg-image\" data-src-fg=\"https:\/\/assemblee-nationale.bj\/wp-content\/uploads\/cache\/2023\/07\/Les-nouveaux-responsables-de-la-cellule-de-communication-et-de-la-cellule-Juridique-du-Pr\u00e9sident-Vlavonou-officiellement-install\u00e9s-2\/1599398518.jpeg\" src=\"data:image\/svg+xml,%3Csvg%20xmlns%3D%22http%3A%2F%2Fwww.w3.org%2F2000%2Fsvg%22%20width%3D%22400%22%20height%3D%22300%22%20viewBox%3D%220%200%20400%20300%22%3E%3C%2Fsvg%3E\" loading=\"eager\"><\/span><span class=\"fg-image-overlay\"><\/span><\/a><figcaption class=\"fg-caption\"><div class=\"fg-caption-inner\"><\/div><\/figcaption><\/figure><div class=\"fg-loader\"><\/div><\/div><div class=\"fg-item fg-type-image fg-idle\"><figure class=\"fg-item-inner\"><a href=\"https:\/\/assemblee-nationale.bj\/wp-content\/uploads\/2023\/07\/Les-nouveaux-responsables-de-la-cellule-de-communication-et-de-la-cellule-Juridique-du-Pr\u00e9sident-Vlavonou-officiellement-install\u00e9s-3.jpeg\" data-attachment-id=\"6156\" class=\"fg-thumb\"><span class=\"fg-image-wrap\"><img decoding=\"async\" width=\"400\" height=\"300\" class=\"skip-lazy fg-image\" data-src-fg=\"https:\/\/assemblee-nationale.bj\/wp-content\/uploads\/cache\/2023\/07\/Les-nouveaux-responsables-de-la-cellule-de-communication-et-de-la-cellule-Juridique-du-Pr\u00e9sident-Vlavonou-officiellement-install\u00e9s-3\/3784356123.jpeg\" src=\"data:image\/svg+xml,%3Csvg%20xmlns%3D%22http%3A%2F%2Fwww.w3.org%2F2000%2Fsvg%22%20width%3D%22400%22%20height%3D%22300%22%20viewBox%3D%220%200%20400%20300%22%3E%3C%2Fsvg%3E\" loading=\"eager\"><\/span><span class=\"fg-image-overlay\"><\/span><\/a><figcaption class=\"fg-caption\"><div class=\"fg-caption-inner\"><\/div><\/figcaption><\/figure><div class=\"fg-loader\"><\/div><\/div><div class=\"fg-item fg-type-image fg-idle\"><figure class=\"fg-item-inner\"><a href=\"https:\/\/assemblee-nationale.bj\/wp-content\/uploads\/2023\/07\/Les-nouveaux-responsables-de-la-cellule-de-communication-et-de-la-cellule-Juridique-du-Pr\u00e9sident-Vlavonou-officiellement-install\u00e9s-4.jpeg\" data-attachment-id=\"6157\" class=\"fg-thumb\"><span class=\"fg-image-wrap\"><img decoding=\"async\" width=\"400\" height=\"300\" class=\"skip-lazy fg-image\" data-src-fg=\"https:\/\/assemblee-nationale.bj\/wp-content\/uploads\/cache\/2023\/07\/Les-nouveaux-responsables-de-la-cellule-de-communication-et-de-la-cellule-Juridique-du-Pr\u00e9sident-Vlavonou-officiellement-install\u00e9s-4\/1414259703.jpeg\" src=\"data:image\/svg+xml,%3Csvg%20xmlns%3D%22http%3A%2F%2Fwww.w3.org%2F2000%2Fsvg%22%20width%3D%22400%22%20height%3D%22300%22%20viewBox%3D%220%200%20400%20300%22%3E%3C%2Fsvg%3E\" loading=\"eager\"><\/span><span class=\"fg-image-overlay\"><\/span><\/a><figcaption class=\"fg-caption\"><div class=\"fg-caption-inner\"><\/div><\/figcaption><\/figure><div class=\"fg-loader\"><\/div><\/div><div class=\"fg-item fg-type-image fg-idle\"><figure class=\"fg-item-inner\"><a href=\"https:\/\/assemblee-nationale.bj\/wp-content\/uploads\/2023\/07\/Les-nouveaux-responsables-de-la-cellule-de-communication-et-de-la-cellule-Juridique-du-Pr\u00e9sident-Vlavonou-officiellement-install\u00e9s-5.jpeg\" data-attachment-id=\"6158\" class=\"fg-thumb\"><span class=\"fg-image-wrap\"><img decoding=\"async\" width=\"400\" height=\"300\" class=\"skip-lazy fg-image\" data-src-fg=\"https:\/\/assemblee-nationale.bj\/wp-content\/uploads\/cache\/2023\/07\/Les-nouveaux-responsables-de-la-cellule-de-communication-et-de-la-cellule-Juridique-du-Pr\u00e9sident-Vlavonou-officiellement-install\u00e9s-5\/568436449.jpeg\" src=\"data:image\/svg+xml,%3Csvg%20xmlns%3D%22http%3A%2F%2Fwww.w3.org%2F2000%2Fsvg%22%20width%3D%22400%22%20height%3D%22300%22%20viewBox%3D%220%200%20400%20300%22%3E%3C%2Fsvg%3E\" loading=\"eager\"><\/span><span class=\"fg-image-overlay\"><\/span><\/a><figcaption class=\"fg-caption\"><div class=\"fg-caption-inner\"><\/div><\/figcaption><\/figure><div class=\"fg-loader\"><\/div><\/div><div class=\"fg-item fg-type-image fg-idle\"><figure class=\"fg-item-inner\"><a href=\"https:\/\/assemblee-nationale.bj\/wp-content\/uploads\/2023\/07\/Les-nouveaux-responsables-de-la-cellule-de-communication-et-de-la-cellule-Juridique-du-Pr\u00e9sident-Vlavonou-officiellement-install\u00e9s-6.jpeg\" data-attachment-id=\"6159\" class=\"fg-thumb\"><span class=\"fg-image-wrap\"><img decoding=\"async\" width=\"400\" height=\"300\" class=\"skip-lazy fg-image\" data-src-fg=\"https:\/\/assemblee-nationale.bj\/wp-content\/uploads\/cache\/2023\/07\/Les-nouveaux-responsables-de-la-cellule-de-communication-et-de-la-cellule-Juridique-du-Pr\u00e9sident-Vlavonou-officiellement-install\u00e9s-6\/3386287361.jpeg\" src=\"data:image\/svg+xml,%3Csvg%20xmlns%3D%22http%3A%2F%2Fwww.w3.org%2F2000%2Fsvg%22%20width%3D%22400%22%20height%3D%22300%22%20viewBox%3D%220%200%20400%20300%22%3E%3C%2Fsvg%3E\" loading=\"eager\"><\/span><span class=\"fg-image-overlay\"><\/span><\/a><figcaption class=\"fg-caption\"><div class=\"fg-caption-inner\"><\/div><\/figcaption><\/figure><div class=\"fg-loader\"><\/div><\/div><div class=\"fg-item fg-type-image fg-idle\"><figure class=\"fg-item-inner\"><a href=\"https:\/\/assemblee-nationale.bj\/wp-content\/uploads\/2023\/07\/Les-nouveaux-responsables-de-la-cellule-de-communication-et-de-la-cellule-Juridique-du-Pr\u00e9sident-Vlavonou-officiellement-install\u00e9s-7.jpeg\" data-attachment-id=\"6160\" class=\"fg-thumb\"><span class=\"fg-image-wrap\"><img decoding=\"async\" width=\"400\" height=\"300\" class=\"skip-lazy fg-image\" data-src-fg=\"https:\/\/assemblee-nationale.bj\/wp-content\/uploads\/cache\/2023\/07\/Les-nouveaux-responsables-de-la-cellule-de-communication-et-de-la-cellule-Juridique-du-Pr\u00e9sident-Vlavonou-officiellement-install\u00e9s-7\/3893156482.jpeg\" src=\"data:image\/svg+xml,%3Csvg%20xmlns%3D%22http%3A%2F%2Fwww.w3.org%2F2000%2Fsvg%22%20width%3D%22400%22%20height%3D%22300%22%20viewBox%3D%220%200%20400%20300%22%3E%3C%2Fsvg%3E\" loading=\"eager\"><\/span><span class=\"fg-image-overlay\"><\/span><\/a><figcaption class=\"fg-caption\"><div class=\"fg-caption-inner\"><\/div><\/figcaption><\/figure><div class=\"fg-loader\"><\/div><\/div><div class=\"fg-item fg-type-image fg-idle\"><figure class=\"fg-item-inner\"><a href=\"https:\/\/assemblee-nationale.bj\/wp-content\/uploads\/2023\/07\/Les-nouveaux-responsables-de-la-cellule-de-communication-et-de-la-cellule-Juridique-du-Pr\u00e9sident-Vlavonou-officiellement-install\u00e9s-8.jpeg\" data-attachment-id=\"6161\" class=\"fg-thumb\"><span class=\"fg-image-wrap\"><img decoding=\"async\" width=\"400\" height=\"300\" class=\"skip-lazy fg-image\" data-src-fg=\"https:\/\/assemblee-nationale.bj\/wp-content\/uploads\/cache\/2023\/07\/Les-nouveaux-responsables-de-la-cellule-de-communication-et-de-la-cellule-Juridique-du-Pr\u00e9sident-Vlavonou-officiellement-install\u00e9s-8\/3859753590.jpeg\" src=\"data:image\/svg+xml,%3Csvg%20xmlns%3D%22http%3A%2F%2Fwww.w3.org%2F2000%2Fsvg%22%20width%3D%22400%22%20height%3D%22300%22%20viewBox%3D%220%200%20400%20300%22%3E%3C%2Fsvg%3E\" loading=\"eager\"><\/span><span class=\"fg-image-overlay\"><\/span><\/a><figcaption class=\"fg-caption\"><div class=\"fg-caption-inner\"><\/div><\/figcaption><\/figure><div class=\"fg-loader\"><\/div><\/div><div class=\"fg-item fg-type-image fg-idle\"><figure class=\"fg-item-inner\"><a href=\"https:\/\/assemblee-nationale.bj\/wp-content\/uploads\/2023\/07\/Les-nouveaux-responsables-de-la-cellule-de-communication-et-de-la-cellule-Juridique-du-Pr\u00e9sident-Vlavonou-officiellement-install\u00e9s-9.jpeg\" data-attachment-id=\"6162\" class=\"fg-thumb\"><span class=\"fg-image-wrap\"><img decoding=\"async\" width=\"400\" height=\"300\" class=\"skip-lazy fg-image\" data-src-fg=\"https:\/\/assemblee-nationale.bj\/wp-content\/uploads\/cache\/2023\/07\/Les-nouveaux-responsables-de-la-cellule-de-communication-et-de-la-cellule-Juridique-du-Pr\u00e9sident-Vlavonou-officiellement-install\u00e9s-9\/1489729819.jpeg\" src=\"data:image\/svg+xml,%3Csvg%20xmlns%3D%22http%3A%2F%2Fwww.w3.org%2F2000%2Fsvg%22%20width%3D%22400%22%20height%3D%22300%22%20viewBox%3D%220%200%20400%20300%22%3E%3C%2Fsvg%3E\" loading=\"eager\"><\/span><span class=\"fg-image-overlay\"><\/span><\/a><figcaption class=\"fg-caption\"><div class=\"fg-caption-inner\"><\/div><\/figcaption><\/figure><div class=\"fg-loader\"><\/div><\/div>\t<\/div>\r\n\t<div class=\"fg-carousel-bottom\"><\/div>\r\n\t<div class=\"fg-carousel-progress\"><\/div>\r\n\t<button type=\"button\" class=\"fg-carousel-next\"><\/button>\r\n<\/div>\n<p>&nbsp;<\/p>\n<p>La salle polyvalente Antoine Kolawol\u00e9 Idji de l&rsquo;Assembl\u00e9e nationale du B\u00e9nin a abrit\u00e9 ce vendredi 28 juillet 2023 la c\u00e9r\u00e9monie d&rsquo;installation des nouveaux responsables de la Cellule juridique et de la Cellule de Communication du Pr\u00e9sident Louis Gb\u00e8hounou Vlavonou. Il s&rsquo;agit de Vitali Mahougnon Boton en qualit\u00e9 de Chef de la Cellule de Communication avec pour adjoint Sylvestre Bio Dakou et de Chabi Kpand\u00e9 Josu\u00e9 Olatoundji, Chef de la Cellule juridique avec pour adjoint Fourier Donkp\u00e8gan. Ils ont tous rang Directeur et Directeur adjoint dans l&rsquo;organigramme de l&rsquo;Assembl\u00e9e nationale du B\u00e9nin. Outre ces quatre personnes, le sieur James Williams Gbaguidi a \u00e9t\u00e9 confirm\u00e9 au poste de Directeur adjoint des Services de l&rsquo;information et de la communication. <\/p>\n<p>El-Hadj Affissou Anonrin<\/p>\n<p>Cette c\u00e9r\u00e9monie d&rsquo;installation qui a connu la participation de plusieurs Directeurs centraux et techniques, chefs services et membres de cabinet du Pr\u00e9sident de l&rsquo;Assembl\u00e9e nationale du B\u00e9nin a \u00e9t\u00e9  pour les nouveaux promus l&rsquo;occasion de remercier le Pr\u00e9sident Louis Gb\u00e8hounou Vlavonou et de prendre des engagements fermes. <\/p>\n<p>\u00ab Je mesure la grandeur de l&rsquo;\u0153uvre et la hauteur des attentes li\u00e9es \u00e0 cette fonction. Le pari de ce d\u00e9fi ne peut \u00eatre gagn\u00e9 ni relev\u00e9 par ma seule personne \u00bb, a dit le tout nouveau Directeur de la Cellule juridique du Pr\u00e9sident Louis Gb\u00e8hounou Vlavonou qui veut d\u00e9j\u00e0 pouvoir compter sur la franche collaboration des uns et des autres pour ce nouveau chantier qui s&rsquo;ouvre devant lui. Il n&rsquo;a pas manqu\u00e9 de renouveler sa gratitude au Pr\u00e9sident Louis Gb\u00e8hounou Vlavonou pour la confiance qu&rsquo;il a bien voulu placer en lui.<br \/>\nFourier Donkp\u00e8gan qui connait bien la maison a lui aussi dit toute sa gratitude au Pr\u00e9sident Louis Gb\u00e8hounou Vlavonou&#8230; Par ailleurs, il s&rsquo;est engag\u00e9 \u00e0 ne pas trahir la confiance plac\u00e9e en lui.<\/p>\n<p>\u00ab J \u2019ai la ferme conviction que la restructuration que conna\u00eet aujourd\u2019hui la Cellule de communication du Pr\u00e9sident de l\u2019Assembl\u00e9e nationale est de nature \u00e0 apporter une plus-value consid\u00e9rable \u00e0 la promotion de l\u2019image de marque de notre parlement et de son Pr\u00e9sident. Avec sa nouvelle configuration, je suis convaincu que la Cellule de communication dispose encore mieux de comp\u00e9tences av\u00e9r\u00e9es en mati\u00e8re de strat\u00e9gies de communication interne et externe, \u00e0 m\u00eame de satisfaire davantage les besoins de communication du Pr\u00e9sident de l\u2019Assembl\u00e9e nationale \u00bb, a dit pour sa part Vitali Boton. \u00ab Il ne nous reste qu\u2019\u00e0 continuer sans rel\u00e2che afin d&rsquo;\u00eatre encore plus \u00e0 la hauteur de la mission qui nous est confi\u00e9e par le Pr\u00e9sident de l\u2019Assembl\u00e9e nationale. Avec ma modeste exp\u00e9rience et surtout de ma d\u00e9termination, je sais pouvoir compter sur la disponibilit\u00e9 de mes collaborateurs, leur loyaut\u00e9 et leurs talents respectifs, avec l\u2019accompagnement des plus hautes autorit\u00e9s de l\u2019administration parlementaire et du cabinet du Pr\u00e9sident de l\u2019Assembl\u00e9e nationale \u00bb, a-t-il ajout\u00e9. Son parcours dans les diff\u00e9rentes fonctions auxquelles il a \u00e9t\u00e9 promu par le Pr\u00e9sident Vlavonou t\u00e9moignent d&rsquo;ailleurs en sa faveur&#8230;<\/p>\n<p>Dans la foul\u00e9e des interventions, James Williams Gbaguidi confirm\u00e9 dans ses fonctions de Directeur adjoint des Services de l&rsquo;information et de la Communication a lui aussi dit toute sa gratitude au Pr\u00e9sident Louis Gb\u00e8hounou Vlavonou pour la confiance qu&rsquo;il a bien voulu lui renouveler\u2026<\/p>\n<p>Dans son intervention, Mathieu Ahouansou, Directeur du cabinet du Pr\u00e9sident Louis Gb\u00e8hounou Vlavonou a insist\u00e9 sur la mission de la Cellule juridique, un peu comme pour rappeler \u00e0 son nouveau Directeur toute l&rsquo;importance de la mission qui lui est ainsi confi\u00e9e. \u00ab Vous \u00eates un homme exp\u00e9riment\u00e9 et comp\u00e9tent. Nous ne doutons pas du tout que vous \u00eates \u00e0 la hauteur de la mission qui vous a \u00e9t\u00e9 confi\u00e9e. Soyez certains que le concours des uns et des autres ne vous fera pas d\u00e9faut pour r\u00e9ussir votre mission \u00bb, a dit Mathieu Ahouansou pour qui le Pr\u00e9sident  Vlavonou a bien vu en mettant ensemble les deux comp\u00e9tences que d\u00e9tiennent Chabi Kpand\u00e9 Josu\u00e9 Olatoundji et son adjoint Fourier Donkp\u00e8gan pour relever les d\u00e9fis auxquels doit faire face sa Cellule Juridique.<\/p>\n<p> Une Cellule de Communication de type nouveau<\/p>\n<p>Selon les dispositions de la d\u00e9cision portant attributions, organisation et fonctionnement du Cabinet du Pr\u00e9sident de l\u2019Assembl\u00e9e nationale et du Secr\u00e9tariat g\u00e9n\u00e9ral administratif, la Cellule de communication du Pr\u00e9sident de l\u2019Assembl\u00e9e nationale, qui est l\u2019un des fruits des pertinentes r\u00e9formes initi\u00e9es par le Pr\u00e9sident VLAVONOU en vue de la modernisation du Parlement b\u00e9ninois, a pour mission de d\u00e9finir la politique de communication interne et externe du Pr\u00e9sident de l\u2019Assembl\u00e9e nationale.<br \/>\n\u00c0 ce titre, elle \u00e9labore la politique de communication et de promotion de l\u2019image du Pr\u00e9sident de l\u2019Assembl\u00e9e nationale, promeut la pr\u00e9sence du Pr\u00e9sident de l\u2019Assembl\u00e9e nationale sur tous les supports m\u00e9dias, \u00e9dite les communications et les dossiers de presse, pr\u00e9pare et anime les prises de parole du Pr\u00e9sident de l\u2019Assembl\u00e9e nationale, con\u00e7oit et r\u00e9alise des actions ou des outils de communication sur les activit\u00e9s du Pr\u00e9sident de l\u2019Assembl\u00e9e nationale, assure la veille m\u00e9diatique et le soin de l\u2019image du Pr\u00e9sident de l\u2019Assembl\u00e9e nationale et porte \u00e0 la connaissance du Pr\u00e9sident de l\u2019Assembl\u00e9e nationale, les opinions diverses sur la qualit\u00e9 des services de l\u2019institution.<\/p>\n<\/div>\n\t\t<\/div><\/div><\/div><div id=\"pgc-6165-1-2\"  class=\"panel-grid-cell panel-grid-cell-empty\" ><\/div><\/div><\/div>","protected":false},"excerpt":{"rendered":"<p>La salle polyvalente Antoine Kolawol\u00e9 Idji de l&rsquo;Assembl\u00e9e nationale du B\u00e9nin a abrit\u00e9 ce vendredi 28 juillet 2023 la c\u00e9r\u00e9monie d&rsquo;installation des nouveaux responsables de la Cellule juridique et de la Cellule de Communication du Pr\u00e9sident Louis Gb\u00e8hounou Vlavonou. Il s&rsquo;agit de Vitali Mahougnon Boton en qualit\u00e9 de Chef de la Cellule de Communication avec pour adjoint Sylvestre Bio Dakou et de Chabi Kpand\u00e9 Josu\u00e9 Olatoundji, Chef de la Cellule juridique avec pour adjoint Fourier Donkp\u00e8gan. Ils ont tous rang Directeur et Directeur adjoint dans l&rsquo;organigramme de l&rsquo;Assembl\u00e9e nationale du B\u00e9nin. Outre ces quatre personnes, le sieur James Williams Gbaguidi a \u00e9t\u00e9 confirm\u00e9 au poste de Directeur adjoint des Services de l&rsquo;information et de la communication.<\/p>\n","protected":false},"author":13,"featured_media":6154,"comment_status":"closed","ping_status":"open","sticky":false,"template":"","format":"standard","meta":{"footnotes":""},"categories":[29],"tags":[],"class_list":["post-6165","post","type-post","status-publish","format-standard","has-post-thumbnail","hentry","category-actualites"],"_links":{"self":[{"href":"https:\/\/assemblee-nationale.bj\/index.php\/wp-json\/wp\/v2\/posts\/6165","targetHints":{"allow":["GET"]}}],"collection":[{"href":"https:\/\/assemblee-nationale.bj\/index.php\/wp-json\/wp\/v2\/posts"}],"about":[{"href":"https:\/\/assemblee-nationale.bj\/index.php\/wp-json\/wp\/v2\/types\/post"}],"author":[{"embeddable":true,"href":"https:\/\/assemblee-nationale.bj\/index.php\/wp-json\/wp\/v2\/users\/13"}],"replies":[{"embeddable":true,"href":"https:\/\/assemblee-nationale.bj\/index.php\/wp-json\/wp\/v2\/comments?post=6165"}],"version-history":[{"count":1,"href":"https:\/\/assemblee-nationale.bj\/index.php\/wp-json\/wp\/v2\/posts\/6165\/revisions"}],"predecessor-version":[{"id":6170,"href":"https:\/\/assemblee-nationale.bj\/index.php\/wp-json\/wp\/v2\/posts\/6165\/revisions\/6170"}],"wp:featuredmedia":[{"embeddable":true,"href":"https:\/\/assemblee-nationale.bj\/index.php\/wp-json\/wp\/v2\/media\/6154"}],"wp:attachment":[{"href":"https:\/\/assemblee-nationale.bj\/index.php\/wp-json\/wp\/v2\/media?parent=6165"}],"wp:term":[{"taxonomy":"category","embeddable":true,"href":"https:\/\/assemblee-nationale.bj\/index.php\/wp-json\/wp\/v2\/categories?post=6165"},{"taxonomy":"post_tag","embeddable":true,"href":"https:\/\/assemblee-nationale.bj\/index.php\/wp-json\/wp\/v2\/tags?post=6165"}],"curies":[{"name":"wp","href":"https:\/\/api.w.org\/{rel}","templated":true}]}}