
{"id":6198,"date":"2023-08-02T17:42:57","date_gmt":"2023-08-02T16:42:57","guid":{"rendered":"https:\/\/assemblee-nationale.bj\/?p=6198"},"modified":"2023-08-14T11:56:09","modified_gmt":"2023-08-14T10:56:09","slug":"gildas-agonkan-a-sa-sortie-daudience-avec-le-president-vlavonou-jai-echange-avec-un-aine-soucieux-de-la-reussite-de-ma-mission-au-niger","status":"publish","type":"post","link":"https:\/\/assemblee-nationale.bj\/index.php\/2023\/08\/02\/gildas-agonkan-a-sa-sortie-daudience-avec-le-president-vlavonou-jai-echange-avec-un-aine-soucieux-de-la-reussite-de-ma-mission-au-niger\/","title":{"rendered":"Gildas Agonkan \u00e0 sa sortie d&rsquo;audience avec le Pr\u00e9sident Vlavonou : \u00ab J&rsquo;ai \u00e9chang\u00e9 avec un a\u00een\u00e9 soucieux de la r\u00e9ussite de ma mission au Niger \u00bb"},"content":{"rendered":"<div id=\"pl-6198\"  class=\"panel-layout\" ><div id=\"pg-6198-0\"  class=\"panel-grid panel-no-style\" ><div id=\"pgc-6198-0-0\"  class=\"panel-grid-cell\" ><div id=\"panel-6198-0-0-0\" class=\"so-panel widget widget_text panel-first-child panel-last-child\" data-index=\"0\" ><div class=\"panel-widget-style panel-widget-style-for-6198-0-0-0\" >\t\t\t<div class=\"textwidget\"><p><strong>Gildas Agonkan \u00e0 sa sortie d&rsquo;audience avec le Pr\u00e9sident Vlavonou : \u00ab J&rsquo;ai \u00e9chang\u00e9 avec un a\u00een\u00e9 soucieux de la r\u00e9ussite de ma mission au Niger \u00bb<\/strong><\/p>\n<p style=\"text-align: justify; line-height: 150%; background: white; margin: 0cm 0cm 4.5pt 0cm;\"><span style=\"color: #1c1e21;\"><strong><br \/>\n<\/strong> <\/span><\/p>\n<p><strong>\u00a0<\/strong><\/p>\n<\/div>\n\t\t<\/div><\/div><\/div><\/div><div id=\"pg-6198-1\"  class=\"panel-grid panel-no-style\" ><div id=\"pgc-6198-1-0\"  class=\"panel-grid-cell panel-grid-cell-empty\" ><\/div><div id=\"pgc-6198-1-1\"  class=\"panel-grid-cell panel-grid-cell-mobile-last\" ><div id=\"panel-6198-1-1-0\" class=\"so-panel widget widget_text panel-first-child panel-last-child\" data-index=\"1\" ><div class=\"panel-widget-style panel-widget-style-for-6198-1-1-0\" >\t\t\t<div class=\"textwidget\"><div class=\"foogallery foogallery-container foogallery-carousel foogallery-lightbox-foobox fg-carousel fg-light fg-border-thin fg-shadow-outline fg-loading-default fg-loaded-fade-in fg-caption-hover fg-hover-fade fg-hover-zoom fg-ready\" id=\"foogallery-gallery-6174\" data-foogallery=\"{&quot;item&quot;:{&quot;showCaptionTitle&quot;:true,&quot;showCaptionDescription&quot;:true},&quot;lazy&quot;:true,&quot;template&quot;:{&quot;maxItems&quot;:5,&quot;scale&quot;:0.18,&quot;gutter&quot;:{&quot;min&quot;:-40,&quot;max&quot;:-40,&quot;unit&quot;:&quot;%&quot;},&quot;autoplay&quot;:{&quot;time&quot;:3,&quot;interaction&quot;:&quot;pause&quot;},&quot;centerOnClick&quot;:false}}\" >\r\n\t<button type=\"button\" class=\"fg-carousel-prev\"><\/button>\r\n\t<div class=\"fg-carousel-inner\">\r\n\t\t<div class=\"fg-carousel-center\"><\/div>\r\n\t\t<div class=\"fg-item fg-type-image fg-idle\"><figure class=\"fg-item-inner\"><a href=\"https:\/\/assemblee-nationale.bj\/wp-content\/uploads\/2023\/08\/Gildas-Agonkan-\u00e0-sa-sortie-daudience-avec-le-Pr\u00e9sident-Vlavonou-1.jpeg\" data-attachment-id=\"6176\" class=\"fg-thumb\"><span class=\"fg-image-wrap\"><img fetchpriority=\"high\" decoding=\"async\" width=\"400\" height=\"300\" class=\"skip-lazy fg-image\" data-src-fg=\"https:\/\/assemblee-nationale.bj\/wp-content\/uploads\/cache\/2023\/08\/Gildas-Agonkan-\u00e0-sa-sortie-daudience-avec-le-Pr\u00e9sident-Vlavonou-1\/1270884859.jpeg\" src=\"data:image\/svg+xml,%3Csvg%20xmlns%3D%22http%3A%2F%2Fwww.w3.org%2F2000%2Fsvg%22%20width%3D%22400%22%20height%3D%22300%22%20viewBox%3D%220%200%20400%20300%22%3E%3C%2Fsvg%3E\" loading=\"eager\"><\/span><span class=\"fg-image-overlay\"><\/span><\/a><figcaption class=\"fg-caption\"><div class=\"fg-caption-inner\"><\/div><\/figcaption><\/figure><div class=\"fg-loader\"><\/div><\/div><div class=\"fg-item fg-type-image fg-idle\"><figure class=\"fg-item-inner\"><a href=\"https:\/\/assemblee-nationale.bj\/wp-content\/uploads\/2023\/08\/Gildas-Agonkan-\u00e0-sa-sortie-daudience-avec-le-Pr\u00e9sident-Vlavonou-2.jpeg\" data-attachment-id=\"6177\" class=\"fg-thumb\"><span class=\"fg-image-wrap\"><img decoding=\"async\" width=\"400\" height=\"300\" class=\"skip-lazy fg-image\" data-src-fg=\"https:\/\/assemblee-nationale.bj\/wp-content\/uploads\/cache\/2023\/08\/Gildas-Agonkan-\u00e0-sa-sortie-daudience-avec-le-Pr\u00e9sident-Vlavonou-2\/4043266151.jpeg\" src=\"data:image\/svg+xml,%3Csvg%20xmlns%3D%22http%3A%2F%2Fwww.w3.org%2F2000%2Fsvg%22%20width%3D%22400%22%20height%3D%22300%22%20viewBox%3D%220%200%20400%20300%22%3E%3C%2Fsvg%3E\" loading=\"eager\"><\/span><span class=\"fg-image-overlay\"><\/span><\/a><figcaption class=\"fg-caption\"><div class=\"fg-caption-inner\"><\/div><\/figcaption><\/figure><div class=\"fg-loader\"><\/div><\/div><div class=\"fg-item fg-type-image fg-idle\"><figure class=\"fg-item-inner\"><a href=\"https:\/\/assemblee-nationale.bj\/wp-content\/uploads\/2023\/08\/Gildas-Agonkan-\u00e0-sa-sortie-daudience-avec-le-Pr\u00e9sident-Vlavonou-3.jpeg\" data-attachment-id=\"6178\" class=\"fg-thumb\"><span class=\"fg-image-wrap\"><img decoding=\"async\" width=\"400\" height=\"300\" class=\"skip-lazy fg-image\" data-src-fg=\"https:\/\/assemblee-nationale.bj\/wp-content\/uploads\/cache\/2023\/08\/Gildas-Agonkan-\u00e0-sa-sortie-daudience-avec-le-Pr\u00e9sident-Vlavonou-3\/528714797.jpeg\" src=\"data:image\/svg+xml,%3Csvg%20xmlns%3D%22http%3A%2F%2Fwww.w3.org%2F2000%2Fsvg%22%20width%3D%22400%22%20height%3D%22300%22%20viewBox%3D%220%200%20400%20300%22%3E%3C%2Fsvg%3E\" loading=\"eager\"><\/span><span class=\"fg-image-overlay\"><\/span><\/a><figcaption class=\"fg-caption\"><div class=\"fg-caption-inner\"><\/div><\/figcaption><\/figure><div class=\"fg-loader\"><\/div><\/div><div class=\"fg-item fg-type-image fg-idle\"><figure class=\"fg-item-inner\"><a href=\"https:\/\/assemblee-nationale.bj\/wp-content\/uploads\/2023\/08\/Gildas-Agonkan-\u00e0-sa-sortie-daudience-avec-le-Pr\u00e9sident-Vlavonou-4.jpeg\" data-attachment-id=\"6179\" class=\"fg-thumb\"><span class=\"fg-image-wrap\"><img decoding=\"async\" width=\"400\" height=\"300\" class=\"skip-lazy fg-image\" data-src-fg=\"https:\/\/assemblee-nationale.bj\/wp-content\/uploads\/cache\/2023\/08\/Gildas-Agonkan-\u00e0-sa-sortie-daudience-avec-le-Pr\u00e9sident-Vlavonou-4\/3702196592.jpeg\" src=\"data:image\/svg+xml,%3Csvg%20xmlns%3D%22http%3A%2F%2Fwww.w3.org%2F2000%2Fsvg%22%20width%3D%22400%22%20height%3D%22300%22%20viewBox%3D%220%200%20400%20300%22%3E%3C%2Fsvg%3E\" loading=\"eager\"><\/span><span class=\"fg-image-overlay\"><\/span><\/a><figcaption class=\"fg-caption\"><div class=\"fg-caption-inner\"><\/div><\/figcaption><\/figure><div class=\"fg-loader\"><\/div><\/div><div class=\"fg-item fg-type-image fg-idle\"><figure class=\"fg-item-inner\"><a href=\"https:\/\/assemblee-nationale.bj\/wp-content\/uploads\/2023\/08\/Gildas-Agonkan-\u00e0-sa-sortie-daudience-avec-le-Pr\u00e9sident-Vlavonou-5.jpeg\" data-attachment-id=\"6180\" class=\"fg-thumb\"><span class=\"fg-image-wrap\"><img decoding=\"async\" width=\"400\" height=\"300\" class=\"skip-lazy fg-image\" data-src-fg=\"https:\/\/assemblee-nationale.bj\/wp-content\/uploads\/cache\/2023\/08\/Gildas-Agonkan-\u00e0-sa-sortie-daudience-avec-le-Pr\u00e9sident-Vlavonou-5\/799350180.jpeg\" src=\"data:image\/svg+xml,%3Csvg%20xmlns%3D%22http%3A%2F%2Fwww.w3.org%2F2000%2Fsvg%22%20width%3D%22400%22%20height%3D%22300%22%20viewBox%3D%220%200%20400%20300%22%3E%3C%2Fsvg%3E\" loading=\"eager\"><\/span><span class=\"fg-image-overlay\"><\/span><\/a><figcaption class=\"fg-caption\"><div class=\"fg-caption-inner\"><\/div><\/figcaption><\/figure><div class=\"fg-loader\"><\/div><\/div><div class=\"fg-item fg-type-image fg-idle\"><figure class=\"fg-item-inner\"><a href=\"https:\/\/assemblee-nationale.bj\/wp-content\/uploads\/2023\/08\/Gildas-Agonkan-\u00e0-sa-sortie-daudience-avec-le-Pr\u00e9sident-Vlavonou-6.jpeg\" data-attachment-id=\"6181\" class=\"fg-thumb\"><span class=\"fg-image-wrap\"><img decoding=\"async\" width=\"400\" height=\"300\" class=\"skip-lazy fg-image\" data-src-fg=\"https:\/\/assemblee-nationale.bj\/wp-content\/uploads\/cache\/2023\/08\/Gildas-Agonkan-\u00e0-sa-sortie-daudience-avec-le-Pr\u00e9sident-Vlavonou-6\/2975975925.jpeg\" src=\"data:image\/svg+xml,%3Csvg%20xmlns%3D%22http%3A%2F%2Fwww.w3.org%2F2000%2Fsvg%22%20width%3D%22400%22%20height%3D%22300%22%20viewBox%3D%220%200%20400%20300%22%3E%3C%2Fsvg%3E\" loading=\"eager\"><\/span><span class=\"fg-image-overlay\"><\/span><\/a><figcaption class=\"fg-caption\"><div class=\"fg-caption-inner\"><\/div><\/figcaption><\/figure><div class=\"fg-loader\"><\/div><\/div><div class=\"fg-item fg-type-image fg-idle\"><figure class=\"fg-item-inner\"><a href=\"https:\/\/assemblee-nationale.bj\/wp-content\/uploads\/2023\/08\/Gildas-Agonkan-\u00e0-sa-sortie-daudience-avec-le-Pr\u00e9sident-Vlavonou-7.jpeg\" data-attachment-id=\"6182\" class=\"fg-thumb\"><span class=\"fg-image-wrap\"><img decoding=\"async\" width=\"400\" height=\"300\" class=\"skip-lazy fg-image\" data-src-fg=\"https:\/\/assemblee-nationale.bj\/wp-content\/uploads\/cache\/2023\/08\/Gildas-Agonkan-\u00e0-sa-sortie-daudience-avec-le-Pr\u00e9sident-Vlavonou-7\/2494685771.jpeg\" src=\"data:image\/svg+xml,%3Csvg%20xmlns%3D%22http%3A%2F%2Fwww.w3.org%2F2000%2Fsvg%22%20width%3D%22400%22%20height%3D%22300%22%20viewBox%3D%220%200%20400%20300%22%3E%3C%2Fsvg%3E\" loading=\"eager\"><\/span><span class=\"fg-image-overlay\"><\/span><\/a><figcaption class=\"fg-caption\"><div class=\"fg-caption-inner\"><\/div><\/figcaption><\/figure><div class=\"fg-loader\"><\/div><\/div><div class=\"fg-item fg-type-image fg-idle\"><figure class=\"fg-item-inner\"><a href=\"https:\/\/assemblee-nationale.bj\/wp-content\/uploads\/2023\/08\/Gildas-Agonkan-\u00e0-sa-sortie-daudience-avec-le-Pr\u00e9sident-Vlavonou-8.jpeg\" data-attachment-id=\"6183\" class=\"fg-thumb\"><span class=\"fg-image-wrap\"><img decoding=\"async\" width=\"400\" height=\"300\" class=\"skip-lazy fg-image\" data-src-fg=\"https:\/\/assemblee-nationale.bj\/wp-content\/uploads\/cache\/2023\/08\/Gildas-Agonkan-\u00e0-sa-sortie-daudience-avec-le-Pr\u00e9sident-Vlavonou-8\/3963733262.jpeg\" src=\"data:image\/svg+xml,%3Csvg%20xmlns%3D%22http%3A%2F%2Fwww.w3.org%2F2000%2Fsvg%22%20width%3D%22400%22%20height%3D%22300%22%20viewBox%3D%220%200%20400%20300%22%3E%3C%2Fsvg%3E\" loading=\"eager\"><\/span><span class=\"fg-image-overlay\"><\/span><\/a><figcaption class=\"fg-caption\"><div class=\"fg-caption-inner\"><\/div><\/figcaption><\/figure><div class=\"fg-loader\"><\/div><\/div>\t<\/div>\r\n\t<div class=\"fg-carousel-bottom\"><\/div>\r\n\t<div class=\"fg-carousel-progress\"><\/div>\r\n\t<button type=\"button\" class=\"fg-carousel-next\"><\/button>\r\n<\/div>\n<p>&nbsp;<\/p>\n<p>Le Pr\u00e9sident de l&rsquo;Assembl\u00e9e nationale du B\u00e9nin, Louis Gb\u00e8hounou Vlavonou, a re\u00e7u ce mercredi 2 ao\u00fbt 2023, Gildas Agonkan, nouvel Ambassadeur de la R\u00e9publique du B\u00e9nin pr\u00e8s la R\u00e9publique du Niger. Il est all\u00e9 recueillir les conseils de la 2\u00e8me personnalit\u00e9 de l&rsquo;\u00c9tat pour mener \u00e0 bien la mission dont il a \u00e9t\u00e9 investi par le Pr\u00e9sident Patrice Talon. C&rsquo;est du moins ce qu&rsquo;il a d\u00e9clar\u00e9 \u00e0 sa sortie d&rsquo;audience.<\/p>\n<p>D\u00e9claration <\/p>\n<p>\u00ab C&rsquo;est une visite qui s&rsquo;inscrit dans le cadre du tour des Pr\u00e9sidents des Institutions de la R\u00e9publique que j&rsquo;ai entrepris pour recueillir leurs conseils afin de mieux accomplir la mission que le Chef de l&rsquo;\u00c9tat m&rsquo;a confi\u00e9e en terre nig\u00e9rienne. J&rsquo;ai \u00e9t\u00e9 en effet fait Ambassadeur de la R\u00e9publique du B\u00e9nin pr\u00e8s la R\u00e9publique s\u0153ur du Niger depuis le 14 juin 2023 et il \u00e9tait important qu&rsquo;avant de rentrer dans les pr\u00e9rogatives de mes fonctions que je fasse des \u00e9changes avec les Pr\u00e9sidents d&rsquo;institutions de la R\u00e9publique. C&rsquo;est donc dans ce cadre que je suis venu rencontrer le Pr\u00e9sident de l&rsquo;Assembl\u00e9e nationale du B\u00e9nin qui est en m\u00eame temps un papa et un ancien patron qui, au-del\u00e0 de son exp\u00e9rience parlementaire av\u00e9r\u00e9e est aussi un ancien Colonel de la douane. Vous imaginez donc l&rsquo;importance de toutes ces exp\u00e9riences l\u00e0 qu&rsquo;il a accumul\u00e9es dans les fonctions qui sont les miennes aujourd&rsquo;hui au Niger ;  un pays fr\u00e8re du B\u00e9nin, un pays de paix mais qui est aujourd&rsquo;hui en difficult\u00e9. Le Pr\u00e9sident m&rsquo;a prodigu\u00e9 des conseils par rapport \u00e0 ma fonction et en m\u00eame temps par rapport au climat de paix et de stabilit\u00e9 qui est indispensable pour une coh\u00e9sion entre les peuples du B\u00e9nin et du Niger. Vivement que ce qui se passe aujourd&rsquo;hui puisse rapidement prendre fin et que nous rentrions dans un climat de paix et de coh\u00e9sion sociale indubitablement bon pour nos deux peuples. Le Pr\u00e9sident Vlavonou m&rsquo;a prodigu\u00e9 beaucoup de conseils pour m&rsquo;accompagner au plan politique, au plan institutionnel et au plan \u00e9conomique, surtout que le B\u00e9nin et le Niger partagent une activit\u00e9 commerciale tr\u00e8s dynamique et dense. Ces conseils l\u00e0, je les prends avec beaucoup d&rsquo;humilit\u00e9, de satisfaction et de joie. Je t\u00e2cherai de les mettre en pratique afin que ma mission soit fructueuse pour le B\u00e9nin. Tous ces conseils ont \u00e9t\u00e9 d&rsquo;ailleurs couronn\u00e9s de b\u00e9n\u00e9dictions. N&rsquo;oubliez pas que le Pr\u00e9sident de l&rsquo;Assembl\u00e9e nationale est un fervent catholique. Bref, j&rsquo;ai \u00e9chang\u00e9 avec un papa soucieux de la r\u00e9ussite de ma mission au Niger \u00bb.<\/p>\n<p>Propos recueillis par El-Hadj Affissou Anonrin<\/p>\n<\/div>\n\t\t<\/div><\/div><\/div><div id=\"pgc-6198-1-2\"  class=\"panel-grid-cell panel-grid-cell-empty\" ><\/div><\/div><\/div>","protected":false},"excerpt":{"rendered":"<p>Le Pr\u00e9sident de l&rsquo;Assembl\u00e9e nationale du B\u00e9nin, Louis Gb\u00e8hounou Vlavonou, a re\u00e7u ce mercredi 2 ao\u00fbt 2023, Gildas Agonkan, nouvel Ambassadeur de la R\u00e9publique du B\u00e9nin pr\u00e8s la R\u00e9publique du Niger. Il est all\u00e9 recueillir les conseils de la 2\u00e8me personnalit\u00e9 de l&rsquo;\u00c9tat pour mener \u00e0 bien la mission dont il a \u00e9t\u00e9 investi par le Pr\u00e9sident Patrice Talon. C&rsquo;est du moins ce qu&rsquo;il a d\u00e9clar\u00e9 \u00e0 sa sortie d&rsquo;audience. \u00ab C&rsquo;est une visite qui s&rsquo;inscrit dans le cadre du tour des Pr\u00e9sidents des Institutions de la R\u00e9publique que j&rsquo;ai entrepris pour recueillir leurs conseils afin de mieux accomplir la mission que le Chef de l&rsquo;\u00c9tat m&rsquo;a confi\u00e9e en terre nig\u00e9rienne. J&rsquo;ai \u00e9t\u00e9 en effet fait Ambassadeur de la R\u00e9publique du B\u00e9nin pr\u00e8s la R\u00e9publique s\u0153ur du Niger depuis le 14 juin 2023 et il \u00e9tait important qu&rsquo;avant de rentrer dans les pr\u00e9rogatives de mes fonctions que je fasse des \u00e9changes avec les Pr\u00e9sidents d&rsquo;institutions de la R\u00e9publique.  <\/p>\n","protected":false},"author":13,"featured_media":6176,"comment_status":"closed","ping_status":"open","sticky":false,"template":"","format":"standard","meta":{"footnotes":""},"categories":[29],"tags":[],"class_list":["post-6198","post","type-post","status-publish","format-standard","has-post-thumbnail","hentry","category-actualites"],"_links":{"self":[{"href":"https:\/\/assemblee-nationale.bj\/index.php\/wp-json\/wp\/v2\/posts\/6198","targetHints":{"allow":["GET"]}}],"collection":[{"href":"https:\/\/assemblee-nationale.bj\/index.php\/wp-json\/wp\/v2\/posts"}],"about":[{"href":"https:\/\/assemblee-nationale.bj\/index.php\/wp-json\/wp\/v2\/types\/post"}],"author":[{"embeddable":true,"href":"https:\/\/assemblee-nationale.bj\/index.php\/wp-json\/wp\/v2\/users\/13"}],"replies":[{"embeddable":true,"href":"https:\/\/assemblee-nationale.bj\/index.php\/wp-json\/wp\/v2\/comments?post=6198"}],"version-history":[{"count":3,"href":"https:\/\/assemblee-nationale.bj\/index.php\/wp-json\/wp\/v2\/posts\/6198\/revisions"}],"predecessor-version":[{"id":6203,"href":"https:\/\/assemblee-nationale.bj\/index.php\/wp-json\/wp\/v2\/posts\/6198\/revisions\/6203"}],"wp:featuredmedia":[{"embeddable":true,"href":"https:\/\/assemblee-nationale.bj\/index.php\/wp-json\/wp\/v2\/media\/6176"}],"wp:attachment":[{"href":"https:\/\/assemblee-nationale.bj\/index.php\/wp-json\/wp\/v2\/media?parent=6198"}],"wp:term":[{"taxonomy":"category","embeddable":true,"href":"https:\/\/assemblee-nationale.bj\/index.php\/wp-json\/wp\/v2\/categories?post=6198"},{"taxonomy":"post_tag","embeddable":true,"href":"https:\/\/assemblee-nationale.bj\/index.php\/wp-json\/wp\/v2\/tags?post=6198"}],"curies":[{"name":"wp","href":"https:\/\/api.w.org\/{rel}","templated":true}]}}