
{"id":6677,"date":"2023-10-11T18:38:47","date_gmt":"2023-10-11T17:38:47","guid":{"rendered":"https:\/\/assemblee-nationale.bj\/?p=6677"},"modified":"2023-10-12T13:02:08","modified_gmt":"2023-10-12T12:02:08","slug":"atelier-parlementaire-dinternalisation-de-la-politique-nationale-demploi-au-benin-le-president-louis-vlavonou-ouvre-les-travaux-a-grand-popo","status":"publish","type":"post","link":"https:\/\/assemblee-nationale.bj\/index.php\/2023\/10\/11\/atelier-parlementaire-dinternalisation-de-la-politique-nationale-demploi-au-benin-le-president-louis-vlavonou-ouvre-les-travaux-a-grand-popo\/","title":{"rendered":"Atelier parlementaire d&rsquo;internalisation de la politique nationale d&#8217;emploi au B\u00e9nin : Le Pr\u00e9sident Louis Vlavonou ouvre les travaux \u00e0 Grand-Popo"},"content":{"rendered":"<div id=\"pl-6677\"  class=\"panel-layout\" ><div id=\"pg-6677-0\"  class=\"panel-grid panel-no-style\" ><div id=\"pgc-6677-0-0\"  class=\"panel-grid-cell\" ><div id=\"panel-6677-0-0-0\" class=\"so-panel widget widget_text panel-first-child panel-last-child\" data-index=\"0\" ><div class=\"panel-widget-style panel-widget-style-for-6677-0-0-0\" >\t\t\t<div class=\"textwidget\"><p><strong>Atelier parlementaire d&rsquo;internalisation de la politique nationale d&#8217;emploi au B\u00e9nin : Le Pr\u00e9sident Louis Vlavonou ouvre les travaux \u00e0 Grand-Popo<\/strong><\/p>\n<p style=\"text-align: justify; line-height: 150%; background: white; margin: 0cm 0cm 4.5pt 0cm;\"><span style=\"color: #1c1e21;\"><strong><br \/>\n<\/strong> <\/span><\/p>\n<p><strong>\u00a0<\/strong><\/p>\n<\/div>\n\t\t<\/div><\/div><\/div><\/div><div id=\"pg-6677-1\"  class=\"panel-grid panel-no-style\" ><div id=\"pgc-6677-1-0\"  class=\"panel-grid-cell panel-grid-cell-empty\" ><\/div><div id=\"pgc-6677-1-1\"  class=\"panel-grid-cell panel-grid-cell-mobile-last\" ><div id=\"panel-6677-1-1-0\" class=\"so-panel widget widget_text panel-first-child panel-last-child\" data-index=\"1\" ><div class=\"panel-widget-style panel-widget-style-for-6677-1-1-0\" >\t\t\t<div class=\"textwidget\"><div class=\"foogallery foogallery-container foogallery-carousel foogallery-lightbox-foobox fg-carousel fg-light fg-border-thin fg-shadow-outline fg-loading-default fg-loaded-fade-in fg-caption-hover fg-hover-fade fg-hover-zoom fg-ready\" id=\"foogallery-gallery-6653\" data-foogallery=\"{&quot;item&quot;:{&quot;showCaptionTitle&quot;:true,&quot;showCaptionDescription&quot;:true},&quot;lazy&quot;:true,&quot;template&quot;:{&quot;maxItems&quot;:5,&quot;scale&quot;:0.18,&quot;gutter&quot;:{&quot;min&quot;:-40,&quot;max&quot;:-40,&quot;unit&quot;:&quot;%&quot;},&quot;autoplay&quot;:{&quot;time&quot;:5,&quot;interaction&quot;:&quot;pause&quot;},&quot;centerOnClick&quot;:false}}\" >\r\n\t<button type=\"button\" class=\"fg-carousel-prev\"><\/button>\r\n\t<div class=\"fg-carousel-inner\">\r\n\t\t<div class=\"fg-carousel-center\"><\/div>\r\n\t\t<div class=\"fg-item fg-type-image fg-idle\"><figure class=\"fg-item-inner\"><a href=\"https:\/\/assemblee-nationale.bj\/wp-content\/uploads\/2023\/10\/Atelier-parlementaire-dinternalisation-de-la-politique-nationale-demploi-au-B\u00e9nin-1.jpeg\" data-attachment-id=\"6654\" class=\"fg-thumb\"><span class=\"fg-image-wrap\"><img fetchpriority=\"high\" decoding=\"async\" width=\"400\" height=\"300\" class=\"skip-lazy fg-image\" data-src-fg=\"https:\/\/assemblee-nationale.bj\/wp-content\/uploads\/cache\/2023\/10\/Atelier-parlementaire-dinternalisation-de-la-politique-nationale-demploi-au-B\u00e9nin-1\/360188527.jpeg\" src=\"data:image\/svg+xml,%3Csvg%20xmlns%3D%22http%3A%2F%2Fwww.w3.org%2F2000%2Fsvg%22%20width%3D%22400%22%20height%3D%22300%22%20viewBox%3D%220%200%20400%20300%22%3E%3C%2Fsvg%3E\" loading=\"eager\"><\/span><span class=\"fg-image-overlay\"><\/span><\/a><figcaption class=\"fg-caption\"><div class=\"fg-caption-inner\"><\/div><\/figcaption><\/figure><div class=\"fg-loader\"><\/div><\/div><div class=\"fg-item fg-type-image fg-idle\"><figure class=\"fg-item-inner\"><a href=\"https:\/\/assemblee-nationale.bj\/wp-content\/uploads\/2023\/10\/Atelier-parlementaire-dinternalisation-de-la-politique-nationale-demploi-au-B\u00e9nin-2.jpeg\" data-attachment-id=\"6655\" class=\"fg-thumb\"><span class=\"fg-image-wrap\"><img decoding=\"async\" width=\"400\" height=\"300\" class=\"skip-lazy fg-image\" data-src-fg=\"https:\/\/assemblee-nationale.bj\/wp-content\/uploads\/cache\/2023\/10\/Atelier-parlementaire-dinternalisation-de-la-politique-nationale-demploi-au-B\u00e9nin-2\/1168440331.jpeg\" src=\"data:image\/svg+xml,%3Csvg%20xmlns%3D%22http%3A%2F%2Fwww.w3.org%2F2000%2Fsvg%22%20width%3D%22400%22%20height%3D%22300%22%20viewBox%3D%220%200%20400%20300%22%3E%3C%2Fsvg%3E\" loading=\"eager\"><\/span><span class=\"fg-image-overlay\"><\/span><\/a><figcaption class=\"fg-caption\"><div class=\"fg-caption-inner\"><\/div><\/figcaption><\/figure><div class=\"fg-loader\"><\/div><\/div><div class=\"fg-item fg-type-image fg-idle\"><figure class=\"fg-item-inner\"><a href=\"https:\/\/assemblee-nationale.bj\/wp-content\/uploads\/2023\/10\/Atelier-parlementaire-dinternalisation-de-la-politique-nationale-demploi-au-B\u00e9nin-3.jpeg\" data-attachment-id=\"6656\" class=\"fg-thumb\"><span class=\"fg-image-wrap\"><img decoding=\"async\" width=\"400\" height=\"300\" class=\"skip-lazy fg-image\" data-src-fg=\"https:\/\/assemblee-nationale.bj\/wp-content\/uploads\/cache\/2023\/10\/Atelier-parlementaire-dinternalisation-de-la-politique-nationale-demploi-au-B\u00e9nin-3\/3013969114.jpeg\" src=\"data:image\/svg+xml,%3Csvg%20xmlns%3D%22http%3A%2F%2Fwww.w3.org%2F2000%2Fsvg%22%20width%3D%22400%22%20height%3D%22300%22%20viewBox%3D%220%200%20400%20300%22%3E%3C%2Fsvg%3E\" loading=\"eager\"><\/span><span class=\"fg-image-overlay\"><\/span><\/a><figcaption class=\"fg-caption\"><div class=\"fg-caption-inner\"><\/div><\/figcaption><\/figure><div class=\"fg-loader\"><\/div><\/div><div class=\"fg-item fg-type-image fg-idle\"><figure class=\"fg-item-inner\"><a href=\"https:\/\/assemblee-nationale.bj\/wp-content\/uploads\/2023\/10\/Atelier-parlementaire-dinternalisation-de-la-politique-nationale-demploi-au-B\u00e9nin-4.jpeg\" data-attachment-id=\"6657\" class=\"fg-thumb\"><span class=\"fg-image-wrap\"><img decoding=\"async\" width=\"400\" height=\"300\" class=\"skip-lazy fg-image\" data-src-fg=\"https:\/\/assemblee-nationale.bj\/wp-content\/uploads\/cache\/2023\/10\/Atelier-parlementaire-dinternalisation-de-la-politique-nationale-demploi-au-B\u00e9nin-4\/2297246365.jpeg\" src=\"data:image\/svg+xml,%3Csvg%20xmlns%3D%22http%3A%2F%2Fwww.w3.org%2F2000%2Fsvg%22%20width%3D%22400%22%20height%3D%22300%22%20viewBox%3D%220%200%20400%20300%22%3E%3C%2Fsvg%3E\" loading=\"eager\"><\/span><span class=\"fg-image-overlay\"><\/span><\/a><figcaption class=\"fg-caption\"><div class=\"fg-caption-inner\"><\/div><\/figcaption><\/figure><div class=\"fg-loader\"><\/div><\/div><div class=\"fg-item fg-type-image fg-idle\"><figure class=\"fg-item-inner\"><a href=\"https:\/\/assemblee-nationale.bj\/wp-content\/uploads\/2023\/10\/Atelier-parlementaire-dinternalisation-de-la-politique-nationale-demploi-au-B\u00e9nin-5.jpeg\" data-attachment-id=\"6658\" class=\"fg-thumb\"><span class=\"fg-image-wrap\"><img decoding=\"async\" width=\"400\" height=\"300\" class=\"skip-lazy fg-image\" data-src-fg=\"https:\/\/assemblee-nationale.bj\/wp-content\/uploads\/cache\/2023\/10\/Atelier-parlementaire-dinternalisation-de-la-politique-nationale-demploi-au-B\u00e9nin-5\/1307047046.jpeg\" src=\"data:image\/svg+xml,%3Csvg%20xmlns%3D%22http%3A%2F%2Fwww.w3.org%2F2000%2Fsvg%22%20width%3D%22400%22%20height%3D%22300%22%20viewBox%3D%220%200%20400%20300%22%3E%3C%2Fsvg%3E\" loading=\"eager\"><\/span><span class=\"fg-image-overlay\"><\/span><\/a><figcaption class=\"fg-caption\"><div class=\"fg-caption-inner\"><\/div><\/figcaption><\/figure><div class=\"fg-loader\"><\/div><\/div><div class=\"fg-item fg-type-image fg-idle\"><figure class=\"fg-item-inner\"><a href=\"https:\/\/assemblee-nationale.bj\/wp-content\/uploads\/2023\/10\/Atelier-parlementaire-dinternalisation-de-la-politique-nationale-demploi-au-B\u00e9nin-6.jpeg\" data-attachment-id=\"6659\" class=\"fg-thumb\"><span class=\"fg-image-wrap\"><img decoding=\"async\" width=\"400\" height=\"300\" class=\"skip-lazy fg-image\" data-src-fg=\"https:\/\/assemblee-nationale.bj\/wp-content\/uploads\/cache\/2023\/10\/Atelier-parlementaire-dinternalisation-de-la-politique-nationale-demploi-au-B\u00e9nin-6\/725816269.jpeg\" src=\"data:image\/svg+xml,%3Csvg%20xmlns%3D%22http%3A%2F%2Fwww.w3.org%2F2000%2Fsvg%22%20width%3D%22400%22%20height%3D%22300%22%20viewBox%3D%220%200%20400%20300%22%3E%3C%2Fsvg%3E\" loading=\"eager\"><\/span><span class=\"fg-image-overlay\"><\/span><\/a><figcaption class=\"fg-caption\"><div class=\"fg-caption-inner\"><\/div><\/figcaption><\/figure><div class=\"fg-loader\"><\/div><\/div><div class=\"fg-item fg-type-image fg-idle\"><figure class=\"fg-item-inner\"><a href=\"https:\/\/assemblee-nationale.bj\/wp-content\/uploads\/2023\/10\/Atelier-parlementaire-dinternalisation-de-la-politique-nationale-demploi-au-B\u00e9nin-7.jpeg\" data-attachment-id=\"6660\" class=\"fg-thumb\"><span class=\"fg-image-wrap\"><img decoding=\"async\" width=\"400\" height=\"300\" class=\"skip-lazy fg-image\" data-src-fg=\"https:\/\/assemblee-nationale.bj\/wp-content\/uploads\/cache\/2023\/10\/Atelier-parlementaire-dinternalisation-de-la-politique-nationale-demploi-au-B\u00e9nin-7\/3912008375.jpeg\" src=\"data:image\/svg+xml,%3Csvg%20xmlns%3D%22http%3A%2F%2Fwww.w3.org%2F2000%2Fsvg%22%20width%3D%22400%22%20height%3D%22300%22%20viewBox%3D%220%200%20400%20300%22%3E%3C%2Fsvg%3E\" loading=\"eager\"><\/span><span class=\"fg-image-overlay\"><\/span><\/a><figcaption class=\"fg-caption\"><div class=\"fg-caption-inner\"><\/div><\/figcaption><\/figure><div class=\"fg-loader\"><\/div><\/div><div class=\"fg-item fg-type-image fg-idle\"><figure class=\"fg-item-inner\"><a href=\"https:\/\/assemblee-nationale.bj\/wp-content\/uploads\/2023\/10\/Atelier-parlementaire-dinternalisation-de-la-politique-nationale-demploi-au-B\u00e9nin-8.jpeg\" data-attachment-id=\"6661\" class=\"fg-thumb\"><span class=\"fg-image-wrap\"><img decoding=\"async\" width=\"400\" height=\"300\" class=\"skip-lazy fg-image\" data-src-fg=\"https:\/\/assemblee-nationale.bj\/wp-content\/uploads\/cache\/2023\/10\/Atelier-parlementaire-dinternalisation-de-la-politique-nationale-demploi-au-B\u00e9nin-8\/1773967080.jpeg\" src=\"data:image\/svg+xml,%3Csvg%20xmlns%3D%22http%3A%2F%2Fwww.w3.org%2F2000%2Fsvg%22%20width%3D%22400%22%20height%3D%22300%22%20viewBox%3D%220%200%20400%20300%22%3E%3C%2Fsvg%3E\" loading=\"eager\"><\/span><span class=\"fg-image-overlay\"><\/span><\/a><figcaption class=\"fg-caption\"><div class=\"fg-caption-inner\"><\/div><\/figcaption><\/figure><div class=\"fg-loader\"><\/div><\/div><div class=\"fg-item fg-type-image fg-idle\"><figure class=\"fg-item-inner\"><a href=\"https:\/\/assemblee-nationale.bj\/wp-content\/uploads\/2023\/10\/Atelier-parlementaire-dinternalisation-de-la-politique-nationale-demploi-au-B\u00e9nin-9.jpeg\" data-attachment-id=\"6662\" class=\"fg-thumb\"><span class=\"fg-image-wrap\"><img decoding=\"async\" width=\"400\" height=\"300\" class=\"skip-lazy fg-image\" data-src-fg=\"https:\/\/assemblee-nationale.bj\/wp-content\/uploads\/cache\/2023\/10\/Atelier-parlementaire-dinternalisation-de-la-politique-nationale-demploi-au-B\u00e9nin-9\/2680024633.jpeg\" src=\"data:image\/svg+xml,%3Csvg%20xmlns%3D%22http%3A%2F%2Fwww.w3.org%2F2000%2Fsvg%22%20width%3D%22400%22%20height%3D%22300%22%20viewBox%3D%220%200%20400%20300%22%3E%3C%2Fsvg%3E\" loading=\"eager\"><\/span><span class=\"fg-image-overlay\"><\/span><\/a><figcaption class=\"fg-caption\"><div class=\"fg-caption-inner\"><\/div><\/figcaption><\/figure><div class=\"fg-loader\"><\/div><\/div><div class=\"fg-item fg-type-image fg-idle\"><figure class=\"fg-item-inner\"><a href=\"https:\/\/assemblee-nationale.bj\/wp-content\/uploads\/2023\/10\/Atelier-parlementaire-dinternalisation-de-la-politique-nationale-demploi-au-B\u00e9nin-10.jpeg\" data-attachment-id=\"6663\" class=\"fg-thumb\"><span class=\"fg-image-wrap\"><img decoding=\"async\" width=\"400\" height=\"300\" class=\"skip-lazy fg-image\" data-src-fg=\"https:\/\/assemblee-nationale.bj\/wp-content\/uploads\/cache\/2023\/10\/Atelier-parlementaire-dinternalisation-de-la-politique-nationale-demploi-au-B\u00e9nin-10\/2434973952.jpeg\" src=\"data:image\/svg+xml,%3Csvg%20xmlns%3D%22http%3A%2F%2Fwww.w3.org%2F2000%2Fsvg%22%20width%3D%22400%22%20height%3D%22300%22%20viewBox%3D%220%200%20400%20300%22%3E%3C%2Fsvg%3E\" loading=\"eager\"><\/span><span class=\"fg-image-overlay\"><\/span><\/a><figcaption class=\"fg-caption\"><div class=\"fg-caption-inner\"><\/div><\/figcaption><\/figure><div class=\"fg-loader\"><\/div><\/div><div class=\"fg-item fg-type-image fg-idle\"><figure class=\"fg-item-inner\"><a href=\"https:\/\/assemblee-nationale.bj\/wp-content\/uploads\/2023\/10\/Atelier-parlementaire-dinternalisation-de-la-politique-nationale-demploi-au-B\u00e9nin-11.jpeg\" data-attachment-id=\"6664\" class=\"fg-thumb\"><span class=\"fg-image-wrap\"><img decoding=\"async\" width=\"400\" height=\"300\" class=\"skip-lazy fg-image\" data-src-fg=\"https:\/\/assemblee-nationale.bj\/wp-content\/uploads\/cache\/2023\/10\/Atelier-parlementaire-dinternalisation-de-la-politique-nationale-demploi-au-B\u00e9nin-11\/2982625975.jpeg\" src=\"data:image\/svg+xml,%3Csvg%20xmlns%3D%22http%3A%2F%2Fwww.w3.org%2F2000%2Fsvg%22%20width%3D%22400%22%20height%3D%22300%22%20viewBox%3D%220%200%20400%20300%22%3E%3C%2Fsvg%3E\" loading=\"eager\"><\/span><span class=\"fg-image-overlay\"><\/span><\/a><figcaption class=\"fg-caption\"><div class=\"fg-caption-inner\"><\/div><\/figcaption><\/figure><div class=\"fg-loader\"><\/div><\/div><div class=\"fg-item fg-type-image fg-idle\"><figure class=\"fg-item-inner\"><a href=\"https:\/\/assemblee-nationale.bj\/wp-content\/uploads\/2023\/10\/Atelier-parlementaire-dinternalisation-de-la-politique-nationale-demploi-au-B\u00e9nin-12.jpeg\" data-attachment-id=\"6665\" class=\"fg-thumb\"><span class=\"fg-image-wrap\"><img decoding=\"async\" width=\"400\" height=\"300\" class=\"skip-lazy fg-image\" data-src-fg=\"https:\/\/assemblee-nationale.bj\/wp-content\/uploads\/cache\/2023\/10\/Atelier-parlementaire-dinternalisation-de-la-politique-nationale-demploi-au-B\u00e9nin-12\/2182478222.jpeg\" src=\"data:image\/svg+xml,%3Csvg%20xmlns%3D%22http%3A%2F%2Fwww.w3.org%2F2000%2Fsvg%22%20width%3D%22400%22%20height%3D%22300%22%20viewBox%3D%220%200%20400%20300%22%3E%3C%2Fsvg%3E\" loading=\"eager\"><\/span><span class=\"fg-image-overlay\"><\/span><\/a><figcaption class=\"fg-caption\"><div class=\"fg-caption-inner\"><\/div><\/figcaption><\/figure><div class=\"fg-loader\"><\/div><\/div><div class=\"fg-item fg-type-image fg-idle\"><figure class=\"fg-item-inner\"><a href=\"https:\/\/assemblee-nationale.bj\/wp-content\/uploads\/2023\/10\/Atelier-parlementaire-dinternalisation-de-la-politique-nationale-demploi-au-B\u00e9nin-13.jpeg\" data-attachment-id=\"6666\" class=\"fg-thumb\"><span class=\"fg-image-wrap\"><img decoding=\"async\" width=\"400\" height=\"300\" class=\"skip-lazy fg-image\" data-src-fg=\"https:\/\/assemblee-nationale.bj\/wp-content\/uploads\/cache\/2023\/10\/Atelier-parlementaire-dinternalisation-de-la-politique-nationale-demploi-au-B\u00e9nin-13\/2341365193.jpeg\" src=\"data:image\/svg+xml,%3Csvg%20xmlns%3D%22http%3A%2F%2Fwww.w3.org%2F2000%2Fsvg%22%20width%3D%22400%22%20height%3D%22300%22%20viewBox%3D%220%200%20400%20300%22%3E%3C%2Fsvg%3E\" loading=\"eager\"><\/span><span class=\"fg-image-overlay\"><\/span><\/a><figcaption class=\"fg-caption\"><div class=\"fg-caption-inner\"><\/div><\/figcaption><\/figure><div class=\"fg-loader\"><\/div><\/div><div class=\"fg-item fg-type-image fg-idle\"><figure class=\"fg-item-inner\"><a href=\"https:\/\/assemblee-nationale.bj\/wp-content\/uploads\/2023\/10\/Atelier-parlementaire-dinternalisation-de-la-politique-nationale-demploi-au-B\u00e9nin-14.jpeg\" data-attachment-id=\"6667\" class=\"fg-thumb\"><span class=\"fg-image-wrap\"><img decoding=\"async\" width=\"400\" height=\"300\" class=\"skip-lazy fg-image\" data-src-fg=\"https:\/\/assemblee-nationale.bj\/wp-content\/uploads\/cache\/2023\/10\/Atelier-parlementaire-dinternalisation-de-la-politique-nationale-demploi-au-B\u00e9nin-14\/3853553660.jpeg\" src=\"data:image\/svg+xml,%3Csvg%20xmlns%3D%22http%3A%2F%2Fwww.w3.org%2F2000%2Fsvg%22%20width%3D%22400%22%20height%3D%22300%22%20viewBox%3D%220%200%20400%20300%22%3E%3C%2Fsvg%3E\" loading=\"eager\"><\/span><span class=\"fg-image-overlay\"><\/span><\/a><figcaption class=\"fg-caption\"><div class=\"fg-caption-inner\"><\/div><\/figcaption><\/figure><div class=\"fg-loader\"><\/div><\/div><div class=\"fg-item fg-type-image fg-idle\"><figure class=\"fg-item-inner\"><a href=\"https:\/\/assemblee-nationale.bj\/wp-content\/uploads\/2023\/10\/Atelier-parlementaire-dinternalisation-de-la-politique-nationale-demploi-au-B\u00e9nin-15.jpeg\" data-attachment-id=\"6668\" class=\"fg-thumb\"><span class=\"fg-image-wrap\"><img decoding=\"async\" width=\"400\" height=\"300\" class=\"skip-lazy fg-image\" data-src-fg=\"https:\/\/assemblee-nationale.bj\/wp-content\/uploads\/cache\/2023\/10\/Atelier-parlementaire-dinternalisation-de-la-politique-nationale-demploi-au-B\u00e9nin-15\/2544448427.jpeg\" src=\"data:image\/svg+xml,%3Csvg%20xmlns%3D%22http%3A%2F%2Fwww.w3.org%2F2000%2Fsvg%22%20width%3D%22400%22%20height%3D%22300%22%20viewBox%3D%220%200%20400%20300%22%3E%3C%2Fsvg%3E\" loading=\"eager\"><\/span><span class=\"fg-image-overlay\"><\/span><\/a><figcaption class=\"fg-caption\"><div class=\"fg-caption-inner\"><\/div><\/figcaption><\/figure><div class=\"fg-loader\"><\/div><\/div><div class=\"fg-item fg-type-image fg-idle\"><figure class=\"fg-item-inner\"><a href=\"https:\/\/assemblee-nationale.bj\/wp-content\/uploads\/2023\/10\/Atelier-parlementaire-dinternalisation-de-la-politique-nationale-demploi-au-B\u00e9nin-16.jpeg\" data-attachment-id=\"6669\" class=\"fg-thumb\"><span class=\"fg-image-wrap\"><img decoding=\"async\" width=\"400\" height=\"300\" class=\"skip-lazy fg-image\" data-src-fg=\"https:\/\/assemblee-nationale.bj\/wp-content\/uploads\/cache\/2023\/10\/Atelier-parlementaire-dinternalisation-de-la-politique-nationale-demploi-au-B\u00e9nin-16\/2759559314.jpeg\" src=\"data:image\/svg+xml,%3Csvg%20xmlns%3D%22http%3A%2F%2Fwww.w3.org%2F2000%2Fsvg%22%20width%3D%22400%22%20height%3D%22300%22%20viewBox%3D%220%200%20400%20300%22%3E%3C%2Fsvg%3E\" loading=\"eager\"><\/span><span class=\"fg-image-overlay\"><\/span><\/a><figcaption class=\"fg-caption\"><div class=\"fg-caption-inner\"><\/div><\/figcaption><\/figure><div class=\"fg-loader\"><\/div><\/div><div class=\"fg-item fg-type-image fg-idle\"><figure class=\"fg-item-inner\"><a href=\"https:\/\/assemblee-nationale.bj\/wp-content\/uploads\/2023\/10\/Atelier-parlementaire-dinternalisation-de-la-politique-nationale-demploi-au-B\u00e9nin-17.jpeg\" data-attachment-id=\"6670\" class=\"fg-thumb\"><span class=\"fg-image-wrap\"><img decoding=\"async\" width=\"400\" height=\"300\" class=\"skip-lazy fg-image\" data-src-fg=\"https:\/\/assemblee-nationale.bj\/wp-content\/uploads\/cache\/2023\/10\/Atelier-parlementaire-dinternalisation-de-la-politique-nationale-demploi-au-B\u00e9nin-17\/1604502909.jpeg\" src=\"data:image\/svg+xml,%3Csvg%20xmlns%3D%22http%3A%2F%2Fwww.w3.org%2F2000%2Fsvg%22%20width%3D%22400%22%20height%3D%22300%22%20viewBox%3D%220%200%20400%20300%22%3E%3C%2Fsvg%3E\" loading=\"eager\"><\/span><span class=\"fg-image-overlay\"><\/span><\/a><figcaption class=\"fg-caption\"><div class=\"fg-caption-inner\"><\/div><\/figcaption><\/figure><div class=\"fg-loader\"><\/div><\/div><div class=\"fg-item fg-type-image fg-idle\"><figure class=\"fg-item-inner\"><a href=\"https:\/\/assemblee-nationale.bj\/wp-content\/uploads\/2023\/10\/Atelier-parlementaire-dinternalisation-de-la-politique-nationale-demploi-au-B\u00e9nin-18.jpeg\" data-attachment-id=\"6671\" class=\"fg-thumb\"><span class=\"fg-image-wrap\"><img decoding=\"async\" width=\"400\" height=\"300\" class=\"skip-lazy fg-image\" data-src-fg=\"https:\/\/assemblee-nationale.bj\/wp-content\/uploads\/cache\/2023\/10\/Atelier-parlementaire-dinternalisation-de-la-politique-nationale-demploi-au-B\u00e9nin-18\/2319748432.jpeg\" src=\"data:image\/svg+xml,%3Csvg%20xmlns%3D%22http%3A%2F%2Fwww.w3.org%2F2000%2Fsvg%22%20width%3D%22400%22%20height%3D%22300%22%20viewBox%3D%220%200%20400%20300%22%3E%3C%2Fsvg%3E\" loading=\"eager\"><\/span><span class=\"fg-image-overlay\"><\/span><\/a><figcaption class=\"fg-caption\"><div class=\"fg-caption-inner\"><\/div><\/figcaption><\/figure><div class=\"fg-loader\"><\/div><\/div><div class=\"fg-item fg-type-image fg-idle\"><figure class=\"fg-item-inner\"><a href=\"https:\/\/assemblee-nationale.bj\/wp-content\/uploads\/2023\/10\/Atelier-parlementaire-dinternalisation-de-la-politique-nationale-demploi-au-B\u00e9nin-19.jpeg\" data-attachment-id=\"6672\" class=\"fg-thumb\"><span class=\"fg-image-wrap\"><img decoding=\"async\" width=\"400\" height=\"300\" class=\"skip-lazy fg-image\" data-src-fg=\"https:\/\/assemblee-nationale.bj\/wp-content\/uploads\/cache\/2023\/10\/Atelier-parlementaire-dinternalisation-de-la-politique-nationale-demploi-au-B\u00e9nin-19\/2212434199.jpeg\" src=\"data:image\/svg+xml,%3Csvg%20xmlns%3D%22http%3A%2F%2Fwww.w3.org%2F2000%2Fsvg%22%20width%3D%22400%22%20height%3D%22300%22%20viewBox%3D%220%200%20400%20300%22%3E%3C%2Fsvg%3E\" loading=\"eager\"><\/span><span class=\"fg-image-overlay\"><\/span><\/a><figcaption class=\"fg-caption\"><div class=\"fg-caption-inner\"><\/div><\/figcaption><\/figure><div class=\"fg-loader\"><\/div><\/div><div class=\"fg-item fg-type-image fg-idle\"><figure class=\"fg-item-inner\"><a href=\"https:\/\/assemblee-nationale.bj\/wp-content\/uploads\/2023\/10\/Atelier-parlementaire-dinternalisation-de-la-politique-nationale-demploi-au-B\u00e9nin-20.jpeg\" data-attachment-id=\"6673\" class=\"fg-thumb\"><span class=\"fg-image-wrap\"><img decoding=\"async\" width=\"400\" height=\"300\" class=\"skip-lazy fg-image\" data-src-fg=\"https:\/\/assemblee-nationale.bj\/wp-content\/uploads\/cache\/2023\/10\/Atelier-parlementaire-dinternalisation-de-la-politique-nationale-demploi-au-B\u00e9nin-20\/3457457075.jpeg\" src=\"data:image\/svg+xml,%3Csvg%20xmlns%3D%22http%3A%2F%2Fwww.w3.org%2F2000%2Fsvg%22%20width%3D%22400%22%20height%3D%22300%22%20viewBox%3D%220%200%20400%20300%22%3E%3C%2Fsvg%3E\" loading=\"eager\"><\/span><span class=\"fg-image-overlay\"><\/span><\/a><figcaption class=\"fg-caption\"><div class=\"fg-caption-inner\"><\/div><\/figcaption><\/figure><div class=\"fg-loader\"><\/div><\/div><div class=\"fg-item fg-type-image fg-idle\"><figure class=\"fg-item-inner\"><a href=\"https:\/\/assemblee-nationale.bj\/wp-content\/uploads\/2023\/10\/Atelier-parlementaire-dinternalisation-de-la-politique-nationale-demploi-au-B\u00e9nin-21.jpeg\" data-attachment-id=\"6674\" class=\"fg-thumb\"><span class=\"fg-image-wrap\"><img decoding=\"async\" width=\"400\" height=\"300\" class=\"skip-lazy fg-image\" data-src-fg=\"https:\/\/assemblee-nationale.bj\/wp-content\/uploads\/cache\/2023\/10\/Atelier-parlementaire-dinternalisation-de-la-politique-nationale-demploi-au-B\u00e9nin-21\/4008777732.jpeg\" src=\"data:image\/svg+xml,%3Csvg%20xmlns%3D%22http%3A%2F%2Fwww.w3.org%2F2000%2Fsvg%22%20width%3D%22400%22%20height%3D%22300%22%20viewBox%3D%220%200%20400%20300%22%3E%3C%2Fsvg%3E\" loading=\"eager\"><\/span><span class=\"fg-image-overlay\"><\/span><\/a><figcaption class=\"fg-caption\"><div class=\"fg-caption-inner\"><\/div><\/figcaption><\/figure><div class=\"fg-loader\"><\/div><\/div><div class=\"fg-item fg-type-image fg-idle\"><figure class=\"fg-item-inner\"><a href=\"https:\/\/assemblee-nationale.bj\/wp-content\/uploads\/2023\/10\/Atelier-parlementaire-dinternalisation-de-la-politique-nationale-demploi-au-B\u00e9nin-22.jpeg\" data-attachment-id=\"6675\" class=\"fg-thumb\"><span class=\"fg-image-wrap\"><img decoding=\"async\" width=\"400\" height=\"300\" class=\"skip-lazy fg-image\" data-src-fg=\"https:\/\/assemblee-nationale.bj\/wp-content\/uploads\/cache\/2023\/10\/Atelier-parlementaire-dinternalisation-de-la-politique-nationale-demploi-au-B\u00e9nin-22\/3710100285.jpeg\" src=\"data:image\/svg+xml,%3Csvg%20xmlns%3D%22http%3A%2F%2Fwww.w3.org%2F2000%2Fsvg%22%20width%3D%22400%22%20height%3D%22300%22%20viewBox%3D%220%200%20400%20300%22%3E%3C%2Fsvg%3E\" loading=\"eager\"><\/span><span class=\"fg-image-overlay\"><\/span><\/a><figcaption class=\"fg-caption\"><div class=\"fg-caption-inner\"><\/div><\/figcaption><\/figure><div class=\"fg-loader\"><\/div><\/div>\t<\/div>\r\n\t<div class=\"fg-carousel-bottom\"><\/div>\r\n\t<div class=\"fg-carousel-progress\"><\/div>\r\n\t<button type=\"button\" class=\"fg-carousel-next\"><\/button>\r\n<\/div>\n<p>&nbsp;<\/p>\n<p>          \u00c0 l&rsquo;h\u00f4tel Bel Azur de Grand-Popo ce mercredi 11 octobre 2023, le pr\u00e9sident de l&rsquo;Assembl\u00e9e nationale Louis Gb\u00e8hounou VLAVONOU a ouvert  l&rsquo;atelier d&rsquo;internalisation de la Politique nationale de l&#8217;emploi  et des mesures gouvernementales mises en \u0153uvre pour promouvoir l&#8217;emploi des jeunes. Cet atelier qui va durer deux jours est initi\u00e9 par les R\u00e9seaux parlementaires en charge de la Gouvernance locale et de l&#8217;emploi des jeunes  et financ\u00e9 par la Banque mondiale. <\/p>\n<p>            Dans son mot introductif, le pr\u00e9sident du R\u00e9seau Gouvernance locale et d\u00e9mocratie \u00e0 la base, l&rsquo;He Nicaise Fagnon a fait constater que l&#8217;emploi est et demeure la transversalit\u00e9 de toutes les politiques publiques de d\u00e9veloppement. Il est donc important que les d\u00e9put\u00e9s s&rsquo;approprient  la politique gouvernementale de l&#8217;emploi sur la p\u00e9riode de 2020-2025. <\/p>\n<p>        Pour sa part, le Directeur g\u00e9n\u00e9ral de l&rsquo;Agence nationale de la promotion de l&#8217;emploi (ANPE) Urbain Am\u00e8gb\u00e9dji, a laiss\u00e9 entendre que l&#8217;emploi est une th\u00e9matique pr\u00e9occupante pour tout le monde et ce qu&rsquo;il convient de retenir selon lui, ce n&rsquo;est pas l&rsquo;\u00c9tat qui cr\u00e9e l&#8217;emploi mais les entreprises. Et cet atelier permettra aux d\u00e9put\u00e9s de s&rsquo;informer sur les activit\u00e9s de l&rsquo;ANPE, la politique du Gouvernement en mati\u00e8re de promotion de l&#8217;emploi, les mesures gouvernementales, s&rsquo;est-il r\u00e9joui. <\/p>\n<p>        Apr\u00e8s avoir replong\u00e9 les participants dans le contexte du manque d&#8217;emploi des jeunes vulgairement appel\u00e9 \u00ab\u00a0ch\u00f4mage\u00a0\u00bb et rappel\u00e9 les diff\u00e9rentes lois vot\u00e9es par la Repr\u00e9sentation nationale, le pr\u00e9sident Vlavonou a laiss\u00e9 entendre que la probl\u00e9matique de l&#8217;employabilit\u00e9 des jeunes reste et demeure une pr\u00e9occupation pour les gouvernants, les jeunes et les familles. <\/p>\n<p>\u00c9tat des lieux<\/p>\n<p>Dans son allocution, le pr\u00e9sident Vlavonou a fait un \u00e9tat des lieux de la situation.<br \/>\n\u00ab\u00a0En effet, chaque ann\u00e9e, pr\u00e8s de 75 000 jeunes arrivent sur le march\u00e9 du travail et \u00e0 l\u2019horizon 2025, ce nombre devrait doubler. Le manque de r\u00e9seaux relationnels, les difficult\u00e9s de mobilit\u00e9, de sant\u00e9 ou d\u2019instabilit\u00e9 familiale, rendent souvent plus complexe la probl\u00e9matique de l\u2019insertion professionnelle. Aussi, l\u2019absence de dispositif d\u2019informations et d\u2019orientation professionnelle et le manque de concertation entre les acteurs qui travaillent sur l\u2019insertion par des entr\u00e9es sp\u00e9cifiques (cr\u00e9ation d\u2019entreprises, formation, jeunesse ou accompagnement social), ne permettent pas d\u2019agir efficacement et de produire les synergies n\u00e9cessaires.\u00a0\u00bb, a constat\u00e9 le pr\u00e9sident Vlavonou. Poursuivant ses propos, il a laiss\u00e9 entendre que  cet atelier qui intervient \u00e0 quelques jours de l&rsquo;ouverture de la session budg\u00e9taire, est salutaire en ce sens qu\u2019il permettra aux d\u00e9put\u00e9s de s&rsquo;int\u00e9resser davantage aux pr\u00e9visions du gouvernement, relatives \u00e0 la mise en \u0153uvre de la politique nationale de l\u2019emploi et \u00e0 plaider, au besoin, pour le renforcement de la ligne budg\u00e9taire destin\u00e9e \u00e0 celle-ci. <\/p>\n<p>Que faire?<\/p>\n<p>        Malgr\u00e9 tous les efforts faits par le chef de l&rsquo;\u00c9tat avec l&rsquo;adoption en conseil des ministres de la politique nationale de l\u2019Emploi pour la p\u00e9riode 2020-2025, l&rsquo;acc\u00e8s des jeunes \u00e0 l\u2019emploi reste une probl\u00e9matique r\u00e9elle, a d\u00e9plor\u00e9 le pr\u00e9sident Vlavonou.<br \/>\nFace \u00e0 ce tableau peu reluisant, en tant que parlementaires, cette situation nous interpelle et n\u00e9cessite davantage une synergie d\u2019actions, a indiqu\u00e9 le pr\u00e9sident Vlavonou dans son allocution. Pour lui, les d\u00e9put\u00e9s doivent voter par exemple des lois allant dans le sens d\u2019une r\u00e9forme de notre syst\u00e8me \u00e9ducatif et l\u2019adapter aux r\u00e9alit\u00e9s de notre temps ; soutenir des programmes et projets visant des formations d\u2019auto-emploi et de qualit\u00e9 ainsi que l&rsquo;entrepreneuriat des jeunes, la formation professionnelle et technique ; appuyer les mesures gouvernementales relatives aux programmes de mentorat et de coaching pour les jeunes afin de les aider \u00e0 d\u00e9velopper leurs comp\u00e9tences en vue de trouver des opportunit\u00e9s d&#8217;emplois d\u00e9cents. Pour ce faire, le pr\u00e9sident de l&rsquo;institution parlementaire,  voudrait  compter sur l\u2019appui constant de nos partenaires \u00e0 travers les activit\u00e9s des r\u00e9seaux parlementaires pour continuer, dans le cadre de notre mission constitutionnelle de contr\u00f4le de l\u2019action gouvernementale, \u00e0 \u00e9valuer les mesures prises par le Gouvernement, pour endiguer le ch\u00f4mage et le sous-emploi des jeunes.<\/p>\n<p>Hermann OBINTI<\/p>\n<\/div>\n\t\t<\/div><\/div><\/div><div id=\"pgc-6677-1-2\"  class=\"panel-grid-cell panel-grid-cell-empty\" ><\/div><\/div><\/div>","protected":false},"excerpt":{"rendered":"<p>\u00c0 l&rsquo;h\u00f4tel Bel Azur de Grand-Popo ce mercredi 11 octobre 2023, le pr\u00e9sident de l&rsquo;Assembl\u00e9e nationale Louis Gb\u00e8hounou VLAVONOU a ouvert  l&rsquo;atelier d&rsquo;internalisation de la Politique nationale de l&#8217;emploi  et des mesures gouvernementales mises en \u0153uvre pour promouvoir l&#8217;emploi des jeunes. Cet atelier qui va durer deux jours est initi\u00e9 par les R\u00e9seaux parlementaires en charge de la Gouvernance locale et de l&#8217;emploi des jeunes  et financ\u00e9 par la Banque mondiale. Dans son mot introductif, le pr\u00e9sident du R\u00e9seau Gouvernance locale et d\u00e9mocratie \u00e0 la base, l&rsquo;He Nicaise Fagnon a fait constater que l&#8217;emploi est et demeure la transversalit\u00e9 de toutes les politiques publiques de d\u00e9veloppement.<\/p>\n","protected":false},"author":13,"featured_media":6661,"comment_status":"closed","ping_status":"open","sticky":false,"template":"","format":"standard","meta":{"footnotes":""},"categories":[29],"tags":[],"class_list":["post-6677","post","type-post","status-publish","format-standard","has-post-thumbnail","hentry","category-actualites"],"_links":{"self":[{"href":"https:\/\/assemblee-nationale.bj\/index.php\/wp-json\/wp\/v2\/posts\/6677","targetHints":{"allow":["GET"]}}],"collection":[{"href":"https:\/\/assemblee-nationale.bj\/index.php\/wp-json\/wp\/v2\/posts"}],"about":[{"href":"https:\/\/assemblee-nationale.bj\/index.php\/wp-json\/wp\/v2\/types\/post"}],"author":[{"embeddable":true,"href":"https:\/\/assemblee-nationale.bj\/index.php\/wp-json\/wp\/v2\/users\/13"}],"replies":[{"embeddable":true,"href":"https:\/\/assemblee-nationale.bj\/index.php\/wp-json\/wp\/v2\/comments?post=6677"}],"version-history":[{"count":1,"href":"https:\/\/assemblee-nationale.bj\/index.php\/wp-json\/wp\/v2\/posts\/6677\/revisions"}],"predecessor-version":[{"id":6678,"href":"https:\/\/assemblee-nationale.bj\/index.php\/wp-json\/wp\/v2\/posts\/6677\/revisions\/6678"}],"wp:featuredmedia":[{"embeddable":true,"href":"https:\/\/assemblee-nationale.bj\/index.php\/wp-json\/wp\/v2\/media\/6661"}],"wp:attachment":[{"href":"https:\/\/assemblee-nationale.bj\/index.php\/wp-json\/wp\/v2\/media?parent=6677"}],"wp:term":[{"taxonomy":"category","embeddable":true,"href":"https:\/\/assemblee-nationale.bj\/index.php\/wp-json\/wp\/v2\/categories?post=6677"},{"taxonomy":"post_tag","embeddable":true,"href":"https:\/\/assemblee-nationale.bj\/index.php\/wp-json\/wp\/v2\/tags?post=6677"}],"curies":[{"name":"wp","href":"https:\/\/api.w.org\/{rel}","templated":true}]}}