
{"id":6718,"date":"2023-10-18T17:52:17","date_gmt":"2023-10-18T16:52:17","guid":{"rendered":"https:\/\/assemblee-nationale.bj\/?p=6718"},"modified":"2023-10-19T12:58:29","modified_gmt":"2023-10-19T11:58:29","slug":"visite-du-chantier-de-construction-du-nouveau-siege-de-lassemblee-nationale-du-benin-le-president-vlavonou-satisfait-de-levolution-des-travaux-mais-exige-le-respect-des-delais-contractuels","status":"publish","type":"post","link":"https:\/\/assemblee-nationale.bj\/index.php\/2023\/10\/18\/visite-du-chantier-de-construction-du-nouveau-siege-de-lassemblee-nationale-du-benin-le-president-vlavonou-satisfait-de-levolution-des-travaux-mais-exige-le-respect-des-delais-contractuels\/","title":{"rendered":"Visite du chantier de construction du nouveau si\u00e8ge de l&rsquo;Assembl\u00e9e nationale du B\u00e9nin : Le Pr\u00e9sident Vlavonou satisfait de l&rsquo;\u00e9volution des travaux mais exige le respect des d\u00e9lais contractuels"},"content":{"rendered":"<div id=\"pl-6718\"  class=\"panel-layout\" ><div id=\"pg-6718-0\"  class=\"panel-grid panel-no-style\" ><div id=\"pgc-6718-0-0\"  class=\"panel-grid-cell\" ><div id=\"panel-6718-0-0-0\" class=\"so-panel widget widget_text panel-first-child panel-last-child\" data-index=\"0\" ><div class=\"panel-widget-style panel-widget-style-for-6718-0-0-0\" >\t\t\t<div class=\"textwidget\"><p><strong>Visite du chantier de construction du nouveau si\u00e8ge de l&rsquo;Assembl\u00e9e nationale du B\u00e9nin : Le Pr\u00e9sident Vlavonou satisfait de l&rsquo;\u00e9volution des travaux mais exige le respect des d\u00e9lais contractuels<\/strong><\/p>\n<p style=\"text-align: justify; line-height: 150%; background: white; margin: 0cm 0cm 4.5pt 0cm;\"><span style=\"color: #1c1e21;\"><strong><br \/>\n<\/strong> <\/span><\/p>\n<p><strong>\u00a0<\/strong><\/p>\n<\/div>\n\t\t<\/div><\/div><\/div><\/div><div id=\"pg-6718-1\"  class=\"panel-grid panel-no-style\" ><div id=\"pgc-6718-1-0\"  class=\"panel-grid-cell panel-grid-cell-empty\" ><\/div><div id=\"pgc-6718-1-1\"  class=\"panel-grid-cell panel-grid-cell-mobile-last\" ><div id=\"panel-6718-1-1-0\" class=\"so-panel widget widget_text panel-first-child panel-last-child\" data-index=\"1\" ><div class=\"panel-widget-style panel-widget-style-for-6718-1-1-0\" >\t\t\t<div class=\"textwidget\"><div class=\"foogallery foogallery-container foogallery-carousel foogallery-lightbox-foobox fg-carousel fg-light fg-border-thin fg-shadow-outline fg-loading-default fg-loaded-fade-in fg-caption-hover fg-hover-fade fg-hover-zoom fg-ready\" id=\"foogallery-gallery-6687\" data-foogallery=\"{&quot;item&quot;:{&quot;showCaptionTitle&quot;:true,&quot;showCaptionDescription&quot;:true},&quot;lazy&quot;:true,&quot;template&quot;:{&quot;maxItems&quot;:5,&quot;scale&quot;:0.18,&quot;gutter&quot;:{&quot;min&quot;:-40,&quot;max&quot;:-40,&quot;unit&quot;:&quot;%&quot;},&quot;autoplay&quot;:{&quot;time&quot;:3,&quot;interaction&quot;:&quot;pause&quot;},&quot;centerOnClick&quot;:false}}\" >\r\n\t<button type=\"button\" class=\"fg-carousel-prev\"><\/button>\r\n\t<div class=\"fg-carousel-inner\">\r\n\t\t<div class=\"fg-carousel-center\"><\/div>\r\n\t\t<div class=\"fg-item fg-type-image fg-idle\"><figure class=\"fg-item-inner\"><a href=\"https:\/\/assemblee-nationale.bj\/wp-content\/uploads\/2023\/10\/Visite-du-chantier-de-construction-du-nouveau-si\u00e8ge-de-lAssembl\u00e9e-nationale-du-B\u00e9nin-1.jpeg\" data-attachment-id=\"6696\" class=\"fg-thumb\"><span class=\"fg-image-wrap\"><img fetchpriority=\"high\" decoding=\"async\" width=\"400\" height=\"300\" class=\"skip-lazy fg-image\" data-src-fg=\"https:\/\/assemblee-nationale.bj\/wp-content\/uploads\/cache\/2023\/10\/Visite-du-chantier-de-construction-du-nouveau-si\u00e8ge-de-lAssembl\u00e9e-nationale-du-B\u00e9nin-1\/1667007284.jpeg\" src=\"data:image\/svg+xml,%3Csvg%20xmlns%3D%22http%3A%2F%2Fwww.w3.org%2F2000%2Fsvg%22%20width%3D%22400%22%20height%3D%22300%22%20viewBox%3D%220%200%20400%20300%22%3E%3C%2Fsvg%3E\" loading=\"eager\"><\/span><span class=\"fg-image-overlay\"><\/span><\/a><figcaption class=\"fg-caption\"><div class=\"fg-caption-inner\"><\/div><\/figcaption><\/figure><div class=\"fg-loader\"><\/div><\/div><div class=\"fg-item fg-type-image fg-idle\"><figure class=\"fg-item-inner\"><a href=\"https:\/\/assemblee-nationale.bj\/wp-content\/uploads\/2023\/10\/Visite-du-chantier-de-construction-du-nouveau-si\u00e8ge-de-lAssembl\u00e9e-nationale-du-B\u00e9nin-2.jpeg\" data-attachment-id=\"6697\" class=\"fg-thumb\"><span class=\"fg-image-wrap\"><img decoding=\"async\" width=\"400\" height=\"300\" class=\"skip-lazy fg-image\" data-src-fg=\"https:\/\/assemblee-nationale.bj\/wp-content\/uploads\/cache\/2023\/10\/Visite-du-chantier-de-construction-du-nouveau-si\u00e8ge-de-lAssembl\u00e9e-nationale-du-B\u00e9nin-2\/1924662426.jpeg\" src=\"data:image\/svg+xml,%3Csvg%20xmlns%3D%22http%3A%2F%2Fwww.w3.org%2F2000%2Fsvg%22%20width%3D%22400%22%20height%3D%22300%22%20viewBox%3D%220%200%20400%20300%22%3E%3C%2Fsvg%3E\" loading=\"eager\"><\/span><span class=\"fg-image-overlay\"><\/span><\/a><figcaption class=\"fg-caption\"><div class=\"fg-caption-inner\"><\/div><\/figcaption><\/figure><div class=\"fg-loader\"><\/div><\/div><div class=\"fg-item fg-type-image fg-idle\"><figure class=\"fg-item-inner\"><a href=\"https:\/\/assemblee-nationale.bj\/wp-content\/uploads\/2023\/10\/Visite-du-chantier-de-construction-du-nouveau-si\u00e8ge-de-lAssembl\u00e9e-nationale-du-B\u00e9nin-3.jpeg\" data-attachment-id=\"6698\" class=\"fg-thumb\"><span class=\"fg-image-wrap\"><img decoding=\"async\" width=\"400\" height=\"300\" class=\"skip-lazy fg-image\" data-src-fg=\"https:\/\/assemblee-nationale.bj\/wp-content\/uploads\/cache\/2023\/10\/Visite-du-chantier-de-construction-du-nouveau-si\u00e8ge-de-lAssembl\u00e9e-nationale-du-B\u00e9nin-3\/130039867.jpeg\" src=\"data:image\/svg+xml,%3Csvg%20xmlns%3D%22http%3A%2F%2Fwww.w3.org%2F2000%2Fsvg%22%20width%3D%22400%22%20height%3D%22300%22%20viewBox%3D%220%200%20400%20300%22%3E%3C%2Fsvg%3E\" loading=\"eager\"><\/span><span class=\"fg-image-overlay\"><\/span><\/a><figcaption class=\"fg-caption\"><div class=\"fg-caption-inner\"><\/div><\/figcaption><\/figure><div class=\"fg-loader\"><\/div><\/div><div class=\"fg-item fg-type-image fg-idle\"><figure class=\"fg-item-inner\"><a href=\"https:\/\/assemblee-nationale.bj\/wp-content\/uploads\/2023\/10\/Visite-du-chantier-de-construction-du-nouveau-si\u00e8ge-de-lAssembl\u00e9e-nationale-du-B\u00e9nin-4.jpeg\" data-attachment-id=\"6699\" class=\"fg-thumb\"><span class=\"fg-image-wrap\"><img decoding=\"async\" width=\"400\" height=\"300\" class=\"skip-lazy fg-image\" data-src-fg=\"https:\/\/assemblee-nationale.bj\/wp-content\/uploads\/cache\/2023\/10\/Visite-du-chantier-de-construction-du-nouveau-si\u00e8ge-de-lAssembl\u00e9e-nationale-du-B\u00e9nin-4\/2526880109.jpeg\" src=\"data:image\/svg+xml,%3Csvg%20xmlns%3D%22http%3A%2F%2Fwww.w3.org%2F2000%2Fsvg%22%20width%3D%22400%22%20height%3D%22300%22%20viewBox%3D%220%200%20400%20300%22%3E%3C%2Fsvg%3E\" loading=\"eager\"><\/span><span class=\"fg-image-overlay\"><\/span><\/a><figcaption class=\"fg-caption\"><div class=\"fg-caption-inner\"><\/div><\/figcaption><\/figure><div class=\"fg-loader\"><\/div><\/div><div class=\"fg-item fg-type-image fg-idle\"><figure class=\"fg-item-inner\"><a href=\"https:\/\/assemblee-nationale.bj\/wp-content\/uploads\/2023\/10\/Visite-du-chantier-de-construction-du-nouveau-si\u00e8ge-de-lAssembl\u00e9e-nationale-du-B\u00e9nin-5.jpeg\" data-attachment-id=\"6700\" class=\"fg-thumb\"><span class=\"fg-image-wrap\"><img decoding=\"async\" width=\"400\" height=\"300\" class=\"skip-lazy fg-image\" data-src-fg=\"https:\/\/assemblee-nationale.bj\/wp-content\/uploads\/cache\/2023\/10\/Visite-du-chantier-de-construction-du-nouveau-si\u00e8ge-de-lAssembl\u00e9e-nationale-du-B\u00e9nin-5\/2602255132.jpeg\" src=\"data:image\/svg+xml,%3Csvg%20xmlns%3D%22http%3A%2F%2Fwww.w3.org%2F2000%2Fsvg%22%20width%3D%22400%22%20height%3D%22300%22%20viewBox%3D%220%200%20400%20300%22%3E%3C%2Fsvg%3E\" loading=\"eager\"><\/span><span class=\"fg-image-overlay\"><\/span><\/a><figcaption class=\"fg-caption\"><div class=\"fg-caption-inner\"><\/div><\/figcaption><\/figure><div class=\"fg-loader\"><\/div><\/div><div class=\"fg-item fg-type-image fg-idle\"><figure class=\"fg-item-inner\"><a href=\"https:\/\/assemblee-nationale.bj\/wp-content\/uploads\/2023\/10\/Visite-du-chantier-de-construction-du-nouveau-si\u00e8ge-de-lAssembl\u00e9e-nationale-du-B\u00e9nin-6.jpeg\" data-attachment-id=\"6701\" class=\"fg-thumb\"><span class=\"fg-image-wrap\"><img decoding=\"async\" width=\"400\" height=\"300\" class=\"skip-lazy fg-image\" data-src-fg=\"https:\/\/assemblee-nationale.bj\/wp-content\/uploads\/cache\/2023\/10\/Visite-du-chantier-de-construction-du-nouveau-si\u00e8ge-de-lAssembl\u00e9e-nationale-du-B\u00e9nin-6\/1470788422.jpeg\" src=\"data:image\/svg+xml,%3Csvg%20xmlns%3D%22http%3A%2F%2Fwww.w3.org%2F2000%2Fsvg%22%20width%3D%22400%22%20height%3D%22300%22%20viewBox%3D%220%200%20400%20300%22%3E%3C%2Fsvg%3E\" loading=\"eager\"><\/span><span class=\"fg-image-overlay\"><\/span><\/a><figcaption class=\"fg-caption\"><div class=\"fg-caption-inner\"><\/div><\/figcaption><\/figure><div class=\"fg-loader\"><\/div><\/div><div class=\"fg-item fg-type-image fg-idle\"><figure class=\"fg-item-inner\"><a href=\"https:\/\/assemblee-nationale.bj\/wp-content\/uploads\/2023\/10\/Visite-du-chantier-de-construction-du-nouveau-si\u00e8ge-de-lAssembl\u00e9e-nationale-du-B\u00e9nin-7.jpeg\" data-attachment-id=\"6702\" class=\"fg-thumb\"><span class=\"fg-image-wrap\"><img decoding=\"async\" width=\"400\" height=\"300\" class=\"skip-lazy fg-image\" data-src-fg=\"https:\/\/assemblee-nationale.bj\/wp-content\/uploads\/cache\/2023\/10\/Visite-du-chantier-de-construction-du-nouveau-si\u00e8ge-de-lAssembl\u00e9e-nationale-du-B\u00e9nin-7\/2229564645.jpeg\" src=\"data:image\/svg+xml,%3Csvg%20xmlns%3D%22http%3A%2F%2Fwww.w3.org%2F2000%2Fsvg%22%20width%3D%22400%22%20height%3D%22300%22%20viewBox%3D%220%200%20400%20300%22%3E%3C%2Fsvg%3E\" loading=\"eager\"><\/span><span class=\"fg-image-overlay\"><\/span><\/a><figcaption class=\"fg-caption\"><div class=\"fg-caption-inner\"><\/div><\/figcaption><\/figure><div class=\"fg-loader\"><\/div><\/div><div class=\"fg-item fg-type-image fg-idle\"><figure class=\"fg-item-inner\"><a href=\"https:\/\/assemblee-nationale.bj\/wp-content\/uploads\/2023\/10\/Visite-du-chantier-de-construction-du-nouveau-si\u00e8ge-de-lAssembl\u00e9e-nationale-du-B\u00e9nin-8.jpeg\" data-attachment-id=\"6703\" class=\"fg-thumb\"><span class=\"fg-image-wrap\"><img decoding=\"async\" width=\"400\" height=\"300\" class=\"skip-lazy fg-image\" data-src-fg=\"https:\/\/assemblee-nationale.bj\/wp-content\/uploads\/cache\/2023\/10\/Visite-du-chantier-de-construction-du-nouveau-si\u00e8ge-de-lAssembl\u00e9e-nationale-du-B\u00e9nin-8\/2925639595.jpeg\" src=\"data:image\/svg+xml,%3Csvg%20xmlns%3D%22http%3A%2F%2Fwww.w3.org%2F2000%2Fsvg%22%20width%3D%22400%22%20height%3D%22300%22%20viewBox%3D%220%200%20400%20300%22%3E%3C%2Fsvg%3E\" loading=\"eager\"><\/span><span class=\"fg-image-overlay\"><\/span><\/a><figcaption class=\"fg-caption\"><div class=\"fg-caption-inner\"><\/div><\/figcaption><\/figure><div class=\"fg-loader\"><\/div><\/div><div class=\"fg-item fg-type-image fg-idle\"><figure class=\"fg-item-inner\"><a href=\"https:\/\/assemblee-nationale.bj\/wp-content\/uploads\/2023\/10\/Visite-du-chantier-de-construction-du-nouveau-si\u00e8ge-de-lAssembl\u00e9e-nationale-du-B\u00e9nin-9.jpeg\" data-attachment-id=\"6704\" class=\"fg-thumb\"><span class=\"fg-image-wrap\"><img decoding=\"async\" width=\"400\" height=\"300\" class=\"skip-lazy fg-image\" data-src-fg=\"https:\/\/assemblee-nationale.bj\/wp-content\/uploads\/cache\/2023\/10\/Visite-du-chantier-de-construction-du-nouveau-si\u00e8ge-de-lAssembl\u00e9e-nationale-du-B\u00e9nin-9\/524127990.jpeg\" src=\"data:image\/svg+xml,%3Csvg%20xmlns%3D%22http%3A%2F%2Fwww.w3.org%2F2000%2Fsvg%22%20width%3D%22400%22%20height%3D%22300%22%20viewBox%3D%220%200%20400%20300%22%3E%3C%2Fsvg%3E\" loading=\"eager\"><\/span><span class=\"fg-image-overlay\"><\/span><\/a><figcaption class=\"fg-caption\"><div class=\"fg-caption-inner\"><\/div><\/figcaption><\/figure><div class=\"fg-loader\"><\/div><\/div><div class=\"fg-item fg-type-image fg-idle\"><figure class=\"fg-item-inner\"><a href=\"https:\/\/assemblee-nationale.bj\/wp-content\/uploads\/2023\/10\/Visite-du-chantier-de-construction-du-nouveau-si\u00e8ge-de-lAssembl\u00e9e-nationale-du-B\u00e9nin-10.jpeg\" data-attachment-id=\"6705\" class=\"fg-thumb\"><span class=\"fg-image-wrap\"><img decoding=\"async\" width=\"400\" height=\"300\" class=\"skip-lazy fg-image\" data-src-fg=\"https:\/\/assemblee-nationale.bj\/wp-content\/uploads\/cache\/2023\/10\/Visite-du-chantier-de-construction-du-nouveau-si\u00e8ge-de-lAssembl\u00e9e-nationale-du-B\u00e9nin-10\/3953077796.jpeg\" src=\"data:image\/svg+xml,%3Csvg%20xmlns%3D%22http%3A%2F%2Fwww.w3.org%2F2000%2Fsvg%22%20width%3D%22400%22%20height%3D%22300%22%20viewBox%3D%220%200%20400%20300%22%3E%3C%2Fsvg%3E\" loading=\"eager\"><\/span><span class=\"fg-image-overlay\"><\/span><\/a><figcaption class=\"fg-caption\"><div class=\"fg-caption-inner\"><\/div><\/figcaption><\/figure><div class=\"fg-loader\"><\/div><\/div><div class=\"fg-item fg-type-image fg-idle\"><figure class=\"fg-item-inner\"><a href=\"https:\/\/assemblee-nationale.bj\/wp-content\/uploads\/2023\/10\/Visite-du-chantier-de-construction-du-nouveau-si\u00e8ge-de-lAssembl\u00e9e-nationale-du-B\u00e9nin-11.jpeg\" data-attachment-id=\"6706\" class=\"fg-thumb\"><span class=\"fg-image-wrap\"><img decoding=\"async\" width=\"400\" height=\"300\" class=\"skip-lazy fg-image\" data-src-fg=\"https:\/\/assemblee-nationale.bj\/wp-content\/uploads\/cache\/2023\/10\/Visite-du-chantier-de-construction-du-nouveau-si\u00e8ge-de-lAssembl\u00e9e-nationale-du-B\u00e9nin-11\/1546317068.jpeg\" src=\"data:image\/svg+xml,%3Csvg%20xmlns%3D%22http%3A%2F%2Fwww.w3.org%2F2000%2Fsvg%22%20width%3D%22400%22%20height%3D%22300%22%20viewBox%3D%220%200%20400%20300%22%3E%3C%2Fsvg%3E\" loading=\"eager\"><\/span><span class=\"fg-image-overlay\"><\/span><\/a><figcaption class=\"fg-caption\"><div class=\"fg-caption-inner\"><\/div><\/figcaption><\/figure><div class=\"fg-loader\"><\/div><\/div><div class=\"fg-item fg-type-image fg-idle\"><figure class=\"fg-item-inner\"><a href=\"https:\/\/assemblee-nationale.bj\/wp-content\/uploads\/2023\/10\/Visite-du-chantier-de-construction-du-nouveau-si\u00e8ge-de-lAssembl\u00e9e-nationale-du-B\u00e9nin-12.jpeg\" data-attachment-id=\"6707\" class=\"fg-thumb\"><span class=\"fg-image-wrap\"><img decoding=\"async\" width=\"400\" height=\"300\" class=\"skip-lazy fg-image\" data-src-fg=\"https:\/\/assemblee-nationale.bj\/wp-content\/uploads\/cache\/2023\/10\/Visite-du-chantier-de-construction-du-nouveau-si\u00e8ge-de-lAssembl\u00e9e-nationale-du-B\u00e9nin-12\/98722576.jpeg\" src=\"data:image\/svg+xml,%3Csvg%20xmlns%3D%22http%3A%2F%2Fwww.w3.org%2F2000%2Fsvg%22%20width%3D%22400%22%20height%3D%22300%22%20viewBox%3D%220%200%20400%20300%22%3E%3C%2Fsvg%3E\" loading=\"eager\"><\/span><span class=\"fg-image-overlay\"><\/span><\/a><figcaption class=\"fg-caption\"><div class=\"fg-caption-inner\"><\/div><\/figcaption><\/figure><div class=\"fg-loader\"><\/div><\/div><div class=\"fg-item fg-type-image fg-idle\"><figure class=\"fg-item-inner\"><a href=\"https:\/\/assemblee-nationale.bj\/wp-content\/uploads\/2023\/10\/Visite-du-chantier-de-construction-du-nouveau-si\u00e8ge-de-lAssembl\u00e9e-nationale-du-B\u00e9nin-13.jpeg\" data-attachment-id=\"6708\" class=\"fg-thumb\"><span class=\"fg-image-wrap\"><img decoding=\"async\" width=\"400\" height=\"300\" class=\"skip-lazy fg-image\" data-src-fg=\"https:\/\/assemblee-nationale.bj\/wp-content\/uploads\/cache\/2023\/10\/Visite-du-chantier-de-construction-du-nouveau-si\u00e8ge-de-lAssembl\u00e9e-nationale-du-B\u00e9nin-13\/1560278871.jpeg\" src=\"data:image\/svg+xml,%3Csvg%20xmlns%3D%22http%3A%2F%2Fwww.w3.org%2F2000%2Fsvg%22%20width%3D%22400%22%20height%3D%22300%22%20viewBox%3D%220%200%20400%20300%22%3E%3C%2Fsvg%3E\" loading=\"eager\"><\/span><span class=\"fg-image-overlay\"><\/span><\/a><figcaption class=\"fg-caption\"><div class=\"fg-caption-inner\"><\/div><\/figcaption><\/figure><div class=\"fg-loader\"><\/div><\/div><div class=\"fg-item fg-type-image fg-idle\"><figure class=\"fg-item-inner\"><a href=\"https:\/\/assemblee-nationale.bj\/wp-content\/uploads\/2023\/10\/Visite-du-chantier-de-construction-du-nouveau-si\u00e8ge-de-lAssembl\u00e9e-nationale-du-B\u00e9nin-14.jpeg\" data-attachment-id=\"6709\" class=\"fg-thumb\"><span class=\"fg-image-wrap\"><img decoding=\"async\" width=\"400\" height=\"300\" class=\"skip-lazy fg-image\" data-src-fg=\"https:\/\/assemblee-nationale.bj\/wp-content\/uploads\/cache\/2023\/10\/Visite-du-chantier-de-construction-du-nouveau-si\u00e8ge-de-lAssembl\u00e9e-nationale-du-B\u00e9nin-14\/1490757703.jpeg\" src=\"data:image\/svg+xml,%3Csvg%20xmlns%3D%22http%3A%2F%2Fwww.w3.org%2F2000%2Fsvg%22%20width%3D%22400%22%20height%3D%22300%22%20viewBox%3D%220%200%20400%20300%22%3E%3C%2Fsvg%3E\" loading=\"eager\"><\/span><span class=\"fg-image-overlay\"><\/span><\/a><figcaption class=\"fg-caption\"><div class=\"fg-caption-inner\"><\/div><\/figcaption><\/figure><div class=\"fg-loader\"><\/div><\/div><div class=\"fg-item fg-type-image fg-idle\"><figure class=\"fg-item-inner\"><a href=\"https:\/\/assemblee-nationale.bj\/wp-content\/uploads\/2023\/10\/Visite-du-chantier-de-construction-du-nouveau-si\u00e8ge-de-lAssembl\u00e9e-nationale-du-B\u00e9nin-15.jpeg\" data-attachment-id=\"6710\" class=\"fg-thumb\"><span class=\"fg-image-wrap\"><img decoding=\"async\" width=\"400\" height=\"300\" class=\"skip-lazy fg-image\" data-src-fg=\"https:\/\/assemblee-nationale.bj\/wp-content\/uploads\/cache\/2023\/10\/Visite-du-chantier-de-construction-du-nouveau-si\u00e8ge-de-lAssembl\u00e9e-nationale-du-B\u00e9nin-15\/1682258773.jpeg\" src=\"data:image\/svg+xml,%3Csvg%20xmlns%3D%22http%3A%2F%2Fwww.w3.org%2F2000%2Fsvg%22%20width%3D%22400%22%20height%3D%22300%22%20viewBox%3D%220%200%20400%20300%22%3E%3C%2Fsvg%3E\" loading=\"eager\"><\/span><span class=\"fg-image-overlay\"><\/span><\/a><figcaption class=\"fg-caption\"><div class=\"fg-caption-inner\"><\/div><\/figcaption><\/figure><div class=\"fg-loader\"><\/div><\/div><div class=\"fg-item fg-type-image fg-idle\"><figure class=\"fg-item-inner\"><a href=\"https:\/\/assemblee-nationale.bj\/wp-content\/uploads\/2023\/10\/Visite-du-chantier-de-construction-du-nouveau-si\u00e8ge-de-lAssembl\u00e9e-nationale-du-B\u00e9nin-16.jpeg\" data-attachment-id=\"6711\" class=\"fg-thumb\"><span class=\"fg-image-wrap\"><img decoding=\"async\" width=\"400\" height=\"300\" class=\"skip-lazy fg-image\" data-src-fg=\"https:\/\/assemblee-nationale.bj\/wp-content\/uploads\/cache\/2023\/10\/Visite-du-chantier-de-construction-du-nouveau-si\u00e8ge-de-lAssembl\u00e9e-nationale-du-B\u00e9nin-16\/1032697161.jpeg\" src=\"data:image\/svg+xml,%3Csvg%20xmlns%3D%22http%3A%2F%2Fwww.w3.org%2F2000%2Fsvg%22%20width%3D%22400%22%20height%3D%22300%22%20viewBox%3D%220%200%20400%20300%22%3E%3C%2Fsvg%3E\" loading=\"eager\"><\/span><span class=\"fg-image-overlay\"><\/span><\/a><figcaption class=\"fg-caption\"><div class=\"fg-caption-inner\"><\/div><\/figcaption><\/figure><div class=\"fg-loader\"><\/div><\/div><div class=\"fg-item fg-type-image fg-idle\"><figure class=\"fg-item-inner\"><a href=\"https:\/\/assemblee-nationale.bj\/wp-content\/uploads\/2023\/10\/Visite-du-chantier-de-construction-du-nouveau-si\u00e8ge-de-lAssembl\u00e9e-nationale-du-B\u00e9nin-17.jpeg\" data-attachment-id=\"6712\" class=\"fg-thumb\"><span class=\"fg-image-wrap\"><img decoding=\"async\" width=\"400\" height=\"300\" class=\"skip-lazy fg-image\" data-src-fg=\"https:\/\/assemblee-nationale.bj\/wp-content\/uploads\/cache\/2023\/10\/Visite-du-chantier-de-construction-du-nouveau-si\u00e8ge-de-lAssembl\u00e9e-nationale-du-B\u00e9nin-17\/2318956129.jpeg\" src=\"data:image\/svg+xml,%3Csvg%20xmlns%3D%22http%3A%2F%2Fwww.w3.org%2F2000%2Fsvg%22%20width%3D%22400%22%20height%3D%22300%22%20viewBox%3D%220%200%20400%20300%22%3E%3C%2Fsvg%3E\" loading=\"eager\"><\/span><span class=\"fg-image-overlay\"><\/span><\/a><figcaption class=\"fg-caption\"><div class=\"fg-caption-inner\"><\/div><\/figcaption><\/figure><div class=\"fg-loader\"><\/div><\/div><div class=\"fg-item fg-type-image fg-idle\"><figure class=\"fg-item-inner\"><a href=\"https:\/\/assemblee-nationale.bj\/wp-content\/uploads\/2023\/10\/Visite-du-chantier-de-construction-du-nouveau-si\u00e8ge-de-lAssembl\u00e9e-nationale-du-B\u00e9nin-18.jpeg\" data-attachment-id=\"6713\" class=\"fg-thumb\"><span class=\"fg-image-wrap\"><img decoding=\"async\" width=\"400\" height=\"300\" class=\"skip-lazy fg-image\" data-src-fg=\"https:\/\/assemblee-nationale.bj\/wp-content\/uploads\/cache\/2023\/10\/Visite-du-chantier-de-construction-du-nouveau-si\u00e8ge-de-lAssembl\u00e9e-nationale-du-B\u00e9nin-18\/902040425.jpeg\" src=\"data:image\/svg+xml,%3Csvg%20xmlns%3D%22http%3A%2F%2Fwww.w3.org%2F2000%2Fsvg%22%20width%3D%22400%22%20height%3D%22300%22%20viewBox%3D%220%200%20400%20300%22%3E%3C%2Fsvg%3E\" loading=\"eager\"><\/span><span class=\"fg-image-overlay\"><\/span><\/a><figcaption class=\"fg-caption\"><div class=\"fg-caption-inner\"><\/div><\/figcaption><\/figure><div class=\"fg-loader\"><\/div><\/div><div class=\"fg-item fg-type-image fg-idle\"><figure class=\"fg-item-inner\"><a href=\"https:\/\/assemblee-nationale.bj\/wp-content\/uploads\/2023\/10\/Visite-du-chantier-de-construction-du-nouveau-si\u00e8ge-de-lAssembl\u00e9e-nationale-du-B\u00e9nin-19.jpeg\" data-attachment-id=\"6714\" class=\"fg-thumb\"><span class=\"fg-image-wrap\"><img decoding=\"async\" width=\"400\" height=\"300\" class=\"skip-lazy fg-image\" data-src-fg=\"https:\/\/assemblee-nationale.bj\/wp-content\/uploads\/cache\/2023\/10\/Visite-du-chantier-de-construction-du-nouveau-si\u00e8ge-de-lAssembl\u00e9e-nationale-du-B\u00e9nin-19\/3625321828.jpeg\" src=\"data:image\/svg+xml,%3Csvg%20xmlns%3D%22http%3A%2F%2Fwww.w3.org%2F2000%2Fsvg%22%20width%3D%22400%22%20height%3D%22300%22%20viewBox%3D%220%200%20400%20300%22%3E%3C%2Fsvg%3E\" loading=\"eager\"><\/span><span class=\"fg-image-overlay\"><\/span><\/a><figcaption class=\"fg-caption\"><div class=\"fg-caption-inner\"><\/div><\/figcaption><\/figure><div class=\"fg-loader\"><\/div><\/div><div class=\"fg-item fg-type-image fg-idle\"><figure class=\"fg-item-inner\"><a href=\"https:\/\/assemblee-nationale.bj\/wp-content\/uploads\/2023\/10\/Visite-du-chantier-de-construction-du-nouveau-si\u00e8ge-de-lAssembl\u00e9e-nationale-du-B\u00e9nin-20.jpeg\" data-attachment-id=\"6715\" class=\"fg-thumb\"><span class=\"fg-image-wrap\"><img decoding=\"async\" width=\"400\" height=\"300\" class=\"skip-lazy fg-image\" data-src-fg=\"https:\/\/assemblee-nationale.bj\/wp-content\/uploads\/cache\/2023\/10\/Visite-du-chantier-de-construction-du-nouveau-si\u00e8ge-de-lAssembl\u00e9e-nationale-du-B\u00e9nin-20\/4291279589.jpeg\" src=\"data:image\/svg+xml,%3Csvg%20xmlns%3D%22http%3A%2F%2Fwww.w3.org%2F2000%2Fsvg%22%20width%3D%22400%22%20height%3D%22300%22%20viewBox%3D%220%200%20400%20300%22%3E%3C%2Fsvg%3E\" loading=\"eager\"><\/span><span class=\"fg-image-overlay\"><\/span><\/a><figcaption class=\"fg-caption\"><div class=\"fg-caption-inner\"><\/div><\/figcaption><\/figure><div class=\"fg-loader\"><\/div><\/div>\t<\/div>\r\n\t<div class=\"fg-carousel-bottom\"><\/div>\r\n\t<div class=\"fg-carousel-progress\"><\/div>\r\n\t<button type=\"button\" class=\"fg-carousel-next\"><\/button>\r\n<\/div>\n<p>&nbsp;<\/p>\n<p>O\u00f9 en est le chantier de construction du nouveau si\u00e8ge de l&rsquo;Assembl\u00e9e nationale du B\u00e9nin ? C&rsquo;est ce qu&rsquo;a voulu savoir le Pr\u00e9sident Louis Gb\u00e8hounou Vlavonou en effectuant ce mercredi 18 octobre 2023 une descente sur le site qui accueille l&rsquo;ouvrage. Il avait \u00e0 ses c\u00f4t\u00e9s le Premier Questeur Labiou Amadou Djibril, Le secr\u00e9taire g\u00e9n\u00e9ral administratif de l&rsquo;Assembl\u00e9e nationale Mariano Ogoutolou, le Directeur adjoint du cabinet Moukaram Badarou, le Commandant militaire Charles Sounouvou, d&rsquo;autres membres de son cabinet et des Directeurs techniques.<\/p>\n<p>El-Hadj Affissou Anonrin <\/p>\n<p>Apr\u00e8s la visite de terrain qui a permis de constater la bonne \u00e9volution des travaux, une s\u00e9ance de synth\u00e8se s&rsquo;est tenue \u00e0 la salle de conf\u00e9rence de l&rsquo;entreprise charg\u00e9e de l&rsquo;ex\u00e9cution du projet, la China State Construction Engineering Corporation LTD.<\/p>\n<p>L&rsquo;\u00e9tat d&rsquo;ex\u00e9cution des travaux pr\u00e9sent\u00e9 par Ninon Ahouandjinou, Chef de la cellule de suivi-\u00e9valuation \u00e0 la Soci\u00e9t\u00e9 immobili\u00e8re et d&rsquo;am\u00e9nagement urbain- SImAU (Ma\u00eetre d&rsquo;ouvrage d\u00e9l\u00e9gu\u00e9 du projet), d\u00e9gage un taux d&rsquo;ex\u00e9cution physique globale de 70%. Dans les d\u00e9tails, a-t-il dit, les travaux de construction du b\u00e2timent principal sont \u00e0 ce jour ex\u00e9cut\u00e9s \u00e0 75%. Pour ce qui est des b\u00e2timents satellites, ce taux est \u00e9valu\u00e9 \u00e0 95%. La caserne des militaires affiche un taux d&rsquo;ex\u00e9cution de 87% contre 5% pour les locaux techniques et 00% pour le parking et l&rsquo;infirmerie.<\/p>\n<p>Pour ce qui est de la seconde phase du projet, c&rsquo;est-\u00e0-dire la finition, Ninon Ahouandjinou a indiqu\u00e9 que les formalit\u00e9s de contractualisation avec l&rsquo;entreprise Jet-Contractor sont suffisamment avanc\u00e9es et que la mobilisation et l&rsquo;\u00e9laboration du dossier d&rsquo;ex\u00e9cution sont en cours. Toujours selon le repr\u00e9sentant de la SImAU, le taux d&rsquo;ex\u00e9cution financi\u00e8re du projet \u00e0 la date du 30 septembre 2023 est \u00e9valu\u00e9 \u00e0 69,27%.<\/p>\n<p> Pr\u00e9occupations diverses <\/p>\n<p>Toutes les personnes qui sont intervenues au cours de la r\u00e9union de synth\u00e8se ont salu\u00e9 le niveau d&rsquo;ex\u00e9cution des travaux. Mais cela ne les a pas emp\u00each\u00e9es de soulever diverses pr\u00e9occupations li\u00e9es notamment au respect du d\u00e9lai de livraison du chantier. C&rsquo;est d&rsquo;ailleurs ce qui a constitu\u00e9 la substance de l&rsquo;intervention du Pr\u00e9sident Louis Gb\u00e8hounou Vlavonou et de l&rsquo;ensemble de ses collaborateurs que sont Labiou Amadou Djibril, Charles Sounouvou et Mariano Ogoutolou.<\/p>\n<p>\u00ab J&rsquo;avoue qu&rsquo;entre ma premi\u00e8re visite et aujourd&rsquo;hui, j&rsquo;ai \u00e9t\u00e9 agr\u00e9ablement surpris de l&rsquo;\u00e9volution des travaux \u00bb, a dit le premier responsable du Parlement b\u00e9ninois. Pour lui, il y a malgr\u00e9 tout un d\u00e9fi \u00e0 relever ; celui du respect du d\u00e9lai de livraison du chantier afin de permettre aux d\u00e9put\u00e9s de la 9e l\u00e9gislature d&rsquo;int\u00e9grer le b\u00e2timent en avril 2025 et au pire des cas en octobre de la m\u00eame ann\u00e9e&#8230; <\/p>\n<p>L\u2019imp\u00e9ratif du respect des d\u00e9lais contractuels <\/p>\n<p>\u00ab Aujourd&rsquo;hui, nous sommes encore \u00e0 la crois\u00e9e des chemins. Il ne faudrait pas que la 9e l\u00e9gislature ne puisse pas int\u00e9grer ce b\u00e2timent pendant que sur les r\u00e9seaux sociaux, dans les m\u00e9dias classiques et autres on parle de la d\u00e9molition du mus\u00e9e de la corruption situ\u00e9 \u00e0 l&rsquo;entr\u00e9e de la ville de Porto-Novo.. C&rsquo;est un d\u00e9fi pour le Chef de l&rsquo;\u00c9tat, c&rsquo;est un d\u00e9fi pour le Pr\u00e9sident de l&rsquo;Assembl\u00e9e nationale qu&rsquo;avant la fin de la pr\u00e9sente l\u00e9gislature et du mandat du Chef de l&rsquo;\u00c9tat nous puissions int\u00e9grer ce b\u00e2timent\u00bb, a fait observer le Pr\u00e9sident Louis Gb\u00e8hounou Vlavonou qui fait de l&rsquo;int\u00e9gration du nouveau si\u00e8ge de l&rsquo;Assembl\u00e9e nationale un d\u00e9fi pendant que le Pr\u00e9sident Talon est encore aux affaires. Ceci, a-t-il martel\u00e9 est un d\u00e9fi fondamental.<\/p>\n<p> Les assurances de la SImAU <\/p>\n<p>Ce plaidoyer n&rsquo;est pas tomb\u00e9 dans des oreilles de sourds. Alain All\u00e9 Dahoun qui repr\u00e9sentait le Directeur g\u00e9n\u00e9ral de la SImAU a rassur\u00e9 les uns et les autres que les d\u00e9lais seront respect\u00e9s. Il a d&rsquo;ailleurs annonc\u00e9 que la 2e phase du projet qui est confi\u00e9e \u00e0 l&rsquo;entreprise Jet-Contractor ne d\u00e9passera pas les 18 mois pr\u00e9vus dans le contrat. Toutes les diligences seront faites, a-t-il rassur\u00e9.<\/p>\n<\/div>\n\t\t<\/div><\/div><\/div><div id=\"pgc-6718-1-2\"  class=\"panel-grid-cell panel-grid-cell-empty\" ><\/div><\/div><\/div>","protected":false},"excerpt":{"rendered":"<p>O\u00f9 en est le chantier de construction du nouveau si\u00e8ge de l&rsquo;Assembl\u00e9e nationale du B\u00e9nin ? C&rsquo;est ce qu&rsquo;a voulu savoir le Pr\u00e9sident Louis Gb\u00e8hounou Vlavonou en effectuant  ce mercredi 18 octobre 2023 une descente sur le site qui accueille l&rsquo;ouvrage. Il avait \u00e0 ses c\u00f4t\u00e9s le Premier Questeur Labiou Amadou Djibril, Le secr\u00e9taire g\u00e9n\u00e9ral administratif de l&rsquo;Assembl\u00e9e nationale Mariano Ogoutolou, le Directeur adjoint du cabinet Moukaram Badarou, le Commandant militaire Charles Sounouvou, d&rsquo;autres membres de son cabinet et des Directeurs techniques. Apr\u00e8s la visite de terrain qui a permis de constater la bonne \u00e9volution des travaux, une s\u00e9ance de synth\u00e8se s&rsquo;est tenue \u00e0 la salle de conf\u00e9rence de l&rsquo;entreprise charg\u00e9e de l&rsquo;ex\u00e9cution du projet, la China State Construction Engineering Corporation LTD.<\/p>\n","protected":false},"author":13,"featured_media":6709,"comment_status":"closed","ping_status":"open","sticky":false,"template":"","format":"standard","meta":{"footnotes":""},"categories":[29],"tags":[],"class_list":["post-6718","post","type-post","status-publish","format-standard","has-post-thumbnail","hentry","category-actualites"],"_links":{"self":[{"href":"https:\/\/assemblee-nationale.bj\/index.php\/wp-json\/wp\/v2\/posts\/6718","targetHints":{"allow":["GET"]}}],"collection":[{"href":"https:\/\/assemblee-nationale.bj\/index.php\/wp-json\/wp\/v2\/posts"}],"about":[{"href":"https:\/\/assemblee-nationale.bj\/index.php\/wp-json\/wp\/v2\/types\/post"}],"author":[{"embeddable":true,"href":"https:\/\/assemblee-nationale.bj\/index.php\/wp-json\/wp\/v2\/users\/13"}],"replies":[{"embeddable":true,"href":"https:\/\/assemblee-nationale.bj\/index.php\/wp-json\/wp\/v2\/comments?post=6718"}],"version-history":[{"count":1,"href":"https:\/\/assemblee-nationale.bj\/index.php\/wp-json\/wp\/v2\/posts\/6718\/revisions"}],"predecessor-version":[{"id":6721,"href":"https:\/\/assemblee-nationale.bj\/index.php\/wp-json\/wp\/v2\/posts\/6718\/revisions\/6721"}],"wp:featuredmedia":[{"embeddable":true,"href":"https:\/\/assemblee-nationale.bj\/index.php\/wp-json\/wp\/v2\/media\/6709"}],"wp:attachment":[{"href":"https:\/\/assemblee-nationale.bj\/index.php\/wp-json\/wp\/v2\/media?parent=6718"}],"wp:term":[{"taxonomy":"category","embeddable":true,"href":"https:\/\/assemblee-nationale.bj\/index.php\/wp-json\/wp\/v2\/categories?post=6718"},{"taxonomy":"post_tag","embeddable":true,"href":"https:\/\/assemblee-nationale.bj\/index.php\/wp-json\/wp\/v2\/tags?post=6718"}],"curies":[{"name":"wp","href":"https:\/\/api.w.org\/{rel}","templated":true}]}}