
{"id":6719,"date":"2023-10-17T15:33:40","date_gmt":"2023-10-17T14:33:40","guid":{"rendered":"https:\/\/assemblee-nationale.bj\/?p=6719"},"modified":"2023-10-19T12:51:36","modified_gmt":"2023-10-19T11:51:36","slug":"carnaval-international-de-ouidah-le-president-vlavonou-echange-avec-le-comite-dorganisation","status":"publish","type":"post","link":"https:\/\/assemblee-nationale.bj\/index.php\/2023\/10\/17\/carnaval-international-de-ouidah-le-president-vlavonou-echange-avec-le-comite-dorganisation\/","title":{"rendered":"Carnaval International de Ouidah : Le Pr\u00e9sident VLAVONOU \u00e9change avec le comit\u00e9 d&rsquo;organisation"},"content":{"rendered":"<div id=\"pl-6719\"  class=\"panel-layout\" ><div id=\"pg-6719-0\"  class=\"panel-grid panel-no-style\" ><div id=\"pgc-6719-0-0\"  class=\"panel-grid-cell\" ><div id=\"panel-6719-0-0-0\" class=\"so-panel widget widget_text panel-first-child panel-last-child\" data-index=\"0\" ><div class=\"panel-widget-style panel-widget-style-for-6719-0-0-0\" >\t\t\t<div class=\"textwidget\"><p><strong>Carnaval International de Ouidah : Le Pr\u00e9sident VLAVONOU \u00e9change avec le comit\u00e9 d&rsquo;organisation<\/strong><\/p>\n<p style=\"text-align: justify; line-height: 150%; background: white; margin: 0cm 0cm 4.5pt 0cm;\"><span style=\"color: #1c1e21;\"><strong><br \/>\n<\/strong> <\/span><\/p>\n<p><strong>\u00a0<\/strong><\/p>\n<\/div>\n\t\t<\/div><\/div><\/div><\/div><div id=\"pg-6719-1\"  class=\"panel-grid panel-no-style\" ><div id=\"pgc-6719-1-0\"  class=\"panel-grid-cell panel-grid-cell-empty\" ><\/div><div id=\"pgc-6719-1-1\"  class=\"panel-grid-cell panel-grid-cell-mobile-last\" ><div id=\"panel-6719-1-1-0\" class=\"so-panel widget widget_text panel-first-child panel-last-child\" data-index=\"1\" ><div class=\"panel-widget-style panel-widget-style-for-6719-1-1-0\" >\t\t\t<div class=\"textwidget\"><div class=\"foogallery foogallery-container foogallery-carousel foogallery-lightbox-foobox fg-carousel fg-light fg-border-thin fg-shadow-outline fg-loading-default fg-loaded-fade-in fg-caption-hover fg-hover-fade fg-hover-zoom fg-ready\" id=\"foogallery-gallery-6686\" data-foogallery=\"{&quot;item&quot;:{&quot;showCaptionTitle&quot;:true,&quot;showCaptionDescription&quot;:true},&quot;lazy&quot;:true,&quot;template&quot;:{&quot;maxItems&quot;:5,&quot;scale&quot;:0.18,&quot;gutter&quot;:{&quot;min&quot;:-40,&quot;max&quot;:-40,&quot;unit&quot;:&quot;%&quot;},&quot;autoplay&quot;:{&quot;time&quot;:3,&quot;interaction&quot;:&quot;pause&quot;},&quot;centerOnClick&quot;:false}}\" >\r\n\t<button type=\"button\" class=\"fg-carousel-prev\"><\/button>\r\n\t<div class=\"fg-carousel-inner\">\r\n\t\t<div class=\"fg-carousel-center\"><\/div>\r\n\t\t<div class=\"fg-item fg-type-image fg-idle\"><figure class=\"fg-item-inner\"><a href=\"https:\/\/assemblee-nationale.bj\/wp-content\/uploads\/2023\/10\/Carnaval-International-de-Ouidah-1.jpeg\" data-attachment-id=\"6688\" class=\"fg-thumb\"><span class=\"fg-image-wrap\"><img fetchpriority=\"high\" decoding=\"async\" width=\"400\" height=\"300\" class=\"skip-lazy fg-image\" data-src-fg=\"https:\/\/assemblee-nationale.bj\/wp-content\/uploads\/cache\/2023\/10\/Carnaval-International-de-Ouidah-1\/2068405414.jpeg\" src=\"data:image\/svg+xml,%3Csvg%20xmlns%3D%22http%3A%2F%2Fwww.w3.org%2F2000%2Fsvg%22%20width%3D%22400%22%20height%3D%22300%22%20viewBox%3D%220%200%20400%20300%22%3E%3C%2Fsvg%3E\" loading=\"eager\"><\/span><span class=\"fg-image-overlay\"><\/span><\/a><figcaption class=\"fg-caption\"><div class=\"fg-caption-inner\"><\/div><\/figcaption><\/figure><div class=\"fg-loader\"><\/div><\/div><div class=\"fg-item fg-type-image fg-idle\"><figure class=\"fg-item-inner\"><a href=\"https:\/\/assemblee-nationale.bj\/wp-content\/uploads\/2023\/10\/Carnaval-International-de-Ouidah-2.jpeg\" data-attachment-id=\"6689\" class=\"fg-thumb\"><span class=\"fg-image-wrap\"><img decoding=\"async\" width=\"400\" height=\"300\" class=\"skip-lazy fg-image\" data-src-fg=\"https:\/\/assemblee-nationale.bj\/wp-content\/uploads\/cache\/2023\/10\/Carnaval-International-de-Ouidah-2\/2695808637.jpeg\" src=\"data:image\/svg+xml,%3Csvg%20xmlns%3D%22http%3A%2F%2Fwww.w3.org%2F2000%2Fsvg%22%20width%3D%22400%22%20height%3D%22300%22%20viewBox%3D%220%200%20400%20300%22%3E%3C%2Fsvg%3E\" loading=\"eager\"><\/span><span class=\"fg-image-overlay\"><\/span><\/a><figcaption class=\"fg-caption\"><div class=\"fg-caption-inner\"><\/div><\/figcaption><\/figure><div class=\"fg-loader\"><\/div><\/div><div class=\"fg-item fg-type-image fg-idle\"><figure class=\"fg-item-inner\"><a href=\"https:\/\/assemblee-nationale.bj\/wp-content\/uploads\/2023\/10\/Carnaval-International-de-Ouidah-3.jpeg\" data-attachment-id=\"6690\" class=\"fg-thumb\"><span class=\"fg-image-wrap\"><img decoding=\"async\" width=\"400\" height=\"300\" class=\"skip-lazy fg-image\" data-src-fg=\"https:\/\/assemblee-nationale.bj\/wp-content\/uploads\/cache\/2023\/10\/Carnaval-International-de-Ouidah-3\/3375385521.jpeg\" src=\"data:image\/svg+xml,%3Csvg%20xmlns%3D%22http%3A%2F%2Fwww.w3.org%2F2000%2Fsvg%22%20width%3D%22400%22%20height%3D%22300%22%20viewBox%3D%220%200%20400%20300%22%3E%3C%2Fsvg%3E\" loading=\"eager\"><\/span><span class=\"fg-image-overlay\"><\/span><\/a><figcaption class=\"fg-caption\"><div class=\"fg-caption-inner\"><\/div><\/figcaption><\/figure><div class=\"fg-loader\"><\/div><\/div><div class=\"fg-item fg-type-image fg-idle\"><figure class=\"fg-item-inner\"><a href=\"https:\/\/assemblee-nationale.bj\/wp-content\/uploads\/2023\/10\/Carnaval-International-de-Ouidah-4.jpeg\" data-attachment-id=\"6691\" class=\"fg-thumb\"><span class=\"fg-image-wrap\"><img decoding=\"async\" width=\"400\" height=\"300\" class=\"skip-lazy fg-image\" data-src-fg=\"https:\/\/assemblee-nationale.bj\/wp-content\/uploads\/cache\/2023\/10\/Carnaval-International-de-Ouidah-4\/3667995512.jpeg\" src=\"data:image\/svg+xml,%3Csvg%20xmlns%3D%22http%3A%2F%2Fwww.w3.org%2F2000%2Fsvg%22%20width%3D%22400%22%20height%3D%22300%22%20viewBox%3D%220%200%20400%20300%22%3E%3C%2Fsvg%3E\" loading=\"eager\"><\/span><span class=\"fg-image-overlay\"><\/span><\/a><figcaption class=\"fg-caption\"><div class=\"fg-caption-inner\"><\/div><\/figcaption><\/figure><div class=\"fg-loader\"><\/div><\/div><div class=\"fg-item fg-type-image fg-idle\"><figure class=\"fg-item-inner\"><a href=\"https:\/\/assemblee-nationale.bj\/wp-content\/uploads\/2023\/10\/Carnaval-International-de-Ouidah-5.jpeg\" data-attachment-id=\"6692\" class=\"fg-thumb\"><span class=\"fg-image-wrap\"><img decoding=\"async\" width=\"400\" height=\"300\" class=\"skip-lazy fg-image\" data-src-fg=\"https:\/\/assemblee-nationale.bj\/wp-content\/uploads\/cache\/2023\/10\/Carnaval-International-de-Ouidah-5\/1439311931.jpeg\" src=\"data:image\/svg+xml,%3Csvg%20xmlns%3D%22http%3A%2F%2Fwww.w3.org%2F2000%2Fsvg%22%20width%3D%22400%22%20height%3D%22300%22%20viewBox%3D%220%200%20400%20300%22%3E%3C%2Fsvg%3E\" loading=\"eager\"><\/span><span class=\"fg-image-overlay\"><\/span><\/a><figcaption class=\"fg-caption\"><div class=\"fg-caption-inner\"><\/div><\/figcaption><\/figure><div class=\"fg-loader\"><\/div><\/div><div class=\"fg-item fg-type-image fg-idle\"><figure class=\"fg-item-inner\"><a href=\"https:\/\/assemblee-nationale.bj\/wp-content\/uploads\/2023\/10\/Carnaval-International-de-Ouidah-6.jpeg\" data-attachment-id=\"6693\" class=\"fg-thumb\"><span class=\"fg-image-wrap\"><img decoding=\"async\" width=\"400\" height=\"300\" class=\"skip-lazy fg-image\" data-src-fg=\"https:\/\/assemblee-nationale.bj\/wp-content\/uploads\/cache\/2023\/10\/Carnaval-International-de-Ouidah-6\/464984574.jpeg\" src=\"data:image\/svg+xml,%3Csvg%20xmlns%3D%22http%3A%2F%2Fwww.w3.org%2F2000%2Fsvg%22%20width%3D%22400%22%20height%3D%22300%22%20viewBox%3D%220%200%20400%20300%22%3E%3C%2Fsvg%3E\" loading=\"eager\"><\/span><span class=\"fg-image-overlay\"><\/span><\/a><figcaption class=\"fg-caption\"><div class=\"fg-caption-inner\"><\/div><\/figcaption><\/figure><div class=\"fg-loader\"><\/div><\/div><div class=\"fg-item fg-type-image fg-idle\"><figure class=\"fg-item-inner\"><a href=\"https:\/\/assemblee-nationale.bj\/wp-content\/uploads\/2023\/10\/Carnaval-International-de-Ouidah-7.jpeg\" data-attachment-id=\"6694\" class=\"fg-thumb\"><span class=\"fg-image-wrap\"><img decoding=\"async\" width=\"400\" height=\"300\" class=\"skip-lazy fg-image\" data-src-fg=\"https:\/\/assemblee-nationale.bj\/wp-content\/uploads\/cache\/2023\/10\/Carnaval-International-de-Ouidah-7\/2423073020.jpeg\" src=\"data:image\/svg+xml,%3Csvg%20xmlns%3D%22http%3A%2F%2Fwww.w3.org%2F2000%2Fsvg%22%20width%3D%22400%22%20height%3D%22300%22%20viewBox%3D%220%200%20400%20300%22%3E%3C%2Fsvg%3E\" loading=\"eager\"><\/span><span class=\"fg-image-overlay\"><\/span><\/a><figcaption class=\"fg-caption\"><div class=\"fg-caption-inner\"><\/div><\/figcaption><\/figure><div class=\"fg-loader\"><\/div><\/div><div class=\"fg-item fg-type-image fg-idle\"><figure class=\"fg-item-inner\"><a href=\"https:\/\/assemblee-nationale.bj\/wp-content\/uploads\/2023\/10\/Carnaval-International-de-Ouidah-8.jpeg\" data-attachment-id=\"6695\" class=\"fg-thumb\"><span class=\"fg-image-wrap\"><img decoding=\"async\" width=\"400\" height=\"300\" class=\"skip-lazy fg-image\" data-src-fg=\"https:\/\/assemblee-nationale.bj\/wp-content\/uploads\/cache\/2023\/10\/Carnaval-International-de-Ouidah-8\/941943341.jpeg\" src=\"data:image\/svg+xml,%3Csvg%20xmlns%3D%22http%3A%2F%2Fwww.w3.org%2F2000%2Fsvg%22%20width%3D%22400%22%20height%3D%22300%22%20viewBox%3D%220%200%20400%20300%22%3E%3C%2Fsvg%3E\" loading=\"eager\"><\/span><span class=\"fg-image-overlay\"><\/span><\/a><figcaption class=\"fg-caption\"><div class=\"fg-caption-inner\"><\/div><\/figcaption><\/figure><div class=\"fg-loader\"><\/div><\/div>\t<\/div>\r\n\t<div class=\"fg-carousel-bottom\"><\/div>\r\n\t<div class=\"fg-carousel-progress\"><\/div>\r\n\t<button type=\"button\" class=\"fg-carousel-next\"><\/button>\r\n<\/div>\n<p>&nbsp;<\/p>\n<p>Une d\u00e9l\u00e9gation conduite par Wilfrid HOUNDJ\u00c8, d\u00e9l\u00e9gu\u00e9 g\u00e9n\u00e9ral du Carnaval International de Ouidah a \u00e9t\u00e9 re\u00e7ue dans la matin\u00e9e de ce mardi 17 octobre 2023 par le Pr\u00e9sident de l&rsquo;Assembl\u00e9e nationale Louis Gb\u00e8hounou VLAVONOU. Il \u00e9tait question pour le comit\u00e9 d&rsquo;organisation dudit Carnaval de faire le point des pr\u00e9paratifs du Carnaval \u00e0 l&rsquo;autorit\u00e9 parlementaire et recueillir ensuite ses conseils et recommandations. <\/p>\n<p>Le Carnaval International de Ouidah aura lieu du 28 au 31 d\u00e9cembre 2023. Il est \u00e0 sa premi\u00e8re \u00e9dition et il est con\u00e7u pour \u00eatre un grand \u00e9v\u00e9nement de rue; une manifestation et une f\u00eate populaire qui rassemble les peuples et les communaut\u00e9s au-del\u00e0 des clivages culturels et identitaires. C&rsquo;est ce qu&rsquo;est venu expliquer Wilfrid HOUNDJ\u00c8, d\u00e9l\u00e9gu\u00e9 g\u00e9n\u00e9ral du Carnaval International de Ouidah au Pr\u00e9sident de l&rsquo;Assembl\u00e9e nationale.  A sa sortie de l&rsquo;audience, il s&rsquo;est confi\u00e9 \u00e0 la presse parlementaire en ces termes: \u00ab\u00a0&#8230;Le Carnaval International de Ouidah est une manifestation populaire qui se pr\u00e9pare depuis deux ans et qui va se d\u00e9rouler \u00e0 Ouidah du 28 au 31 d\u00e9cembre 2023. C&rsquo;est un \u00e9v\u00e9nement qui va mobiliser tous les acteurs culturels et touristiques \u00e0 Ouidah qui viendront de tout le B\u00e9nin et de la diaspora. Il est vrai que c&rsquo;est Ouidah qui veut recevoir du monde mais \u00e0 l&rsquo;arriv\u00e9e, c&rsquo;est le B\u00e9nin qui va accueillir ce monde. Il est donc important de venir porter l&rsquo;information au Pr\u00e9sident de l&rsquo;Assembl\u00e9e nationale Louis Gb\u00e8hounou VLAVONOU qui, il y a deux ans, nous avait d\u00e9j\u00e0 re\u00e7u et le Covid  a fait que le projet n&rsquo;avait abouti. Nous sommes donc revenus porter l&rsquo;information \u00e0 l&rsquo;autorit\u00e9, recueillir de lui de sages conseils et de recommandations pour que l&rsquo;\u00e9v\u00e9nement se d\u00e9roule dans de meilleures conditions afin que cette premi\u00e8re \u00e9dition soit une r\u00e9ussite et qu&rsquo;il s&rsquo;inscrive dans la dynamique des grands rendez-vous internationaux pour le B\u00e9nin et pour la ville de Ouidah. Le Pr\u00e9sident VLAVONOU nous a bien accueillis, il nous a donn\u00e9 de sages conseils et nous a surtout f\u00e9licit\u00e9s pour l&rsquo;endurance parce-que \u00e7a fait  deux ans que l&rsquo;\u00e9v\u00e9nement devrait avoir lieu mais le Covid ne nous a pas permis de le faire. L&rsquo;autorit\u00e9 a vu que notre jeune \u00e9quipe dynamique a du c\u0153ur \u00e0 l&rsquo;\u0153uvre ce qui devrait \u00eatre le cas pour toute la jeunesse b\u00e9ninoise. Il a promis d&rsquo;\u00eatre notre porte-parole aupr\u00e8s des honorables d\u00e9put\u00e9s de l&rsquo;Assembl\u00e9e nationale qui vont se mobiliser et venir \u00e0 Ouidah assister \u00e0 la parade officielle du Carnaval International de Ouidah le samedi 30 d\u00e9cembre 2023&#8230;\u00a0\u00bb<\/p>\n<p>POLO. AHOUNOU<\/p>\n<\/div>\n\t\t<\/div><\/div><\/div><div id=\"pgc-6719-1-2\"  class=\"panel-grid-cell panel-grid-cell-empty\" ><\/div><\/div><\/div>","protected":false},"excerpt":{"rendered":"<p>Une d\u00e9l\u00e9gation conduite par Wilfrid HOUNDJ\u00c8, d\u00e9l\u00e9gu\u00e9 g\u00e9n\u00e9ral du Carnaval International de Ouidah a \u00e9t\u00e9 re\u00e7ue dans la matin\u00e9e de ce mardi 17 octobre 2023 par le Pr\u00e9sident de l&rsquo;Assembl\u00e9e nationale Louis Gb\u00e8hounou VLAVONOU. Il \u00e9tait question pour le comit\u00e9 d&rsquo;organisation dudit Carnaval de faire le point des pr\u00e9paratifs du Carnaval \u00e0 l&rsquo;autorit\u00e9 parlementaire et recueillir ensuite ses conseils et recommandations. Le Carnaval International de Ouidah aura lieu du 28 au 31 d\u00e9cembre 2023. Il est \u00e0 sa premi\u00e8re \u00e9dition et il est con\u00e7u pour \u00eatre un grand \u00e9v\u00e9nement de rue; une manifestation et une f\u00eate populaire qui rassemble les peuples et les communaut\u00e9s au-del\u00e0 des clivages culturels et identitaires. C&rsquo;est ce qu&rsquo;est venu expliquer Wilfrid HOUNDJ\u00c8, d\u00e9l\u00e9gu\u00e9 g\u00e9n\u00e9ral du Carnaval International de Ouidah au Pr\u00e9sident de l&rsquo;Assembl\u00e9e nationale.<\/p>\n","protected":false},"author":13,"featured_media":6688,"comment_status":"closed","ping_status":"open","sticky":false,"template":"","format":"standard","meta":{"footnotes":""},"categories":[29],"tags":[],"class_list":["post-6719","post","type-post","status-publish","format-standard","has-post-thumbnail","hentry","category-actualites"],"_links":{"self":[{"href":"https:\/\/assemblee-nationale.bj\/index.php\/wp-json\/wp\/v2\/posts\/6719","targetHints":{"allow":["GET"]}}],"collection":[{"href":"https:\/\/assemblee-nationale.bj\/index.php\/wp-json\/wp\/v2\/posts"}],"about":[{"href":"https:\/\/assemblee-nationale.bj\/index.php\/wp-json\/wp\/v2\/types\/post"}],"author":[{"embeddable":true,"href":"https:\/\/assemblee-nationale.bj\/index.php\/wp-json\/wp\/v2\/users\/13"}],"replies":[{"embeddable":true,"href":"https:\/\/assemblee-nationale.bj\/index.php\/wp-json\/wp\/v2\/comments?post=6719"}],"version-history":[{"count":1,"href":"https:\/\/assemblee-nationale.bj\/index.php\/wp-json\/wp\/v2\/posts\/6719\/revisions"}],"predecessor-version":[{"id":6720,"href":"https:\/\/assemblee-nationale.bj\/index.php\/wp-json\/wp\/v2\/posts\/6719\/revisions\/6720"}],"wp:featuredmedia":[{"embeddable":true,"href":"https:\/\/assemblee-nationale.bj\/index.php\/wp-json\/wp\/v2\/media\/6688"}],"wp:attachment":[{"href":"https:\/\/assemblee-nationale.bj\/index.php\/wp-json\/wp\/v2\/media?parent=6719"}],"wp:term":[{"taxonomy":"category","embeddable":true,"href":"https:\/\/assemblee-nationale.bj\/index.php\/wp-json\/wp\/v2\/categories?post=6719"},{"taxonomy":"post_tag","embeddable":true,"href":"https:\/\/assemblee-nationale.bj\/index.php\/wp-json\/wp\/v2\/tags?post=6719"}],"curies":[{"name":"wp","href":"https:\/\/api.w.org\/{rel}","templated":true}]}}