
{"id":6728,"date":"2023-10-23T18:34:16","date_gmt":"2023-10-23T17:34:16","guid":{"rendered":"https:\/\/assemblee-nationale.bj\/?p=6728"},"modified":"2023-10-24T09:37:23","modified_gmt":"2023-10-24T08:37:23","slug":"projet-de-loi-de-finances-gestion-2024-le-president-vlavonou-inaugure-un-atelier-parlementaire-de-reflexions-a-grand-popo","status":"publish","type":"post","link":"https:\/\/assemblee-nationale.bj\/index.php\/2023\/10\/23\/projet-de-loi-de-finances-gestion-2024-le-president-vlavonou-inaugure-un-atelier-parlementaire-de-reflexions-a-grand-popo\/","title":{"rendered":"Projet de loi de finances, gestion 2024 : Le Pr\u00e9sident Vlavonou inaugure un atelier parlementaire de r\u00e9flexions \u00e0 Grand-Popo"},"content":{"rendered":"<div id=\"pl-6728\"  class=\"panel-layout\" ><div id=\"pg-6728-0\"  class=\"panel-grid panel-no-style\" ><div id=\"pgc-6728-0-0\"  class=\"panel-grid-cell\" ><div id=\"panel-6728-0-0-0\" class=\"so-panel widget widget_text panel-first-child panel-last-child\" data-index=\"0\" ><div class=\"panel-widget-style panel-widget-style-for-6728-0-0-0\" >\t\t\t<div class=\"textwidget\"><p><strong>Projet de loi de finances, gestion 2024 : Le Pr\u00e9sident Vlavonou inaugure un atelier parlementaire de r\u00e9flexions \u00e0 Grand-Popo<\/strong><\/p>\n<p style=\"text-align: justify; line-height: 150%; background: white; margin: 0cm 0cm 4.5pt 0cm;\"><span style=\"color: #1c1e21;\"><strong><br \/>\n<\/strong> <\/span><\/p>\n<p><strong>\u00a0<\/strong><\/p>\n<\/div>\n\t\t<\/div><\/div><\/div><\/div><div id=\"pg-6728-1\"  class=\"panel-grid panel-no-style\" ><div id=\"pgc-6728-1-0\"  class=\"panel-grid-cell panel-grid-cell-empty\" ><\/div><div id=\"pgc-6728-1-1\"  class=\"panel-grid-cell panel-grid-cell-mobile-last\" ><div id=\"panel-6728-1-1-0\" class=\"so-panel widget widget_text panel-first-child panel-last-child\" data-index=\"1\" ><div class=\"panel-widget-style panel-widget-style-for-6728-1-1-0\" >\t\t\t<div class=\"textwidget\"><div class=\"foogallery foogallery-container foogallery-carousel foogallery-lightbox-foobox fg-carousel fg-light fg-border-thin fg-shadow-outline fg-loading-default fg-loaded-fade-in fg-caption-hover fg-hover-fade fg-hover-zoom fg-ready\" id=\"foogallery-gallery-6724\" data-foogallery=\"{&quot;item&quot;:{&quot;showCaptionTitle&quot;:true,&quot;showCaptionDescription&quot;:true},&quot;lazy&quot;:true,&quot;template&quot;:{&quot;maxItems&quot;:5,&quot;scale&quot;:0.18,&quot;gutter&quot;:{&quot;min&quot;:-40,&quot;max&quot;:-40,&quot;unit&quot;:&quot;%&quot;},&quot;autoplay&quot;:{&quot;time&quot;:3,&quot;interaction&quot;:&quot;pause&quot;},&quot;centerOnClick&quot;:false}}\" >\r\n\t<button type=\"button\" class=\"fg-carousel-prev\"><\/button>\r\n\t<div class=\"fg-carousel-inner\">\r\n\t\t<div class=\"fg-carousel-center\"><\/div>\r\n\t\t<div class=\"fg-item fg-type-image fg-idle\"><figure class=\"fg-item-inner\"><a href=\"https:\/\/assemblee-nationale.bj\/wp-content\/uploads\/2023\/10\/Projet-de-loi-de-finances-gestion-2024-1.jpeg\" data-attachment-id=\"6725\" class=\"fg-thumb\"><span class=\"fg-image-wrap\"><img fetchpriority=\"high\" decoding=\"async\" width=\"400\" height=\"300\" class=\"skip-lazy fg-image\" data-src-fg=\"https:\/\/assemblee-nationale.bj\/wp-content\/uploads\/cache\/2023\/10\/Projet-de-loi-de-finances-gestion-2024-1\/2446144819.jpeg\" src=\"data:image\/svg+xml,%3Csvg%20xmlns%3D%22http%3A%2F%2Fwww.w3.org%2F2000%2Fsvg%22%20width%3D%22400%22%20height%3D%22300%22%20viewBox%3D%220%200%20400%20300%22%3E%3C%2Fsvg%3E\" loading=\"eager\"><\/span><span class=\"fg-image-overlay\"><\/span><\/a><figcaption class=\"fg-caption\"><div class=\"fg-caption-inner\"><\/div><\/figcaption><\/figure><div class=\"fg-loader\"><\/div><\/div><div class=\"fg-item fg-type-image fg-idle\"><figure class=\"fg-item-inner\"><a href=\"https:\/\/assemblee-nationale.bj\/wp-content\/uploads\/2023\/10\/Projet-de-loi-de-finances-gestion-2024-2.jpeg\" data-attachment-id=\"6726\" class=\"fg-thumb\"><span class=\"fg-image-wrap\"><img decoding=\"async\" width=\"400\" height=\"300\" class=\"skip-lazy fg-image\" data-src-fg=\"https:\/\/assemblee-nationale.bj\/wp-content\/uploads\/cache\/2023\/10\/Projet-de-loi-de-finances-gestion-2024-2\/969282648.jpeg\" src=\"data:image\/svg+xml,%3Csvg%20xmlns%3D%22http%3A%2F%2Fwww.w3.org%2F2000%2Fsvg%22%20width%3D%22400%22%20height%3D%22300%22%20viewBox%3D%220%200%20400%20300%22%3E%3C%2Fsvg%3E\" loading=\"eager\"><\/span><span class=\"fg-image-overlay\"><\/span><\/a><figcaption class=\"fg-caption\"><div class=\"fg-caption-inner\"><\/div><\/figcaption><\/figure><div class=\"fg-loader\"><\/div><\/div><div class=\"fg-item fg-type-image fg-idle\"><figure class=\"fg-item-inner\"><a href=\"https:\/\/assemblee-nationale.bj\/wp-content\/uploads\/2023\/10\/Projet-de-loi-de-finances-gestion-2024-3.jpeg\" data-attachment-id=\"6727\" class=\"fg-thumb\"><span class=\"fg-image-wrap\"><img decoding=\"async\" width=\"400\" height=\"300\" class=\"skip-lazy fg-image\" data-src-fg=\"https:\/\/assemblee-nationale.bj\/wp-content\/uploads\/cache\/2023\/10\/Projet-de-loi-de-finances-gestion-2024-3\/32877784.jpeg\" src=\"data:image\/svg+xml,%3Csvg%20xmlns%3D%22http%3A%2F%2Fwww.w3.org%2F2000%2Fsvg%22%20width%3D%22400%22%20height%3D%22300%22%20viewBox%3D%220%200%20400%20300%22%3E%3C%2Fsvg%3E\" loading=\"eager\"><\/span><span class=\"fg-image-overlay\"><\/span><\/a><figcaption class=\"fg-caption\"><div class=\"fg-caption-inner\"><\/div><\/figcaption><\/figure><div class=\"fg-loader\"><\/div><\/div><div class=\"fg-item fg-type-image fg-idle\"><figure class=\"fg-item-inner\"><a href=\"https:\/\/assemblee-nationale.bj\/wp-content\/uploads\/2023\/10\/Projet-de-loi-de-finances-gestion-2024-4.jpeg\" data-attachment-id=\"6729\" class=\"fg-thumb\"><span class=\"fg-image-wrap\"><img decoding=\"async\" width=\"400\" height=\"300\" class=\"skip-lazy fg-image\" data-src-fg=\"https:\/\/assemblee-nationale.bj\/wp-content\/uploads\/cache\/2023\/10\/Projet-de-loi-de-finances-gestion-2024-4\/655576002.jpeg\" src=\"data:image\/svg+xml,%3Csvg%20xmlns%3D%22http%3A%2F%2Fwww.w3.org%2F2000%2Fsvg%22%20width%3D%22400%22%20height%3D%22300%22%20viewBox%3D%220%200%20400%20300%22%3E%3C%2Fsvg%3E\" loading=\"eager\"><\/span><span class=\"fg-image-overlay\"><\/span><\/a><figcaption class=\"fg-caption\"><div class=\"fg-caption-inner\"><\/div><\/figcaption><\/figure><div class=\"fg-loader\"><\/div><\/div><div class=\"fg-item fg-type-image fg-idle\"><figure class=\"fg-item-inner\"><a href=\"https:\/\/assemblee-nationale.bj\/wp-content\/uploads\/2023\/10\/Projet-de-loi-de-finances-gestion-2024-5.jpeg\" data-attachment-id=\"6730\" class=\"fg-thumb\"><span class=\"fg-image-wrap\"><img decoding=\"async\" width=\"400\" height=\"300\" class=\"skip-lazy fg-image\" data-src-fg=\"https:\/\/assemblee-nationale.bj\/wp-content\/uploads\/cache\/2023\/10\/Projet-de-loi-de-finances-gestion-2024-5\/3159771325.jpeg\" src=\"data:image\/svg+xml,%3Csvg%20xmlns%3D%22http%3A%2F%2Fwww.w3.org%2F2000%2Fsvg%22%20width%3D%22400%22%20height%3D%22300%22%20viewBox%3D%220%200%20400%20300%22%3E%3C%2Fsvg%3E\" loading=\"eager\"><\/span><span class=\"fg-image-overlay\"><\/span><\/a><figcaption class=\"fg-caption\"><div class=\"fg-caption-inner\"><\/div><\/figcaption><\/figure><div class=\"fg-loader\"><\/div><\/div><div class=\"fg-item fg-type-image fg-idle\"><figure class=\"fg-item-inner\"><a href=\"https:\/\/assemblee-nationale.bj\/wp-content\/uploads\/2023\/10\/Projet-de-loi-de-finances-gestion-2024-6.jpeg\" data-attachment-id=\"6731\" class=\"fg-thumb\"><span class=\"fg-image-wrap\"><img decoding=\"async\" width=\"400\" height=\"300\" class=\"skip-lazy fg-image\" data-src-fg=\"https:\/\/assemblee-nationale.bj\/wp-content\/uploads\/cache\/2023\/10\/Projet-de-loi-de-finances-gestion-2024-6\/2861815995.jpeg\" src=\"data:image\/svg+xml,%3Csvg%20xmlns%3D%22http%3A%2F%2Fwww.w3.org%2F2000%2Fsvg%22%20width%3D%22400%22%20height%3D%22300%22%20viewBox%3D%220%200%20400%20300%22%3E%3C%2Fsvg%3E\" loading=\"eager\"><\/span><span class=\"fg-image-overlay\"><\/span><\/a><figcaption class=\"fg-caption\"><div class=\"fg-caption-inner\"><\/div><\/figcaption><\/figure><div class=\"fg-loader\"><\/div><\/div><div class=\"fg-item fg-type-image fg-idle\"><figure class=\"fg-item-inner\"><a href=\"https:\/\/assemblee-nationale.bj\/wp-content\/uploads\/2023\/10\/Projet-de-loi-de-finances-gestion-2024-7.jpeg\" data-attachment-id=\"6732\" class=\"fg-thumb\"><span class=\"fg-image-wrap\"><img decoding=\"async\" width=\"400\" height=\"300\" class=\"skip-lazy fg-image\" data-src-fg=\"https:\/\/assemblee-nationale.bj\/wp-content\/uploads\/cache\/2023\/10\/Projet-de-loi-de-finances-gestion-2024-7\/3425778109.jpeg\" src=\"data:image\/svg+xml,%3Csvg%20xmlns%3D%22http%3A%2F%2Fwww.w3.org%2F2000%2Fsvg%22%20width%3D%22400%22%20height%3D%22300%22%20viewBox%3D%220%200%20400%20300%22%3E%3C%2Fsvg%3E\" loading=\"eager\"><\/span><span class=\"fg-image-overlay\"><\/span><\/a><figcaption class=\"fg-caption\"><div class=\"fg-caption-inner\"><\/div><\/figcaption><\/figure><div class=\"fg-loader\"><\/div><\/div><div class=\"fg-item fg-type-image fg-idle\"><figure class=\"fg-item-inner\"><a href=\"https:\/\/assemblee-nationale.bj\/wp-content\/uploads\/2023\/10\/Projet-de-loi-de-finances-gestion-2024-8.jpeg\" data-attachment-id=\"6733\" class=\"fg-thumb\"><span class=\"fg-image-wrap\"><img decoding=\"async\" width=\"400\" height=\"300\" class=\"skip-lazy fg-image\" data-src-fg=\"https:\/\/assemblee-nationale.bj\/wp-content\/uploads\/cache\/2023\/10\/Projet-de-loi-de-finances-gestion-2024-8\/1019239087.jpeg\" src=\"data:image\/svg+xml,%3Csvg%20xmlns%3D%22http%3A%2F%2Fwww.w3.org%2F2000%2Fsvg%22%20width%3D%22400%22%20height%3D%22300%22%20viewBox%3D%220%200%20400%20300%22%3E%3C%2Fsvg%3E\" loading=\"eager\"><\/span><span class=\"fg-image-overlay\"><\/span><\/a><figcaption class=\"fg-caption\"><div class=\"fg-caption-inner\"><\/div><\/figcaption><\/figure><div class=\"fg-loader\"><\/div><\/div><div class=\"fg-item fg-type-image fg-idle\"><figure class=\"fg-item-inner\"><a href=\"https:\/\/assemblee-nationale.bj\/wp-content\/uploads\/2023\/10\/Projet-de-loi-de-finances-gestion-2024-9.jpeg\" data-attachment-id=\"6734\" class=\"fg-thumb\"><span class=\"fg-image-wrap\"><img decoding=\"async\" width=\"400\" height=\"300\" class=\"skip-lazy fg-image\" data-src-fg=\"https:\/\/assemblee-nationale.bj\/wp-content\/uploads\/cache\/2023\/10\/Projet-de-loi-de-finances-gestion-2024-9\/3879733413.jpeg\" src=\"data:image\/svg+xml,%3Csvg%20xmlns%3D%22http%3A%2F%2Fwww.w3.org%2F2000%2Fsvg%22%20width%3D%22400%22%20height%3D%22300%22%20viewBox%3D%220%200%20400%20300%22%3E%3C%2Fsvg%3E\" loading=\"eager\"><\/span><span class=\"fg-image-overlay\"><\/span><\/a><figcaption class=\"fg-caption\"><div class=\"fg-caption-inner\"><\/div><\/figcaption><\/figure><div class=\"fg-loader\"><\/div><\/div><div class=\"fg-item fg-type-image fg-idle\"><figure class=\"fg-item-inner\"><a href=\"https:\/\/assemblee-nationale.bj\/wp-content\/uploads\/2023\/10\/Projet-de-loi-de-finances-gestion-2024-10.jpeg\" data-attachment-id=\"6735\" class=\"fg-thumb\"><span class=\"fg-image-wrap\"><img decoding=\"async\" width=\"400\" height=\"300\" class=\"skip-lazy fg-image\" data-src-fg=\"https:\/\/assemblee-nationale.bj\/wp-content\/uploads\/cache\/2023\/10\/Projet-de-loi-de-finances-gestion-2024-10\/3723710954.jpeg\" src=\"data:image\/svg+xml,%3Csvg%20xmlns%3D%22http%3A%2F%2Fwww.w3.org%2F2000%2Fsvg%22%20width%3D%22400%22%20height%3D%22300%22%20viewBox%3D%220%200%20400%20300%22%3E%3C%2Fsvg%3E\" loading=\"eager\"><\/span><span class=\"fg-image-overlay\"><\/span><\/a><figcaption class=\"fg-caption\"><div class=\"fg-caption-inner\"><\/div><\/figcaption><\/figure><div class=\"fg-loader\"><\/div><\/div><div class=\"fg-item fg-type-image fg-idle\"><figure class=\"fg-item-inner\"><a href=\"https:\/\/assemblee-nationale.bj\/wp-content\/uploads\/2023\/10\/Projet-de-loi-de-finances-gestion-2024-11.jpeg\" data-attachment-id=\"6736\" class=\"fg-thumb\"><span class=\"fg-image-wrap\"><img decoding=\"async\" width=\"400\" height=\"300\" class=\"skip-lazy fg-image\" data-src-fg=\"https:\/\/assemblee-nationale.bj\/wp-content\/uploads\/cache\/2023\/10\/Projet-de-loi-de-finances-gestion-2024-11\/3427739971.jpeg\" src=\"data:image\/svg+xml,%3Csvg%20xmlns%3D%22http%3A%2F%2Fwww.w3.org%2F2000%2Fsvg%22%20width%3D%22400%22%20height%3D%22300%22%20viewBox%3D%220%200%20400%20300%22%3E%3C%2Fsvg%3E\" loading=\"eager\"><\/span><span class=\"fg-image-overlay\"><\/span><\/a><figcaption class=\"fg-caption\"><div class=\"fg-caption-inner\"><\/div><\/figcaption><\/figure><div class=\"fg-loader\"><\/div><\/div><div class=\"fg-item fg-type-image fg-idle\"><figure class=\"fg-item-inner\"><a href=\"https:\/\/assemblee-nationale.bj\/wp-content\/uploads\/2023\/10\/Projet-de-loi-de-finances-gestion-2024-12.jpeg\" data-attachment-id=\"6737\" class=\"fg-thumb\"><span class=\"fg-image-wrap\"><img decoding=\"async\" width=\"400\" height=\"300\" class=\"skip-lazy fg-image\" data-src-fg=\"https:\/\/assemblee-nationale.bj\/wp-content\/uploads\/cache\/2023\/10\/Projet-de-loi-de-finances-gestion-2024-12\/4152413728.jpeg\" src=\"data:image\/svg+xml,%3Csvg%20xmlns%3D%22http%3A%2F%2Fwww.w3.org%2F2000%2Fsvg%22%20width%3D%22400%22%20height%3D%22300%22%20viewBox%3D%220%200%20400%20300%22%3E%3C%2Fsvg%3E\" loading=\"eager\"><\/span><span class=\"fg-image-overlay\"><\/span><\/a><figcaption class=\"fg-caption\"><div class=\"fg-caption-inner\"><\/div><\/figcaption><\/figure><div class=\"fg-loader\"><\/div><\/div><div class=\"fg-item fg-type-image fg-idle\"><figure class=\"fg-item-inner\"><a href=\"https:\/\/assemblee-nationale.bj\/wp-content\/uploads\/2023\/10\/Projet-de-loi-de-finances-gestion-2024-13.jpeg\" data-attachment-id=\"6738\" class=\"fg-thumb\"><span class=\"fg-image-wrap\"><img decoding=\"async\" width=\"400\" height=\"300\" class=\"skip-lazy fg-image\" data-src-fg=\"https:\/\/assemblee-nationale.bj\/wp-content\/uploads\/cache\/2023\/10\/Projet-de-loi-de-finances-gestion-2024-13\/4246799649.jpeg\" src=\"data:image\/svg+xml,%3Csvg%20xmlns%3D%22http%3A%2F%2Fwww.w3.org%2F2000%2Fsvg%22%20width%3D%22400%22%20height%3D%22300%22%20viewBox%3D%220%200%20400%20300%22%3E%3C%2Fsvg%3E\" loading=\"eager\"><\/span><span class=\"fg-image-overlay\"><\/span><\/a><figcaption class=\"fg-caption\"><div class=\"fg-caption-inner\"><\/div><\/figcaption><\/figure><div class=\"fg-loader\"><\/div><\/div><div class=\"fg-item fg-type-image fg-idle\"><figure class=\"fg-item-inner\"><a href=\"https:\/\/assemblee-nationale.bj\/wp-content\/uploads\/2023\/10\/Projet-de-loi-de-finances-gestion-2024-14.jpeg\" data-attachment-id=\"6739\" class=\"fg-thumb\"><span class=\"fg-image-wrap\"><img decoding=\"async\" width=\"400\" height=\"300\" class=\"skip-lazy fg-image\" data-src-fg=\"https:\/\/assemblee-nationale.bj\/wp-content\/uploads\/cache\/2023\/10\/Projet-de-loi-de-finances-gestion-2024-14\/2600645454.jpeg\" src=\"data:image\/svg+xml,%3Csvg%20xmlns%3D%22http%3A%2F%2Fwww.w3.org%2F2000%2Fsvg%22%20width%3D%22400%22%20height%3D%22300%22%20viewBox%3D%220%200%20400%20300%22%3E%3C%2Fsvg%3E\" loading=\"eager\"><\/span><span class=\"fg-image-overlay\"><\/span><\/a><figcaption class=\"fg-caption\"><div class=\"fg-caption-inner\"><\/div><\/figcaption><\/figure><div class=\"fg-loader\"><\/div><\/div><div class=\"fg-item fg-type-image fg-idle\"><figure class=\"fg-item-inner\"><a href=\"https:\/\/assemblee-nationale.bj\/wp-content\/uploads\/2023\/10\/Projet-de-loi-de-finances-gestion-2024-15.jpeg\" data-attachment-id=\"6740\" class=\"fg-thumb\"><span class=\"fg-image-wrap\"><img decoding=\"async\" width=\"400\" height=\"300\" class=\"skip-lazy fg-image\" data-src-fg=\"https:\/\/assemblee-nationale.bj\/wp-content\/uploads\/cache\/2023\/10\/Projet-de-loi-de-finances-gestion-2024-15\/573144457.jpeg\" src=\"data:image\/svg+xml,%3Csvg%20xmlns%3D%22http%3A%2F%2Fwww.w3.org%2F2000%2Fsvg%22%20width%3D%22400%22%20height%3D%22300%22%20viewBox%3D%220%200%20400%20300%22%3E%3C%2Fsvg%3E\" loading=\"eager\"><\/span><span class=\"fg-image-overlay\"><\/span><\/a><figcaption class=\"fg-caption\"><div class=\"fg-caption-inner\"><\/div><\/figcaption><\/figure><div class=\"fg-loader\"><\/div><\/div>\t<\/div>\r\n\t<div class=\"fg-carousel-bottom\"><\/div>\r\n\t<div class=\"fg-carousel-progress\"><\/div>\r\n\t<button type=\"button\" class=\"fg-carousel-next\"><\/button>\r\n<\/div>\n<p>&nbsp;<\/p>\n<p>Ce lundi 23 octobre 2023 \u00e0 l&rsquo;h\u00f4tel Bel Azur de Grand-Popo a d\u00e9marr\u00e9 l&rsquo;atelier de r\u00e9flexion sur le projet de loi de finances gestion 2024 organis\u00e9 par l&rsquo;Unit\u00e9 d&rsquo;Analyse, de Contr\u00f4le et d&rsquo;Evaluation du Budget de l&rsquo;\u00c9tat (UNACEB) avec l&rsquo;appui de la repr\u00e9sentation r\u00e9sidente de l&rsquo;Unicef au B\u00e9nin. Ainsi, pendant cinq jours, les cadres de l&rsquo;Assembl\u00e9e nationale appuy\u00e9s par des experts, passeront en revue les diff\u00e9rents aspects de projet de loi de finances gestion 2024 afin d&rsquo;\u00e9clairer la repr\u00e9sentation nationale sur le contenu dudit projet de loi de finances. Cet atelier de r\u00e9flexion a connu la pr\u00e9sence de la premi\u00e8re autorit\u00e9 du parlement le Pr\u00e9sident Louis Gb\u00e8hounou Vlavonou, de la repr\u00e9sentante r\u00e9sident de l&rsquo;UNICEF Madame Djanabou MAHONDE et du Premier Questeur l&rsquo;honorable Labiou AMADOU DJIBRIL. <\/p>\n<p>Dans son mot introductif, le Directeur de L&rsquo;UNACEB Monsieur Simplice QUENUM a d&rsquo;abord souhait\u00e9 la bienvenue \u00e0 tous les participants. Il a \u00e9galement remerci\u00e9 le Pr\u00e9sident de l&rsquo;Assembl\u00e9e nationale Louis Gb\u00e8hounou VLAVONOU pour avoir autoris\u00e9 l&rsquo;organisation dudit atelier mais surtout pour avoir effectu\u00e9 le d\u00e9placement. Il a par ailleurs rappel\u00e9 qu&rsquo;au d\u00e9but de chaque session d\u2019octobre consacr\u00e9e essentiellement \u00e0 l\u2019\u00e9tude et au vote du projet de loi de finances de l\u2019ann\u00e9e N+1, des r\u00e9flexions sur le contenu dudit projet se m\u00e8nent afin d\u2019\u00e9clairer les repr\u00e9sentants du peuple lors de l\u2019examen des documents budg\u00e9taires \u00e0 eux soumis.<br \/>\nC\u2019est dans ce cadre que certains cadres de l&rsquo;administration parlementaire ont \u00e9t\u00e9  convi\u00e9s \u00e0 analyser de fa\u00e7on d\u00e9taill\u00e9e le projet de loi de finances, gestion 2024, afin de produire une note synth\u00e8se \u00e0 l\u2019attention des repr\u00e9sentants du peuple pour am\u00e9liorer qualitativement leur compr\u00e9hension et leur appr\u00e9ciation des documents budg\u00e9taires et des grandes orientations contenues dans ledit projet de loi de finances avec des experts de diff\u00e9rents domaines.<\/p>\n<p>\u00c0 la suite du Directeur de L&rsquo;UNACEB, la repr\u00e9sentante r\u00e9sident de l&rsquo;UNICEF Madame Djanabou MAHONDE a martel\u00e9 que l\u2019UNICEF, a un \u00e9norme potentiel pour changer le monde pour les enfants gr\u00e2ce \u00e0 l\u2019utilisation des donn\u00e9es probantes dans tous les domaines relatifs aux droits des enfants et au plaidoyer. Elle ajoute que l\u2019exp\u00e9rience du Benin ainsi que des autres pays de la r\u00e9gion, ont montr\u00e9 que si les allocations budg\u00e9taires sont insuffisantes, si elles ciblent des groupes plus favoris\u00e9s ou sont mal utilis\u00e9es, ce sont tous les enfants, et plus particuli\u00e8rement les plus d\u00e9favoris\u00e9s, qui sont susceptibles de ne pas avoir acc\u00e8s \u00e0 des services et \u00e0 des programmes ax\u00e9s sur leur survie et leur \u00e9panouissement, leur apprentissage, leur protection contre la violence et l\u2019exploitation, leur droit \u00e0 vivre dans un environnement s\u00fbr et propre et leurs chances de r\u00e9ussir dans la vie au m\u00eame titre que les autres. C\u2019est donc face \u00e0 cette situation et pour assurer une promotion et une protection des d\u00e9penses sociales que l\u2019UNICEF a convenu de nouer un partenariat avec l\u2019Assembl\u00e9e nationale pour mener des interventions en vue de l\u2019acc\u00e8s des populations surtout les plus vuln\u00e9rables aux services sociaux de base. \u00ab\u00a0Le pr\u00e9sent atelier est l\u2019un des premiers pas dans le renforcement de ce partenariat qui je suis persuad\u00e9 permettra l\u2019accroissement de l\u2019allocation et de l\u2019utilisation optimale des ressources pour la r\u00e9alisation des droits des enfants et des Objectifs de D\u00e9veloppement Durable\u2026\u00a0\u00bb a ajout\u00e9 Mme Djanabou MAHONDE. <\/p>\n<p>Proc\u00e9dant \u00e0 l&rsquo;ouverture de l&rsquo;atelier, le Pr\u00e9sident de l&rsquo;Assembl\u00e9e nationale Louis Gb\u00e8hounou VLAVONOU apr\u00e8s avoir remerci\u00e9 tous les participants pour avoir effectu\u00e9 le d\u00e9placement a pr\u00e9cis\u00e9 que c&rsquo;est la premi\u00e8re fois que ledit atelier se pr\u00e9sente sous forme d&rsquo;une retraite qui intervient \u00e0 la veille de l&rsquo;ouverture de la deuxi\u00e8me session ordinaire de l&rsquo;ann\u00e9e et ceci; gr\u00e2ce l&rsquo;UNICEF qui accompagne le parlement. L&rsquo;autorit\u00e9 parlementaire a donc adress\u00e9 les sinc\u00e8res gratitudes de l&rsquo;Assembl\u00e9e nationale \u00e0 Madame Djanabou MAHONDE, repr\u00e9sentante r\u00e9sident de l&rsquo;UNICEF au B\u00e9nin. Il n&rsquo;a pas oubli\u00e9 de remercier les diff\u00e9rents experts mobilis\u00e9s pour la circonstance pour d\u00e9velopper en langage simple, les diff\u00e9rentes th\u00e9matiques li\u00e9es \u00e0 la compr\u00e9hension de l&rsquo;\u00e9tude du Budget.  Rappelant les dispositions de l&rsquo;article 109 de la constitution, de la loi organique n\u00b02013-14 du 27 septembre 2013 relative aux lois de finances en son article 61, le Pr\u00e9sident de l&rsquo;Assembl\u00e9e nationale Louis Gb\u00e8hounou VLAVONOU a martel\u00e9 que le gouvernement a transmis \u00e0 bonne date \u00e0 l&rsquo;Assembl\u00e9e nationale le projet de loi de finances le 04 octobre 2023; soit environ quatre semaines avant l&rsquo;ouverture de la session pr\u00e9vue pour le mardi 31 octobre 2023. Le gouvernement donne ainsi assez de temps \u00e0 la repr\u00e9sentation nationale pour mieux se pr\u00e9parer \u00e0 remplir sa mission constitutionnelle. \u00ab\u00a0&#8230;Vous convenez avec moi que notre s\u00e9jour \u00e0 Grand-Popo ne sera pas une partie de plaisir; ce sera une \u00e9cole de formation pour ceux qui participent pour la premi\u00e8re fois \u00e0 ces genres d&rsquo;exercices. Je vous encourage \u00e0 \u00e0 donner le meilleur de vous-m\u00eames; mais ne confondons pas surtout Experts et membres du gouvernement: les premiers sont l\u00e0 pour vous armer techniquement \u00e0 comprendre les diff\u00e9rentes facettes du budget ; les seconds viendront pour r\u00e9pondre \u00e0 vos pr\u00e9occupations politiques. Au regard des r\u00e9sultats attendus, je vous convie \u00e0 une attention soutenue afin de ne pas sortir de cet atelier en ignorants. Comme le dit un proverbe Bamil\u00e9k\u00e9, \u300a \u00catre ignorant de son ignorance est la maladie de l&rsquo;ignorant \u300bm\u00eame si un proverbe fran\u00e7ais affirme que \u300atout le monde est ignorant sur des sujets diff\u00e9rents\u300b&#8230;\u00a0\u00bb a dit le Pr\u00e9sident VLAVONOU avant d&rsquo;ouvrir ledit atelier. <\/p>\n<p>POLO. AHOUNOU<\/p>\n<\/div>\n\t\t<\/div><\/div><\/div><div id=\"pgc-6728-1-2\"  class=\"panel-grid-cell panel-grid-cell-empty\" ><\/div><\/div><\/div>","protected":false},"excerpt":{"rendered":"<p>Ce lundi 23 octobre 2023 \u00e0 l&rsquo;h\u00f4tel Bel Azur de Grand-Popo a d\u00e9marr\u00e9 l&rsquo;atelier de r\u00e9flexion sur le projet de loi de finances gestion 2024 organis\u00e9 par l&rsquo;Unit\u00e9 d&rsquo;Analyse, de Contr\u00f4le et d&rsquo;Evaluation du Budget de l&rsquo;\u00c9tat (UNACEB) avec l&rsquo;appui de la repr\u00e9sentation r\u00e9sidente de l&rsquo;Unicef au B\u00e9nin. Ainsi, pendant cinq jours, les cadres de l&rsquo;Assembl\u00e9e nationale appuy\u00e9s par des experts, passeront en revue les diff\u00e9rents aspects de projet de loi de finances gestion 2024 afin d&rsquo;\u00e9clairer la repr\u00e9sentation nationale sur le contenu dudit projet de loi de finances. Cet atelier de r\u00e9flexion a connu la pr\u00e9sence de la premi\u00e8re autorit\u00e9 du parlement le Pr\u00e9sident Louis Gb\u00e8hounou Vlavonou, de la repr\u00e9sentante r\u00e9sident de l&rsquo;UNICEF Madame Djanabou MAHONDE et du Premier Questeur l&rsquo;honorable Labiou AMADOU DJIBRIL. <\/p>\n","protected":false},"author":13,"featured_media":6741,"comment_status":"closed","ping_status":"open","sticky":false,"template":"","format":"standard","meta":{"footnotes":""},"categories":[29],"tags":[],"class_list":["post-6728","post","type-post","status-publish","format-standard","has-post-thumbnail","hentry","category-actualites"],"_links":{"self":[{"href":"https:\/\/assemblee-nationale.bj\/index.php\/wp-json\/wp\/v2\/posts\/6728","targetHints":{"allow":["GET"]}}],"collection":[{"href":"https:\/\/assemblee-nationale.bj\/index.php\/wp-json\/wp\/v2\/posts"}],"about":[{"href":"https:\/\/assemblee-nationale.bj\/index.php\/wp-json\/wp\/v2\/types\/post"}],"author":[{"embeddable":true,"href":"https:\/\/assemblee-nationale.bj\/index.php\/wp-json\/wp\/v2\/users\/13"}],"replies":[{"embeddable":true,"href":"https:\/\/assemblee-nationale.bj\/index.php\/wp-json\/wp\/v2\/comments?post=6728"}],"version-history":[{"count":1,"href":"https:\/\/assemblee-nationale.bj\/index.php\/wp-json\/wp\/v2\/posts\/6728\/revisions"}],"predecessor-version":[{"id":6742,"href":"https:\/\/assemblee-nationale.bj\/index.php\/wp-json\/wp\/v2\/posts\/6728\/revisions\/6742"}],"wp:featuredmedia":[{"embeddable":true,"href":"https:\/\/assemblee-nationale.bj\/index.php\/wp-json\/wp\/v2\/media\/6741"}],"wp:attachment":[{"href":"https:\/\/assemblee-nationale.bj\/index.php\/wp-json\/wp\/v2\/media?parent=6728"}],"wp:term":[{"taxonomy":"category","embeddable":true,"href":"https:\/\/assemblee-nationale.bj\/index.php\/wp-json\/wp\/v2\/categories?post=6728"},{"taxonomy":"post_tag","embeddable":true,"href":"https:\/\/assemblee-nationale.bj\/index.php\/wp-json\/wp\/v2\/tags?post=6728"}],"curies":[{"name":"wp","href":"https:\/\/api.w.org\/{rel}","templated":true}]}}