
{"id":6751,"date":"2023-10-26T19:51:42","date_gmt":"2023-10-26T18:51:42","guid":{"rendered":"https:\/\/assemblee-nationale.bj\/?p=6751"},"modified":"2023-10-27T08:55:37","modified_gmt":"2023-10-27T07:55:37","slug":"audiences-a-lassemblee-nationale-arnaud-agbodjete-directeur-general-par-interim-de-la-sogema-au-cabinet-du-president-vlavonou-2","status":"publish","type":"post","link":"https:\/\/assemblee-nationale.bj\/index.php\/2023\/10\/26\/audiences-a-lassemblee-nationale-arnaud-agbodjete-directeur-general-par-interim-de-la-sogema-au-cabinet-du-president-vlavonou-2\/","title":{"rendered":"Audiences \u00e0 l&rsquo;Assembl\u00e9e nationale : Arnaud AGBODJ\u00c8T\u00c9, Directeur g\u00e9n\u00e9ral par int\u00e9rim de la SOGEMA au cabinet du Pr\u00e9sident Vlavonou"},"content":{"rendered":"<div id=\"pl-6751\"  class=\"panel-layout\" ><div id=\"pg-6751-0\"  class=\"panel-grid panel-no-style\" ><div id=\"pgc-6751-0-0\"  class=\"panel-grid-cell\" ><div id=\"panel-6751-0-0-0\" class=\"so-panel widget widget_text panel-first-child panel-last-child\" data-index=\"0\" ><div class=\"panel-widget-style panel-widget-style-for-6751-0-0-0\" >\t\t\t<div class=\"textwidget\"><p><strong>Audiences \u00e0 l&rsquo;Assembl\u00e9e nationale : Arnaud AGBODJ\u00c8T\u00c9, Directeur g\u00e9n\u00e9ral par int\u00e9rim de la SOGEMA au cabinet du Pr\u00e9sident Vlavonou<\/strong><\/p>\n<p style=\"text-align: justify; line-height: 150%; background: white; margin: 0cm 0cm 4.5pt 0cm;\"><span style=\"color: #1c1e21;\"><strong><br \/>\n<\/strong> <\/span><\/p>\n<p><strong>\u00a0<\/strong><\/p>\n<\/div>\n\t\t<\/div><\/div><\/div><\/div><div id=\"pg-6751-1\"  class=\"panel-grid panel-no-style\" ><div id=\"pgc-6751-1-0\"  class=\"panel-grid-cell panel-grid-cell-empty\" ><\/div><div id=\"pgc-6751-1-1\"  class=\"panel-grid-cell panel-grid-cell-mobile-last\" ><div id=\"panel-6751-1-1-0\" class=\"so-panel widget widget_text panel-first-child panel-last-child\" data-index=\"1\" ><div class=\"panel-widget-style panel-widget-style-for-6751-1-1-0\" >\t\t\t<div class=\"textwidget\"><div class=\"foogallery foogallery-container foogallery-carousel foogallery-lightbox-foobox fg-carousel fg-light fg-border-thin fg-shadow-outline fg-loading-default fg-loaded-fade-in fg-caption-hover fg-hover-fade fg-hover-zoom fg-ready\" id=\"foogallery-gallery-6744\" data-foogallery=\"{&quot;item&quot;:{&quot;showCaptionTitle&quot;:true,&quot;showCaptionDescription&quot;:true},&quot;lazy&quot;:true,&quot;template&quot;:{&quot;maxItems&quot;:5,&quot;scale&quot;:0.18,&quot;gutter&quot;:{&quot;min&quot;:-40,&quot;max&quot;:-40,&quot;unit&quot;:&quot;%&quot;},&quot;autoplay&quot;:{&quot;time&quot;:3,&quot;interaction&quot;:&quot;pause&quot;},&quot;centerOnClick&quot;:false}}\" >\r\n\t<button type=\"button\" class=\"fg-carousel-prev\"><\/button>\r\n\t<div class=\"fg-carousel-inner\">\r\n\t\t<div class=\"fg-carousel-center\"><\/div>\r\n\t\t<div class=\"fg-item fg-type-image fg-idle\"><figure class=\"fg-item-inner\"><a href=\"https:\/\/assemblee-nationale.bj\/wp-content\/uploads\/2023\/10\/Arnaud-AGBODJ\u00c8T\u00c9-Directeur-g\u00e9n\u00e9ral-par-int\u00e9rim-de-la-SOGEMA-au-cabinet-du-Pr\u00e9sident-VLAVONOU-1.jpeg\" data-attachment-id=\"6745\" class=\"fg-thumb\"><span class=\"fg-image-wrap\"><img fetchpriority=\"high\" decoding=\"async\" width=\"400\" height=\"300\" class=\"skip-lazy fg-image\" data-src-fg=\"https:\/\/assemblee-nationale.bj\/wp-content\/uploads\/cache\/2023\/10\/Arnaud-AGBODJ\u00c8T\u00c9-Directeur-g\u00e9n\u00e9ral-par-int\u00e9rim-de-la-SOGEMA-au-cabinet-du-Pr\u00e9sident-VLAVONOU-1\/3013820189.jpeg\" src=\"data:image\/svg+xml,%3Csvg%20xmlns%3D%22http%3A%2F%2Fwww.w3.org%2F2000%2Fsvg%22%20width%3D%22400%22%20height%3D%22300%22%20viewBox%3D%220%200%20400%20300%22%3E%3C%2Fsvg%3E\" loading=\"eager\"><\/span><span class=\"fg-image-overlay\"><\/span><\/a><figcaption class=\"fg-caption\"><div class=\"fg-caption-inner\"><\/div><\/figcaption><\/figure><div class=\"fg-loader\"><\/div><\/div><div class=\"fg-item fg-type-image fg-idle\"><figure class=\"fg-item-inner\"><a href=\"https:\/\/assemblee-nationale.bj\/wp-content\/uploads\/2023\/10\/Arnaud-AGBODJ\u00c8T\u00c9-Directeur-g\u00e9n\u00e9ral-par-int\u00e9rim-de-la-SOGEMA-au-cabinet-du-Pr\u00e9sident-VLAVONOU-2.jpeg\" data-attachment-id=\"6746\" class=\"fg-thumb\"><span class=\"fg-image-wrap\"><img decoding=\"async\" width=\"400\" height=\"300\" class=\"skip-lazy fg-image\" data-src-fg=\"https:\/\/assemblee-nationale.bj\/wp-content\/uploads\/cache\/2023\/10\/Arnaud-AGBODJ\u00c8T\u00c9-Directeur-g\u00e9n\u00e9ral-par-int\u00e9rim-de-la-SOGEMA-au-cabinet-du-Pr\u00e9sident-VLAVONOU-2\/1810106114.jpeg\" src=\"data:image\/svg+xml,%3Csvg%20xmlns%3D%22http%3A%2F%2Fwww.w3.org%2F2000%2Fsvg%22%20width%3D%22400%22%20height%3D%22300%22%20viewBox%3D%220%200%20400%20300%22%3E%3C%2Fsvg%3E\" loading=\"eager\"><\/span><span class=\"fg-image-overlay\"><\/span><\/a><figcaption class=\"fg-caption\"><div class=\"fg-caption-inner\"><\/div><\/figcaption><\/figure><div class=\"fg-loader\"><\/div><\/div><div class=\"fg-item fg-type-image fg-idle\"><figure class=\"fg-item-inner\"><a href=\"https:\/\/assemblee-nationale.bj\/wp-content\/uploads\/2023\/10\/Arnaud-AGBODJ\u00c8T\u00c9-Directeur-g\u00e9n\u00e9ral-par-int\u00e9rim-de-la-SOGEMA-au-cabinet-du-Pr\u00e9sident-VLAVONOU-3.jpeg\" data-attachment-id=\"6747\" class=\"fg-thumb\"><span class=\"fg-image-wrap\"><img decoding=\"async\" width=\"400\" height=\"300\" class=\"skip-lazy fg-image\" data-src-fg=\"https:\/\/assemblee-nationale.bj\/wp-content\/uploads\/cache\/2023\/10\/Arnaud-AGBODJ\u00c8T\u00c9-Directeur-g\u00e9n\u00e9ral-par-int\u00e9rim-de-la-SOGEMA-au-cabinet-du-Pr\u00e9sident-VLAVONOU-3\/1405280181.jpeg\" src=\"data:image\/svg+xml,%3Csvg%20xmlns%3D%22http%3A%2F%2Fwww.w3.org%2F2000%2Fsvg%22%20width%3D%22400%22%20height%3D%22300%22%20viewBox%3D%220%200%20400%20300%22%3E%3C%2Fsvg%3E\" loading=\"eager\"><\/span><span class=\"fg-image-overlay\"><\/span><\/a><figcaption class=\"fg-caption\"><div class=\"fg-caption-inner\"><\/div><\/figcaption><\/figure><div class=\"fg-loader\"><\/div><\/div><div class=\"fg-item fg-type-image fg-idle\"><figure class=\"fg-item-inner\"><a href=\"https:\/\/assemblee-nationale.bj\/wp-content\/uploads\/2023\/10\/Arnaud-AGBODJ\u00c8T\u00c9-Directeur-g\u00e9n\u00e9ral-par-int\u00e9rim-de-la-SOGEMA-au-cabinet-du-Pr\u00e9sident-VLAVONOU-4.jpeg\" data-attachment-id=\"6748\" class=\"fg-thumb\"><span class=\"fg-image-wrap\"><img decoding=\"async\" width=\"400\" height=\"300\" class=\"skip-lazy fg-image\" data-src-fg=\"https:\/\/assemblee-nationale.bj\/wp-content\/uploads\/cache\/2023\/10\/Arnaud-AGBODJ\u00c8T\u00c9-Directeur-g\u00e9n\u00e9ral-par-int\u00e9rim-de-la-SOGEMA-au-cabinet-du-Pr\u00e9sident-VLAVONOU-4\/1521333585.jpeg\" src=\"data:image\/svg+xml,%3Csvg%20xmlns%3D%22http%3A%2F%2Fwww.w3.org%2F2000%2Fsvg%22%20width%3D%22400%22%20height%3D%22300%22%20viewBox%3D%220%200%20400%20300%22%3E%3C%2Fsvg%3E\" loading=\"eager\"><\/span><span class=\"fg-image-overlay\"><\/span><\/a><figcaption class=\"fg-caption\"><div class=\"fg-caption-inner\"><\/div><\/figcaption><\/figure><div class=\"fg-loader\"><\/div><\/div><div class=\"fg-item fg-type-image fg-idle\"><figure class=\"fg-item-inner\"><a href=\"https:\/\/assemblee-nationale.bj\/wp-content\/uploads\/2023\/10\/Arnaud-AGBODJ\u00c8T\u00c9-Directeur-g\u00e9n\u00e9ral-par-int\u00e9rim-de-la-SOGEMA-au-cabinet-du-Pr\u00e9sident-VLAVONOU-5.jpeg\" data-attachment-id=\"6749\" class=\"fg-thumb\"><span class=\"fg-image-wrap\"><img decoding=\"async\" width=\"400\" height=\"300\" class=\"skip-lazy fg-image\" data-src-fg=\"https:\/\/assemblee-nationale.bj\/wp-content\/uploads\/cache\/2023\/10\/Arnaud-AGBODJ\u00c8T\u00c9-Directeur-g\u00e9n\u00e9ral-par-int\u00e9rim-de-la-SOGEMA-au-cabinet-du-Pr\u00e9sident-VLAVONOU-5\/1653304806.jpeg\" src=\"data:image\/svg+xml,%3Csvg%20xmlns%3D%22http%3A%2F%2Fwww.w3.org%2F2000%2Fsvg%22%20width%3D%22400%22%20height%3D%22300%22%20viewBox%3D%220%200%20400%20300%22%3E%3C%2Fsvg%3E\" loading=\"eager\"><\/span><span class=\"fg-image-overlay\"><\/span><\/a><figcaption class=\"fg-caption\"><div class=\"fg-caption-inner\"><\/div><\/figcaption><\/figure><div class=\"fg-loader\"><\/div><\/div><div class=\"fg-item fg-type-image fg-idle\"><figure class=\"fg-item-inner\"><a href=\"https:\/\/assemblee-nationale.bj\/wp-content\/uploads\/2023\/10\/Arnaud-AGBODJ\u00c8T\u00c9-Directeur-g\u00e9n\u00e9ral-par-int\u00e9rim-de-la-SOGEMA-au-cabinet-du-Pr\u00e9sident-VLAVONOU-6.jpeg\" data-attachment-id=\"6750\" class=\"fg-thumb\"><span class=\"fg-image-wrap\"><img decoding=\"async\" width=\"400\" height=\"300\" class=\"skip-lazy fg-image\" data-src-fg=\"https:\/\/assemblee-nationale.bj\/wp-content\/uploads\/cache\/2023\/10\/Arnaud-AGBODJ\u00c8T\u00c9-Directeur-g\u00e9n\u00e9ral-par-int\u00e9rim-de-la-SOGEMA-au-cabinet-du-Pr\u00e9sident-VLAVONOU-6\/1866176511.jpeg\" src=\"data:image\/svg+xml,%3Csvg%20xmlns%3D%22http%3A%2F%2Fwww.w3.org%2F2000%2Fsvg%22%20width%3D%22400%22%20height%3D%22300%22%20viewBox%3D%220%200%20400%20300%22%3E%3C%2Fsvg%3E\" loading=\"eager\"><\/span><span class=\"fg-image-overlay\"><\/span><\/a><figcaption class=\"fg-caption\"><div class=\"fg-caption-inner\"><\/div><\/figcaption><\/figure><div class=\"fg-loader\"><\/div><\/div>\t<\/div>\r\n\t<div class=\"fg-carousel-bottom\"><\/div>\r\n\t<div class=\"fg-carousel-progress\"><\/div>\r\n\t<button type=\"button\" class=\"fg-carousel-next\"><\/button>\r\n<\/div>\n<p>&nbsp;<\/p>\n<p>Le pr\u00e9sident de l&rsquo;Assembl\u00e9e nationale Louis Gb\u00e8hounou VLAVONOU a re\u00e7u plusieurs  personnalit\u00e9s \u00e0 son cabinet dans la matin\u00e9e de ce jeudi 26 octobre 2023. Au nombre de celles-ci, Arnaud AGBODJ\u00c8T\u00c9, Directeur g\u00e9n\u00e9ral adjoint de la Soci\u00e9t\u00e9 g\u00e9n\u00e9ral des march\u00e9s autonomes (SOGEMA) assurant l&rsquo;int\u00e9rim du Directeur g\u00e9n\u00e9ral. Il est all\u00e9 faire le point \u00e0 mi-parcours des r\u00e9formes op\u00e9r\u00e9es par son \u00e9quipe afin d&rsquo;am\u00e9liorer le quotidien des usagers des march\u00e9s et profiter pour soumettre \u00e0 l&rsquo;autorit\u00e9 parlementaire quelques-unes de leurs dol\u00e9ances.<\/p>\n<p>\u00c0 sa sortie de l&rsquo;audience, le Directeur int\u00e9rimaire Arnaud AGBODJ\u00c8T\u00c9 s&rsquo;est confi\u00e9 \u00e0 la presse parlementaire: \u00ab\u00a0&#8230;J&rsquo;ai voulu venir rencontrer le Pr\u00e9sident de l&rsquo;Assembl\u00e9e nationale pour lui faire un point \u00e0 mi parcours de nos activit\u00e9s \u00e0 la SOGEMA. \u00c7a a \u00e9t\u00e9 l&rsquo;opportunit\u00e9 pour moi de lui pr\u00e9senter les dol\u00e9ances des usagers, lui pr\u00e9senter de fa\u00e7on globale les activit\u00e9s que nous avons men\u00e9es depuis le d\u00e9but de l&rsquo;ann\u00e9e. Le point des r\u00e9formes op\u00e9r\u00e9es pour le bonheur des usagers. Je sors donc tr\u00e8s satisfait de cette audience\u2026\u00a0\u00bb <\/p>\n<p>Avant le directeur Arnaud AGBODJ\u00c8T\u00c9, l&rsquo;autorit\u00e9 parlementaire a re\u00e7u une d\u00e9l\u00e9gation de l&rsquo;ensemble vocal \u00ab\u00a0Ch\u0153ur la Symphonie du B\u00e9nin\u00a0\u00bb conduite par son pr\u00e9sident Beaujour BAMENOU. Il s&rsquo;est \u00e9galement confi\u00e9 \u00e0 la presse parlementaire : \u00ab\u00a0&#8230;Nous sommes venus voir le Pr\u00e9sident de l&rsquo;Assembl\u00e9e nationale pour lui pr\u00e9senter l&rsquo;ensemble vocal et de le solliciter pour l&rsquo;\u00e9v\u00e9nement c&rsquo;est \u00e0 dire les 7ans que nous organisons. Il s&rsquo;agit d&rsquo;un grand concert d\u00e9nomm\u00e9 \u00ab\u00a0OKP\u00ca\u00a0\u00bb qui se tiendra \u00e0 la salle rouge du Palais des Congr\u00e8s de Cotonou\u2026\u00a0\u00bb<\/p>\n<p>POLO. AHOUNOU<\/p>\n<\/div>\n\t\t<\/div><\/div><\/div><div id=\"pgc-6751-1-2\"  class=\"panel-grid-cell panel-grid-cell-empty\" ><\/div><\/div><\/div>","protected":false},"excerpt":{"rendered":"<p>Le pr\u00e9sident de l&rsquo;Assembl\u00e9e nationale Louis Gb\u00e8hounou VLAVONOU a re\u00e7u plusieurs  personnalit\u00e9s \u00e0 son cabinet dans la matin\u00e9e de ce jeudi 26 octobre 2023. Au nombre de celles-ci, Arnaud AGBODJ\u00c8T\u00c9, Directeur g\u00e9n\u00e9ral adjoint de la Soci\u00e9t\u00e9 g\u00e9n\u00e9ral des march\u00e9s autonomes (SOGEMA) assurant l&rsquo;int\u00e9rim du Directeur g\u00e9n\u00e9ral. Il est all\u00e9 faire le point \u00e0 mi-parcours des r\u00e9formes op\u00e9r\u00e9es par son \u00e9quipe afin d&rsquo;am\u00e9liorer le quotidien des usagers des march\u00e9s et profiter pour soumettre \u00e0 l&rsquo;autorit\u00e9 parlementaire quelques-unes de leurs dol\u00e9ances.<\/p>\n","protected":false},"author":13,"featured_media":6753,"comment_status":"closed","ping_status":"open","sticky":false,"template":"","format":"standard","meta":{"footnotes":""},"categories":[29],"tags":[],"class_list":["post-6751","post","type-post","status-publish","format-standard","has-post-thumbnail","hentry","category-actualites"],"_links":{"self":[{"href":"https:\/\/assemblee-nationale.bj\/index.php\/wp-json\/wp\/v2\/posts\/6751","targetHints":{"allow":["GET"]}}],"collection":[{"href":"https:\/\/assemblee-nationale.bj\/index.php\/wp-json\/wp\/v2\/posts"}],"about":[{"href":"https:\/\/assemblee-nationale.bj\/index.php\/wp-json\/wp\/v2\/types\/post"}],"author":[{"embeddable":true,"href":"https:\/\/assemblee-nationale.bj\/index.php\/wp-json\/wp\/v2\/users\/13"}],"replies":[{"embeddable":true,"href":"https:\/\/assemblee-nationale.bj\/index.php\/wp-json\/wp\/v2\/comments?post=6751"}],"version-history":[{"count":1,"href":"https:\/\/assemblee-nationale.bj\/index.php\/wp-json\/wp\/v2\/posts\/6751\/revisions"}],"predecessor-version":[{"id":6754,"href":"https:\/\/assemblee-nationale.bj\/index.php\/wp-json\/wp\/v2\/posts\/6751\/revisions\/6754"}],"wp:featuredmedia":[{"embeddable":true,"href":"https:\/\/assemblee-nationale.bj\/index.php\/wp-json\/wp\/v2\/media\/6753"}],"wp:attachment":[{"href":"https:\/\/assemblee-nationale.bj\/index.php\/wp-json\/wp\/v2\/media?parent=6751"}],"wp:term":[{"taxonomy":"category","embeddable":true,"href":"https:\/\/assemblee-nationale.bj\/index.php\/wp-json\/wp\/v2\/categories?post=6751"},{"taxonomy":"post_tag","embeddable":true,"href":"https:\/\/assemblee-nationale.bj\/index.php\/wp-json\/wp\/v2\/tags?post=6751"}],"curies":[{"name":"wp","href":"https:\/\/api.w.org\/{rel}","templated":true}]}}