
{"id":6806,"date":"2023-10-31T15:36:57","date_gmt":"2023-10-31T14:36:57","guid":{"rendered":"https:\/\/assemblee-nationale.bj\/?p=6806"},"modified":"2023-11-02T10:40:50","modified_gmt":"2023-11-02T09:40:50","slug":"problematique-population-developpement-louis-gbehounou-vlavonou-pour-une-paternite-responsable","status":"publish","type":"post","link":"https:\/\/assemblee-nationale.bj\/index.php\/2023\/10\/31\/problematique-population-developpement-louis-gbehounou-vlavonou-pour-une-paternite-responsable\/","title":{"rendered":"Probl\u00e9matique Population\/D\u00e9veloppement : Louis Gb\u00e8hounou Vlavonou pour une paternit\u00e9 responsable"},"content":{"rendered":"<div id=\"pl-6806\"  class=\"panel-layout\" ><div id=\"pg-6806-0\"  class=\"panel-grid panel-no-style\" ><div id=\"pgc-6806-0-0\"  class=\"panel-grid-cell\" ><div id=\"panel-6806-0-0-0\" class=\"so-panel widget widget_text panel-first-child panel-last-child\" data-index=\"0\" ><div class=\"panel-widget-style panel-widget-style-for-6806-0-0-0\" >\t\t\t<div class=\"textwidget\"><p><strong>Probl\u00e9matique Population\/D\u00e9veloppement : Louis Gb\u00e8hounou Vlavonou pour une paternit\u00e9 responsable<\/strong><\/p>\n<p style=\"text-align: justify; line-height: 150%; background: white; margin: 0cm 0cm 4.5pt 0cm;\"><span style=\"color: #1c1e21;\"><strong><br \/>\n<\/strong> <\/span><\/p>\n<p><strong>\u00a0<\/strong><\/p>\n<\/div>\n\t\t<\/div><\/div><\/div><\/div><div id=\"pg-6806-1\"  class=\"panel-grid panel-no-style\" ><div id=\"pgc-6806-1-0\"  class=\"panel-grid-cell panel-grid-cell-empty\" ><\/div><div id=\"pgc-6806-1-1\"  class=\"panel-grid-cell panel-grid-cell-mobile-last\" ><div id=\"panel-6806-1-1-0\" class=\"so-panel widget widget_text panel-first-child panel-last-child\" data-index=\"1\" ><div class=\"panel-widget-style panel-widget-style-for-6806-1-1-0\" >\t\t\t<div class=\"textwidget\"><div class=\"foogallery foogallery-container foogallery-carousel foogallery-lightbox-foobox fg-carousel fg-light fg-border-thin fg-shadow-outline fg-loading-default fg-loaded-fade-in fg-caption-hover fg-hover-fade fg-hover-zoom fg-ready\" id=\"foogallery-gallery-6762\" data-foogallery=\"{&quot;item&quot;:{&quot;showCaptionTitle&quot;:true,&quot;showCaptionDescription&quot;:true},&quot;lazy&quot;:true,&quot;template&quot;:{&quot;maxItems&quot;:5,&quot;scale&quot;:0.18,&quot;gutter&quot;:{&quot;min&quot;:-40,&quot;max&quot;:-40,&quot;unit&quot;:&quot;%&quot;},&quot;autoplay&quot;:{&quot;time&quot;:3,&quot;interaction&quot;:&quot;pause&quot;},&quot;centerOnClick&quot;:false}}\" >\r\n\t<button type=\"button\" class=\"fg-carousel-prev\"><\/button>\r\n\t<div class=\"fg-carousel-inner\">\r\n\t\t<div class=\"fg-carousel-center\"><\/div>\r\n\t\t<div class=\"fg-item fg-type-image fg-idle\"><figure class=\"fg-item-inner\"><a href=\"https:\/\/assemblee-nationale.bj\/wp-content\/uploads\/2023\/11\/Louis-Gb\u00e8hounou-Vlavonou-pour-une-paternit\u00e9-responsable.jpeg\" data-attachment-id=\"6766\" class=\"fg-thumb\"><span class=\"fg-image-wrap\"><img fetchpriority=\"high\" decoding=\"async\" width=\"400\" height=\"300\" class=\"skip-lazy fg-image\" data-src-fg=\"https:\/\/assemblee-nationale.bj\/wp-content\/uploads\/cache\/2023\/11\/Louis-Gb\u00e8hounou-Vlavonou-pour-une-paternit\u00e9-responsable\/2293837571.jpeg\" src=\"data:image\/svg+xml,%3Csvg%20xmlns%3D%22http%3A%2F%2Fwww.w3.org%2F2000%2Fsvg%22%20width%3D%22400%22%20height%3D%22300%22%20viewBox%3D%220%200%20400%20300%22%3E%3C%2Fsvg%3E\" loading=\"eager\"><\/span><span class=\"fg-image-overlay\"><\/span><\/a><figcaption class=\"fg-caption\"><div class=\"fg-caption-inner\"><\/div><\/figcaption><\/figure><div class=\"fg-loader\"><\/div><\/div>\t<\/div>\r\n\t<div class=\"fg-carousel-bottom\"><\/div>\r\n\t<div class=\"fg-carousel-progress\"><\/div>\r\n\t<button type=\"button\" class=\"fg-carousel-next\"><\/button>\r\n<\/div>\n<p>&nbsp;<\/p>\n<p>La 2\u00e8me session ordinaire de l&rsquo;Assembl\u00e9e nationale du B\u00e9nin au titre de l&rsquo;ann\u00e9e 2023 a \u00e9t\u00e9 ouverte ce mardi 31 octobre 2023 au Palais des gouverneurs \u00e0 Porto-Novo. L&rsquo;occasion a \u00e9t\u00e9 saisie par le Pr\u00e9sident Louis Gb\u00e8hounou Vlavonou pour aborder l&rsquo;\u00e9pineuse question de la probl\u00e9matique Population\/D\u00e9veloppement qui agite les milieux politiques et sociaux du B\u00e9nin. <\/p>\n<p>El-Hadj Affissou Anonrin<\/p>\n<p>Pour le Pr\u00e9sident de l&rsquo;Assembl\u00e9e nationale du B\u00e9nin, les efforts du gouvernement doivent \u00eatre accompagn\u00e9s en optant pour une paternit\u00e9 responsable ou plus simplement exprim\u00e9, \u00ab faire le nombre d\u2019enfants qu\u2019on peut supporter pour le bien \u00eatre de nos familles respectives \u00bb.<\/p>\n<p>Pour soutenir ses propos, le Pr\u00e9sident Louis Gb\u00e8hounou Vlavonou n&rsquo;a pas h\u00e9sit\u00e9 \u00e0 faire r\u00e9f\u00e9rence \u00e0 ce que nous enseignent des passages des livres saints que sont la Bible et le Coran.<\/p>\n<p>\u00ab  L\u2019\u00e9glise catholique, en pr\u00f4nant la paternit\u00e9 responsable n\u2019enseigne pas autre chose : faire le nombre d\u2019enfants qu\u2019on est capable de supporter et ce, par des m\u00e9thodes naturelles \u00bb, a dit le Pr\u00e9sident Vlavonou. <\/p>\n<p>Au niveau du Saint Coran, le Pr\u00e9sident a fait observer en citant le verset 233 du chapitre deuxi\u00e8me que : \u00ab les m\u00e8res qui veulent donner un allaitement complet \u00e0 leurs enfants devront les allaiter deux ann\u00e9es enti\u00e8res. Et \u00e0 celui dont l\u2019enfant est n\u00e9 incombe sa subsistance et ses v\u00eatements convenablement. Personne n\u2019est impos\u00e9 plus que ses capacit\u00e9s. La m\u00e8re n\u2019a pas \u00e0 subir de tort \u00e0 cause de son enfant, ni le p\u00e8re \u00e0 cause de son enfant \u00bb.<\/p>\n<p>On note ainsi dans le d\u00e9veloppement du Pr\u00e9sident Vlavonou que chr\u00e9tiens catholiques et certainement tous les chr\u00e9tiens ainsi que les musulmans regardent dans la m\u00eame direction que le chef de l\u2019Etat, c\u2019est-\u00e0-dire la paternit\u00e9 responsable.<br \/>\nLe plus important selon le Pr\u00e9sident Vlavonou est  d&rsquo;\u0153uvrer pour le bien-\u00eatre des populations. Surtout que le Chef de l\u2019Etat en abordant la question d\u00e9mographique ne veut \u0153uvrer que pour le bien-\u00eatre des populations et que le B\u00e9ninois se porte mieux.<\/p>\n<\/div>\n\t\t<\/div><\/div><\/div><div id=\"pgc-6806-1-2\"  class=\"panel-grid-cell panel-grid-cell-empty\" ><\/div><\/div><\/div>","protected":false},"excerpt":{"rendered":"<p>La 2\u00e8me session ordinaire de l&rsquo;Assembl\u00e9e nationale du B\u00e9nin au titre de l&rsquo;ann\u00e9e 2023 a \u00e9t\u00e9 ouverte ce mardi 31 octobre 2023 au Palais des gouverneurs \u00e0 Porto-Novo. L&rsquo;occasion a \u00e9t\u00e9 saisie par le Pr\u00e9sident Louis Gb\u00e8hounou Vlavonou pour aborder l&rsquo;\u00e9pineuse question de la probl\u00e9matique Population\/D\u00e9veloppement qui agite les milieux politiques et sociaux du B\u00e9nin. Pour le Pr\u00e9sident de l&rsquo;Assembl\u00e9e nationale du B\u00e9nin, les efforts du gouvernement doivent \u00eatre accompagn\u00e9s en optant pour une paternit\u00e9 responsable ou plus simplement exprim\u00e9, \u00ab faire le nombre d\u2019enfants qu\u2019on peut supporter pour le bien \u00eatre de nos familles respectives \u00bb.<\/p>\n","protected":false},"author":13,"featured_media":6817,"comment_status":"closed","ping_status":"open","sticky":false,"template":"","format":"standard","meta":{"footnotes":""},"categories":[29],"tags":[],"class_list":["post-6806","post","type-post","status-publish","format-standard","has-post-thumbnail","hentry","category-actualites"],"_links":{"self":[{"href":"https:\/\/assemblee-nationale.bj\/index.php\/wp-json\/wp\/v2\/posts\/6806","targetHints":{"allow":["GET"]}}],"collection":[{"href":"https:\/\/assemblee-nationale.bj\/index.php\/wp-json\/wp\/v2\/posts"}],"about":[{"href":"https:\/\/assemblee-nationale.bj\/index.php\/wp-json\/wp\/v2\/types\/post"}],"author":[{"embeddable":true,"href":"https:\/\/assemblee-nationale.bj\/index.php\/wp-json\/wp\/v2\/users\/13"}],"replies":[{"embeddable":true,"href":"https:\/\/assemblee-nationale.bj\/index.php\/wp-json\/wp\/v2\/comments?post=6806"}],"version-history":[{"count":1,"href":"https:\/\/assemblee-nationale.bj\/index.php\/wp-json\/wp\/v2\/posts\/6806\/revisions"}],"predecessor-version":[{"id":6818,"href":"https:\/\/assemblee-nationale.bj\/index.php\/wp-json\/wp\/v2\/posts\/6806\/revisions\/6818"}],"wp:featuredmedia":[{"embeddable":true,"href":"https:\/\/assemblee-nationale.bj\/index.php\/wp-json\/wp\/v2\/media\/6817"}],"wp:attachment":[{"href":"https:\/\/assemblee-nationale.bj\/index.php\/wp-json\/wp\/v2\/media?parent=6806"}],"wp:term":[{"taxonomy":"category","embeddable":true,"href":"https:\/\/assemblee-nationale.bj\/index.php\/wp-json\/wp\/v2\/categories?post=6806"},{"taxonomy":"post_tag","embeddable":true,"href":"https:\/\/assemblee-nationale.bj\/index.php\/wp-json\/wp\/v2\/tags?post=6806"}],"curies":[{"name":"wp","href":"https:\/\/api.w.org\/{rel}","templated":true}]}}