
{"id":8948,"date":"2024-06-19T13:13:58","date_gmt":"2024-06-19T12:13:58","guid":{"rendered":"https:\/\/assemblee-nationale.bj\/?p=8948"},"modified":"2024-06-21T09:19:15","modified_gmt":"2024-06-21T08:19:15","slug":"audience-a-lassemblee-nationale-long-fondation-durable-presente-le-projet-sante-aux-orphelins-au-1er-questeur-labiou-amadou-djibril","status":"publish","type":"post","link":"https:\/\/assemblee-nationale.bj\/index.php\/2024\/06\/19\/audience-a-lassemblee-nationale-long-fondation-durable-presente-le-projet-sante-aux-orphelins-au-1er-questeur-labiou-amadou-djibril\/","title":{"rendered":"Audience \u00e0 l&rsquo;Assembl\u00e9e nationale : L&rsquo;ONG Fondation Durable pr\u00e9sente le projet \u00ab sant\u00e9 aux orphelins \u00bb au 1er questeur Labiou Amadou Djibril"},"content":{"rendered":"<div id=\"pl-8948\"  class=\"panel-layout\" ><div id=\"pg-8948-0\"  class=\"panel-grid panel-no-style\" ><div id=\"pgc-8948-0-0\"  class=\"panel-grid-cell\" ><div id=\"panel-8948-0-0-0\" class=\"so-panel widget widget_text panel-first-child panel-last-child\" data-index=\"0\" ><div class=\"panel-widget-style panel-widget-style-for-8948-0-0-0\" >\t\t\t<div class=\"textwidget\"><p><strong> Audience \u00e0 l&rsquo;Assembl\u00e9e nationale : L&rsquo;ONG Fondation Durable pr\u00e9sente le projet \u00ab sant\u00e9 aux orphelins \u00bb au 1er questeur Labiou Amadou Djibril  <\/strong><\/p>\n<p style=\"text-align: justify; line-height: 150%; background: white; margin: 0cm 0cm 4.5pt 0cm;\"><span style=\"color: #1c1e21;\"><strong><br \/>\n<\/strong> <\/span><\/p>\n<p><strong>\u00a0<\/strong><\/p>\n<\/div>\n\t\t<\/div><\/div><\/div><\/div><div id=\"pg-8948-1\"  class=\"panel-grid panel-no-style\" ><div id=\"pgc-8948-1-0\"  class=\"panel-grid-cell panel-grid-cell-empty\" ><\/div><div id=\"pgc-8948-1-1\"  class=\"panel-grid-cell panel-grid-cell-mobile-last\" ><div id=\"panel-8948-1-1-0\" class=\"so-panel widget widget_text panel-first-child panel-last-child\" data-index=\"1\" ><div class=\"panel-widget-style panel-widget-style-for-8948-1-1-0\" >\t\t\t<div class=\"textwidget\"><div class=\"foogallery foogallery-container foogallery-carousel foogallery-lightbox-foobox fg-carousel fg-light fg-border-thin fg-shadow-outline fg-loading-default fg-loaded-fade-in fg-caption-hover fg-hover-fade fg-hover-zoom fg-ready\" id=\"foogallery-gallery-8917\" data-foogallery=\"{&quot;item&quot;:{&quot;showCaptionTitle&quot;:true,&quot;showCaptionDescription&quot;:true},&quot;lazy&quot;:true,&quot;template&quot;:{&quot;maxItems&quot;:5,&quot;scale&quot;:0.18,&quot;gutter&quot;:{&quot;min&quot;:-40,&quot;max&quot;:-40,&quot;unit&quot;:&quot;%&quot;},&quot;autoplay&quot;:{&quot;time&quot;:3,&quot;interaction&quot;:&quot;pause&quot;},&quot;centerOnClick&quot;:false}}\" >\r\n\t<button type=\"button\" class=\"fg-carousel-prev\"><\/button>\r\n\t<div class=\"fg-carousel-inner\">\r\n\t\t<div class=\"fg-carousel-center\"><\/div>\r\n\t\t<div class=\"fg-item fg-type-image fg-idle\"><figure class=\"fg-item-inner\"><a href=\"https:\/\/assemblee-nationale.bj\/wp-content\/uploads\/2024\/06\/LONG-Fondation-Durable-pr\u00e9sente-le-projet-sant\u00e9-aux-orphelins-au-1er-questeur-Labiou-Amadou-Djibril-1.jpg\" data-attachment-id=\"8920\" class=\"fg-thumb\"><span class=\"fg-image-wrap\"><img fetchpriority=\"high\" decoding=\"async\" width=\"400\" height=\"300\" class=\"skip-lazy fg-image\" data-src-fg=\"https:\/\/assemblee-nationale.bj\/wp-content\/uploads\/cache\/2024\/06\/LONG-Fondation-Durable-pr\u00e9sente-le-projet-sant\u00e9-aux-orphelins-au-1er-questeur-Labiou-Amadou-Djibril-1\/2041020249.jpg\" src=\"data:image\/svg+xml,%3Csvg%20xmlns%3D%22http%3A%2F%2Fwww.w3.org%2F2000%2Fsvg%22%20width%3D%22400%22%20height%3D%22300%22%20viewBox%3D%220%200%20400%20300%22%3E%3C%2Fsvg%3E\" loading=\"eager\"><\/span><span class=\"fg-image-overlay\"><\/span><\/a><figcaption class=\"fg-caption\"><div class=\"fg-caption-inner\"><\/div><\/figcaption><\/figure><div class=\"fg-loader\"><\/div><\/div><div class=\"fg-item fg-type-image fg-idle\"><figure class=\"fg-item-inner\"><a href=\"https:\/\/assemblee-nationale.bj\/wp-content\/uploads\/2024\/06\/LONG-Fondation-Durable-pr\u00e9sente-le-projet-sant\u00e9-aux-orphelins-au-1er-questeur-Labiou-Amadou-Djibril-2.jpg\" data-attachment-id=\"8921\" class=\"fg-thumb\"><span class=\"fg-image-wrap\"><img decoding=\"async\" width=\"400\" height=\"300\" class=\"skip-lazy fg-image\" data-src-fg=\"https:\/\/assemblee-nationale.bj\/wp-content\/uploads\/cache\/2024\/06\/LONG-Fondation-Durable-pr\u00e9sente-le-projet-sant\u00e9-aux-orphelins-au-1er-questeur-Labiou-Amadou-Djibril-2\/4194359715.jpg\" src=\"data:image\/svg+xml,%3Csvg%20xmlns%3D%22http%3A%2F%2Fwww.w3.org%2F2000%2Fsvg%22%20width%3D%22400%22%20height%3D%22300%22%20viewBox%3D%220%200%20400%20300%22%3E%3C%2Fsvg%3E\" loading=\"eager\"><\/span><span class=\"fg-image-overlay\"><\/span><\/a><figcaption class=\"fg-caption\"><div class=\"fg-caption-inner\"><\/div><\/figcaption><\/figure><div class=\"fg-loader\"><\/div><\/div><div class=\"fg-item fg-type-image fg-idle\"><figure class=\"fg-item-inner\"><a href=\"https:\/\/assemblee-nationale.bj\/wp-content\/uploads\/2024\/06\/LONG-Fondation-Durable-pr\u00e9sente-le-projet-sant\u00e9-aux-orphelins-au-1er-questeur-Labiou-Amadou-Djibril-3-1.jpg\" data-attachment-id=\"8923\" class=\"fg-thumb\"><span class=\"fg-image-wrap\"><img decoding=\"async\" width=\"400\" height=\"300\" class=\"skip-lazy fg-image\" data-src-fg=\"https:\/\/assemblee-nationale.bj\/wp-content\/uploads\/cache\/2024\/06\/LONG-Fondation-Durable-pr\u00e9sente-le-projet-sant\u00e9-aux-orphelins-au-1er-questeur-Labiou-Amadou-Djibril-3-1\/405973600.jpg\" src=\"data:image\/svg+xml,%3Csvg%20xmlns%3D%22http%3A%2F%2Fwww.w3.org%2F2000%2Fsvg%22%20width%3D%22400%22%20height%3D%22300%22%20viewBox%3D%220%200%20400%20300%22%3E%3C%2Fsvg%3E\" loading=\"eager\"><\/span><span class=\"fg-image-overlay\"><\/span><\/a><figcaption class=\"fg-caption\"><div class=\"fg-caption-inner\"><\/div><\/figcaption><\/figure><div class=\"fg-loader\"><\/div><\/div><div class=\"fg-item fg-type-image fg-idle\"><figure class=\"fg-item-inner\"><a href=\"https:\/\/assemblee-nationale.bj\/wp-content\/uploads\/2024\/06\/LONG-Fondation-Durable-pr\u00e9sente-le-projet-sant\u00e9-aux-orphelins-au-1er-questeur-Labiou-Amadou-Djibril-4.jpg\" data-attachment-id=\"8924\" class=\"fg-thumb\"><span class=\"fg-image-wrap\"><img decoding=\"async\" width=\"400\" height=\"300\" class=\"skip-lazy fg-image\" data-src-fg=\"https:\/\/assemblee-nationale.bj\/wp-content\/uploads\/cache\/2024\/06\/LONG-Fondation-Durable-pr\u00e9sente-le-projet-sant\u00e9-aux-orphelins-au-1er-questeur-Labiou-Amadou-Djibril-4\/3766832165.jpg\" src=\"data:image\/svg+xml,%3Csvg%20xmlns%3D%22http%3A%2F%2Fwww.w3.org%2F2000%2Fsvg%22%20width%3D%22400%22%20height%3D%22300%22%20viewBox%3D%220%200%20400%20300%22%3E%3C%2Fsvg%3E\" loading=\"eager\"><\/span><span class=\"fg-image-overlay\"><\/span><\/a><figcaption class=\"fg-caption\"><div class=\"fg-caption-inner\"><\/div><\/figcaption><\/figure><div class=\"fg-loader\"><\/div><\/div><div class=\"fg-item fg-type-image fg-idle\"><figure class=\"fg-item-inner\"><a href=\"https:\/\/assemblee-nationale.bj\/wp-content\/uploads\/2024\/06\/LONG-Fondation-Durable-pr\u00e9sente-le-projet-sant\u00e9-aux-orphelins-au-1er-questeur-Labiou-Amadou-Djibril-5.jpg\" data-attachment-id=\"8925\" class=\"fg-thumb\"><span class=\"fg-image-wrap\"><img decoding=\"async\" width=\"400\" height=\"300\" class=\"skip-lazy fg-image\" data-src-fg=\"https:\/\/assemblee-nationale.bj\/wp-content\/uploads\/cache\/2024\/06\/LONG-Fondation-Durable-pr\u00e9sente-le-projet-sant\u00e9-aux-orphelins-au-1er-questeur-Labiou-Amadou-Djibril-5\/3459107268.jpg\" src=\"data:image\/svg+xml,%3Csvg%20xmlns%3D%22http%3A%2F%2Fwww.w3.org%2F2000%2Fsvg%22%20width%3D%22400%22%20height%3D%22300%22%20viewBox%3D%220%200%20400%20300%22%3E%3C%2Fsvg%3E\" loading=\"eager\"><\/span><span class=\"fg-image-overlay\"><\/span><\/a><figcaption class=\"fg-caption\"><div class=\"fg-caption-inner\"><\/div><\/figcaption><\/figure><div class=\"fg-loader\"><\/div><\/div><div class=\"fg-item fg-type-image fg-idle\"><figure class=\"fg-item-inner\"><a href=\"https:\/\/assemblee-nationale.bj\/wp-content\/uploads\/2024\/06\/LONG-Fondation-Durable-pr\u00e9sente-le-projet-sant\u00e9-aux-orphelins-au-1er-questeur-Labiou-Amadou-Djibril-6.jpg\" data-attachment-id=\"8926\" class=\"fg-thumb\"><span class=\"fg-image-wrap\"><img decoding=\"async\" width=\"400\" height=\"300\" class=\"skip-lazy fg-image\" data-src-fg=\"https:\/\/assemblee-nationale.bj\/wp-content\/uploads\/cache\/2024\/06\/LONG-Fondation-Durable-pr\u00e9sente-le-projet-sant\u00e9-aux-orphelins-au-1er-questeur-Labiou-Amadou-Djibril-6\/3184805863.jpg\" src=\"data:image\/svg+xml,%3Csvg%20xmlns%3D%22http%3A%2F%2Fwww.w3.org%2F2000%2Fsvg%22%20width%3D%22400%22%20height%3D%22300%22%20viewBox%3D%220%200%20400%20300%22%3E%3C%2Fsvg%3E\" loading=\"eager\"><\/span><span class=\"fg-image-overlay\"><\/span><\/a><figcaption class=\"fg-caption\"><div class=\"fg-caption-inner\"><\/div><\/figcaption><\/figure><div class=\"fg-loader\"><\/div><\/div>\t<\/div>\r\n\t<div class=\"fg-carousel-bottom\"><\/div>\r\n\t<div class=\"fg-carousel-progress\"><\/div>\r\n\t<button type=\"button\" class=\"fg-carousel-next\"><\/button>\r\n<\/div>\n<p>&nbsp;<\/p>\n<p>       Dans la matin\u00e9e de ce mardi 18 juin 2024, le premier questeur de l&rsquo;Assembl\u00e9e nationale, l&rsquo;he Labiou AMADOU DJIBRIL a re\u00e7u en audience \u00e0 son bureau Rom\u00e9o DAH-BOLINON, m\u00e9decin p\u00e9diatre et pr\u00e9sident de l&rsquo;ONG Fondation Durable (ONG FD). Au menu des discussions, les activit\u00e9s de ladite ONG notamment le projet \u00ab\u00a0Sant\u00e9 aux orphelins\u00a0\u00bb  pour lequel les h\u00f4tes du premier questeur sollicitent son concours pour la couverture dans le Nord du B\u00e9nin.<br \/>\nLire ci-dessous l&rsquo;int\u00e9gralit\u00e9 de l&rsquo;intervention du pr\u00e9sident de l&rsquo;ONG Fondation Durable \u00e0 la<br \/>\n fin de l&rsquo;audience&#8230;<\/p>\n<p>\u300aAu cours de cette audience, il \u00e9tait question de  d\u00e9velopper au premier questeur les activit\u00e9s que les activit\u00e9s que l&rsquo;ONG Fondation Durable m\u00e8ne, activit\u00e9s orient\u00e9es essentiellement sur les enfants en situation difficile dans tout le B\u00e9nin depuis plusieurs ann\u00e9es d&rsquo;une part et d&rsquo;avoir son retour d&rsquo;autre part.  Il a \u00e9t\u00e9 favorable et sid\u00e9r\u00e9 par ce que nous faisons et a promis nous accompagner de la fa\u00e7on la plus ad\u00e9quate possible pour que nous puissions ensemble, avec ce qu&rsquo;il fait d\u00e9j\u00e0 dans sa localit\u00e9, agir pour le bien-\u00eatre des enfants surtout ceux en situation difficile dans nos communaut\u00e9s. L&rsquo;ONG Fondation Durable est une ONG qui existe depuis plus de 5 ans et  se bat tous les jours pour le bien-\u00eatre des enfants et des femmes. Mais nous avons dans le temps initi\u00e9 un projet d\u00e9nomm\u00e9 : \u00ab\u00a0Sant\u00e9 \u00e0 la base\u00a0\u00bb qui concernait les femmes, les m\u00e8res et les enfants. Il avait pour vocation de passer dans les centres de sant\u00e9 et d&rsquo;\u00e9duquer les m\u00e8res, les enfants. Mais apr\u00e8s ce projet, nous avons initi\u00e9, \u00e9tant sur le terrain, un autre projet d\u00e9nomm\u00e9 Projet \u00ab\u00a0Sant\u00e9 aux orphelins\u00a0\u00bb qui apporte le bien \u00eatre aux enfants qui n&rsquo;ont pas le droit ou la chance comme nous d&rsquo;avoir acc\u00e8s \u00e0 la sant\u00e9. Ainsi gr\u00e2ce \u00e0 ce projet, l&rsquo;ONG Fondation Durable se rend  aupr\u00e8s de ces enfants dans les centres d&rsquo;accueil ou quelque lieu o\u00f9 ils peuvent se trouver et leur apportons des consultations foraines. Par ailleurs nous leur  faisons don des m\u00e9dicaments et leur  apportons parfois des vivres. Entre autres,   nous les \u00e9gayons parce que la sant\u00e9 n&rsquo;est pas que physique; il y a la sant\u00e9 psychique et psychologique. Nous les \u00e9gayons parce qu&rsquo;il faut le mentionner, l&rsquo;ONG Fondation Durable, c&rsquo;est une \u00e9quipe m\u00e9dicale, c&rsquo;est une \u00e9quipe o\u00f9 il y a des r\u00e9cr\u00e9atologues, des psychologues. Et nous faisons  donc des activit\u00e9s de prise en charge dans beaucoup de centres d&rsquo;accueil. L&rsquo;ambition de l&rsquo;ONG Fondation Durable,  c&rsquo;est d&rsquo;avoir une couverture nationale. Pour ce qui est des ressources humaines, nous sommes bien \u00e9quip\u00e9s pour apporter quelque chose de plus \u00e0 ces enfants qui sont, sans le savoir, d\u00e9laiss\u00e9s. Or la sant\u00e9 est un droit pour tous. C&rsquo;est notre bataille et nous avons re\u00e7u l&rsquo;assentiment du 1er questeur pour que le projet \u00a0\u00bb Sant\u00e9 aux orphelins\u00a0\u00bb, soit  d\u00e9velopp\u00e9 au Nord.\u300b<\/p>\n<p>Propos recueillis par\u00a0Hermann\u00a0OBINTI<\/p>\n<\/div>\n\t\t<\/div><\/div><\/div><div id=\"pgc-8948-1-2\"  class=\"panel-grid-cell panel-grid-cell-empty\" ><\/div><\/div><\/div>","protected":false},"excerpt":{"rendered":"<p>Dans la matin\u00e9e de ce mardi 18 juin 2024, le premier questeur de l&rsquo;Assembl\u00e9e nationale, l&rsquo;he Labiou AMADOU DJIBRIL a re\u00e7u en audience \u00e0 son bureau Rom\u00e9o DAH-BOLINON, m\u00e9decin p\u00e9diatre et pr\u00e9sident de l&rsquo;ONG Fondation Durable (ONG FD). Au menu des discussions, les activit\u00e9s de ladite ONG notamment le projet \u00ab\u00a0Sant\u00e9 aux orphelins\u00a0\u00bb  pour lequel les h\u00f4tes du premier questeur sollicitent son concours pour la couverture dans le Nord du B\u00e9nin.\u300aAu cours de cette audience, il \u00e9tait question de  d\u00e9velopper au premier questeur les activit\u00e9s que les activit\u00e9s que l&rsquo;ONG Fondation Durable m\u00e8ne, activit\u00e9s orient\u00e9es essentiellement sur les enfants en situation difficile dans tout le B\u00e9nin depuis plusieurs ann\u00e9es d&rsquo;une part et d&rsquo;avoir son retour d&rsquo;autre part.  Il a \u00e9t\u00e9 favorable et sid\u00e9r\u00e9 par ce que nous faisons et a promis nous accompagner de la fa\u00e7on la plus ad\u00e9quate possible pour que nous puissions ensemble, avec ce qu&rsquo;il fait d\u00e9j\u00e0 dans sa localit\u00e9, agir pour le bien-\u00eatre des enfants surtout ceux en situation difficile dans nos communaut\u00e9s.<\/p>\n","protected":false},"author":13,"featured_media":8958,"comment_status":"closed","ping_status":"open","sticky":false,"template":"","format":"standard","meta":{"footnotes":""},"categories":[29],"tags":[],"class_list":["post-8948","post","type-post","status-publish","format-standard","has-post-thumbnail","hentry","category-actualites"],"_links":{"self":[{"href":"https:\/\/assemblee-nationale.bj\/index.php\/wp-json\/wp\/v2\/posts\/8948","targetHints":{"allow":["GET"]}}],"collection":[{"href":"https:\/\/assemblee-nationale.bj\/index.php\/wp-json\/wp\/v2\/posts"}],"about":[{"href":"https:\/\/assemblee-nationale.bj\/index.php\/wp-json\/wp\/v2\/types\/post"}],"author":[{"embeddable":true,"href":"https:\/\/assemblee-nationale.bj\/index.php\/wp-json\/wp\/v2\/users\/13"}],"replies":[{"embeddable":true,"href":"https:\/\/assemblee-nationale.bj\/index.php\/wp-json\/wp\/v2\/comments?post=8948"}],"version-history":[{"count":1,"href":"https:\/\/assemblee-nationale.bj\/index.php\/wp-json\/wp\/v2\/posts\/8948\/revisions"}],"predecessor-version":[{"id":8959,"href":"https:\/\/assemblee-nationale.bj\/index.php\/wp-json\/wp\/v2\/posts\/8948\/revisions\/8959"}],"wp:featuredmedia":[{"embeddable":true,"href":"https:\/\/assemblee-nationale.bj\/index.php\/wp-json\/wp\/v2\/media\/8958"}],"wp:attachment":[{"href":"https:\/\/assemblee-nationale.bj\/index.php\/wp-json\/wp\/v2\/media?parent=8948"}],"wp:term":[{"taxonomy":"category","embeddable":true,"href":"https:\/\/assemblee-nationale.bj\/index.php\/wp-json\/wp\/v2\/categories?post=8948"},{"taxonomy":"post_tag","embeddable":true,"href":"https:\/\/assemblee-nationale.bj\/index.php\/wp-json\/wp\/v2\/tags?post=8948"}],"curies":[{"name":"wp","href":"https:\/\/api.w.org\/{rel}","templated":true}]}}