
{"id":8955,"date":"2024-06-20T23:55:39","date_gmt":"2024-06-20T22:55:39","guid":{"rendered":"https:\/\/assemblee-nationale.bj\/?p=8955"},"modified":"2024-06-21T09:29:50","modified_gmt":"2024-06-21T08:29:50","slug":"nationalite-beninoise-aux-afro-descendants-delocalisation-de-la-criet-et-situation-de-lhopital-de-parakou-les-ministres-adjadi-bakari-detchenou-hounkpatin-et-nouatin-repondent-aux-preoccupation","status":"publish","type":"post","link":"https:\/\/assemblee-nationale.bj\/index.php\/2024\/06\/20\/nationalite-beninoise-aux-afro-descendants-delocalisation-de-la-criet-et-situation-de-lhopital-de-parakou-les-ministres-adjadi-bakari-detchenou-hounkpatin-et-nouatin-repondent-aux-preoccupation\/","title":{"rendered":"Nationalit\u00e9 b\u00e9ninoise aux afro-descendants, d\u00e9localisation de la CRIET et situation de l&rsquo;h\u00f4pital de Parakou : Les ministres Adjadi Bakari, D\u00e9tch\u00e9nou, Hounkpatin Et Nouatin r\u00e9pondent aux pr\u00e9occupations des d\u00e9put\u00e9s"},"content":{"rendered":"<div id=\"pl-8955\"  class=\"panel-layout\" ><div id=\"pg-8955-0\"  class=\"panel-grid panel-no-style\" ><div id=\"pgc-8955-0-0\"  class=\"panel-grid-cell\" ><div id=\"panel-8955-0-0-0\" class=\"so-panel widget widget_text panel-first-child panel-last-child\" data-index=\"0\" ><div class=\"panel-widget-style panel-widget-style-for-8955-0-0-0\" >\t\t\t<div class=\"textwidget\"><p><strong> Nationalit\u00e9 b\u00e9ninoise aux afro-descendants, d\u00e9localisation de la CRIET et situation de l&rsquo;h\u00f4pital de Parakou : Les ministres Adjadi Bakari, D\u00e9tch\u00e9nou, Hounkpatin Et Nouatin r\u00e9pondent aux pr\u00e9occupations des d\u00e9put\u00e9s <\/strong><\/p>\n<p style=\"text-align: justify; line-height: 150%; background: white; margin: 0cm 0cm 4.5pt 0cm;\"><span style=\"color: #1c1e21;\"><strong><br \/>\n<\/strong> <\/span><\/p>\n<p><strong>\u00a0<\/strong><\/p>\n<\/div>\n\t\t<\/div><\/div><\/div><\/div><div id=\"pg-8955-1\"  class=\"panel-grid panel-no-style\" ><div id=\"pgc-8955-1-0\"  class=\"panel-grid-cell panel-grid-cell-empty\" ><\/div><div id=\"pgc-8955-1-1\"  class=\"panel-grid-cell panel-grid-cell-mobile-last\" ><div id=\"panel-8955-1-1-0\" class=\"so-panel widget widget_text panel-first-child panel-last-child\" data-index=\"1\" ><div class=\"panel-widget-style panel-widget-style-for-8955-1-1-0\" >\t\t\t<div class=\"textwidget\"><div class=\"foogallery foogallery-container foogallery-carousel foogallery-lightbox-foobox fg-carousel fg-light fg-border-thin fg-shadow-outline fg-loading-default fg-loaded-fade-in fg-caption-hover fg-hover-fade fg-hover-zoom fg-ready\" id=\"foogallery-gallery-8919\" data-foogallery=\"{&quot;item&quot;:{&quot;showCaptionTitle&quot;:true,&quot;showCaptionDescription&quot;:true},&quot;lazy&quot;:true,&quot;template&quot;:{&quot;maxItems&quot;:5,&quot;scale&quot;:0.18,&quot;gutter&quot;:{&quot;min&quot;:-40,&quot;max&quot;:-40,&quot;unit&quot;:&quot;%&quot;},&quot;autoplay&quot;:{&quot;time&quot;:3,&quot;interaction&quot;:&quot;pause&quot;},&quot;centerOnClick&quot;:false}}\" >\r\n\t<button type=\"button\" class=\"fg-carousel-prev\"><\/button>\r\n\t<div class=\"fg-carousel-inner\">\r\n\t\t<div class=\"fg-carousel-center\"><\/div>\r\n\t\t<div class=\"fg-item fg-type-image fg-idle\"><figure class=\"fg-item-inner\"><a href=\"https:\/\/assemblee-nationale.bj\/wp-content\/uploads\/2024\/06\/Nationalit\u00e9-b\u00e9ninoise-aux-afro-descendants-d\u00e9localisation-de-la-CRIET-et-situation-de-lh\u00f4pital-de-Parakou-1.jpg\" data-attachment-id=\"8941\" class=\"fg-thumb\"><span class=\"fg-image-wrap\"><img fetchpriority=\"high\" decoding=\"async\" width=\"400\" height=\"300\" class=\"skip-lazy fg-image\" data-src-fg=\"https:\/\/assemblee-nationale.bj\/wp-content\/uploads\/cache\/2024\/06\/Nationalit\u00e9-b\u00e9ninoise-aux-afro-descendants-d\u00e9localisation-de-la-CRIET-et-situation-de-lh\u00f4pital-de-Parakou-1\/956258378.jpg\" src=\"data:image\/svg+xml,%3Csvg%20xmlns%3D%22http%3A%2F%2Fwww.w3.org%2F2000%2Fsvg%22%20width%3D%22400%22%20height%3D%22300%22%20viewBox%3D%220%200%20400%20300%22%3E%3C%2Fsvg%3E\" loading=\"eager\"><\/span><span class=\"fg-image-overlay\"><\/span><\/a><figcaption class=\"fg-caption\"><div class=\"fg-caption-inner\"><\/div><\/figcaption><\/figure><div class=\"fg-loader\"><\/div><\/div><div class=\"fg-item fg-type-image fg-idle\"><figure class=\"fg-item-inner\"><a href=\"https:\/\/assemblee-nationale.bj\/wp-content\/uploads\/2024\/06\/Nationalit\u00e9-b\u00e9ninoise-aux-afro-descendants-d\u00e9localisation-de-la-CRIET-et-situation-de-lh\u00f4pital-de-Parakou-2.jpg\" data-attachment-id=\"8942\" class=\"fg-thumb\"><span class=\"fg-image-wrap\"><img decoding=\"async\" width=\"400\" height=\"300\" class=\"skip-lazy fg-image\" data-src-fg=\"https:\/\/assemblee-nationale.bj\/wp-content\/uploads\/cache\/2024\/06\/Nationalit\u00e9-b\u00e9ninoise-aux-afro-descendants-d\u00e9localisation-de-la-CRIET-et-situation-de-lh\u00f4pital-de-Parakou-2\/1945530930.jpg\" src=\"data:image\/svg+xml,%3Csvg%20xmlns%3D%22http%3A%2F%2Fwww.w3.org%2F2000%2Fsvg%22%20width%3D%22400%22%20height%3D%22300%22%20viewBox%3D%220%200%20400%20300%22%3E%3C%2Fsvg%3E\" loading=\"eager\"><\/span><span class=\"fg-image-overlay\"><\/span><\/a><figcaption class=\"fg-caption\"><div class=\"fg-caption-inner\"><\/div><\/figcaption><\/figure><div class=\"fg-loader\"><\/div><\/div><div class=\"fg-item fg-type-image fg-idle\"><figure class=\"fg-item-inner\"><a href=\"https:\/\/assemblee-nationale.bj\/wp-content\/uploads\/2024\/06\/Nationalit\u00e9-b\u00e9ninoise-aux-afro-descendants-d\u00e9localisation-de-la-CRIET-et-situation-de-lh\u00f4pital-de-Parakou-3.jpg\" data-attachment-id=\"8943\" class=\"fg-thumb\"><span class=\"fg-image-wrap\"><img decoding=\"async\" width=\"400\" height=\"300\" class=\"skip-lazy fg-image\" data-src-fg=\"https:\/\/assemblee-nationale.bj\/wp-content\/uploads\/cache\/2024\/06\/Nationalit\u00e9-b\u00e9ninoise-aux-afro-descendants-d\u00e9localisation-de-la-CRIET-et-situation-de-lh\u00f4pital-de-Parakou-3\/266207601.jpg\" src=\"data:image\/svg+xml,%3Csvg%20xmlns%3D%22http%3A%2F%2Fwww.w3.org%2F2000%2Fsvg%22%20width%3D%22400%22%20height%3D%22300%22%20viewBox%3D%220%200%20400%20300%22%3E%3C%2Fsvg%3E\" loading=\"eager\"><\/span><span class=\"fg-image-overlay\"><\/span><\/a><figcaption class=\"fg-caption\"><div class=\"fg-caption-inner\"><\/div><\/figcaption><\/figure><div class=\"fg-loader\"><\/div><\/div><div class=\"fg-item fg-type-image fg-idle\"><figure class=\"fg-item-inner\"><a href=\"https:\/\/assemblee-nationale.bj\/wp-content\/uploads\/2024\/06\/Nationalit\u00e9-b\u00e9ninoise-aux-afro-descendants-d\u00e9localisation-de-la-CRIET-et-situation-de-lh\u00f4pital-de-Parakou-4.jpg\" data-attachment-id=\"8944\" class=\"fg-thumb\"><span class=\"fg-image-wrap\"><img decoding=\"async\" width=\"400\" height=\"300\" class=\"skip-lazy fg-image\" data-src-fg=\"https:\/\/assemblee-nationale.bj\/wp-content\/uploads\/cache\/2024\/06\/Nationalit\u00e9-b\u00e9ninoise-aux-afro-descendants-d\u00e9localisation-de-la-CRIET-et-situation-de-lh\u00f4pital-de-Parakou-4\/2692112377.jpg\" src=\"data:image\/svg+xml,%3Csvg%20xmlns%3D%22http%3A%2F%2Fwww.w3.org%2F2000%2Fsvg%22%20width%3D%22400%22%20height%3D%22300%22%20viewBox%3D%220%200%20400%20300%22%3E%3C%2Fsvg%3E\" loading=\"eager\"><\/span><span class=\"fg-image-overlay\"><\/span><\/a><figcaption class=\"fg-caption\"><div class=\"fg-caption-inner\"><\/div><\/figcaption><\/figure><div class=\"fg-loader\"><\/div><\/div><div class=\"fg-item fg-type-image fg-idle\"><figure class=\"fg-item-inner\"><a href=\"https:\/\/assemblee-nationale.bj\/wp-content\/uploads\/2024\/06\/Nationalit\u00e9-b\u00e9ninoise-aux-afro-descendants-d\u00e9localisation-de-la-CRIET-et-situation-de-lh\u00f4pital-de-Parakou-5.jpg\" data-attachment-id=\"8945\" class=\"fg-thumb\"><span class=\"fg-image-wrap\"><img decoding=\"async\" width=\"400\" height=\"300\" class=\"skip-lazy fg-image\" data-src-fg=\"https:\/\/assemblee-nationale.bj\/wp-content\/uploads\/cache\/2024\/06\/Nationalit\u00e9-b\u00e9ninoise-aux-afro-descendants-d\u00e9localisation-de-la-CRIET-et-situation-de-lh\u00f4pital-de-Parakou-5\/3697159354.jpg\" src=\"data:image\/svg+xml,%3Csvg%20xmlns%3D%22http%3A%2F%2Fwww.w3.org%2F2000%2Fsvg%22%20width%3D%22400%22%20height%3D%22300%22%20viewBox%3D%220%200%20400%20300%22%3E%3C%2Fsvg%3E\" loading=\"eager\"><\/span><span class=\"fg-image-overlay\"><\/span><\/a><figcaption class=\"fg-caption\"><div class=\"fg-caption-inner\"><\/div><\/figcaption><\/figure><div class=\"fg-loader\"><\/div><\/div><div class=\"fg-item fg-type-image fg-idle\"><figure class=\"fg-item-inner\"><a href=\"https:\/\/assemblee-nationale.bj\/wp-content\/uploads\/2024\/06\/Nationalit\u00e9-b\u00e9ninoise-aux-afro-descendants-d\u00e9localisation-de-la-CRIET-et-situation-de-lh\u00f4pital-de-Parakou-6.jpg\" data-attachment-id=\"8946\" class=\"fg-thumb\"><span class=\"fg-image-wrap\"><img decoding=\"async\" width=\"400\" height=\"300\" class=\"skip-lazy fg-image\" data-src-fg=\"https:\/\/assemblee-nationale.bj\/wp-content\/uploads\/cache\/2024\/06\/Nationalit\u00e9-b\u00e9ninoise-aux-afro-descendants-d\u00e9localisation-de-la-CRIET-et-situation-de-lh\u00f4pital-de-Parakou-6\/1478932863.jpg\" src=\"data:image\/svg+xml,%3Csvg%20xmlns%3D%22http%3A%2F%2Fwww.w3.org%2F2000%2Fsvg%22%20width%3D%22400%22%20height%3D%22300%22%20viewBox%3D%220%200%20400%20300%22%3E%3C%2Fsvg%3E\" loading=\"eager\"><\/span><span class=\"fg-image-overlay\"><\/span><\/a><figcaption class=\"fg-caption\"><div class=\"fg-caption-inner\"><\/div><\/figcaption><\/figure><div class=\"fg-loader\"><\/div><\/div><div class=\"fg-item fg-type-image fg-idle\"><figure class=\"fg-item-inner\"><a href=\"https:\/\/assemblee-nationale.bj\/wp-content\/uploads\/2024\/06\/Nationalit\u00e9-b\u00e9ninoise-aux-afro-descendants-d\u00e9localisation-de-la-CRIET-et-situation-de-lh\u00f4pital-de-Parakou-7.jpg\" data-attachment-id=\"8947\" class=\"fg-thumb\"><span class=\"fg-image-wrap\"><img decoding=\"async\" width=\"400\" height=\"300\" class=\"skip-lazy fg-image\" data-src-fg=\"https:\/\/assemblee-nationale.bj\/wp-content\/uploads\/cache\/2024\/06\/Nationalit\u00e9-b\u00e9ninoise-aux-afro-descendants-d\u00e9localisation-de-la-CRIET-et-situation-de-lh\u00f4pital-de-Parakou-7\/604949052.jpg\" src=\"data:image\/svg+xml,%3Csvg%20xmlns%3D%22http%3A%2F%2Fwww.w3.org%2F2000%2Fsvg%22%20width%3D%22400%22%20height%3D%22300%22%20viewBox%3D%220%200%20400%20300%22%3E%3C%2Fsvg%3E\" loading=\"eager\"><\/span><span class=\"fg-image-overlay\"><\/span><\/a><figcaption class=\"fg-caption\"><div class=\"fg-caption-inner\"><\/div><\/figcaption><\/figure><div class=\"fg-loader\"><\/div><\/div><div class=\"fg-item fg-type-image fg-idle\"><figure class=\"fg-item-inner\"><a href=\"https:\/\/assemblee-nationale.bj\/wp-content\/uploads\/2024\/06\/Nationalit\u00e9-b\u00e9ninoise-aux-afro-descendants-d\u00e9localisation-de-la-CRIET-et-situation-de-lh\u00f4pital-de-Parakou-8.jpg\" data-attachment-id=\"8950\" class=\"fg-thumb\"><span class=\"fg-image-wrap\"><img decoding=\"async\" width=\"400\" height=\"300\" class=\"skip-lazy fg-image\" data-src-fg=\"https:\/\/assemblee-nationale.bj\/wp-content\/uploads\/cache\/2024\/06\/Nationalit\u00e9-b\u00e9ninoise-aux-afro-descendants-d\u00e9localisation-de-la-CRIET-et-situation-de-lh\u00f4pital-de-Parakou-8\/2693899035.jpg\" src=\"data:image\/svg+xml,%3Csvg%20xmlns%3D%22http%3A%2F%2Fwww.w3.org%2F2000%2Fsvg%22%20width%3D%22400%22%20height%3D%22300%22%20viewBox%3D%220%200%20400%20300%22%3E%3C%2Fsvg%3E\" loading=\"eager\"><\/span><span class=\"fg-image-overlay\"><\/span><\/a><figcaption class=\"fg-caption\"><div class=\"fg-caption-inner\"><\/div><\/figcaption><\/figure><div class=\"fg-loader\"><\/div><\/div><div class=\"fg-item fg-type-image fg-idle\"><figure class=\"fg-item-inner\"><a href=\"https:\/\/assemblee-nationale.bj\/wp-content\/uploads\/2024\/06\/Nationalit\u00e9-b\u00e9ninoise-aux-afro-descendants-d\u00e9localisation-de-la-CRIET-et-situation-de-lh\u00f4pital-de-Parakou-9.jpg\" data-attachment-id=\"8951\" class=\"fg-thumb\"><span class=\"fg-image-wrap\"><img decoding=\"async\" width=\"400\" height=\"300\" class=\"skip-lazy fg-image\" data-src-fg=\"https:\/\/assemblee-nationale.bj\/wp-content\/uploads\/cache\/2024\/06\/Nationalit\u00e9-b\u00e9ninoise-aux-afro-descendants-d\u00e9localisation-de-la-CRIET-et-situation-de-lh\u00f4pital-de-Parakou-9\/3703165016.jpg\" src=\"data:image\/svg+xml,%3Csvg%20xmlns%3D%22http%3A%2F%2Fwww.w3.org%2F2000%2Fsvg%22%20width%3D%22400%22%20height%3D%22300%22%20viewBox%3D%220%200%20400%20300%22%3E%3C%2Fsvg%3E\" loading=\"eager\"><\/span><span class=\"fg-image-overlay\"><\/span><\/a><figcaption class=\"fg-caption\"><div class=\"fg-caption-inner\"><\/div><\/figcaption><\/figure><div class=\"fg-loader\"><\/div><\/div><div class=\"fg-item fg-type-image fg-idle\"><figure class=\"fg-item-inner\"><a href=\"https:\/\/assemblee-nationale.bj\/wp-content\/uploads\/2024\/06\/Nationalit\u00e9-b\u00e9ninoise-aux-afro-descendants-d\u00e9localisation-de-la-CRIET-et-situation-de-lh\u00f4pital-de-Parakou-10.jpg\" data-attachment-id=\"8952\" class=\"fg-thumb\"><span class=\"fg-image-wrap\"><img decoding=\"async\" width=\"400\" height=\"300\" class=\"skip-lazy fg-image\" data-src-fg=\"https:\/\/assemblee-nationale.bj\/wp-content\/uploads\/cache\/2024\/06\/Nationalit\u00e9-b\u00e9ninoise-aux-afro-descendants-d\u00e9localisation-de-la-CRIET-et-situation-de-lh\u00f4pital-de-Parakou-10\/4124677249.jpg\" src=\"data:image\/svg+xml,%3Csvg%20xmlns%3D%22http%3A%2F%2Fwww.w3.org%2F2000%2Fsvg%22%20width%3D%22400%22%20height%3D%22300%22%20viewBox%3D%220%200%20400%20300%22%3E%3C%2Fsvg%3E\" loading=\"eager\"><\/span><span class=\"fg-image-overlay\"><\/span><\/a><figcaption class=\"fg-caption\"><div class=\"fg-caption-inner\"><\/div><\/figcaption><\/figure><div class=\"fg-loader\"><\/div><\/div><div class=\"fg-item fg-type-image fg-idle\"><figure class=\"fg-item-inner\"><a href=\"https:\/\/assemblee-nationale.bj\/wp-content\/uploads\/2024\/06\/Nationalit\u00e9-b\u00e9ninoise-aux-afro-descendants-d\u00e9localisation-de-la-CRIET-et-situation-de-lh\u00f4pital-de-Parakou-11.jpg\" data-attachment-id=\"8953\" class=\"fg-thumb\"><span class=\"fg-image-wrap\"><img decoding=\"async\" width=\"400\" height=\"300\" class=\"skip-lazy fg-image\" data-src-fg=\"https:\/\/assemblee-nationale.bj\/wp-content\/uploads\/cache\/2024\/06\/Nationalit\u00e9-b\u00e9ninoise-aux-afro-descendants-d\u00e9localisation-de-la-CRIET-et-situation-de-lh\u00f4pital-de-Parakou-11\/3248601093.jpg\" src=\"data:image\/svg+xml,%3Csvg%20xmlns%3D%22http%3A%2F%2Fwww.w3.org%2F2000%2Fsvg%22%20width%3D%22400%22%20height%3D%22300%22%20viewBox%3D%220%200%20400%20300%22%3E%3C%2Fsvg%3E\" loading=\"eager\"><\/span><span class=\"fg-image-overlay\"><\/span><\/a><figcaption class=\"fg-caption\"><div class=\"fg-caption-inner\"><\/div><\/figcaption><\/figure><div class=\"fg-loader\"><\/div><\/div><div class=\"fg-item fg-type-image fg-idle\"><figure class=\"fg-item-inner\"><a href=\"https:\/\/assemblee-nationale.bj\/wp-content\/uploads\/2024\/06\/Nationalit\u00e9-b\u00e9ninoise-aux-afro-descendants-d\u00e9localisation-de-la-CRIET-et-situation-de-lh\u00f4pital-de-Parakou-12.jpg\" data-attachment-id=\"8954\" class=\"fg-thumb\"><span class=\"fg-image-wrap\"><img decoding=\"async\" width=\"400\" height=\"300\" class=\"skip-lazy fg-image\" data-src-fg=\"https:\/\/assemblee-nationale.bj\/wp-content\/uploads\/cache\/2024\/06\/Nationalit\u00e9-b\u00e9ninoise-aux-afro-descendants-d\u00e9localisation-de-la-CRIET-et-situation-de-lh\u00f4pital-de-Parakou-12\/3364057443.jpg\" src=\"data:image\/svg+xml,%3Csvg%20xmlns%3D%22http%3A%2F%2Fwww.w3.org%2F2000%2Fsvg%22%20width%3D%22400%22%20height%3D%22300%22%20viewBox%3D%220%200%20400%20300%22%3E%3C%2Fsvg%3E\" loading=\"eager\"><\/span><span class=\"fg-image-overlay\"><\/span><\/a><figcaption class=\"fg-caption\"><div class=\"fg-caption-inner\"><\/div><\/figcaption><\/figure><div class=\"fg-loader\"><\/div><\/div><div class=\"fg-item fg-type-image fg-idle\"><figure class=\"fg-item-inner\"><a href=\"https:\/\/assemblee-nationale.bj\/wp-content\/uploads\/2024\/06\/Nationalit\u00e9-b\u00e9ninoise-aux-afro-descendants-d\u00e9localisation-de-la-CRIET-et-situation-de-lh\u00f4pital-de-Parakou-13.jpg\" data-attachment-id=\"8956\" class=\"fg-thumb\"><span class=\"fg-image-wrap\"><img decoding=\"async\" width=\"400\" height=\"300\" class=\"skip-lazy fg-image\" data-src-fg=\"https:\/\/assemblee-nationale.bj\/wp-content\/uploads\/cache\/2024\/06\/Nationalit\u00e9-b\u00e9ninoise-aux-afro-descendants-d\u00e9localisation-de-la-CRIET-et-situation-de-lh\u00f4pital-de-Parakou-13\/788279176.jpg\" src=\"data:image\/svg+xml,%3Csvg%20xmlns%3D%22http%3A%2F%2Fwww.w3.org%2F2000%2Fsvg%22%20width%3D%22400%22%20height%3D%22300%22%20viewBox%3D%220%200%20400%20300%22%3E%3C%2Fsvg%3E\" loading=\"eager\"><\/span><span class=\"fg-image-overlay\"><\/span><\/a><figcaption class=\"fg-caption\"><div class=\"fg-caption-inner\"><\/div><\/figcaption><\/figure><div class=\"fg-loader\"><\/div><\/div><div class=\"fg-item fg-type-image fg-idle\"><figure class=\"fg-item-inner\"><a href=\"https:\/\/assemblee-nationale.bj\/wp-content\/uploads\/2024\/06\/Nationalit\u00e9-b\u00e9ninoise-aux-afro-descendants-d\u00e9localisation-de-la-CRIET-et-situation-de-lh\u00f4pital-de-Parakou-14.jpg\" data-attachment-id=\"8957\" class=\"fg-thumb\"><span class=\"fg-image-wrap\"><img decoding=\"async\" width=\"400\" height=\"300\" class=\"skip-lazy fg-image\" data-src-fg=\"https:\/\/assemblee-nationale.bj\/wp-content\/uploads\/cache\/2024\/06\/Nationalit\u00e9-b\u00e9ninoise-aux-afro-descendants-d\u00e9localisation-de-la-CRIET-et-situation-de-lh\u00f4pital-de-Parakou-14\/3706391179.jpg\" src=\"data:image\/svg+xml,%3Csvg%20xmlns%3D%22http%3A%2F%2Fwww.w3.org%2F2000%2Fsvg%22%20width%3D%22400%22%20height%3D%22300%22%20viewBox%3D%220%200%20400%20300%22%3E%3C%2Fsvg%3E\" loading=\"eager\"><\/span><span class=\"fg-image-overlay\"><\/span><\/a><figcaption class=\"fg-caption\"><div class=\"fg-caption-inner\"><\/div><\/figcaption><\/figure><div class=\"fg-loader\"><\/div><\/div>\t<\/div>\r\n\t<div class=\"fg-carousel-bottom\"><\/div>\r\n\t<div class=\"fg-carousel-progress\"><\/div>\r\n\t<button type=\"button\" class=\"fg-carousel-next\"><\/button>\r\n<\/div>\n<p>&nbsp;<\/p>\n<p>       Ce jeudi 20 juin 2024, les d\u00e9put\u00e9s sous la houlette du pr\u00e9sident Louis Gb\u00e8hounou VLAVONOU ont une fois encore exerc\u00e9  leurs pr\u00e9rogatives de contr\u00f4le de l&rsquo;action gouvernementale. Pour la circonstance, quatre ministres \u00e9taient au Palais des Gouverneurs \u00e0 Porto-Novo pour apporter des r\u00e9ponses aux pr\u00e9occupations des \u00e9lus du peuple  li\u00e9es \u00e0 l&rsquo;acquisition de la nationalit\u00e9 b\u00e9ninoise par naturalisation au profit des afro-descendants, \u00e0 la d\u00e9localisation des institutions judiciaires de Porto-Novo et enfin \u00e0 l&rsquo;\u00e9tat de l&rsquo;h\u00f4pital d&rsquo;instruction des arm\u00e9es de Parakou.<\/p>\n<p>       \u00c0 l&rsquo;h\u00e9micycle, \u00e9taient pr\u00e9sents le ministre des Affaires \u00e9trang\u00e8res Olushegun ADJADI BAKARI, le ministre de la Justice,  porte-parole garde des sceaux Yvon D\u00c9TCH\u00c9NOU, le ministre de la D\u00e9fense nationale Fortunet Alain NOUATIN et Benjamin HOUNKPATIN en charge de la sant\u00e9. \u00c0 propos des r\u00e9ponses du ministre Olushegun ADJADI BAKARI, le d\u00e9put\u00e9 Eric HOUNDET\u00c9, auteur de la question d&rsquo;actualit\u00e9 relative \u00e0 l&rsquo;acquisition de la nationalit\u00e9 b\u00e9ninoise par naturalisation au profit des afro-descendants,  a tout simplement indiqu\u00e9 que la d\u00e9cision du Gouvernement doit \u00eatre m\u00fbrie. \u300aLe Gouvernement doit faire les choses dans l&rsquo;ordre et en toute responsabilit\u00e9. Je voudrais m&rsquo;assurer si toutes les dispositions sont prises pour faciliter cette acquisition de la nationalit\u00e9 b\u00e9ninoise par naturalisation&#8230;\u300b, a-t-il insist\u00e9.<\/p>\n<p>        Pour ce qui est de la question orale avec d\u00e9bat relative \u00e0 la d\u00e9localisation des institutions judiciaires de Porto-Novo, c&rsquo;est le d\u00e9put\u00e9 Michel SODJINOU, auteur de ladite question, qui a pris la parole en premier apr\u00e8s les r\u00e9ponses du ministre Yvon D\u00c9TCH\u00c9NOU.  Selon lui, le Gouvernement doit revoir sa politique et redonner \u00e0 Porto-Novo ses attributs de capitale en  y ramenant les institutions de la R\u00e9publique. Il sera soutenu par ses coll\u00e8gues Jo\u00ebl GODONOU et \u00c9ric HOUND\u00c9T\u00c9. Un point de vue que ne partagent pas les  d\u00e9put\u00e9s Assan SEIBOU, C\u00e9cile AHOUMENOU et Orden ALLADATIN. Pour eux, le Gouvernement du Pr\u00e9sident Patrice TALON a beaucoup  investi sur Porto-Novo depuis son arriv\u00e9e au pouvoir. Il suffit de voir le nouveau si\u00e8ge de l&rsquo;Assembl\u00e9e nationale en construction, les routes asphalt\u00e9es et bien d&rsquo;autres grands projets pour se rendre compte du contraire. Aussi ont-ils plaid\u00e9 par ailleurs, apr\u00e8s avoir remerci\u00e9 le pr\u00e9sident Patrice TALON, pour que Porto-Novo retrouve davantage ses attributs de capitale. <\/p>\n<p>        En dernier point, les parlementaires ont examin\u00e9 la question orale avec d\u00e9bat relative \u00e0 l&rsquo;\u00e9tat de l&rsquo;h\u00f4pital d&rsquo;instruction des arm\u00e9es de Parakou pos\u00e9e par le d\u00e9put\u00e9 Souley Malam Moucourou BOKO. En r\u00e9action aux r\u00e9ponses du ministre de la D\u00e9fense nationale Fortunet Alain NOUATIN appuy\u00e9 par son coll\u00e8gue de la sant\u00e9, l&rsquo;auteur de ladite question a d\u00e9plor\u00e9 l&rsquo;\u00e9tat dans lequel se trouve l&rsquo;h\u00f4pital de r\u00e9f\u00e9rence et invit\u00e9 le Gouvernement \u00e0 pr\u00eater une attention plus soutenue aux  diff\u00e9rentes pr\u00e9occupations des populations. \u00c0 son tour, le d\u00e9put\u00e9 Jo\u00ebl GODONOU a plaid\u00e9 pour que les h\u00f4pitaux soient plus \u00e9quip\u00e9s. Contrairement \u00e0 ces deux positions, les d\u00e9put\u00e9s Abou TOROU, Djamilatou SABI MOHAMED, Natond\u00e9 AK\u00c9, Charles TOKO et Assan SEIBOU sont revenus sur les actions pos\u00e9es par le Gouvernement dans le domaine de la sant\u00e9 et surtout pour l&rsquo;h\u00f4pital d&rsquo;instruction des arm\u00e9es de Parakou.<br \/>\nFaut-il le rappeler, les d\u00e9put\u00e9s ont entam\u00e9  l&rsquo;examen du projet de loi sur l&rsquo;urbanisme au cours de la matin\u00e9e et se retrouvent ce vendredi 21 juin 2024 pour poursuivre l&rsquo;ordre du jour de la s\u00e9ance du mercredi dernier. <\/p>\n<p>Hermann\u00a0OBINTI<\/p>\n<\/div>\n\t\t<\/div><\/div><\/div><div id=\"pgc-8955-1-2\"  class=\"panel-grid-cell panel-grid-cell-empty\" ><\/div><\/div><\/div>","protected":false},"excerpt":{"rendered":"<p>Ce jeudi 20 juin 2024, les d\u00e9put\u00e9s sous la houlette du pr\u00e9sident Louis Gb\u00e8hounou VLAVONOU ont une fois encore exerc\u00e9  leurs pr\u00e9rogatives de contr\u00f4le de l&rsquo;action gouvernementale. Pour la circonstance, quatre ministres \u00e9taient au Palais des Gouverneurs \u00e0 Porto-Novo pour apporter des r\u00e9ponses aux pr\u00e9occupations des \u00e9lus du peuple  li\u00e9es \u00e0 l&rsquo;acquisition de la nationalit\u00e9 b\u00e9ninoise par naturalisation au profit des afro-descendants, \u00e0 la d\u00e9localisation des institutions judiciaires de Porto-Novo et enfin \u00e0 l&rsquo;\u00e9tat de l&rsquo;h\u00f4pital d&rsquo;instruction des arm\u00e9es de Parakou. \u00c0 l&rsquo;h\u00e9micycle, \u00e9taient pr\u00e9sents le ministre des Affaires \u00e9trang\u00e8res Olushegun ADJADI BAKARI, le ministre de la Justice,  porte-parole garde des sceaux Yvon D\u00c9TCH\u00c9NOU, le ministre de la D\u00e9fense nationale Fortunet Alain NOUATIN et Benjamin HOUNKPATIN en charge de la sant\u00e9. \u00c0 propos des r\u00e9ponses du ministre Olushegun ADJADI BAKARI, le d\u00e9put\u00e9 Eric HOUNDET\u00c9, auteur de la question d&rsquo;actualit\u00e9 relative \u00e0 l&rsquo;acquisition de la nationalit\u00e9 b\u00e9ninoise par naturalisation au profit des afro-descendants,  a tout simplement indiqu\u00e9 que la d\u00e9cision du Gouvernement doit \u00eatre m\u00fbrie.<\/p>\n","protected":false},"author":13,"featured_media":8960,"comment_status":"closed","ping_status":"open","sticky":false,"template":"","format":"standard","meta":{"footnotes":""},"categories":[29],"tags":[],"class_list":["post-8955","post","type-post","status-publish","format-standard","has-post-thumbnail","hentry","category-actualites"],"_links":{"self":[{"href":"https:\/\/assemblee-nationale.bj\/index.php\/wp-json\/wp\/v2\/posts\/8955","targetHints":{"allow":["GET"]}}],"collection":[{"href":"https:\/\/assemblee-nationale.bj\/index.php\/wp-json\/wp\/v2\/posts"}],"about":[{"href":"https:\/\/assemblee-nationale.bj\/index.php\/wp-json\/wp\/v2\/types\/post"}],"author":[{"embeddable":true,"href":"https:\/\/assemblee-nationale.bj\/index.php\/wp-json\/wp\/v2\/users\/13"}],"replies":[{"embeddable":true,"href":"https:\/\/assemblee-nationale.bj\/index.php\/wp-json\/wp\/v2\/comments?post=8955"}],"version-history":[{"count":1,"href":"https:\/\/assemblee-nationale.bj\/index.php\/wp-json\/wp\/v2\/posts\/8955\/revisions"}],"predecessor-version":[{"id":8964,"href":"https:\/\/assemblee-nationale.bj\/index.php\/wp-json\/wp\/v2\/posts\/8955\/revisions\/8964"}],"wp:featuredmedia":[{"embeddable":true,"href":"https:\/\/assemblee-nationale.bj\/index.php\/wp-json\/wp\/v2\/media\/8960"}],"wp:attachment":[{"href":"https:\/\/assemblee-nationale.bj\/index.php\/wp-json\/wp\/v2\/media?parent=8955"}],"wp:term":[{"taxonomy":"category","embeddable":true,"href":"https:\/\/assemblee-nationale.bj\/index.php\/wp-json\/wp\/v2\/categories?post=8955"},{"taxonomy":"post_tag","embeddable":true,"href":"https:\/\/assemblee-nationale.bj\/index.php\/wp-json\/wp\/v2\/tags?post=8955"}],"curies":[{"name":"wp","href":"https:\/\/api.w.org\/{rel}","templated":true}]}}